{"id":176374,"date":"2023-02-24T13:47:34","date_gmt":"2023-02-24T12:47:34","guid":{"rendered":"https:\/\/www.tapasmagazine.es\/?p=176374"},"modified":"2023-02-24T14:11:57","modified_gmt":"2023-02-24T13:11:57","slug":"economia-ava-pide-a-comercios-y-consumidores-que-prioricen-las-naranjas-espanolas-tras-detectar-cargamentos-de-egipto","status":"publish","type":"post","link":"https:\/\/www.tapasmagazine.es\/en\/economia-ava-pide-a-comercios-y-consumidores-que-prioricen-las-naranjas-espanolas-tras-detectar-cargamentos-de-egipto\/","title":{"rendered":"Econom\u00eda.- AVA pide a comercios y consumidores que prioricen las naranjas espa\u00f1olas tras detectar cargamentos de Egipto"},"content":{"rendered":"<p>El presidente de la Asociaci\u00f3n Valenciana de Agricultores (AVA-Asaja), Crist\u00f3bal Aguado, insta a los comercios y a los consumidores a &#8220;priorizar el consumo de nuestras naranjas y mandarinas&#8221;: &#8220;No podemos ser menos que los franceses y los italianos, quienes saben defender su producto y anteponerlo a importaciones que, si son m\u00e1s baratas, es porque se producen en condiciones laborales miserables, sin trabas ambientales y con materias prohibidas aqu\u00ed&#8221;.<\/p>\n<p>   As\u00ed lo reivindica en un comunicado despu\u00e9s de que la entidad haya detectado la llegada de partidas de naranjas procedentes de Egipto a algunos almacenes espa\u00f1oles, sobre todo valencianos.<\/p>\n<p>   Esto ha levantado su preocupaci\u00f3n por la falta de reciprocidad con la que entran estas importaciones y por la &#8220;amenaza&#8221; de que, a causa de un etiquetado indebido o confuso, los consumidores puedan acabar adquiriendo naranjas for\u00e1neas antes que las locales.<\/p>\n<p>   Por tanto, la organizaci\u00f3n agraria pide tanto a los operadores comerciales y la gran distribuci\u00f3n como a los consumidores que den prioridad a las naranjas valencianas y espa\u00f1olas, que se hallan en su \u00f3ptimo grado de maduraci\u00f3n y garantizan los m\u00e1ximos est\u00e1ndares de frescura, calidad, seguridad alimentaria y sostenibilidad medioambiental.<\/p>\n<p>   A pesar de la fuerte disminuci\u00f3n de cosecha citr\u00edcola en toda la cuenca mediterr\u00e1nea, debido fundamentalmente a la sequ\u00eda, AVA ha constatado en los \u00faltimos d\u00edas que algunos comercios privados est\u00e1n introduciendo cargamentos de terceros pa\u00edses, con el objetivo de ganar m\u00e1rgenes comerciales y utilizarlos para presionar los precios en origen de los c\u00edtricos locales a la baja. La mayor cantidad de frutos importados en esta segunda mitad de la campa\u00f1a son naranjas egipcias, aunque tambi\u00e9n constan naranjas de Turqu\u00eda y mandarinas de Marruecos.<\/p>\n<p>   Aguado reclama a la administraci\u00f3n controles exhaustivos en el etiquetado de los c\u00edtricos y del resto de productos agrarios en los puntos de venta para que el pa\u00eds de procedencia est\u00e9 identificado claramente y &#8220;no enga\u00f1ar o confundir a nadie vendiendo como propios c\u00edtricos de Egipto, Marruecos o Turqu\u00eda&#8221;.<\/p>\n<p>   &#8220;Como la Uni\u00f3n Europea fomenta la competencia desleal y rechaza que las importaciones de pa\u00edses terceros cumplan reciprocidad o cl\u00e1usulas espejo, cuando deber\u00eda ser lo m\u00ednimo exigible, el consumidor debe poder diferenciar a simple vista el producto europeo del no europeo para permitirle que elija la opci\u00f3n m\u00e1s beneficiosa para su salud, as\u00ed como para la prosperidad econ\u00f3mica europea, la autosuficiencia alimentaria, la fijaci\u00f3n de poblaci\u00f3n rural y la lucha contra el cambio clim\u00e1tico&#8221;, subraya.<\/p>\n","protected":false},"excerpt":{"rendered":"<p>El presidente de la Asociaci\u00f3n Valenciana de Agricultores (AVA-Asaja), Crist\u00f3bal Aguado, insta a los comercios y a los consumidores a &#8220;priorizar el consumo de nuestras naranjas y mandarinas&#8221;: &#8220;No podemos ser menos que los franceses y los italianos, quienes saben defender su producto y anteponerlo a importaciones que, si son m\u00e1s baratas, es porque se [&hellip;]<\/p>\n","protected":false},"author":277,"featured_media":176376,"comment_status":"close","ping_status":"","sticky":false,"template":"single-feature.php","format":"standard","meta":{"_acf_changed":false,"footnotes":""},"categories":[15645],"tags":[],"class_list":["post-176374","post","type-post","status-publish","format-standard","has-post-thumbnail","hentry","category-ultima-hora","cat-15645-id"],"acf":[],"yoast_head":"<!-- This site is optimized with the Yoast SEO plugin v27.4 - https:\/\/yoast.com\/product\/yoast-seo-wordpress\/ -->\n<title>Econom\u00eda.- AVA pide a comercios y consumidores que prioricen las naranjas espa\u00f1olas tras detectar cargamentos de Egipto - Tapas<\/title>\n<meta name=\"description\" content=\"El presidente de la Asociaci\u00f3n Valenciana de Agricultores (AVA-Asaja), Crist\u00f3bal Aguado, insta a los comercios y a los consumidores a &quot;priorizar el\" \/>\n<meta name=\"robots\" content=\"index, follow, max-snippet:-1, max-image-preview:large, max-video-preview:-1\" \/>\n<link rel=\"canonical\" href=\"https:\/\/www.tapasmagazine.es\/en\/economia-ava-pide-a-comercios-y-consumidores-que-prioricen-las-naranjas-espanolas-tras-detectar-cargamentos-de-egipto\/\" \/>\n<meta property=\"og:locale\" content=\"en_US\" \/>\n<meta property=\"og:type\" content=\"article\" \/>\n<meta property=\"og:title\" content=\"Econom\u00eda.- AVA pide a comercios y consumidores que prioricen las naranjas espa\u00f1olas tras detectar cargamentos de Egipto - Tapas\" \/>\n<meta property=\"og:description\" content=\"El presidente de la Asociaci\u00f3n Valenciana de Agricultores (AVA-Asaja), Crist\u00f3bal Aguado, insta a los comercios y a los consumidores a &quot;priorizar el\" \/>\n<meta property=\"og:url\" content=\"https:\/\/www.tapasmagazine.es\/en\/economia-ava-pide-a-comercios-y-consumidores-que-prioricen-las-naranjas-espanolas-tras-detectar-cargamentos-de-egipto\/\" \/>\n<meta property=\"og:site_name\" content=\"Tapas\" \/>\n<meta property=\"article:publisher\" content=\"https:\/\/www.facebook.com\/tapasmagazine\" \/>\n<meta property=\"article:published_time\" content=\"2023-02-24T12:47:34+00:00\" \/>\n<meta property=\"article:modified_time\" content=\"2023-02-24T13:11:57+00:00\" \/>\n<meta property=\"og:image\" content=\"https:\/\/www.tapasmagazine.es\/wp-content\/uploads\/2023\/02\/fotonoticia_20230224134734_9999.jpg\" \/>\n\t<meta property=\"og:image:width\" content=\"1000\" \/>\n\t<meta property=\"og:image:height\" content=\"636\" \/>\n\t<meta property=\"og:image:type\" content=\"image\/jpeg\" \/>\n<meta name=\"author\" content=\"Tapas \/ EP\" \/>\n<meta name=\"twitter:card\" content=\"summary_large_image\" \/>\n<meta name=\"twitter:creator\" content=\"@TapasMagazine\" \/>\n<meta name=\"twitter:site\" content=\"@TapasMagazine\" \/>\n<meta name=\"twitter:label1\" content=\"Written by\" \/>\n\t<meta name=\"twitter:data1\" content=\"Tapas \/ EP\" \/>\n\t<meta name=\"twitter:label2\" content=\"Est. reading time\" \/>\n\t<meta name=\"twitter:data2\" content=\"2 minutes\" \/>\n<script type=\"application\/ld+json\" class=\"yoast-schema-graph\">{\"@context\":\"https:\\\/\\\/schema.org\",\"@graph\":[{\"@type\":\"Article\",\"@id\":\"https:\\\/\\\/www.tapasmagazine.es\\\/en\\\/economia-ava-pide-a-comercios-y-consumidores-que-prioricen-las-naranjas-espanolas-tras-detectar-cargamentos-de-egipto\\\/#article\",\"isPartOf\":{\"@id\":\"https:\\\/\\\/www.tapasmagazine.es\\\/en\\\/economia-ava-pide-a-comercios-y-consumidores-que-prioricen-las-naranjas-espanolas-tras-detectar-cargamentos-de-egipto\\\/\"},\"author\":{\"name\":\"Tapas \\\/ EP\",\"@id\":\"https:\\\/\\\/www.tapasmagazine.es\\\/#\\\/schema\\\/person\\\/dddb3bce6f98f2124c204b901d74a14b\"},\"headline\":\"Econom\u00eda.- AVA pide a comercios y consumidores que prioricen las naranjas espa\u00f1olas tras detectar cargamentos de Egipto\",\"datePublished\":\"2023-02-24T12:47:34+00:00\",\"dateModified\":\"2023-02-24T13:11:57+00:00\",\"mainEntityOfPage\":{\"@id\":\"https:\\\/\\\/www.tapasmagazine.es\\\/en\\\/economia-ava-pide-a-comercios-y-consumidores-que-prioricen-las-naranjas-espanolas-tras-detectar-cargamentos-de-egipto\\\/\"},\"wordCount\":458,\"publisher\":{\"@id\":\"https:\\\/\\\/www.tapasmagazine.es\\\/#organization\"},\"image\":{\"@id\":\"https:\\\/\\\/www.tapasmagazine.es\\\/en\\\/economia-ava-pide-a-comercios-y-consumidores-que-prioricen-las-naranjas-espanolas-tras-detectar-cargamentos-de-egipto\\\/#primaryimage\"},\"thumbnailUrl\":\"https:\\\/\\\/www.tapasmagazine.es\\\/wp-content\\\/uploads\\\/2023\\\/02\\\/fotonoticia_20230224134734_9999.jpg\",\"articleSection\":[\"\u00daltima hora\"],\"inLanguage\":\"en-US\"},{\"@type\":\"WebPage\",\"@id\":\"https:\\\/\\\/www.tapasmagazine.es\\\/en\\\/economia-ava-pide-a-comercios-y-consumidores-que-prioricen-las-naranjas-espanolas-tras-detectar-cargamentos-de-egipto\\\/\",\"url\":\"https:\\\/\\\/www.tapasmagazine.es\\\/en\\\/economia-ava-pide-a-comercios-y-consumidores-que-prioricen-las-naranjas-espanolas-tras-detectar-cargamentos-de-egipto\\\/\",\"name\":\"Econom\u00eda.- AVA pide a comercios y consumidores que prioricen las naranjas espa\u00f1olas tras detectar cargamentos de Egipto - Tapas\",\"isPartOf\":{\"@id\":\"https:\\\/\\\/www.tapasmagazine.es\\\/#website\"},\"primaryImageOfPage\":{\"@id\":\"https:\\\/\\\/www.tapasmagazine.es\\\/en\\\/economia-ava-pide-a-comercios-y-consumidores-que-prioricen-las-naranjas-espanolas-tras-detectar-cargamentos-de-egipto\\\/#primaryimage\"},\"image\":{\"@id\":\"https:\\\/\\\/www.tapasmagazine.es\\\/en\\\/economia-ava-pide-a-comercios-y-consumidores-que-prioricen-las-naranjas-espanolas-tras-detectar-cargamentos-de-egipto\\\/#primaryimage\"},\"thumbnailUrl\":\"https:\\\/\\\/www.tapasmagazine.es\\\/wp-content\\\/uploads\\\/2023\\\/02\\\/fotonoticia_20230224134734_9999.jpg\",\"datePublished\":\"2023-02-24T12:47:34+00:00\",\"dateModified\":\"2023-02-24T13:11:57+00:00\",\"description\":\"El presidente de la Asociaci\u00f3n Valenciana de Agricultores (AVA-Asaja), Crist\u00f3bal Aguado, insta a los comercios y a los consumidores a \\\"priorizar el\",\"breadcrumb\":{\"@id\":\"https:\\\/\\\/www.tapasmagazine.es\\\/en\\\/economia-ava-pide-a-comercios-y-consumidores-que-prioricen-las-naranjas-espanolas-tras-detectar-cargamentos-de-egipto\\\/#breadcrumb\"},\"inLanguage\":\"en-US\",\"potentialAction\":[{\"@type\":\"ReadAction\",\"target\":[\"https:\\\/\\\/www.tapasmagazine.es\\\/en\\\/economia-ava-pide-a-comercios-y-consumidores-que-prioricen-las-naranjas-espanolas-tras-detectar-cargamentos-de-egipto\\\/\"]}]},{\"@type\":\"ImageObject\",\"inLanguage\":\"en-US\",\"@id\":\"https:\\\/\\\/www.tapasmagazine.es\\\/en\\\/economia-ava-pide-a-comercios-y-consumidores-que-prioricen-las-naranjas-espanolas-tras-detectar-cargamentos-de-egipto\\\/#primaryimage\",\"url\":\"https:\\\/\\\/www.tapasmagazine.es\\\/wp-content\\\/uploads\\\/2023\\\/02\\\/fotonoticia_20230224134734_9999.jpg\",\"contentUrl\":\"https:\\\/\\\/www.tapasmagazine.es\\\/wp-content\\\/uploads\\\/2023\\\/02\\\/fotonoticia_20230224134734_9999.jpg\",\"width\":1000,\"height\":636},{\"@type\":\"BreadcrumbList\",\"@id\":\"https:\\\/\\\/www.tapasmagazine.es\\\/en\\\/economia-ava-pide-a-comercios-y-consumidores-que-prioricen-las-naranjas-espanolas-tras-detectar-cargamentos-de-egipto\\\/#breadcrumb\",\"itemListElement\":[{\"@type\":\"ListItem\",\"position\":1,\"name\":\"Portada\",\"item\":\"https:\\\/\\\/www.tapasmagazine.es\\\/\"},{\"@type\":\"ListItem\",\"position\":2,\"name\":\"Sin categorizar\",\"item\":\"https:\\\/\\\/www.tapasmagazine.es\\\/categorias\\\/sin-categorizar\\\/\"},{\"@type\":\"ListItem\",\"position\":3,\"name\":\"Econom\u00eda.- AVA pide a comercios y consumidores que prioricen las naranjas espa\u00f1olas tras detectar cargamentos de Egipto\"}]},{\"@type\":\"WebSite\",\"@id\":\"https:\\\/\\\/www.tapasmagazine.es\\\/#website\",\"url\":\"https:\\\/\\\/www.tapasmagazine.es\\\/\",\"name\":\"Tapas\",\"description\":\"\u00d1am \u00d1am Lifestyle. La vida a bocados. Premio Nacional de Gastronom\u00eda 2016.\",\"publisher\":{\"@id\":\"https:\\\/\\\/www.tapasmagazine.es\\\/#organization\"},\"potentialAction\":[{\"@type\":\"SearchAction\",\"target\":{\"@type\":\"EntryPoint\",\"urlTemplate\":\"https:\\\/\\\/www.tapasmagazine.es\\\/?s={search_term_string}\"},\"query-input\":{\"@type\":\"PropertyValueSpecification\",\"valueRequired\":true,\"valueName\":\"search_term_string\"}}],\"inLanguage\":\"en-US\"},{\"@type\":\"Organization\",\"@id\":\"https:\\\/\\\/www.tapasmagazine.es\\\/#organization\",\"name\":\"Tapas Magazine\",\"url\":\"https:\\\/\\\/www.tapasmagazine.es\\\/\",\"logo\":{\"@type\":\"ImageObject\",\"inLanguage\":\"en-US\",\"@id\":\"https:\\\/\\\/www.tapasmagazine.es\\\/#\\\/schema\\\/logo\\\/image\\\/\",\"url\":\"https:\\\/\\\/www.tapasmagazine.es\\\/wp-content\\\/uploads\\\/2018\\\/01\\\/logo.png\",\"contentUrl\":\"https:\\\/\\\/www.tapasmagazine.es\\\/wp-content\\\/uploads\\\/2018\\\/01\\\/logo.png\",\"width\":180,\"height\":60,\"caption\":\"Tapas Magazine\"},\"image\":{\"@id\":\"https:\\\/\\\/www.tapasmagazine.es\\\/#\\\/schema\\\/logo\\\/image\\\/\"},\"sameAs\":[\"https:\\\/\\\/www.facebook.com\\\/tapasmagazine\",\"https:\\\/\\\/x.com\\\/TapasMagazine\",\"https:\\\/\\\/www.instagram.com\\\/tapasmagazine\\\/\",\"https:\\\/\\\/www.linkedin.com\\\/company\\\/tapas-magazine\",\"https:\\\/\\\/es.pinterest.com\\\/tapasmagazine\\\/\",\"https:\\\/\\\/www.youtube.com\\\/channel\\\/UCEyxneAaACuR0lfDagrWjjg?sub_confirmation=1\"]},{\"@type\":\"Person\",\"@id\":\"https:\\\/\\\/www.tapasmagazine.es\\\/#\\\/schema\\\/person\\\/dddb3bce6f98f2124c204b901d74a14b\",\"name\":\"Tapas \\\/ EP\",\"url\":\"https:\\\/\\\/www.tapasmagazine.es\\\/en\\\/author\\\/tapasep\\\/\"}]}<\/script>\n<!-- \/ Yoast SEO plugin. -->","yoast_head_json":{"title":"Econom\u00eda.- AVA pide a comercios y consumidores que prioricen las naranjas espa\u00f1olas tras detectar cargamentos de Egipto - Tapas","description":"El presidente de la Asociaci\u00f3n Valenciana de Agricultores (AVA-Asaja), Crist\u00f3bal Aguado, insta a los comercios y a los consumidores a \"priorizar el","robots":{"index":"index","follow":"follow","max-snippet":"max-snippet:-1","max-image-preview":"max-image-preview:large","max-video-preview":"max-video-preview:-1"},"canonical":"https:\/\/www.tapasmagazine.es\/en\/economia-ava-pide-a-comercios-y-consumidores-que-prioricen-las-naranjas-espanolas-tras-detectar-cargamentos-de-egipto\/","og_locale":"en_US","og_type":"article","og_title":"Econom\u00eda.- AVA pide a comercios y consumidores que prioricen las naranjas espa\u00f1olas tras detectar cargamentos de Egipto - Tapas","og_description":"El presidente de la Asociaci\u00f3n Valenciana de Agricultores (AVA-Asaja), Crist\u00f3bal Aguado, insta a los comercios y a los consumidores a \"priorizar el","og_url":"https:\/\/www.tapasmagazine.es\/en\/economia-ava-pide-a-comercios-y-consumidores-que-prioricen-las-naranjas-espanolas-tras-detectar-cargamentos-de-egipto\/","og_site_name":"Tapas","article_publisher":"https:\/\/www.facebook.com\/tapasmagazine","article_published_time":"2023-02-24T12:47:34+00:00","article_modified_time":"2023-02-24T13:11:57+00:00","og_image":[{"width":1000,"height":636,"url":"https:\/\/www.tapasmagazine.es\/wp-content\/uploads\/2023\/02\/fotonoticia_20230224134734_9999.jpg","type":"image\/jpeg"}],"author":"Tapas \/ EP","twitter_card":"summary_large_image","twitter_creator":"@TapasMagazine","twitter_site":"@TapasMagazine","twitter_misc":{"Written by":"Tapas \/ EP","Est. reading time":"2 minutes"},"schema":{"@context":"https:\/\/schema.org","@graph":[{"@type":"Article","@id":"https:\/\/www.tapasmagazine.es\/en\/economia-ava-pide-a-comercios-y-consumidores-que-prioricen-las-naranjas-espanolas-tras-detectar-cargamentos-de-egipto\/#article","isPartOf":{"@id":"https:\/\/www.tapasmagazine.es\/en\/economia-ava-pide-a-comercios-y-consumidores-que-prioricen-las-naranjas-espanolas-tras-detectar-cargamentos-de-egipto\/"},"author":{"name":"Tapas \/ EP","@id":"https:\/\/www.tapasmagazine.es\/#\/schema\/person\/dddb3bce6f98f2124c204b901d74a14b"},"headline":"Econom\u00eda.- AVA pide a comercios y consumidores que prioricen las naranjas espa\u00f1olas tras detectar cargamentos de Egipto","datePublished":"2023-02-24T12:47:34+00:00","dateModified":"2023-02-24T13:11:57+00:00","mainEntityOfPage":{"@id":"https:\/\/www.tapasmagazine.es\/en\/economia-ava-pide-a-comercios-y-consumidores-que-prioricen-las-naranjas-espanolas-tras-detectar-cargamentos-de-egipto\/"},"wordCount":458,"publisher":{"@id":"https:\/\/www.tapasmagazine.es\/#organization"},"image":{"@id":"https:\/\/www.tapasmagazine.es\/en\/economia-ava-pide-a-comercios-y-consumidores-que-prioricen-las-naranjas-espanolas-tras-detectar-cargamentos-de-egipto\/#primaryimage"},"thumbnailUrl":"https:\/\/www.tapasmagazine.es\/wp-content\/uploads\/2023\/02\/fotonoticia_20230224134734_9999.jpg","articleSection":["\u00daltima hora"],"inLanguage":"en-US"},{"@type":"WebPage","@id":"https:\/\/www.tapasmagazine.es\/en\/economia-ava-pide-a-comercios-y-consumidores-que-prioricen-las-naranjas-espanolas-tras-detectar-cargamentos-de-egipto\/","url":"https:\/\/www.tapasmagazine.es\/en\/economia-ava-pide-a-comercios-y-consumidores-que-prioricen-las-naranjas-espanolas-tras-detectar-cargamentos-de-egipto\/","name":"Econom\u00eda.- AVA pide a comercios y consumidores que prioricen las naranjas espa\u00f1olas tras detectar cargamentos de Egipto - Tapas","isPartOf":{"@id":"https:\/\/www.tapasmagazine.es\/#website"},"primaryImageOfPage":{"@id":"https:\/\/www.tapasmagazine.es\/en\/economia-ava-pide-a-comercios-y-consumidores-que-prioricen-las-naranjas-espanolas-tras-detectar-cargamentos-de-egipto\/#primaryimage"},"image":{"@id":"https:\/\/www.tapasmagazine.es\/en\/economia-ava-pide-a-comercios-y-consumidores-que-prioricen-las-naranjas-espanolas-tras-detectar-cargamentos-de-egipto\/#primaryimage"},"thumbnailUrl":"https:\/\/www.tapasmagazine.es\/wp-content\/uploads\/2023\/02\/fotonoticia_20230224134734_9999.jpg","datePublished":"2023-02-24T12:47:34+00:00","dateModified":"2023-02-24T13:11:57+00:00","description":"El presidente de la Asociaci\u00f3n Valenciana de Agricultores (AVA-Asaja), Crist\u00f3bal Aguado, insta a los comercios y a los consumidores a \"priorizar el","breadcrumb":{"@id":"https:\/\/www.tapasmagazine.es\/en\/economia-ava-pide-a-comercios-y-consumidores-que-prioricen-las-naranjas-espanolas-tras-detectar-cargamentos-de-egipto\/#breadcrumb"},"inLanguage":"en-US","potentialAction":[{"@type":"ReadAction","target":["https:\/\/www.tapasmagazine.es\/en\/economia-ava-pide-a-comercios-y-consumidores-que-prioricen-las-naranjas-espanolas-tras-detectar-cargamentos-de-egipto\/"]}]},{"@type":"ImageObject","inLanguage":"en-US","@id":"https:\/\/www.tapasmagazine.es\/en\/economia-ava-pide-a-comercios-y-consumidores-que-prioricen-las-naranjas-espanolas-tras-detectar-cargamentos-de-egipto\/#primaryimage","url":"https:\/\/www.tapasmagazine.es\/wp-content\/uploads\/2023\/02\/fotonoticia_20230224134734_9999.jpg","contentUrl":"https:\/\/www.tapasmagazine.es\/wp-content\/uploads\/2023\/02\/fotonoticia_20230224134734_9999.jpg","width":1000,"height":636},{"@type":"BreadcrumbList","@id":"https:\/\/www.tapasmagazine.es\/en\/economia-ava-pide-a-comercios-y-consumidores-que-prioricen-las-naranjas-espanolas-tras-detectar-cargamentos-de-egipto\/#breadcrumb","itemListElement":[{"@type":"ListItem","position":1,"name":"Portada","item":"https:\/\/www.tapasmagazine.es\/"},{"@type":"ListItem","position":2,"name":"Sin categorizar","item":"https:\/\/www.tapasmagazine.es\/categorias\/sin-categorizar\/"},{"@type":"ListItem","position":3,"name":"Econom\u00eda.- AVA pide a comercios y consumidores que prioricen las naranjas espa\u00f1olas tras detectar cargamentos de Egipto"}]},{"@type":"WebSite","@id":"https:\/\/www.tapasmagazine.es\/#website","url":"https:\/\/www.tapasmagazine.es\/","name":"Tapas","description":"\u00d1am \u00d1am Lifestyle. La vida a bocados. Premio Nacional de Gastronom\u00eda 2016.","publisher":{"@id":"https:\/\/www.tapasmagazine.es\/#organization"},"potentialAction":[{"@type":"SearchAction","target":{"@type":"EntryPoint","urlTemplate":"https:\/\/www.tapasmagazine.es\/?s={search_term_string}"},"query-input":{"@type":"PropertyValueSpecification","valueRequired":true,"valueName":"search_term_string"}}],"inLanguage":"en-US"},{"@type":"Organization","@id":"https:\/\/www.tapasmagazine.es\/#organization","name":"Tapas Magazine","url":"https:\/\/www.tapasmagazine.es\/","logo":{"@type":"ImageObject","inLanguage":"en-US","@id":"https:\/\/www.tapasmagazine.es\/#\/schema\/logo\/image\/","url":"https:\/\/www.tapasmagazine.es\/wp-content\/uploads\/2018\/01\/logo.png","contentUrl":"https:\/\/www.tapasmagazine.es\/wp-content\/uploads\/2018\/01\/logo.png","width":180,"height":60,"caption":"Tapas Magazine"},"image":{"@id":"https:\/\/www.tapasmagazine.es\/#\/schema\/logo\/image\/"},"sameAs":["https:\/\/www.facebook.com\/tapasmagazine","https:\/\/x.com\/TapasMagazine","https:\/\/www.instagram.com\/tapasmagazine\/","https:\/\/www.linkedin.com\/company\/tapas-magazine","https:\/\/es.pinterest.com\/tapasmagazine\/","https:\/\/www.youtube.com\/channel\/UCEyxneAaACuR0lfDagrWjjg?sub_confirmation=1"]},{"@type":"Person","@id":"https:\/\/www.tapasmagazine.es\/#\/schema\/person\/dddb3bce6f98f2124c204b901d74a14b","name":"Tapas \/ EP","url":"https:\/\/www.tapasmagazine.es\/en\/author\/tapasep\/"}]}},"_links":{"self":[{"href":"https:\/\/www.tapasmagazine.es\/en\/wp-json\/wp\/v2\/posts\/176374","targetHints":{"allow":["GET"]}}],"collection":[{"href":"https:\/\/www.tapasmagazine.es\/en\/wp-json\/wp\/v2\/posts"}],"about":[{"href":"https:\/\/www.tapasmagazine.es\/en\/wp-json\/wp\/v2\/types\/post"}],"author":[{"embeddable":true,"href":"https:\/\/www.tapasmagazine.es\/en\/wp-json\/wp\/v2\/users\/277"}],"replies":[{"embeddable":true,"href":"https:\/\/www.tapasmagazine.es\/en\/wp-json\/wp\/v2\/comments?post=176374"}],"version-history":[{"count":1,"href":"https:\/\/www.tapasmagazine.es\/en\/wp-json\/wp\/v2\/posts\/176374\/revisions"}],"predecessor-version":[{"id":176375,"href":"https:\/\/www.tapasmagazine.es\/en\/wp-json\/wp\/v2\/posts\/176374\/revisions\/176375"}],"wp:featuredmedia":[{"embeddable":true,"href":"https:\/\/www.tapasmagazine.es\/en\/wp-json\/wp\/v2\/media\/176376"}],"wp:attachment":[{"href":"https:\/\/www.tapasmagazine.es\/en\/wp-json\/wp\/v2\/media?parent=176374"}],"wp:term":[{"taxonomy":"category","embeddable":true,"href":"https:\/\/www.tapasmagazine.es\/en\/wp-json\/wp\/v2\/categories?post=176374"},{"taxonomy":"post_tag","embeddable":true,"href":"https:\/\/www.tapasmagazine.es\/en\/wp-json\/wp\/v2\/tags?post=176374"}],"curies":[{"name":"wp","href":"https:\/\/api.w.org\/{rel}","templated":true}]}}