{"id":176370,"date":"2023-02-24T13:59:29","date_gmt":"2023-02-24T12:59:29","guid":{"rendered":"https:\/\/www.tapasmagazine.es\/?p=176370"},"modified":"2023-02-24T14:11:55","modified_gmt":"2023-02-24T13:11:55","slug":"economia-planas-dice-que-espana-esta-bien-posicionada-ante-las-alteraciones-de-los-mercados-por-la-guerra-en-ucrania","status":"publish","type":"post","link":"https:\/\/www.tapasmagazine.es\/en\/economia-planas-dice-que-espana-esta-bien-posicionada-ante-las-alteraciones-de-los-mercados-por-la-guerra-en-ucrania\/","title":{"rendered":"Econom\u00eda.- Planas dice que Espa\u00f1a est\u00e1 &#8220;bien posicionada&#8221; ante las alteraciones de los mercados por la guerra en Ucrania"},"content":{"rendered":"<p>El ministro de Agricultura, Pesca y Alimentaci\u00f3n, Luis Planas, ha destacado este viernes &#8220;la fortaleza&#8221; del sector agroalimentario espa\u00f1ol, que &#8220;le permite estar bien posicionado para hacer frente a uno de los momentos m\u00e1s complejos de la historia en cuanto a realizaci\u00f3n de previsiones econ\u00f3micas y toma de decisiones&#8221;.<\/p>\n<p>   As\u00ed, se ha referido a &#8220;las dificultades del momento&#8221; por las alteraciones en los mercados internacionales que se iniciaron despu\u00e9s de la pandemia del Covid-19 y que &#8220;se han agravado&#8221; tras la invasi\u00f3n rusa de Ucrania, de la que precisamente en esta jornada se cumple un a\u00f1o.<\/p>\n<p>   Ante ello, en un desayuno informativo organizado por Radio C\u00f3rdoba, el ministro ha apelado a &#8220;la conveniencia de aunar voluntades en un momento \u00fanico, de profundo cambio en la producci\u00f3n agroalimentaria en todas sus vertientes, econ\u00f3mica, ambiental y social&#8221;.<\/p>\n<p>   Entre otras consecuencias, ha apuntado que &#8220;se ha producido un encarecimiento de las materias primas y de los precios de la energ\u00eda, que a su vez han derivado en unos \u00edndices de inflaci\u00f3n que no se conoc\u00edan desde hace d\u00e9cadas&#8221;.<\/p>\n<p>   A estas circunstancias se unen, adem\u00e1s, ha precisado el ministro, &#8220;las condiciones clim\u00e1ticas, con una prolongada sequ\u00eda y temperaturas extremas que han tenido consecuencias negativas en las cosechas&#8221;.<\/p>\n<p>   En este contexto internacional, Planas ha destacado que &#8220;Espa\u00f1a est\u00e1 bien posicionada, mejor que otros pa\u00edses, y ofrece los mejores \u00edndices de crecimiento econ\u00f3mico de la Uni\u00f3n Europea, 5,5% en 2022, y de inflaci\u00f3n&#8221;.<\/p>\n<p>   Sobre los precios de los alimentos en particular, ha recordado que &#8220;mientras que en la media de la Uni\u00f3n Europea la tasa interanual de inflaci\u00f3n se situ\u00f3 en enero en un 18%, dos d\u00e9cimas m\u00e1s que en el mes anterior, en Espa\u00f1a ha sucedido lo contrario, y ha descendido del 15,7% al 15,4%&#8221;.<\/p>\n<p>   Ha recordado tambi\u00e9n &#8220;los buenos indicadores de empleo, con m\u00e1s de 20,6 millones de trabajadores inscritos en la Seguridad Social y el notable crecimiento de los contratos indefinidos, gracias a la reforma laboral aprobada por el Gobierno, y que es especialmente significativo en el sector agrario&#8221;.<\/p>\n<p>   Datos como estos indican, seg\u00fan ha explicado Planas, que &#8220;Espa\u00f1a est\u00e1 en una buena senda, porque no s\u00f3lo se trata de tener capacidad de producir y atender los mercados, sino de ofrecerlos a precios razonables&#8221;.<\/p>\n<p>R\u00c9CORD DE EXPORTACIONES<\/p>\n<p>   Como ejemplo de &#8220;la fortaleza&#8221; del sector agroalimentario, &#8220;que es pilar esencial de la econom\u00eda espa\u00f1ola&#8221;, el ministro ha destacado el dato de las exportaciones, que en el a\u00f1o 2022 batieron una marca hist\u00f3rica con m\u00e1s de 68.000 millones de euros.<\/p>\n<p>   Ha resaltado &#8220;el buen funcionamiento de la cadena alimentaria y los esfuerzos realizados para mantener la rentabilidad de todos los eslabones en este momento de dificultades&#8221;.<\/p>\n<p>   Adem\u00e1s, ha remarcado &#8220;la importancia de la ley de la cadena, que ha permitido que los costes de producci\u00f3n se repercutan en los precios en todos los contratos que se realizan desde la producci\u00f3n hasta la distribuci\u00f3n&#8221;.<\/p>\n<p>   Igualmente, Planas ha mencionado &#8220;el apoyo del Gobierno con medidas aprobadas en el \u00faltimo a\u00f1o que superan los 1.800 millones de euros y que constituyen la mayor inyecci\u00f3n p\u00fablica al sector realizada en lo que va de siglo&#8221;.<\/p>\n<p>   Junto a estas medidas extraordinarias para hacer frente a una situaci\u00f3n de &#8220;dificultad&#8221;, el ministro ha subrayado &#8220;los instrumentos estructurales de apoyo con los que cuenta el sector como la Pol\u00edtica Agraria Com\u00fan (PAC), que para el nuevo per\u00edodo 2023-27 va a suponer un total de 47.724 millones de euros en ayudas y que reporta una media del 20% de los ingresos totales de las explotaciones agrarias espa\u00f1olas&#8221;.<\/p>\n<p>NOVEDAD EN LA PAC<\/p>\n<p>   Asimismo, el ministro ha hecho hincapi\u00e9 en &#8220;uno de los elementos m\u00e1s novedosos de la nueva PAC que ha entrado en vigor el 1 de enero, los ecorreg\u00edmenes&#8221;, de los que ha valorado que &#8220;son un magn\u00edfico instrumento para el sector, porque permiten de forma voluntaria obtener unos ingresos adicionales y contribuir a los objetivos de preservaci\u00f3n ambiental y lucha contra el cambio clim\u00e1tico, y que por decisi\u00f3n del Ejecutivo van a estar exentos de tributaci\u00f3n&#8221;.<\/p>\n<p>   El ministro ha se\u00f1alado que &#8220;en el programa estrat\u00e9gico de la PAC se han dise\u00f1ado nueve medidas distintas por las que pueden optar los agricultores y ganaderos que cubren el conjunto de las producciones de Espa\u00f1a&#8221;. La remuneraci\u00f3n de estas pr\u00e1cticas supone el 23% del presupuesto total de las ayudas directas de la PAC, ha apuntado.<\/p>\n<p>   Y ha mencionado el Plan de Recuperaci\u00f3n, Transformaci\u00f3n y Resiliencia (PRTR), &#8220;que tiene su principal cap\u00edtulo inversor en la modernizaci\u00f3n de regad\u00edos, con 563 millones de euros que se van a ampliar con otros 400 millones&#8221;. &#8220;Y tambi\u00e9n otro de los pilares de la pol\u00edtica del Ministerio, el apoyo a la contrataci\u00f3n de seguros agrarios, a la que el Gobierno destinar\u00e1 este a\u00f1o 317,7 millones de euros&#8221;, ha defendido.<\/p>\n<p>   En dicho encuentro han estado presentes el presidente de la Diputaci\u00f3n, Antonio Ruiz; la secretaria general del PSOE cordob\u00e9s y diputada en el Congreso, Rafi Cresp\u00edn, y la subdelegada del Gobierno en la provincia, Rafaela Valenzuela, entre otras autoridades y representantes institucionales.<\/p>\n","protected":false},"excerpt":{"rendered":"<p>El ministro de Agricultura, Pesca y Alimentaci\u00f3n, Luis Planas, ha destacado este viernes &#8220;la fortaleza&#8221; del sector agroalimentario espa\u00f1ol, que &#8220;le permite estar bien posicionado para hacer frente a uno de los momentos m\u00e1s complejos de la historia en cuanto a realizaci\u00f3n de previsiones econ\u00f3micas y toma de decisiones&#8221;. As\u00ed, se ha referido a &#8220;las [&hellip;]<\/p>\n","protected":false},"author":277,"featured_media":176372,"comment_status":"close","ping_status":"","sticky":false,"template":"single-feature.php","format":"standard","meta":{"_acf_changed":false,"footnotes":""},"categories":[15645],"tags":[],"class_list":["post-176370","post","type-post","status-publish","format-standard","has-post-thumbnail","hentry","category-ultima-hora","cat-15645-id"],"acf":[],"yoast_head":"<!-- This site is optimized with the Yoast SEO plugin v27.4 - https:\/\/yoast.com\/product\/yoast-seo-wordpress\/ -->\n<title>Econom\u00eda.- Planas dice que Espa\u00f1a est\u00e1 &quot;bien posicionada&quot; ante las alteraciones de los mercados por la guerra en Ucrania - Tapas<\/title>\n<meta name=\"description\" content=\"El ministro de Agricultura, Pesca y Alimentaci\u00f3n, Luis Planas, ha destacado este viernes &quot;la fortaleza&quot; del sector agroalimentario espa\u00f1ol, que &quot;le\" \/>\n<meta name=\"robots\" content=\"index, follow, max-snippet:-1, max-image-preview:large, max-video-preview:-1\" \/>\n<link rel=\"canonical\" href=\"https:\/\/www.tapasmagazine.es\/en\/economia-planas-dice-que-espana-esta-bien-posicionada-ante-las-alteraciones-de-los-mercados-por-la-guerra-en-ucrania\/\" \/>\n<meta property=\"og:locale\" content=\"en_US\" \/>\n<meta property=\"og:type\" content=\"article\" \/>\n<meta property=\"og:title\" content=\"Econom\u00eda.- Planas dice que Espa\u00f1a est\u00e1 &quot;bien posicionada&quot; ante las alteraciones de los mercados por la guerra en Ucrania - Tapas\" \/>\n<meta property=\"og:description\" content=\"El ministro de Agricultura, Pesca y Alimentaci\u00f3n, Luis Planas, ha destacado este viernes &quot;la fortaleza&quot; del sector agroalimentario espa\u00f1ol, que &quot;le\" \/>\n<meta property=\"og:url\" content=\"https:\/\/www.tapasmagazine.es\/en\/economia-planas-dice-que-espana-esta-bien-posicionada-ante-las-alteraciones-de-los-mercados-por-la-guerra-en-ucrania\/\" \/>\n<meta property=\"og:site_name\" content=\"Tapas\" \/>\n<meta property=\"article:publisher\" content=\"https:\/\/www.facebook.com\/tapasmagazine\" \/>\n<meta property=\"article:published_time\" content=\"2023-02-24T12:59:29+00:00\" \/>\n<meta property=\"article:modified_time\" content=\"2023-02-24T13:11:55+00:00\" \/>\n<meta property=\"og:image\" content=\"https:\/\/www.tapasmagazine.es\/wp-content\/uploads\/2023\/02\/fotonoticia_20230224135929_9999.jpg\" \/>\n\t<meta property=\"og:image:width\" content=\"2048\" \/>\n\t<meta property=\"og:image:height\" content=\"1366\" \/>\n\t<meta property=\"og:image:type\" content=\"image\/jpeg\" \/>\n<meta name=\"author\" content=\"Tapas \/ EP\" \/>\n<meta name=\"twitter:card\" content=\"summary_large_image\" \/>\n<meta name=\"twitter:creator\" content=\"@TapasMagazine\" \/>\n<meta name=\"twitter:site\" content=\"@TapasMagazine\" \/>\n<meta name=\"twitter:label1\" content=\"Written by\" \/>\n\t<meta name=\"twitter:data1\" content=\"Tapas \/ EP\" \/>\n\t<meta name=\"twitter:label2\" content=\"Est. reading time\" \/>\n\t<meta name=\"twitter:data2\" content=\"4 minutes\" \/>\n<script type=\"application\/ld+json\" class=\"yoast-schema-graph\">{\"@context\":\"https:\\\/\\\/schema.org\",\"@graph\":[{\"@type\":\"Article\",\"@id\":\"https:\\\/\\\/www.tapasmagazine.es\\\/en\\\/economia-planas-dice-que-espana-esta-bien-posicionada-ante-las-alteraciones-de-los-mercados-por-la-guerra-en-ucrania\\\/#article\",\"isPartOf\":{\"@id\":\"https:\\\/\\\/www.tapasmagazine.es\\\/en\\\/economia-planas-dice-que-espana-esta-bien-posicionada-ante-las-alteraciones-de-los-mercados-por-la-guerra-en-ucrania\\\/\"},\"author\":{\"name\":\"Tapas \\\/ EP\",\"@id\":\"https:\\\/\\\/www.tapasmagazine.es\\\/#\\\/schema\\\/person\\\/dddb3bce6f98f2124c204b901d74a14b\"},\"headline\":\"Econom\u00eda.- Planas dice que Espa\u00f1a est\u00e1 &#8220;bien posicionada&#8221; ante las alteraciones de los mercados por la guerra en Ucrania\",\"datePublished\":\"2023-02-24T12:59:29+00:00\",\"dateModified\":\"2023-02-24T13:11:55+00:00\",\"mainEntityOfPage\":{\"@id\":\"https:\\\/\\\/www.tapasmagazine.es\\\/en\\\/economia-planas-dice-que-espana-esta-bien-posicionada-ante-las-alteraciones-de-los-mercados-por-la-guerra-en-ucrania\\\/\"},\"wordCount\":913,\"publisher\":{\"@id\":\"https:\\\/\\\/www.tapasmagazine.es\\\/#organization\"},\"image\":{\"@id\":\"https:\\\/\\\/www.tapasmagazine.es\\\/en\\\/economia-planas-dice-que-espana-esta-bien-posicionada-ante-las-alteraciones-de-los-mercados-por-la-guerra-en-ucrania\\\/#primaryimage\"},\"thumbnailUrl\":\"https:\\\/\\\/www.tapasmagazine.es\\\/wp-content\\\/uploads\\\/2023\\\/02\\\/fotonoticia_20230224135929_9999.jpg\",\"articleSection\":[\"\u00daltima hora\"],\"inLanguage\":\"en-US\"},{\"@type\":\"WebPage\",\"@id\":\"https:\\\/\\\/www.tapasmagazine.es\\\/en\\\/economia-planas-dice-que-espana-esta-bien-posicionada-ante-las-alteraciones-de-los-mercados-por-la-guerra-en-ucrania\\\/\",\"url\":\"https:\\\/\\\/www.tapasmagazine.es\\\/en\\\/economia-planas-dice-que-espana-esta-bien-posicionada-ante-las-alteraciones-de-los-mercados-por-la-guerra-en-ucrania\\\/\",\"name\":\"Econom\u00eda.- Planas dice que Espa\u00f1a est\u00e1 \\\"bien posicionada\\\" ante las alteraciones de los mercados por la guerra en Ucrania - Tapas\",\"isPartOf\":{\"@id\":\"https:\\\/\\\/www.tapasmagazine.es\\\/#website\"},\"primaryImageOfPage\":{\"@id\":\"https:\\\/\\\/www.tapasmagazine.es\\\/en\\\/economia-planas-dice-que-espana-esta-bien-posicionada-ante-las-alteraciones-de-los-mercados-por-la-guerra-en-ucrania\\\/#primaryimage\"},\"image\":{\"@id\":\"https:\\\/\\\/www.tapasmagazine.es\\\/en\\\/economia-planas-dice-que-espana-esta-bien-posicionada-ante-las-alteraciones-de-los-mercados-por-la-guerra-en-ucrania\\\/#primaryimage\"},\"thumbnailUrl\":\"https:\\\/\\\/www.tapasmagazine.es\\\/wp-content\\\/uploads\\\/2023\\\/02\\\/fotonoticia_20230224135929_9999.jpg\",\"datePublished\":\"2023-02-24T12:59:29+00:00\",\"dateModified\":\"2023-02-24T13:11:55+00:00\",\"description\":\"El ministro de Agricultura, Pesca y Alimentaci\u00f3n, Luis Planas, ha destacado este viernes \\\"la fortaleza\\\" del sector agroalimentario espa\u00f1ol, que \\\"le\",\"breadcrumb\":{\"@id\":\"https:\\\/\\\/www.tapasmagazine.es\\\/en\\\/economia-planas-dice-que-espana-esta-bien-posicionada-ante-las-alteraciones-de-los-mercados-por-la-guerra-en-ucrania\\\/#breadcrumb\"},\"inLanguage\":\"en-US\",\"potentialAction\":[{\"@type\":\"ReadAction\",\"target\":[\"https:\\\/\\\/www.tapasmagazine.es\\\/en\\\/economia-planas-dice-que-espana-esta-bien-posicionada-ante-las-alteraciones-de-los-mercados-por-la-guerra-en-ucrania\\\/\"]}]},{\"@type\":\"ImageObject\",\"inLanguage\":\"en-US\",\"@id\":\"https:\\\/\\\/www.tapasmagazine.es\\\/en\\\/economia-planas-dice-que-espana-esta-bien-posicionada-ante-las-alteraciones-de-los-mercados-por-la-guerra-en-ucrania\\\/#primaryimage\",\"url\":\"https:\\\/\\\/www.tapasmagazine.es\\\/wp-content\\\/uploads\\\/2023\\\/02\\\/fotonoticia_20230224135929_9999.jpg\",\"contentUrl\":\"https:\\\/\\\/www.tapasmagazine.es\\\/wp-content\\\/uploads\\\/2023\\\/02\\\/fotonoticia_20230224135929_9999.jpg\",\"width\":2048,\"height\":1366},{\"@type\":\"BreadcrumbList\",\"@id\":\"https:\\\/\\\/www.tapasmagazine.es\\\/en\\\/economia-planas-dice-que-espana-esta-bien-posicionada-ante-las-alteraciones-de-los-mercados-por-la-guerra-en-ucrania\\\/#breadcrumb\",\"itemListElement\":[{\"@type\":\"ListItem\",\"position\":1,\"name\":\"Portada\",\"item\":\"https:\\\/\\\/www.tapasmagazine.es\\\/\"},{\"@type\":\"ListItem\",\"position\":2,\"name\":\"Sin categorizar\",\"item\":\"https:\\\/\\\/www.tapasmagazine.es\\\/categorias\\\/sin-categorizar\\\/\"},{\"@type\":\"ListItem\",\"position\":3,\"name\":\"Econom\u00eda.- Planas dice que Espa\u00f1a est\u00e1 \u00abbien posicionada\u00bb ante las alteraciones de los mercados por la guerra en Ucrania\"}]},{\"@type\":\"WebSite\",\"@id\":\"https:\\\/\\\/www.tapasmagazine.es\\\/#website\",\"url\":\"https:\\\/\\\/www.tapasmagazine.es\\\/\",\"name\":\"Tapas\",\"description\":\"\u00d1am \u00d1am Lifestyle. La vida a bocados. Premio Nacional de Gastronom\u00eda 2016.\",\"publisher\":{\"@id\":\"https:\\\/\\\/www.tapasmagazine.es\\\/#organization\"},\"potentialAction\":[{\"@type\":\"SearchAction\",\"target\":{\"@type\":\"EntryPoint\",\"urlTemplate\":\"https:\\\/\\\/www.tapasmagazine.es\\\/?s={search_term_string}\"},\"query-input\":{\"@type\":\"PropertyValueSpecification\",\"valueRequired\":true,\"valueName\":\"search_term_string\"}}],\"inLanguage\":\"en-US\"},{\"@type\":\"Organization\",\"@id\":\"https:\\\/\\\/www.tapasmagazine.es\\\/#organization\",\"name\":\"Tapas Magazine\",\"url\":\"https:\\\/\\\/www.tapasmagazine.es\\\/\",\"logo\":{\"@type\":\"ImageObject\",\"inLanguage\":\"en-US\",\"@id\":\"https:\\\/\\\/www.tapasmagazine.es\\\/#\\\/schema\\\/logo\\\/image\\\/\",\"url\":\"https:\\\/\\\/www.tapasmagazine.es\\\/wp-content\\\/uploads\\\/2018\\\/01\\\/logo.png\",\"contentUrl\":\"https:\\\/\\\/www.tapasmagazine.es\\\/wp-content\\\/uploads\\\/2018\\\/01\\\/logo.png\",\"width\":180,\"height\":60,\"caption\":\"Tapas Magazine\"},\"image\":{\"@id\":\"https:\\\/\\\/www.tapasmagazine.es\\\/#\\\/schema\\\/logo\\\/image\\\/\"},\"sameAs\":[\"https:\\\/\\\/www.facebook.com\\\/tapasmagazine\",\"https:\\\/\\\/x.com\\\/TapasMagazine\",\"https:\\\/\\\/www.instagram.com\\\/tapasmagazine\\\/\",\"https:\\\/\\\/www.linkedin.com\\\/company\\\/tapas-magazine\",\"https:\\\/\\\/es.pinterest.com\\\/tapasmagazine\\\/\",\"https:\\\/\\\/www.youtube.com\\\/channel\\\/UCEyxneAaACuR0lfDagrWjjg?sub_confirmation=1\"]},{\"@type\":\"Person\",\"@id\":\"https:\\\/\\\/www.tapasmagazine.es\\\/#\\\/schema\\\/person\\\/dddb3bce6f98f2124c204b901d74a14b\",\"name\":\"Tapas \\\/ EP\",\"url\":\"https:\\\/\\\/www.tapasmagazine.es\\\/en\\\/author\\\/tapasep\\\/\"}]}<\/script>\n<!-- \/ Yoast SEO plugin. -->","yoast_head_json":{"title":"Econom\u00eda.- Planas dice que Espa\u00f1a est\u00e1 \"bien posicionada\" ante las alteraciones de los mercados por la guerra en Ucrania - Tapas","description":"El ministro de Agricultura, Pesca y Alimentaci\u00f3n, Luis Planas, ha destacado este viernes \"la fortaleza\" del sector agroalimentario espa\u00f1ol, que \"le","robots":{"index":"index","follow":"follow","max-snippet":"max-snippet:-1","max-image-preview":"max-image-preview:large","max-video-preview":"max-video-preview:-1"},"canonical":"https:\/\/www.tapasmagazine.es\/en\/economia-planas-dice-que-espana-esta-bien-posicionada-ante-las-alteraciones-de-los-mercados-por-la-guerra-en-ucrania\/","og_locale":"en_US","og_type":"article","og_title":"Econom\u00eda.- Planas dice que Espa\u00f1a est\u00e1 \"bien posicionada\" ante las alteraciones de los mercados por la guerra en Ucrania - Tapas","og_description":"El ministro de Agricultura, Pesca y Alimentaci\u00f3n, Luis Planas, ha destacado este viernes \"la fortaleza\" del sector agroalimentario espa\u00f1ol, que \"le","og_url":"https:\/\/www.tapasmagazine.es\/en\/economia-planas-dice-que-espana-esta-bien-posicionada-ante-las-alteraciones-de-los-mercados-por-la-guerra-en-ucrania\/","og_site_name":"Tapas","article_publisher":"https:\/\/www.facebook.com\/tapasmagazine","article_published_time":"2023-02-24T12:59:29+00:00","article_modified_time":"2023-02-24T13:11:55+00:00","og_image":[{"width":2048,"height":1366,"url":"https:\/\/www.tapasmagazine.es\/wp-content\/uploads\/2023\/02\/fotonoticia_20230224135929_9999.jpg","type":"image\/jpeg"}],"author":"Tapas \/ EP","twitter_card":"summary_large_image","twitter_creator":"@TapasMagazine","twitter_site":"@TapasMagazine","twitter_misc":{"Written by":"Tapas \/ EP","Est. reading time":"4 minutes"},"schema":{"@context":"https:\/\/schema.org","@graph":[{"@type":"Article","@id":"https:\/\/www.tapasmagazine.es\/en\/economia-planas-dice-que-espana-esta-bien-posicionada-ante-las-alteraciones-de-los-mercados-por-la-guerra-en-ucrania\/#article","isPartOf":{"@id":"https:\/\/www.tapasmagazine.es\/en\/economia-planas-dice-que-espana-esta-bien-posicionada-ante-las-alteraciones-de-los-mercados-por-la-guerra-en-ucrania\/"},"author":{"name":"Tapas \/ EP","@id":"https:\/\/www.tapasmagazine.es\/#\/schema\/person\/dddb3bce6f98f2124c204b901d74a14b"},"headline":"Econom\u00eda.- Planas dice que Espa\u00f1a est\u00e1 &#8220;bien posicionada&#8221; ante las alteraciones de los mercados por la guerra en Ucrania","datePublished":"2023-02-24T12:59:29+00:00","dateModified":"2023-02-24T13:11:55+00:00","mainEntityOfPage":{"@id":"https:\/\/www.tapasmagazine.es\/en\/economia-planas-dice-que-espana-esta-bien-posicionada-ante-las-alteraciones-de-los-mercados-por-la-guerra-en-ucrania\/"},"wordCount":913,"publisher":{"@id":"https:\/\/www.tapasmagazine.es\/#organization"},"image":{"@id":"https:\/\/www.tapasmagazine.es\/en\/economia-planas-dice-que-espana-esta-bien-posicionada-ante-las-alteraciones-de-los-mercados-por-la-guerra-en-ucrania\/#primaryimage"},"thumbnailUrl":"https:\/\/www.tapasmagazine.es\/wp-content\/uploads\/2023\/02\/fotonoticia_20230224135929_9999.jpg","articleSection":["\u00daltima hora"],"inLanguage":"en-US"},{"@type":"WebPage","@id":"https:\/\/www.tapasmagazine.es\/en\/economia-planas-dice-que-espana-esta-bien-posicionada-ante-las-alteraciones-de-los-mercados-por-la-guerra-en-ucrania\/","url":"https:\/\/www.tapasmagazine.es\/en\/economia-planas-dice-que-espana-esta-bien-posicionada-ante-las-alteraciones-de-los-mercados-por-la-guerra-en-ucrania\/","name":"Econom\u00eda.- Planas dice que Espa\u00f1a est\u00e1 \"bien posicionada\" ante las alteraciones de los mercados por la guerra en Ucrania - Tapas","isPartOf":{"@id":"https:\/\/www.tapasmagazine.es\/#website"},"primaryImageOfPage":{"@id":"https:\/\/www.tapasmagazine.es\/en\/economia-planas-dice-que-espana-esta-bien-posicionada-ante-las-alteraciones-de-los-mercados-por-la-guerra-en-ucrania\/#primaryimage"},"image":{"@id":"https:\/\/www.tapasmagazine.es\/en\/economia-planas-dice-que-espana-esta-bien-posicionada-ante-las-alteraciones-de-los-mercados-por-la-guerra-en-ucrania\/#primaryimage"},"thumbnailUrl":"https:\/\/www.tapasmagazine.es\/wp-content\/uploads\/2023\/02\/fotonoticia_20230224135929_9999.jpg","datePublished":"2023-02-24T12:59:29+00:00","dateModified":"2023-02-24T13:11:55+00:00","description":"El ministro de Agricultura, Pesca y Alimentaci\u00f3n, Luis Planas, ha destacado este viernes \"la fortaleza\" del sector agroalimentario espa\u00f1ol, que \"le","breadcrumb":{"@id":"https:\/\/www.tapasmagazine.es\/en\/economia-planas-dice-que-espana-esta-bien-posicionada-ante-las-alteraciones-de-los-mercados-por-la-guerra-en-ucrania\/#breadcrumb"},"inLanguage":"en-US","potentialAction":[{"@type":"ReadAction","target":["https:\/\/www.tapasmagazine.es\/en\/economia-planas-dice-que-espana-esta-bien-posicionada-ante-las-alteraciones-de-los-mercados-por-la-guerra-en-ucrania\/"]}]},{"@type":"ImageObject","inLanguage":"en-US","@id":"https:\/\/www.tapasmagazine.es\/en\/economia-planas-dice-que-espana-esta-bien-posicionada-ante-las-alteraciones-de-los-mercados-por-la-guerra-en-ucrania\/#primaryimage","url":"https:\/\/www.tapasmagazine.es\/wp-content\/uploads\/2023\/02\/fotonoticia_20230224135929_9999.jpg","contentUrl":"https:\/\/www.tapasmagazine.es\/wp-content\/uploads\/2023\/02\/fotonoticia_20230224135929_9999.jpg","width":2048,"height":1366},{"@type":"BreadcrumbList","@id":"https:\/\/www.tapasmagazine.es\/en\/economia-planas-dice-que-espana-esta-bien-posicionada-ante-las-alteraciones-de-los-mercados-por-la-guerra-en-ucrania\/#breadcrumb","itemListElement":[{"@type":"ListItem","position":1,"name":"Portada","item":"https:\/\/www.tapasmagazine.es\/"},{"@type":"ListItem","position":2,"name":"Sin categorizar","item":"https:\/\/www.tapasmagazine.es\/categorias\/sin-categorizar\/"},{"@type":"ListItem","position":3,"name":"Econom\u00eda.- Planas dice que Espa\u00f1a est\u00e1 \u00abbien posicionada\u00bb ante las alteraciones de los mercados por la guerra en Ucrania"}]},{"@type":"WebSite","@id":"https:\/\/www.tapasmagazine.es\/#website","url":"https:\/\/www.tapasmagazine.es\/","name":"Tapas","description":"\u00d1am \u00d1am Lifestyle. La vida a bocados. Premio Nacional de Gastronom\u00eda 2016.","publisher":{"@id":"https:\/\/www.tapasmagazine.es\/#organization"},"potentialAction":[{"@type":"SearchAction","target":{"@type":"EntryPoint","urlTemplate":"https:\/\/www.tapasmagazine.es\/?s={search_term_string}"},"query-input":{"@type":"PropertyValueSpecification","valueRequired":true,"valueName":"search_term_string"}}],"inLanguage":"en-US"},{"@type":"Organization","@id":"https:\/\/www.tapasmagazine.es\/#organization","name":"Tapas Magazine","url":"https:\/\/www.tapasmagazine.es\/","logo":{"@type":"ImageObject","inLanguage":"en-US","@id":"https:\/\/www.tapasmagazine.es\/#\/schema\/logo\/image\/","url":"https:\/\/www.tapasmagazine.es\/wp-content\/uploads\/2018\/01\/logo.png","contentUrl":"https:\/\/www.tapasmagazine.es\/wp-content\/uploads\/2018\/01\/logo.png","width":180,"height":60,"caption":"Tapas Magazine"},"image":{"@id":"https:\/\/www.tapasmagazine.es\/#\/schema\/logo\/image\/"},"sameAs":["https:\/\/www.facebook.com\/tapasmagazine","https:\/\/x.com\/TapasMagazine","https:\/\/www.instagram.com\/tapasmagazine\/","https:\/\/www.linkedin.com\/company\/tapas-magazine","https:\/\/es.pinterest.com\/tapasmagazine\/","https:\/\/www.youtube.com\/channel\/UCEyxneAaACuR0lfDagrWjjg?sub_confirmation=1"]},{"@type":"Person","@id":"https:\/\/www.tapasmagazine.es\/#\/schema\/person\/dddb3bce6f98f2124c204b901d74a14b","name":"Tapas \/ EP","url":"https:\/\/www.tapasmagazine.es\/en\/author\/tapasep\/"}]}},"_links":{"self":[{"href":"https:\/\/www.tapasmagazine.es\/en\/wp-json\/wp\/v2\/posts\/176370","targetHints":{"allow":["GET"]}}],"collection":[{"href":"https:\/\/www.tapasmagazine.es\/en\/wp-json\/wp\/v2\/posts"}],"about":[{"href":"https:\/\/www.tapasmagazine.es\/en\/wp-json\/wp\/v2\/types\/post"}],"author":[{"embeddable":true,"href":"https:\/\/www.tapasmagazine.es\/en\/wp-json\/wp\/v2\/users\/277"}],"replies":[{"embeddable":true,"href":"https:\/\/www.tapasmagazine.es\/en\/wp-json\/wp\/v2\/comments?post=176370"}],"version-history":[{"count":1,"href":"https:\/\/www.tapasmagazine.es\/en\/wp-json\/wp\/v2\/posts\/176370\/revisions"}],"predecessor-version":[{"id":176371,"href":"https:\/\/www.tapasmagazine.es\/en\/wp-json\/wp\/v2\/posts\/176370\/revisions\/176371"}],"wp:featuredmedia":[{"embeddable":true,"href":"https:\/\/www.tapasmagazine.es\/en\/wp-json\/wp\/v2\/media\/176372"}],"wp:attachment":[{"href":"https:\/\/www.tapasmagazine.es\/en\/wp-json\/wp\/v2\/media?parent=176370"}],"wp:term":[{"taxonomy":"category","embeddable":true,"href":"https:\/\/www.tapasmagazine.es\/en\/wp-json\/wp\/v2\/categories?post=176370"},{"taxonomy":"post_tag","embeddable":true,"href":"https:\/\/www.tapasmagazine.es\/en\/wp-json\/wp\/v2\/tags?post=176370"}],"curies":[{"name":"wp","href":"https:\/\/api.w.org\/{rel}","templated":true}]}}