{"id":176331,"date":"2023-02-24T13:08:15","date_gmt":"2023-02-24T12:08:15","guid":{"rendered":"https:\/\/www.tapasmagazine.es\/?p=176331"},"modified":"2023-02-24T13:11:53","modified_gmt":"2023-02-24T12:11:53","slug":"economia-planas-confia-en-mantener-el-mercado-del-aceite-de-oliva-ante-precios-altos-por-campana-muy-baja-en-volumen","status":"publish","type":"post","link":"https:\/\/www.tapasmagazine.es\/en\/economia-planas-confia-en-mantener-el-mercado-del-aceite-de-oliva-ante-precios-altos-por-campana-muy-baja-en-volumen\/","title":{"rendered":"Econom\u00eda-Planas conf\u00eda en mantener el mercado del aceite de oliva ante precios &#8220;altos&#8221; por campa\u00f1a &#8220;muy baja en volumen&#8221;"},"content":{"rendered":"<p>El ministro de Agricultura, Pesca y Alimentaci\u00f3n, Luis Planas, conf\u00eda en que se mantenga el mercado del aceite de oliva, atendiendo a la demanda nacional e internacional, en unas circunstancias con precios &#8220;altos&#8221; debido a la campa\u00f1a &#8220;muy baja en volumen&#8221;.<\/p>\n<p>   En declaraciones a los periodistas en C\u00f3rdoba, Planas ha explicado que desde que es ministro de junio de 2018 ha visto &#8220;toda la evoluci\u00f3n del mercado&#8221;, precisando que &#8220;en plena pandemia&#8221;, en junio del 2020 convoc\u00f3 a todo el sector y se puso sobre la mesa un dec\u00e1logo de medidas de apoyo, &#8220;que se ha llevado adelante&#8221;.<\/p>\n<p>   Por ejemplo, ha citado &#8220;la norma de calidad y trazabilidad, lo que se ha incluido en la Pol\u00edtica Agr\u00edcola Com\u00fan (PAC) de ayuda al sector del olivar y, en particular, del olivar tradicional, lo que se ha llevado a cabo de la mano de Cooperativas Agroalimentarias para regular y ordenar las cosechas donde hay un exceso de volumen que baja mucho los precios y otras medidas&#8221;.<\/p>\n<p>   Al respecto, el ministro ha aseverado que &#8220;la evoluci\u00f3n de los \u00faltimos dos a\u00f1os ha sido muy favorable desde el punto de vista de los precios&#8221;, si bien &#8220;esta campa\u00f1a en concreto est\u00e1 siendo una campa\u00f1a muy baja en volumen&#8221;, con una cifra de 780.000 toneladas.<\/p>\n<p>   &#8220;Es posible que finalmente nos quedemos en torno a las 680.000 toneladas, seg\u00fan los \u00faltimos datos de los que dispone el Ministerio&#8221;, de modo que ello &#8220;significa que transitoriamente hay unos precios altos, pero hay que conseguir mantener el mercado&#8221;, ha transmitido Planas.<\/p>\n<p>   En este sentido, ha manifestado que &#8220;los ciudadanos y las familias no se pueden permitir unos precios anormalmente altos, raz\u00f3n por la cual en el \u00faltimo paquete de medidas se ha incluido la reducci\u00f3n del IVA del diez al cinco por ciento en relaci\u00f3n con el aceite de oliva&#8221;.<\/p>\n<p>   As\u00ed, espera que esta campa\u00f1a, &#8220;en funci\u00f3n de la pluviometr\u00eda&#8221;, sea &#8220;mayor en volumen&#8221;, a lo que ha apostillado que &#8220;el punto clave es ser capaces de abastecer el mercado nacional e internacional&#8221;.<\/p>\n<p>   Y es que, seg\u00fan ha detallado, &#8220;en las \u00faltimas campa\u00f1as ha habido una salida al mercado internacional que ha superado los mil millones de euros, con un consumo nacional que se sit\u00faa aproximadamente en torno a las 550.000 toneladas&#8221;.<\/p>\n<p>   Ante ello, ha defendido que &#8220;el reto&#8221; es que &#8220;en este momento hay que asegurar en la transici\u00f3n entre la campa\u00f1a 2022-2023 y la 2023-2024 que el mercado est\u00e9 suficientemente abastecido&#8221;.<\/p>\n<p>   De este modo, Planas ha comentado que est\u00e1n en contacto con cooperativas agroalimentarias, con las asociaciones agrarias y el conjunto del sector, dado que &#8220;hay que ver c\u00f3mo se hace, porque tanto los consumidores nacionales, como los clientes internacionales lo necesitar\u00e1n&#8221;, ha mantenido.<\/p>\n","protected":false},"excerpt":{"rendered":"<p>El ministro de Agricultura, Pesca y Alimentaci\u00f3n, Luis Planas, conf\u00eda en que se mantenga el mercado del aceite de oliva, atendiendo a la demanda nacional e internacional, en unas circunstancias con precios &#8220;altos&#8221; debido a la campa\u00f1a &#8220;muy baja en volumen&#8221;. En declaraciones a los periodistas en C\u00f3rdoba, Planas ha explicado que desde que es [&hellip;]<\/p>\n","protected":false},"author":277,"featured_media":176333,"comment_status":"close","ping_status":"","sticky":false,"template":"single-feature.php","format":"standard","meta":{"_acf_changed":false,"footnotes":""},"categories":[15645],"tags":[],"class_list":["post-176331","post","type-post","status-publish","format-standard","has-post-thumbnail","hentry","category-ultima-hora","cat-15645-id"],"acf":[],"yoast_head":"<!-- This site is optimized with the Yoast SEO plugin v27.4 - https:\/\/yoast.com\/product\/yoast-seo-wordpress\/ -->\n<title>Econom\u00eda-Planas conf\u00eda en mantener el mercado del aceite de oliva ante precios &quot;altos&quot; por campa\u00f1a &quot;muy baja en volumen&quot; - Tapas<\/title>\n<meta name=\"description\" content=\"El ministro de Agricultura, Pesca y Alimentaci\u00f3n, Luis Planas, conf\u00eda en que se mantenga el mercado del aceite de oliva, atendiendo a la demanda nacional\" \/>\n<meta name=\"robots\" content=\"index, follow, max-snippet:-1, max-image-preview:large, max-video-preview:-1\" \/>\n<link rel=\"canonical\" href=\"https:\/\/www.tapasmagazine.es\/en\/economia-planas-confia-en-mantener-el-mercado-del-aceite-de-oliva-ante-precios-altos-por-campana-muy-baja-en-volumen\/\" \/>\n<meta property=\"og:locale\" content=\"en_US\" \/>\n<meta property=\"og:type\" content=\"article\" \/>\n<meta property=\"og:title\" content=\"Econom\u00eda-Planas conf\u00eda en mantener el mercado del aceite de oliva ante precios &quot;altos&quot; por campa\u00f1a &quot;muy baja en volumen&quot; - Tapas\" \/>\n<meta property=\"og:description\" content=\"El ministro de Agricultura, Pesca y Alimentaci\u00f3n, Luis Planas, conf\u00eda en que se mantenga el mercado del aceite de oliva, atendiendo a la demanda nacional\" \/>\n<meta property=\"og:url\" content=\"https:\/\/www.tapasmagazine.es\/en\/economia-planas-confia-en-mantener-el-mercado-del-aceite-de-oliva-ante-precios-altos-por-campana-muy-baja-en-volumen\/\" \/>\n<meta property=\"og:site_name\" content=\"Tapas\" \/>\n<meta property=\"article:publisher\" content=\"https:\/\/www.facebook.com\/tapasmagazine\" \/>\n<meta property=\"article:published_time\" content=\"2023-02-24T12:08:15+00:00\" \/>\n<meta property=\"article:modified_time\" content=\"2023-02-24T12:11:53+00:00\" \/>\n<meta property=\"og:image\" content=\"https:\/\/www.tapasmagazine.es\/wp-content\/uploads\/2023\/02\/fotonoticia_20230224130815_9999.jpg\" \/>\n\t<meta property=\"og:image:width\" content=\"2000\" \/>\n\t<meta property=\"og:image:height\" content=\"1125\" \/>\n\t<meta property=\"og:image:type\" content=\"image\/jpeg\" \/>\n<meta name=\"author\" content=\"Tapas \/ EP\" \/>\n<meta name=\"twitter:card\" content=\"summary_large_image\" \/>\n<meta name=\"twitter:creator\" content=\"@TapasMagazine\" \/>\n<meta name=\"twitter:site\" content=\"@TapasMagazine\" \/>\n<meta name=\"twitter:label1\" content=\"Written by\" \/>\n\t<meta name=\"twitter:data1\" content=\"Tapas \/ EP\" \/>\n\t<meta name=\"twitter:label2\" content=\"Est. reading time\" \/>\n\t<meta name=\"twitter:data2\" content=\"2 minutes\" \/>\n<script type=\"application\/ld+json\" class=\"yoast-schema-graph\">{\"@context\":\"https:\\\/\\\/schema.org\",\"@graph\":[{\"@type\":\"Article\",\"@id\":\"https:\\\/\\\/www.tapasmagazine.es\\\/en\\\/economia-planas-confia-en-mantener-el-mercado-del-aceite-de-oliva-ante-precios-altos-por-campana-muy-baja-en-volumen\\\/#article\",\"isPartOf\":{\"@id\":\"https:\\\/\\\/www.tapasmagazine.es\\\/en\\\/economia-planas-confia-en-mantener-el-mercado-del-aceite-de-oliva-ante-precios-altos-por-campana-muy-baja-en-volumen\\\/\"},\"author\":{\"name\":\"Tapas \\\/ EP\",\"@id\":\"https:\\\/\\\/www.tapasmagazine.es\\\/#\\\/schema\\\/person\\\/dddb3bce6f98f2124c204b901d74a14b\"},\"headline\":\"Econom\u00eda-Planas conf\u00eda en mantener el mercado del aceite de oliva ante precios &#8220;altos&#8221; por campa\u00f1a &#8220;muy baja en volumen&#8221;\",\"datePublished\":\"2023-02-24T12:08:15+00:00\",\"dateModified\":\"2023-02-24T12:11:53+00:00\",\"mainEntityOfPage\":{\"@id\":\"https:\\\/\\\/www.tapasmagazine.es\\\/en\\\/economia-planas-confia-en-mantener-el-mercado-del-aceite-de-oliva-ante-precios-altos-por-campana-muy-baja-en-volumen\\\/\"},\"wordCount\":493,\"publisher\":{\"@id\":\"https:\\\/\\\/www.tapasmagazine.es\\\/#organization\"},\"image\":{\"@id\":\"https:\\\/\\\/www.tapasmagazine.es\\\/en\\\/economia-planas-confia-en-mantener-el-mercado-del-aceite-de-oliva-ante-precios-altos-por-campana-muy-baja-en-volumen\\\/#primaryimage\"},\"thumbnailUrl\":\"https:\\\/\\\/www.tapasmagazine.es\\\/wp-content\\\/uploads\\\/2023\\\/02\\\/fotonoticia_20230224130815_9999.jpg\",\"articleSection\":[\"\u00daltima hora\"],\"inLanguage\":\"en-US\"},{\"@type\":\"WebPage\",\"@id\":\"https:\\\/\\\/www.tapasmagazine.es\\\/en\\\/economia-planas-confia-en-mantener-el-mercado-del-aceite-de-oliva-ante-precios-altos-por-campana-muy-baja-en-volumen\\\/\",\"url\":\"https:\\\/\\\/www.tapasmagazine.es\\\/en\\\/economia-planas-confia-en-mantener-el-mercado-del-aceite-de-oliva-ante-precios-altos-por-campana-muy-baja-en-volumen\\\/\",\"name\":\"Econom\u00eda-Planas conf\u00eda en mantener el mercado del aceite de oliva ante precios \\\"altos\\\" por campa\u00f1a \\\"muy baja en volumen\\\" - Tapas\",\"isPartOf\":{\"@id\":\"https:\\\/\\\/www.tapasmagazine.es\\\/#website\"},\"primaryImageOfPage\":{\"@id\":\"https:\\\/\\\/www.tapasmagazine.es\\\/en\\\/economia-planas-confia-en-mantener-el-mercado-del-aceite-de-oliva-ante-precios-altos-por-campana-muy-baja-en-volumen\\\/#primaryimage\"},\"image\":{\"@id\":\"https:\\\/\\\/www.tapasmagazine.es\\\/en\\\/economia-planas-confia-en-mantener-el-mercado-del-aceite-de-oliva-ante-precios-altos-por-campana-muy-baja-en-volumen\\\/#primaryimage\"},\"thumbnailUrl\":\"https:\\\/\\\/www.tapasmagazine.es\\\/wp-content\\\/uploads\\\/2023\\\/02\\\/fotonoticia_20230224130815_9999.jpg\",\"datePublished\":\"2023-02-24T12:08:15+00:00\",\"dateModified\":\"2023-02-24T12:11:53+00:00\",\"description\":\"El ministro de Agricultura, Pesca y Alimentaci\u00f3n, Luis Planas, conf\u00eda en que se mantenga el mercado del aceite de oliva, atendiendo a la demanda nacional\",\"breadcrumb\":{\"@id\":\"https:\\\/\\\/www.tapasmagazine.es\\\/en\\\/economia-planas-confia-en-mantener-el-mercado-del-aceite-de-oliva-ante-precios-altos-por-campana-muy-baja-en-volumen\\\/#breadcrumb\"},\"inLanguage\":\"en-US\",\"potentialAction\":[{\"@type\":\"ReadAction\",\"target\":[\"https:\\\/\\\/www.tapasmagazine.es\\\/en\\\/economia-planas-confia-en-mantener-el-mercado-del-aceite-de-oliva-ante-precios-altos-por-campana-muy-baja-en-volumen\\\/\"]}]},{\"@type\":\"ImageObject\",\"inLanguage\":\"en-US\",\"@id\":\"https:\\\/\\\/www.tapasmagazine.es\\\/en\\\/economia-planas-confia-en-mantener-el-mercado-del-aceite-de-oliva-ante-precios-altos-por-campana-muy-baja-en-volumen\\\/#primaryimage\",\"url\":\"https:\\\/\\\/www.tapasmagazine.es\\\/wp-content\\\/uploads\\\/2023\\\/02\\\/fotonoticia_20230224130815_9999.jpg\",\"contentUrl\":\"https:\\\/\\\/www.tapasmagazine.es\\\/wp-content\\\/uploads\\\/2023\\\/02\\\/fotonoticia_20230224130815_9999.jpg\",\"width\":2000,\"height\":1125},{\"@type\":\"BreadcrumbList\",\"@id\":\"https:\\\/\\\/www.tapasmagazine.es\\\/en\\\/economia-planas-confia-en-mantener-el-mercado-del-aceite-de-oliva-ante-precios-altos-por-campana-muy-baja-en-volumen\\\/#breadcrumb\",\"itemListElement\":[{\"@type\":\"ListItem\",\"position\":1,\"name\":\"Portada\",\"item\":\"https:\\\/\\\/www.tapasmagazine.es\\\/\"},{\"@type\":\"ListItem\",\"position\":2,\"name\":\"Sin categorizar\",\"item\":\"https:\\\/\\\/www.tapasmagazine.es\\\/categorias\\\/sin-categorizar\\\/\"},{\"@type\":\"ListItem\",\"position\":3,\"name\":\"Econom\u00eda-Planas conf\u00eda en mantener el mercado del aceite de oliva ante precios \u00abaltos\u00bb por campa\u00f1a \u00abmuy baja en volumen\u00bb\"}]},{\"@type\":\"WebSite\",\"@id\":\"https:\\\/\\\/www.tapasmagazine.es\\\/#website\",\"url\":\"https:\\\/\\\/www.tapasmagazine.es\\\/\",\"name\":\"Tapas\",\"description\":\"\u00d1am \u00d1am Lifestyle. La vida a bocados. Premio Nacional de Gastronom\u00eda 2016.\",\"publisher\":{\"@id\":\"https:\\\/\\\/www.tapasmagazine.es\\\/#organization\"},\"potentialAction\":[{\"@type\":\"SearchAction\",\"target\":{\"@type\":\"EntryPoint\",\"urlTemplate\":\"https:\\\/\\\/www.tapasmagazine.es\\\/?s={search_term_string}\"},\"query-input\":{\"@type\":\"PropertyValueSpecification\",\"valueRequired\":true,\"valueName\":\"search_term_string\"}}],\"inLanguage\":\"en-US\"},{\"@type\":\"Organization\",\"@id\":\"https:\\\/\\\/www.tapasmagazine.es\\\/#organization\",\"name\":\"Tapas Magazine\",\"url\":\"https:\\\/\\\/www.tapasmagazine.es\\\/\",\"logo\":{\"@type\":\"ImageObject\",\"inLanguage\":\"en-US\",\"@id\":\"https:\\\/\\\/www.tapasmagazine.es\\\/#\\\/schema\\\/logo\\\/image\\\/\",\"url\":\"https:\\\/\\\/www.tapasmagazine.es\\\/wp-content\\\/uploads\\\/2018\\\/01\\\/logo.png\",\"contentUrl\":\"https:\\\/\\\/www.tapasmagazine.es\\\/wp-content\\\/uploads\\\/2018\\\/01\\\/logo.png\",\"width\":180,\"height\":60,\"caption\":\"Tapas Magazine\"},\"image\":{\"@id\":\"https:\\\/\\\/www.tapasmagazine.es\\\/#\\\/schema\\\/logo\\\/image\\\/\"},\"sameAs\":[\"https:\\\/\\\/www.facebook.com\\\/tapasmagazine\",\"https:\\\/\\\/x.com\\\/TapasMagazine\",\"https:\\\/\\\/www.instagram.com\\\/tapasmagazine\\\/\",\"https:\\\/\\\/www.linkedin.com\\\/company\\\/tapas-magazine\",\"https:\\\/\\\/es.pinterest.com\\\/tapasmagazine\\\/\",\"https:\\\/\\\/www.youtube.com\\\/channel\\\/UCEyxneAaACuR0lfDagrWjjg?sub_confirmation=1\"]},{\"@type\":\"Person\",\"@id\":\"https:\\\/\\\/www.tapasmagazine.es\\\/#\\\/schema\\\/person\\\/dddb3bce6f98f2124c204b901d74a14b\",\"name\":\"Tapas \\\/ EP\",\"url\":\"https:\\\/\\\/www.tapasmagazine.es\\\/en\\\/author\\\/tapasep\\\/\"}]}<\/script>\n<!-- \/ Yoast SEO plugin. -->","yoast_head_json":{"title":"Econom\u00eda-Planas conf\u00eda en mantener el mercado del aceite de oliva ante precios \"altos\" por campa\u00f1a \"muy baja en volumen\" - Tapas","description":"El ministro de Agricultura, Pesca y Alimentaci\u00f3n, Luis Planas, conf\u00eda en que se mantenga el mercado del aceite de oliva, atendiendo a la demanda nacional","robots":{"index":"index","follow":"follow","max-snippet":"max-snippet:-1","max-image-preview":"max-image-preview:large","max-video-preview":"max-video-preview:-1"},"canonical":"https:\/\/www.tapasmagazine.es\/en\/economia-planas-confia-en-mantener-el-mercado-del-aceite-de-oliva-ante-precios-altos-por-campana-muy-baja-en-volumen\/","og_locale":"en_US","og_type":"article","og_title":"Econom\u00eda-Planas conf\u00eda en mantener el mercado del aceite de oliva ante precios \"altos\" por campa\u00f1a \"muy baja en volumen\" - Tapas","og_description":"El ministro de Agricultura, Pesca y Alimentaci\u00f3n, Luis Planas, conf\u00eda en que se mantenga el mercado del aceite de oliva, atendiendo a la demanda nacional","og_url":"https:\/\/www.tapasmagazine.es\/en\/economia-planas-confia-en-mantener-el-mercado-del-aceite-de-oliva-ante-precios-altos-por-campana-muy-baja-en-volumen\/","og_site_name":"Tapas","article_publisher":"https:\/\/www.facebook.com\/tapasmagazine","article_published_time":"2023-02-24T12:08:15+00:00","article_modified_time":"2023-02-24T12:11:53+00:00","og_image":[{"width":2000,"height":1125,"url":"https:\/\/www.tapasmagazine.es\/wp-content\/uploads\/2023\/02\/fotonoticia_20230224130815_9999.jpg","type":"image\/jpeg"}],"author":"Tapas \/ EP","twitter_card":"summary_large_image","twitter_creator":"@TapasMagazine","twitter_site":"@TapasMagazine","twitter_misc":{"Written by":"Tapas \/ EP","Est. reading time":"2 minutes"},"schema":{"@context":"https:\/\/schema.org","@graph":[{"@type":"Article","@id":"https:\/\/www.tapasmagazine.es\/en\/economia-planas-confia-en-mantener-el-mercado-del-aceite-de-oliva-ante-precios-altos-por-campana-muy-baja-en-volumen\/#article","isPartOf":{"@id":"https:\/\/www.tapasmagazine.es\/en\/economia-planas-confia-en-mantener-el-mercado-del-aceite-de-oliva-ante-precios-altos-por-campana-muy-baja-en-volumen\/"},"author":{"name":"Tapas \/ EP","@id":"https:\/\/www.tapasmagazine.es\/#\/schema\/person\/dddb3bce6f98f2124c204b901d74a14b"},"headline":"Econom\u00eda-Planas conf\u00eda en mantener el mercado del aceite de oliva ante precios &#8220;altos&#8221; por campa\u00f1a &#8220;muy baja en volumen&#8221;","datePublished":"2023-02-24T12:08:15+00:00","dateModified":"2023-02-24T12:11:53+00:00","mainEntityOfPage":{"@id":"https:\/\/www.tapasmagazine.es\/en\/economia-planas-confia-en-mantener-el-mercado-del-aceite-de-oliva-ante-precios-altos-por-campana-muy-baja-en-volumen\/"},"wordCount":493,"publisher":{"@id":"https:\/\/www.tapasmagazine.es\/#organization"},"image":{"@id":"https:\/\/www.tapasmagazine.es\/en\/economia-planas-confia-en-mantener-el-mercado-del-aceite-de-oliva-ante-precios-altos-por-campana-muy-baja-en-volumen\/#primaryimage"},"thumbnailUrl":"https:\/\/www.tapasmagazine.es\/wp-content\/uploads\/2023\/02\/fotonoticia_20230224130815_9999.jpg","articleSection":["\u00daltima hora"],"inLanguage":"en-US"},{"@type":"WebPage","@id":"https:\/\/www.tapasmagazine.es\/en\/economia-planas-confia-en-mantener-el-mercado-del-aceite-de-oliva-ante-precios-altos-por-campana-muy-baja-en-volumen\/","url":"https:\/\/www.tapasmagazine.es\/en\/economia-planas-confia-en-mantener-el-mercado-del-aceite-de-oliva-ante-precios-altos-por-campana-muy-baja-en-volumen\/","name":"Econom\u00eda-Planas conf\u00eda en mantener el mercado del aceite de oliva ante precios \"altos\" por campa\u00f1a \"muy baja en volumen\" - Tapas","isPartOf":{"@id":"https:\/\/www.tapasmagazine.es\/#website"},"primaryImageOfPage":{"@id":"https:\/\/www.tapasmagazine.es\/en\/economia-planas-confia-en-mantener-el-mercado-del-aceite-de-oliva-ante-precios-altos-por-campana-muy-baja-en-volumen\/#primaryimage"},"image":{"@id":"https:\/\/www.tapasmagazine.es\/en\/economia-planas-confia-en-mantener-el-mercado-del-aceite-de-oliva-ante-precios-altos-por-campana-muy-baja-en-volumen\/#primaryimage"},"thumbnailUrl":"https:\/\/www.tapasmagazine.es\/wp-content\/uploads\/2023\/02\/fotonoticia_20230224130815_9999.jpg","datePublished":"2023-02-24T12:08:15+00:00","dateModified":"2023-02-24T12:11:53+00:00","description":"El ministro de Agricultura, Pesca y Alimentaci\u00f3n, Luis Planas, conf\u00eda en que se mantenga el mercado del aceite de oliva, atendiendo a la demanda nacional","breadcrumb":{"@id":"https:\/\/www.tapasmagazine.es\/en\/economia-planas-confia-en-mantener-el-mercado-del-aceite-de-oliva-ante-precios-altos-por-campana-muy-baja-en-volumen\/#breadcrumb"},"inLanguage":"en-US","potentialAction":[{"@type":"ReadAction","target":["https:\/\/www.tapasmagazine.es\/en\/economia-planas-confia-en-mantener-el-mercado-del-aceite-de-oliva-ante-precios-altos-por-campana-muy-baja-en-volumen\/"]}]},{"@type":"ImageObject","inLanguage":"en-US","@id":"https:\/\/www.tapasmagazine.es\/en\/economia-planas-confia-en-mantener-el-mercado-del-aceite-de-oliva-ante-precios-altos-por-campana-muy-baja-en-volumen\/#primaryimage","url":"https:\/\/www.tapasmagazine.es\/wp-content\/uploads\/2023\/02\/fotonoticia_20230224130815_9999.jpg","contentUrl":"https:\/\/www.tapasmagazine.es\/wp-content\/uploads\/2023\/02\/fotonoticia_20230224130815_9999.jpg","width":2000,"height":1125},{"@type":"BreadcrumbList","@id":"https:\/\/www.tapasmagazine.es\/en\/economia-planas-confia-en-mantener-el-mercado-del-aceite-de-oliva-ante-precios-altos-por-campana-muy-baja-en-volumen\/#breadcrumb","itemListElement":[{"@type":"ListItem","position":1,"name":"Portada","item":"https:\/\/www.tapasmagazine.es\/"},{"@type":"ListItem","position":2,"name":"Sin categorizar","item":"https:\/\/www.tapasmagazine.es\/categorias\/sin-categorizar\/"},{"@type":"ListItem","position":3,"name":"Econom\u00eda-Planas conf\u00eda en mantener el mercado del aceite de oliva ante precios \u00abaltos\u00bb por campa\u00f1a \u00abmuy baja en volumen\u00bb"}]},{"@type":"WebSite","@id":"https:\/\/www.tapasmagazine.es\/#website","url":"https:\/\/www.tapasmagazine.es\/","name":"Tapas","description":"\u00d1am \u00d1am Lifestyle. La vida a bocados. Premio Nacional de Gastronom\u00eda 2016.","publisher":{"@id":"https:\/\/www.tapasmagazine.es\/#organization"},"potentialAction":[{"@type":"SearchAction","target":{"@type":"EntryPoint","urlTemplate":"https:\/\/www.tapasmagazine.es\/?s={search_term_string}"},"query-input":{"@type":"PropertyValueSpecification","valueRequired":true,"valueName":"search_term_string"}}],"inLanguage":"en-US"},{"@type":"Organization","@id":"https:\/\/www.tapasmagazine.es\/#organization","name":"Tapas Magazine","url":"https:\/\/www.tapasmagazine.es\/","logo":{"@type":"ImageObject","inLanguage":"en-US","@id":"https:\/\/www.tapasmagazine.es\/#\/schema\/logo\/image\/","url":"https:\/\/www.tapasmagazine.es\/wp-content\/uploads\/2018\/01\/logo.png","contentUrl":"https:\/\/www.tapasmagazine.es\/wp-content\/uploads\/2018\/01\/logo.png","width":180,"height":60,"caption":"Tapas Magazine"},"image":{"@id":"https:\/\/www.tapasmagazine.es\/#\/schema\/logo\/image\/"},"sameAs":["https:\/\/www.facebook.com\/tapasmagazine","https:\/\/x.com\/TapasMagazine","https:\/\/www.instagram.com\/tapasmagazine\/","https:\/\/www.linkedin.com\/company\/tapas-magazine","https:\/\/es.pinterest.com\/tapasmagazine\/","https:\/\/www.youtube.com\/channel\/UCEyxneAaACuR0lfDagrWjjg?sub_confirmation=1"]},{"@type":"Person","@id":"https:\/\/www.tapasmagazine.es\/#\/schema\/person\/dddb3bce6f98f2124c204b901d74a14b","name":"Tapas \/ EP","url":"https:\/\/www.tapasmagazine.es\/en\/author\/tapasep\/"}]}},"_links":{"self":[{"href":"https:\/\/www.tapasmagazine.es\/en\/wp-json\/wp\/v2\/posts\/176331","targetHints":{"allow":["GET"]}}],"collection":[{"href":"https:\/\/www.tapasmagazine.es\/en\/wp-json\/wp\/v2\/posts"}],"about":[{"href":"https:\/\/www.tapasmagazine.es\/en\/wp-json\/wp\/v2\/types\/post"}],"author":[{"embeddable":true,"href":"https:\/\/www.tapasmagazine.es\/en\/wp-json\/wp\/v2\/users\/277"}],"replies":[{"embeddable":true,"href":"https:\/\/www.tapasmagazine.es\/en\/wp-json\/wp\/v2\/comments?post=176331"}],"version-history":[{"count":1,"href":"https:\/\/www.tapasmagazine.es\/en\/wp-json\/wp\/v2\/posts\/176331\/revisions"}],"predecessor-version":[{"id":176332,"href":"https:\/\/www.tapasmagazine.es\/en\/wp-json\/wp\/v2\/posts\/176331\/revisions\/176332"}],"wp:featuredmedia":[{"embeddable":true,"href":"https:\/\/www.tapasmagazine.es\/en\/wp-json\/wp\/v2\/media\/176333"}],"wp:attachment":[{"href":"https:\/\/www.tapasmagazine.es\/en\/wp-json\/wp\/v2\/media?parent=176331"}],"wp:term":[{"taxonomy":"category","embeddable":true,"href":"https:\/\/www.tapasmagazine.es\/en\/wp-json\/wp\/v2\/categories?post=176331"},{"taxonomy":"post_tag","embeddable":true,"href":"https:\/\/www.tapasmagazine.es\/en\/wp-json\/wp\/v2\/tags?post=176331"}],"curies":[{"name":"wp","href":"https:\/\/api.w.org\/{rel}","templated":true}]}}