{"id":176271,"date":"2023-02-23T18:15:19","date_gmt":"2023-02-23T17:15:19","guid":{"rendered":"https:\/\/www.tapasmagazine.es\/?p=176271"},"modified":"2023-02-23T18:42:35","modified_gmt":"2023-02-23T17:42:35","slug":"economia-planas-senala-que-los-profetas-de-la-catastrofe-ya-llevan-muchos-errores-incluida-la-pac","status":"publish","type":"post","link":"https:\/\/www.tapasmagazine.es\/en\/economia-planas-senala-que-los-profetas-de-la-catastrofe-ya-llevan-muchos-errores-incluida-la-pac\/","title":{"rendered":"Econom\u00eda.- Planas se\u00f1ala que &#8220;los profetas de la cat\u00e1strofe ya llevan muchos errores&#8221;, incluida la PAC"},"content":{"rendered":"<p>El ministro de Agricultura, Pesca y Alimentaci\u00f3n, Luis Planas, ante las cr\u00edticas del PP y de diversas organizaciones agrarias por los perjuicios que, en su opini\u00f3n, acarrear\u00e1 la nueva Pol\u00edtica Agraria Com\u00fan (PAC) al sector agrario espa\u00f1ol, ha afirmado este jueves que &#8220;los profetas de la cat\u00e1strofe ya llevan muchos errores en los \u00faltimos meses&#8221;.<\/p>\n<p>   A este respecto y en declaraciones a los periodistas junto al candidato del PSOE a la Alcald\u00eda de Villanueva de C\u00f3rdoba, Isaac Reyes, y tras reunirse en dicho municipio con representantes de la Denominaci\u00f3n de Origen Los Pedroches e industriales del sector c\u00e1rnico, Planas ha recordado que dichos profetas &#8220;dec\u00edan que \u00edbamos a estar en recesi\u00f3n&#8221; y resulta que Espa\u00f1a est\u00e1 &#8220;a la cabeza del crecimiento de la Uni\u00f3n Europea (UE)&#8221;, pues &#8220;hemos cerrado el a\u00f1o 2022 con un 5,5% de crecimiento&#8221;.<\/p>\n<p>   Adem\u00e1s, para este a\u00f1o y el pr\u00f3ximo, &#8220;seg\u00fan la Comisi\u00f3n Europea y las previsiones econ\u00f3micas&#8221;, Espa\u00f1a seguir\u00e1 &#8220;en cabeza&#8221; de dicho crecimiento, rememorando Planas tambi\u00e9n como &#8220;se dec\u00eda que no \u00edbamos a lograr nada de fondos europeos, y hemos conseguido 160.000 millones del Plan de Recuperaci\u00f3n, y hemos conseguido mantener 47.724 millones de euros para la PAC&#8221;.<\/p>\n<p>   En este punto, el ministro de Agricultura ha dicho estar &#8220;absolutamente convencido de que esta PAC ser\u00e1 muy buena para el conjunto de nuestro sector agrario y ganadero, unida a otras medidas muy importantes&#8221;, como &#8220;los 1.800 millones que ha invertido este Gobierno en el sector primario, en ayudas en el \u00faltimo a\u00f1o&#8221;, siendo \u00e9sta &#8220;la cantidad m\u00e1s importante que en este siglo se ha dado en ayudas de Estado al sector primario&#8221;.<\/p>\n<p>   Por lo tanto, seg\u00fan ha resaltado, &#8220;este es un Gobierno comprometido con los agricultores y con los ganaderos&#8221;, considerando Planas que &#8220;la perspectiva ser\u00e1 favorable&#8221; y que, aunque &#8220;es verdad que cualquier cambio de PAC suscita por parte de los propios interesados dudas y preocupaciones&#8221;, lo que hay que hacer en estos casos es &#8220;dar asesoramiento, ayuda y no confundir&#8221; o dar &#8220;falsas noticias&#8221;.<\/p>\n<p>   Ello es contraproducente, seg\u00fan ha argumentado el ministro de Agricultura, &#8220;no solo porque la realidad las desmiente, sino porque adem\u00e1s contribuyen a crear muy mal ambiente, que es lo que yo creo que, evidentemente, intenta hacer la derecha y el Partido Popular&#8221;, y &#8220;ese no es el camino&#8221;, dado que &#8220;aqu\u00ed tenemos una cadena alimentaria que funciona bien gracias a una ley aprobada por este Gobierno y este Parlamento&#8221;, pero, eso s\u00ed, &#8220;sin el voto ni el apoyo, ni del Partido Popular ni de Vox&#8221;.<\/p>\n<p>   Por eso, lo que ahora toca, a juicio del ministro de Agricultura, Pesca y Alimentacion, es &#8220;continuar trabajando por el sector agroalimentario, por el conjunto de nuestros agricultores y ganaderos, y por nuestra industria alimentaria&#8221;.<\/p>\n","protected":false},"excerpt":{"rendered":"<p>El ministro de Agricultura, Pesca y Alimentaci\u00f3n, Luis Planas, ante las cr\u00edticas del PP y de diversas organizaciones agrarias por los perjuicios que, en su opini\u00f3n, acarrear\u00e1 la nueva Pol\u00edtica Agraria Com\u00fan (PAC) al sector agrario espa\u00f1ol, ha afirmado este jueves que &#8220;los profetas de la cat\u00e1strofe ya llevan muchos errores en los \u00faltimos meses&#8221;. [&hellip;]<\/p>\n","protected":false},"author":277,"featured_media":176273,"comment_status":"close","ping_status":"","sticky":false,"template":"single-feature.php","format":"standard","meta":{"_acf_changed":false,"footnotes":""},"categories":[15645],"tags":[],"class_list":["post-176271","post","type-post","status-publish","format-standard","has-post-thumbnail","hentry","category-ultima-hora","cat-15645-id"],"acf":[],"yoast_head":"<!-- This site is optimized with the Yoast SEO plugin v27.4 - https:\/\/yoast.com\/product\/yoast-seo-wordpress\/ -->\n<title>Econom\u00eda.- Planas se\u00f1ala que &quot;los profetas de la cat\u00e1strofe ya llevan muchos errores&quot;, incluida la PAC - Tapas<\/title>\n<meta name=\"description\" content=\"El ministro de Agricultura, Pesca y Alimentaci\u00f3n, Luis Planas, ante las cr\u00edticas del PP y de diversas organizaciones agrarias por los perjuicios que, en\" \/>\n<meta name=\"robots\" content=\"index, follow, max-snippet:-1, max-image-preview:large, max-video-preview:-1\" \/>\n<link rel=\"canonical\" href=\"https:\/\/www.tapasmagazine.es\/en\/economia-planas-senala-que-los-profetas-de-la-catastrofe-ya-llevan-muchos-errores-incluida-la-pac\/\" \/>\n<meta property=\"og:locale\" content=\"en_US\" \/>\n<meta property=\"og:type\" content=\"article\" \/>\n<meta property=\"og:title\" content=\"Econom\u00eda.- Planas se\u00f1ala que &quot;los profetas de la cat\u00e1strofe ya llevan muchos errores&quot;, incluida la PAC - Tapas\" \/>\n<meta property=\"og:description\" content=\"El ministro de Agricultura, Pesca y Alimentaci\u00f3n, Luis Planas, ante las cr\u00edticas del PP y de diversas organizaciones agrarias por los perjuicios que, en\" \/>\n<meta property=\"og:url\" content=\"https:\/\/www.tapasmagazine.es\/en\/economia-planas-senala-que-los-profetas-de-la-catastrofe-ya-llevan-muchos-errores-incluida-la-pac\/\" \/>\n<meta property=\"og:site_name\" content=\"Tapas\" \/>\n<meta property=\"article:publisher\" content=\"https:\/\/www.facebook.com\/tapasmagazine\" \/>\n<meta property=\"article:published_time\" content=\"2023-02-23T17:15:19+00:00\" \/>\n<meta property=\"article:modified_time\" content=\"2023-02-23T17:42:35+00:00\" \/>\n<meta property=\"og:image\" content=\"https:\/\/www.tapasmagazine.es\/wp-content\/uploads\/2023\/02\/fotonoticia_20230223181519_9999.jpg\" \/>\n\t<meta property=\"og:image:width\" content=\"1920\" \/>\n\t<meta property=\"og:image:height\" content=\"1080\" \/>\n\t<meta property=\"og:image:type\" content=\"image\/jpeg\" \/>\n<meta name=\"author\" content=\"Tapas \/ EP\" \/>\n<meta name=\"twitter:card\" content=\"summary_large_image\" \/>\n<meta name=\"twitter:creator\" content=\"@TapasMagazine\" \/>\n<meta name=\"twitter:site\" content=\"@TapasMagazine\" \/>\n<meta name=\"twitter:label1\" content=\"Written by\" \/>\n\t<meta name=\"twitter:data1\" content=\"Tapas \/ EP\" \/>\n\t<meta name=\"twitter:label2\" content=\"Est. reading time\" \/>\n\t<meta name=\"twitter:data2\" content=\"2 minutes\" \/>\n<script type=\"application\/ld+json\" class=\"yoast-schema-graph\">{\"@context\":\"https:\\\/\\\/schema.org\",\"@graph\":[{\"@type\":\"Article\",\"@id\":\"https:\\\/\\\/www.tapasmagazine.es\\\/en\\\/economia-planas-senala-que-los-profetas-de-la-catastrofe-ya-llevan-muchos-errores-incluida-la-pac\\\/#article\",\"isPartOf\":{\"@id\":\"https:\\\/\\\/www.tapasmagazine.es\\\/en\\\/economia-planas-senala-que-los-profetas-de-la-catastrofe-ya-llevan-muchos-errores-incluida-la-pac\\\/\"},\"author\":{\"name\":\"Tapas \\\/ EP\",\"@id\":\"https:\\\/\\\/www.tapasmagazine.es\\\/#\\\/schema\\\/person\\\/dddb3bce6f98f2124c204b901d74a14b\"},\"headline\":\"Econom\u00eda.- Planas se\u00f1ala que &#8220;los profetas de la cat\u00e1strofe ya llevan muchos errores&#8221;, incluida la PAC\",\"datePublished\":\"2023-02-23T17:15:19+00:00\",\"dateModified\":\"2023-02-23T17:42:35+00:00\",\"mainEntityOfPage\":{\"@id\":\"https:\\\/\\\/www.tapasmagazine.es\\\/en\\\/economia-planas-senala-que-los-profetas-de-la-catastrofe-ya-llevan-muchos-errores-incluida-la-pac\\\/\"},\"wordCount\":497,\"publisher\":{\"@id\":\"https:\\\/\\\/www.tapasmagazine.es\\\/#organization\"},\"image\":{\"@id\":\"https:\\\/\\\/www.tapasmagazine.es\\\/en\\\/economia-planas-senala-que-los-profetas-de-la-catastrofe-ya-llevan-muchos-errores-incluida-la-pac\\\/#primaryimage\"},\"thumbnailUrl\":\"https:\\\/\\\/www.tapasmagazine.es\\\/wp-content\\\/uploads\\\/2023\\\/02\\\/fotonoticia_20230223181519_9999.jpg\",\"articleSection\":[\"\u00daltima hora\"],\"inLanguage\":\"en-US\"},{\"@type\":\"WebPage\",\"@id\":\"https:\\\/\\\/www.tapasmagazine.es\\\/en\\\/economia-planas-senala-que-los-profetas-de-la-catastrofe-ya-llevan-muchos-errores-incluida-la-pac\\\/\",\"url\":\"https:\\\/\\\/www.tapasmagazine.es\\\/en\\\/economia-planas-senala-que-los-profetas-de-la-catastrofe-ya-llevan-muchos-errores-incluida-la-pac\\\/\",\"name\":\"Econom\u00eda.- Planas se\u00f1ala que \\\"los profetas de la cat\u00e1strofe ya llevan muchos errores\\\", incluida la PAC - Tapas\",\"isPartOf\":{\"@id\":\"https:\\\/\\\/www.tapasmagazine.es\\\/#website\"},\"primaryImageOfPage\":{\"@id\":\"https:\\\/\\\/www.tapasmagazine.es\\\/en\\\/economia-planas-senala-que-los-profetas-de-la-catastrofe-ya-llevan-muchos-errores-incluida-la-pac\\\/#primaryimage\"},\"image\":{\"@id\":\"https:\\\/\\\/www.tapasmagazine.es\\\/en\\\/economia-planas-senala-que-los-profetas-de-la-catastrofe-ya-llevan-muchos-errores-incluida-la-pac\\\/#primaryimage\"},\"thumbnailUrl\":\"https:\\\/\\\/www.tapasmagazine.es\\\/wp-content\\\/uploads\\\/2023\\\/02\\\/fotonoticia_20230223181519_9999.jpg\",\"datePublished\":\"2023-02-23T17:15:19+00:00\",\"dateModified\":\"2023-02-23T17:42:35+00:00\",\"description\":\"El ministro de Agricultura, Pesca y Alimentaci\u00f3n, Luis Planas, ante las cr\u00edticas del PP y de diversas organizaciones agrarias por los perjuicios que, en\",\"breadcrumb\":{\"@id\":\"https:\\\/\\\/www.tapasmagazine.es\\\/en\\\/economia-planas-senala-que-los-profetas-de-la-catastrofe-ya-llevan-muchos-errores-incluida-la-pac\\\/#breadcrumb\"},\"inLanguage\":\"en-US\",\"potentialAction\":[{\"@type\":\"ReadAction\",\"target\":[\"https:\\\/\\\/www.tapasmagazine.es\\\/en\\\/economia-planas-senala-que-los-profetas-de-la-catastrofe-ya-llevan-muchos-errores-incluida-la-pac\\\/\"]}]},{\"@type\":\"ImageObject\",\"inLanguage\":\"en-US\",\"@id\":\"https:\\\/\\\/www.tapasmagazine.es\\\/en\\\/economia-planas-senala-que-los-profetas-de-la-catastrofe-ya-llevan-muchos-errores-incluida-la-pac\\\/#primaryimage\",\"url\":\"https:\\\/\\\/www.tapasmagazine.es\\\/wp-content\\\/uploads\\\/2023\\\/02\\\/fotonoticia_20230223181519_9999.jpg\",\"contentUrl\":\"https:\\\/\\\/www.tapasmagazine.es\\\/wp-content\\\/uploads\\\/2023\\\/02\\\/fotonoticia_20230223181519_9999.jpg\",\"width\":1920,\"height\":1080},{\"@type\":\"BreadcrumbList\",\"@id\":\"https:\\\/\\\/www.tapasmagazine.es\\\/en\\\/economia-planas-senala-que-los-profetas-de-la-catastrofe-ya-llevan-muchos-errores-incluida-la-pac\\\/#breadcrumb\",\"itemListElement\":[{\"@type\":\"ListItem\",\"position\":1,\"name\":\"Portada\",\"item\":\"https:\\\/\\\/www.tapasmagazine.es\\\/\"},{\"@type\":\"ListItem\",\"position\":2,\"name\":\"Sin categorizar\",\"item\":\"https:\\\/\\\/www.tapasmagazine.es\\\/categorias\\\/sin-categorizar\\\/\"},{\"@type\":\"ListItem\",\"position\":3,\"name\":\"Econom\u00eda.- Planas se\u00f1ala que \u00ablos profetas de la cat\u00e1strofe ya llevan muchos errores\u00bb, incluida la PAC\"}]},{\"@type\":\"WebSite\",\"@id\":\"https:\\\/\\\/www.tapasmagazine.es\\\/#website\",\"url\":\"https:\\\/\\\/www.tapasmagazine.es\\\/\",\"name\":\"Tapas\",\"description\":\"\u00d1am \u00d1am Lifestyle. La vida a bocados. Premio Nacional de Gastronom\u00eda 2016.\",\"publisher\":{\"@id\":\"https:\\\/\\\/www.tapasmagazine.es\\\/#organization\"},\"potentialAction\":[{\"@type\":\"SearchAction\",\"target\":{\"@type\":\"EntryPoint\",\"urlTemplate\":\"https:\\\/\\\/www.tapasmagazine.es\\\/?s={search_term_string}\"},\"query-input\":{\"@type\":\"PropertyValueSpecification\",\"valueRequired\":true,\"valueName\":\"search_term_string\"}}],\"inLanguage\":\"en-US\"},{\"@type\":\"Organization\",\"@id\":\"https:\\\/\\\/www.tapasmagazine.es\\\/#organization\",\"name\":\"Tapas Magazine\",\"url\":\"https:\\\/\\\/www.tapasmagazine.es\\\/\",\"logo\":{\"@type\":\"ImageObject\",\"inLanguage\":\"en-US\",\"@id\":\"https:\\\/\\\/www.tapasmagazine.es\\\/#\\\/schema\\\/logo\\\/image\\\/\",\"url\":\"https:\\\/\\\/www.tapasmagazine.es\\\/wp-content\\\/uploads\\\/2018\\\/01\\\/logo.png\",\"contentUrl\":\"https:\\\/\\\/www.tapasmagazine.es\\\/wp-content\\\/uploads\\\/2018\\\/01\\\/logo.png\",\"width\":180,\"height\":60,\"caption\":\"Tapas Magazine\"},\"image\":{\"@id\":\"https:\\\/\\\/www.tapasmagazine.es\\\/#\\\/schema\\\/logo\\\/image\\\/\"},\"sameAs\":[\"https:\\\/\\\/www.facebook.com\\\/tapasmagazine\",\"https:\\\/\\\/x.com\\\/TapasMagazine\",\"https:\\\/\\\/www.instagram.com\\\/tapasmagazine\\\/\",\"https:\\\/\\\/www.linkedin.com\\\/company\\\/tapas-magazine\",\"https:\\\/\\\/es.pinterest.com\\\/tapasmagazine\\\/\",\"https:\\\/\\\/www.youtube.com\\\/channel\\\/UCEyxneAaACuR0lfDagrWjjg?sub_confirmation=1\"]},{\"@type\":\"Person\",\"@id\":\"https:\\\/\\\/www.tapasmagazine.es\\\/#\\\/schema\\\/person\\\/dddb3bce6f98f2124c204b901d74a14b\",\"name\":\"Tapas \\\/ EP\",\"url\":\"https:\\\/\\\/www.tapasmagazine.es\\\/en\\\/author\\\/tapasep\\\/\"}]}<\/script>\n<!-- \/ Yoast SEO plugin. -->","yoast_head_json":{"title":"Econom\u00eda.- Planas se\u00f1ala que \"los profetas de la cat\u00e1strofe ya llevan muchos errores\", incluida la PAC - Tapas","description":"El ministro de Agricultura, Pesca y Alimentaci\u00f3n, Luis Planas, ante las cr\u00edticas del PP y de diversas organizaciones agrarias por los perjuicios que, en","robots":{"index":"index","follow":"follow","max-snippet":"max-snippet:-1","max-image-preview":"max-image-preview:large","max-video-preview":"max-video-preview:-1"},"canonical":"https:\/\/www.tapasmagazine.es\/en\/economia-planas-senala-que-los-profetas-de-la-catastrofe-ya-llevan-muchos-errores-incluida-la-pac\/","og_locale":"en_US","og_type":"article","og_title":"Econom\u00eda.- Planas se\u00f1ala que \"los profetas de la cat\u00e1strofe ya llevan muchos errores\", incluida la PAC - Tapas","og_description":"El ministro de Agricultura, Pesca y Alimentaci\u00f3n, Luis Planas, ante las cr\u00edticas del PP y de diversas organizaciones agrarias por los perjuicios que, en","og_url":"https:\/\/www.tapasmagazine.es\/en\/economia-planas-senala-que-los-profetas-de-la-catastrofe-ya-llevan-muchos-errores-incluida-la-pac\/","og_site_name":"Tapas","article_publisher":"https:\/\/www.facebook.com\/tapasmagazine","article_published_time":"2023-02-23T17:15:19+00:00","article_modified_time":"2023-02-23T17:42:35+00:00","og_image":[{"width":1920,"height":1080,"url":"https:\/\/www.tapasmagazine.es\/wp-content\/uploads\/2023\/02\/fotonoticia_20230223181519_9999.jpg","type":"image\/jpeg"}],"author":"Tapas \/ EP","twitter_card":"summary_large_image","twitter_creator":"@TapasMagazine","twitter_site":"@TapasMagazine","twitter_misc":{"Written by":"Tapas \/ EP","Est. reading time":"2 minutes"},"schema":{"@context":"https:\/\/schema.org","@graph":[{"@type":"Article","@id":"https:\/\/www.tapasmagazine.es\/en\/economia-planas-senala-que-los-profetas-de-la-catastrofe-ya-llevan-muchos-errores-incluida-la-pac\/#article","isPartOf":{"@id":"https:\/\/www.tapasmagazine.es\/en\/economia-planas-senala-que-los-profetas-de-la-catastrofe-ya-llevan-muchos-errores-incluida-la-pac\/"},"author":{"name":"Tapas \/ EP","@id":"https:\/\/www.tapasmagazine.es\/#\/schema\/person\/dddb3bce6f98f2124c204b901d74a14b"},"headline":"Econom\u00eda.- Planas se\u00f1ala que &#8220;los profetas de la cat\u00e1strofe ya llevan muchos errores&#8221;, incluida la PAC","datePublished":"2023-02-23T17:15:19+00:00","dateModified":"2023-02-23T17:42:35+00:00","mainEntityOfPage":{"@id":"https:\/\/www.tapasmagazine.es\/en\/economia-planas-senala-que-los-profetas-de-la-catastrofe-ya-llevan-muchos-errores-incluida-la-pac\/"},"wordCount":497,"publisher":{"@id":"https:\/\/www.tapasmagazine.es\/#organization"},"image":{"@id":"https:\/\/www.tapasmagazine.es\/en\/economia-planas-senala-que-los-profetas-de-la-catastrofe-ya-llevan-muchos-errores-incluida-la-pac\/#primaryimage"},"thumbnailUrl":"https:\/\/www.tapasmagazine.es\/wp-content\/uploads\/2023\/02\/fotonoticia_20230223181519_9999.jpg","articleSection":["\u00daltima hora"],"inLanguage":"en-US"},{"@type":"WebPage","@id":"https:\/\/www.tapasmagazine.es\/en\/economia-planas-senala-que-los-profetas-de-la-catastrofe-ya-llevan-muchos-errores-incluida-la-pac\/","url":"https:\/\/www.tapasmagazine.es\/en\/economia-planas-senala-que-los-profetas-de-la-catastrofe-ya-llevan-muchos-errores-incluida-la-pac\/","name":"Econom\u00eda.- Planas se\u00f1ala que \"los profetas de la cat\u00e1strofe ya llevan muchos errores\", incluida la PAC - Tapas","isPartOf":{"@id":"https:\/\/www.tapasmagazine.es\/#website"},"primaryImageOfPage":{"@id":"https:\/\/www.tapasmagazine.es\/en\/economia-planas-senala-que-los-profetas-de-la-catastrofe-ya-llevan-muchos-errores-incluida-la-pac\/#primaryimage"},"image":{"@id":"https:\/\/www.tapasmagazine.es\/en\/economia-planas-senala-que-los-profetas-de-la-catastrofe-ya-llevan-muchos-errores-incluida-la-pac\/#primaryimage"},"thumbnailUrl":"https:\/\/www.tapasmagazine.es\/wp-content\/uploads\/2023\/02\/fotonoticia_20230223181519_9999.jpg","datePublished":"2023-02-23T17:15:19+00:00","dateModified":"2023-02-23T17:42:35+00:00","description":"El ministro de Agricultura, Pesca y Alimentaci\u00f3n, Luis Planas, ante las cr\u00edticas del PP y de diversas organizaciones agrarias por los perjuicios que, en","breadcrumb":{"@id":"https:\/\/www.tapasmagazine.es\/en\/economia-planas-senala-que-los-profetas-de-la-catastrofe-ya-llevan-muchos-errores-incluida-la-pac\/#breadcrumb"},"inLanguage":"en-US","potentialAction":[{"@type":"ReadAction","target":["https:\/\/www.tapasmagazine.es\/en\/economia-planas-senala-que-los-profetas-de-la-catastrofe-ya-llevan-muchos-errores-incluida-la-pac\/"]}]},{"@type":"ImageObject","inLanguage":"en-US","@id":"https:\/\/www.tapasmagazine.es\/en\/economia-planas-senala-que-los-profetas-de-la-catastrofe-ya-llevan-muchos-errores-incluida-la-pac\/#primaryimage","url":"https:\/\/www.tapasmagazine.es\/wp-content\/uploads\/2023\/02\/fotonoticia_20230223181519_9999.jpg","contentUrl":"https:\/\/www.tapasmagazine.es\/wp-content\/uploads\/2023\/02\/fotonoticia_20230223181519_9999.jpg","width":1920,"height":1080},{"@type":"BreadcrumbList","@id":"https:\/\/www.tapasmagazine.es\/en\/economia-planas-senala-que-los-profetas-de-la-catastrofe-ya-llevan-muchos-errores-incluida-la-pac\/#breadcrumb","itemListElement":[{"@type":"ListItem","position":1,"name":"Portada","item":"https:\/\/www.tapasmagazine.es\/"},{"@type":"ListItem","position":2,"name":"Sin categorizar","item":"https:\/\/www.tapasmagazine.es\/categorias\/sin-categorizar\/"},{"@type":"ListItem","position":3,"name":"Econom\u00eda.- Planas se\u00f1ala que \u00ablos profetas de la cat\u00e1strofe ya llevan muchos errores\u00bb, incluida la PAC"}]},{"@type":"WebSite","@id":"https:\/\/www.tapasmagazine.es\/#website","url":"https:\/\/www.tapasmagazine.es\/","name":"Tapas","description":"\u00d1am \u00d1am Lifestyle. La vida a bocados. Premio Nacional de Gastronom\u00eda 2016.","publisher":{"@id":"https:\/\/www.tapasmagazine.es\/#organization"},"potentialAction":[{"@type":"SearchAction","target":{"@type":"EntryPoint","urlTemplate":"https:\/\/www.tapasmagazine.es\/?s={search_term_string}"},"query-input":{"@type":"PropertyValueSpecification","valueRequired":true,"valueName":"search_term_string"}}],"inLanguage":"en-US"},{"@type":"Organization","@id":"https:\/\/www.tapasmagazine.es\/#organization","name":"Tapas Magazine","url":"https:\/\/www.tapasmagazine.es\/","logo":{"@type":"ImageObject","inLanguage":"en-US","@id":"https:\/\/www.tapasmagazine.es\/#\/schema\/logo\/image\/","url":"https:\/\/www.tapasmagazine.es\/wp-content\/uploads\/2018\/01\/logo.png","contentUrl":"https:\/\/www.tapasmagazine.es\/wp-content\/uploads\/2018\/01\/logo.png","width":180,"height":60,"caption":"Tapas Magazine"},"image":{"@id":"https:\/\/www.tapasmagazine.es\/#\/schema\/logo\/image\/"},"sameAs":["https:\/\/www.facebook.com\/tapasmagazine","https:\/\/x.com\/TapasMagazine","https:\/\/www.instagram.com\/tapasmagazine\/","https:\/\/www.linkedin.com\/company\/tapas-magazine","https:\/\/es.pinterest.com\/tapasmagazine\/","https:\/\/www.youtube.com\/channel\/UCEyxneAaACuR0lfDagrWjjg?sub_confirmation=1"]},{"@type":"Person","@id":"https:\/\/www.tapasmagazine.es\/#\/schema\/person\/dddb3bce6f98f2124c204b901d74a14b","name":"Tapas \/ EP","url":"https:\/\/www.tapasmagazine.es\/en\/author\/tapasep\/"}]}},"_links":{"self":[{"href":"https:\/\/www.tapasmagazine.es\/en\/wp-json\/wp\/v2\/posts\/176271","targetHints":{"allow":["GET"]}}],"collection":[{"href":"https:\/\/www.tapasmagazine.es\/en\/wp-json\/wp\/v2\/posts"}],"about":[{"href":"https:\/\/www.tapasmagazine.es\/en\/wp-json\/wp\/v2\/types\/post"}],"author":[{"embeddable":true,"href":"https:\/\/www.tapasmagazine.es\/en\/wp-json\/wp\/v2\/users\/277"}],"replies":[{"embeddable":true,"href":"https:\/\/www.tapasmagazine.es\/en\/wp-json\/wp\/v2\/comments?post=176271"}],"version-history":[{"count":1,"href":"https:\/\/www.tapasmagazine.es\/en\/wp-json\/wp\/v2\/posts\/176271\/revisions"}],"predecessor-version":[{"id":176272,"href":"https:\/\/www.tapasmagazine.es\/en\/wp-json\/wp\/v2\/posts\/176271\/revisions\/176272"}],"wp:featuredmedia":[{"embeddable":true,"href":"https:\/\/www.tapasmagazine.es\/en\/wp-json\/wp\/v2\/media\/176273"}],"wp:attachment":[{"href":"https:\/\/www.tapasmagazine.es\/en\/wp-json\/wp\/v2\/media?parent=176271"}],"wp:term":[{"taxonomy":"category","embeddable":true,"href":"https:\/\/www.tapasmagazine.es\/en\/wp-json\/wp\/v2\/categories?post=176271"},{"taxonomy":"post_tag","embeddable":true,"href":"https:\/\/www.tapasmagazine.es\/en\/wp-json\/wp\/v2\/tags?post=176271"}],"curies":[{"name":"wp","href":"https:\/\/api.w.org\/{rel}","templated":true}]}}