{"id":176254,"date":"2023-02-23T18:10:56","date_gmt":"2023-02-23T17:10:56","guid":{"rendered":"https:\/\/www.tapasmagazine.es\/?p=176254"},"modified":"2023-02-23T18:12:35","modified_gmt":"2023-02-23T17:12:35","slug":"economia-planas-destaca-que-el-impulso-cooperativo-sera-clave-para-hacer-frente-a-los-nuevos-desafios","status":"publish","type":"post","link":"https:\/\/www.tapasmagazine.es\/en\/economia-planas-destaca-que-el-impulso-cooperativo-sera-clave-para-hacer-frente-a-los-nuevos-desafios\/","title":{"rendered":"Econom\u00eda.- Planas destaca que &#8220;el impulso cooperativo ser\u00e1 clave para hacer frente a los nuevos desaf\u00edos&#8221;"},"content":{"rendered":"<p>El ministro de Agricultura, Pesca y Alimentaci\u00f3n, Luis Planas, ha subrayado este jueves que &#8220;el impulso cooperativo ser\u00e1 clave para hacer frente a los nuevos desaf\u00edos&#8221; y ha animado al sector a &#8220;unir esfuerzos para aumentar su dimensi\u00f3n y lograr la apertura de nuevos mercados&#8221;.<\/p>\n<p>   En la clausura de las XXVIII Jornadas T\u00e9cnicas de la Cooperativa Ganadera del Valle de los Pedroches (Covap), donde se han debatido ideas para lograr una alimentaci\u00f3n de futuro m\u00e1s saludable y sostenible, gracias a la innovaci\u00f3n, la mejora tecnol\u00f3gica y el conocimiento, Planas ha mostrado &#8220;la apuesta firme del Gobierno por la integraci\u00f3n, que har\u00e1 que las cooperativas sean m\u00e1s competitivas y eficientes&#8221;.<\/p>\n<p>   Para ello, ha destacado que este a\u00f1o contar\u00e1n con ayudas por 30 millones de euros, mientras que la nueva Pol\u00edtica Agraria Com\u00fan (PAC) prev\u00e9 otras dos convocatorias de apoyo, con 40 millones de euros cada una.<\/p>\n<p>   En su intervenci\u00f3n, el ministro ha valorado el papel de las cooperativas en el impulso del sector agroalimentario espa\u00f1ol, dado que aportan el 65% de la producci\u00f3n final agraria y el 26% de las ventas netas de la industria alimentaria.<\/p>\n<p>   En total, suman m\u00e1s de un mill\u00f3n de socios y casi 3.700 cooperativas, &#8220;que suponen un importante elemento de vertebraci\u00f3n econ\u00f3mica y social para los territorios rurales&#8221;, ha se\u00f1alado.<\/p>\n<p>   De igual forma, ha resaltado &#8220;los esfuerzos del Gobierno para ayudar al sector agroalimentario a superar las actuales dificultades, derivadas del encarecimiento de las materias primas y de la energ\u00eda, y por las adversidades clim\u00e1ticas&#8221;.<\/p>\n<p>   En concreto, se ha referido a las medidas extraordinarias y urgentes que suman m\u00e1s de 1.800 millones de euros en apoyos para el sector primario. &#8220;Constituyen un buen apoyo para un momento concreto muy complejo&#8221;, ha apuntado.<\/p>\n<p>   El ministro ha hecho hincapi\u00e9 en las ayudas a los productores l\u00e1cteos, con 14,1 millones de euros pagados en Andaluc\u00eda a 2.584 ganaderos, de los que 6,6 millones han sido para 484 ganaderos de la provincia de C\u00f3rdoba &#8211;la mayor\u00eda de ellos en el Valle de los Pedroches, con una ayuda media de casi 13.700 euros por explotaci\u00f3n&#8211;.<\/p>\n<p>   Tambi\u00e9n ha mencionado las ayudas a otros sectores ganaderos c\u00e1rnicos y a los productores de c\u00edtricos, que en Andaluc\u00eda han recibido algo m\u00e1s de 27 millones de euros para 14.181 beneficiarios. Est\u00e1 previsto que antes de que finalice el mes de abril, se paguen las ayudas por el incremento del precio de los fertilizantes, con m\u00e1s de 62,8 millones de euros en Andaluc\u00eda, para 62.530 beneficiarios, ha aseverado.<\/p>\n<p>OTRAS MEDIDAS DE APOYO<\/p>\n<p>   Entre otras medidas de apoyo, Planas ha mencionado la exenci\u00f3n de canon y tarifa en las cuencas del Guadalquivir y Guadiana, donde tambi\u00e9n se han realizado obras de emergencia, como la conducci\u00f3n para trasvasar agua del embalse de La Colada a la Estaci\u00f3n de Tratamiento de Agua Potable de Sierra Boyera.<\/p>\n<p>   Asimismo, el sector primario va a contar con medidas estructurales, como la Pol\u00edtica Agraria Com\u00fan, &#8220;cuya reforma es la m\u00e1s importante de su historia&#8221;, o los fondos del Plan de Recuperaci\u00f3n, Transformaci\u00f3n y Resiliencia (PRTR), ha manifestado.<\/p>\n<p>   Seg\u00fan ha remarcado, &#8220;hemos dise\u00f1ado una nueva PAC m\u00e1s justa, m\u00e1s social, m\u00e1s igualitaria y m\u00e1s medioambiental, con muchos aspectos positivos para Andaluc\u00eda, que seguir\u00e1 siendo la comunidad aut\u00f3noma m\u00e1s beneficiada de estas ayudas&#8221;.<\/p>\n<p>   En relaci\u00f3n con el PRTR, y dentro de las l\u00edneas gestionadas por el Ministerio de Agricultura, Pesca y Alimentaci\u00f3n, ya se han movilizado m\u00e1s de 900 millones de euros de apoyos para el sector primario, donde destacan las inversiones destinadas a la modernizaci\u00f3n de regad\u00edos y la renovaci\u00f3n de explotaciones agrarias.<\/p>\n<p>   Tambi\u00e9n a trav\u00e9s del PRTR se van a destinar 307 millones de euros para modernizar explotaciones agrarias y mejorar su sostenibilidad y otros 38 millones para mejorar la bioseguridad en viveros y en el transporte de animales.<\/p>\n<p>   De estos fondos, ya se han transferido a las comunidades aut\u00f3nomas m\u00e1s de 260 millones para atender las primeras convocatorias de ayudas, de los que 44 millones corresponden a Andaluc\u00eda, &#8220;la comunidad m\u00e1s beneficiada&#8221;, ha ensalzado.<\/p>\n<p>MARCO NORMATIVO<\/p>\n<p>   Adem\u00e1s de las ayudas, el ministro ha destacado &#8220;la importancia de contar con un marco normativo adecuado que contribuya a fortalecer el sector agroalimentario&#8221;.<\/p>\n<p>   En particular, se ha mostrado &#8220;particularmente orgulloso&#8221; de la reforma de la Ley de la Cadena Alimentaria, &#8220;una herramienta fundamental para lograr unas relaciones comerciales m\u00e1s justa y transparentes entre los distintos eslabones&#8221;.<\/p>\n<p>   El ministro ha comparado a los diferentes elementos de la cadena alimentaria con &#8220;los pilares de un puente&#8221;. &#8220;Estamos ante un puente agroalimentario que se sustenta en los pilares de la producci\u00f3n, la industria y la distribuci\u00f3n&#8221;, todos igualmente importantes, ya que si uno de los pilares falla, el puente se viene abajo&#8221;, ha indicado.<\/p>\n<p>   De igual forma, la normativa de ordenaci\u00f3n de los sectores ganaderos, como el porcino, el av\u00edcola o el bovino, &#8220;tambi\u00e9n contribuye mejorar la sostenibilidad del sector y a adoptar las mejores t\u00e9cnicas disponibles, para que las explotaciones incrementen su rentabilidad, porque no hay sostenibilidad sin rentabilidad&#8221;, ha apostillado.<\/p>\n","protected":false},"excerpt":{"rendered":"<p>El ministro de Agricultura, Pesca y Alimentaci\u00f3n, Luis Planas, ha subrayado este jueves que &#8220;el impulso cooperativo ser\u00e1 clave para hacer frente a los nuevos desaf\u00edos&#8221; y ha animado al sector a &#8220;unir esfuerzos para aumentar su dimensi\u00f3n y lograr la apertura de nuevos mercados&#8221;. En la clausura de las XXVIII Jornadas T\u00e9cnicas de la [&hellip;]<\/p>\n","protected":false},"author":277,"featured_media":176256,"comment_status":"close","ping_status":"","sticky":false,"template":"single-feature.php","format":"standard","meta":{"_acf_changed":false,"footnotes":""},"categories":[15645],"tags":[],"class_list":["post-176254","post","type-post","status-publish","format-standard","has-post-thumbnail","hentry","category-ultima-hora","cat-15645-id"],"acf":[],"yoast_head":"<!-- This site is optimized with the Yoast SEO plugin v27.4 - https:\/\/yoast.com\/product\/yoast-seo-wordpress\/ -->\n<title>Econom\u00eda.- Planas destaca que &quot;el impulso cooperativo ser\u00e1 clave para hacer frente a los nuevos desaf\u00edos&quot; - Tapas<\/title>\n<meta name=\"description\" content=\"El ministro de Agricultura, Pesca y Alimentaci\u00f3n, Luis Planas, ha subrayado este jueves que &quot;el impulso cooperativo ser\u00e1 clave para hacer frente a los\" \/>\n<meta name=\"robots\" content=\"index, follow, max-snippet:-1, max-image-preview:large, max-video-preview:-1\" \/>\n<link rel=\"canonical\" href=\"https:\/\/www.tapasmagazine.es\/en\/economia-planas-destaca-que-el-impulso-cooperativo-sera-clave-para-hacer-frente-a-los-nuevos-desafios\/\" \/>\n<meta property=\"og:locale\" content=\"en_US\" \/>\n<meta property=\"og:type\" content=\"article\" \/>\n<meta property=\"og:title\" content=\"Econom\u00eda.- Planas destaca que &quot;el impulso cooperativo ser\u00e1 clave para hacer frente a los nuevos desaf\u00edos&quot; - Tapas\" \/>\n<meta property=\"og:description\" content=\"El ministro de Agricultura, Pesca y Alimentaci\u00f3n, Luis Planas, ha subrayado este jueves que &quot;el impulso cooperativo ser\u00e1 clave para hacer frente a los\" \/>\n<meta property=\"og:url\" content=\"https:\/\/www.tapasmagazine.es\/en\/economia-planas-destaca-que-el-impulso-cooperativo-sera-clave-para-hacer-frente-a-los-nuevos-desafios\/\" \/>\n<meta property=\"og:site_name\" content=\"Tapas\" \/>\n<meta property=\"article:publisher\" content=\"https:\/\/www.facebook.com\/tapasmagazine\" \/>\n<meta property=\"article:published_time\" content=\"2023-02-23T17:10:56+00:00\" \/>\n<meta property=\"article:modified_time\" content=\"2023-02-23T17:12:35+00:00\" \/>\n<meta property=\"og:image\" content=\"https:\/\/www.tapasmagazine.es\/wp-content\/uploads\/2023\/02\/fotonoticia_20230223181056_9999.jpg\" \/>\n\t<meta property=\"og:image:width\" content=\"1600\" \/>\n\t<meta property=\"og:image:height\" content=\"1200\" \/>\n\t<meta property=\"og:image:type\" content=\"image\/jpeg\" \/>\n<meta name=\"author\" content=\"Tapas \/ EP\" \/>\n<meta name=\"twitter:card\" content=\"summary_large_image\" \/>\n<meta name=\"twitter:creator\" content=\"@TapasMagazine\" \/>\n<meta name=\"twitter:site\" content=\"@TapasMagazine\" \/>\n<meta name=\"twitter:label1\" content=\"Written by\" \/>\n\t<meta name=\"twitter:data1\" content=\"Tapas \/ EP\" \/>\n\t<meta name=\"twitter:label2\" content=\"Est. reading time\" \/>\n\t<meta name=\"twitter:data2\" content=\"4 minutes\" \/>\n<script type=\"application\/ld+json\" class=\"yoast-schema-graph\">{\"@context\":\"https:\\\/\\\/schema.org\",\"@graph\":[{\"@type\":\"Article\",\"@id\":\"https:\\\/\\\/www.tapasmagazine.es\\\/en\\\/economia-planas-destaca-que-el-impulso-cooperativo-sera-clave-para-hacer-frente-a-los-nuevos-desafios\\\/#article\",\"isPartOf\":{\"@id\":\"https:\\\/\\\/www.tapasmagazine.es\\\/en\\\/economia-planas-destaca-que-el-impulso-cooperativo-sera-clave-para-hacer-frente-a-los-nuevos-desafios\\\/\"},\"author\":{\"name\":\"Tapas \\\/ EP\",\"@id\":\"https:\\\/\\\/www.tapasmagazine.es\\\/#\\\/schema\\\/person\\\/dddb3bce6f98f2124c204b901d74a14b\"},\"headline\":\"Econom\u00eda.- Planas destaca que &#8220;el impulso cooperativo ser\u00e1 clave para hacer frente a los nuevos desaf\u00edos&#8221;\",\"datePublished\":\"2023-02-23T17:10:56+00:00\",\"dateModified\":\"2023-02-23T17:12:35+00:00\",\"mainEntityOfPage\":{\"@id\":\"https:\\\/\\\/www.tapasmagazine.es\\\/en\\\/economia-planas-destaca-que-el-impulso-cooperativo-sera-clave-para-hacer-frente-a-los-nuevos-desafios\\\/\"},\"wordCount\":899,\"publisher\":{\"@id\":\"https:\\\/\\\/www.tapasmagazine.es\\\/#organization\"},\"image\":{\"@id\":\"https:\\\/\\\/www.tapasmagazine.es\\\/en\\\/economia-planas-destaca-que-el-impulso-cooperativo-sera-clave-para-hacer-frente-a-los-nuevos-desafios\\\/#primaryimage\"},\"thumbnailUrl\":\"https:\\\/\\\/www.tapasmagazine.es\\\/wp-content\\\/uploads\\\/2023\\\/02\\\/fotonoticia_20230223181056_9999.jpg\",\"articleSection\":[\"\u00daltima hora\"],\"inLanguage\":\"en-US\"},{\"@type\":\"WebPage\",\"@id\":\"https:\\\/\\\/www.tapasmagazine.es\\\/en\\\/economia-planas-destaca-que-el-impulso-cooperativo-sera-clave-para-hacer-frente-a-los-nuevos-desafios\\\/\",\"url\":\"https:\\\/\\\/www.tapasmagazine.es\\\/en\\\/economia-planas-destaca-que-el-impulso-cooperativo-sera-clave-para-hacer-frente-a-los-nuevos-desafios\\\/\",\"name\":\"Econom\u00eda.- Planas destaca que \\\"el impulso cooperativo ser\u00e1 clave para hacer frente a los nuevos desaf\u00edos\\\" - Tapas\",\"isPartOf\":{\"@id\":\"https:\\\/\\\/www.tapasmagazine.es\\\/#website\"},\"primaryImageOfPage\":{\"@id\":\"https:\\\/\\\/www.tapasmagazine.es\\\/en\\\/economia-planas-destaca-que-el-impulso-cooperativo-sera-clave-para-hacer-frente-a-los-nuevos-desafios\\\/#primaryimage\"},\"image\":{\"@id\":\"https:\\\/\\\/www.tapasmagazine.es\\\/en\\\/economia-planas-destaca-que-el-impulso-cooperativo-sera-clave-para-hacer-frente-a-los-nuevos-desafios\\\/#primaryimage\"},\"thumbnailUrl\":\"https:\\\/\\\/www.tapasmagazine.es\\\/wp-content\\\/uploads\\\/2023\\\/02\\\/fotonoticia_20230223181056_9999.jpg\",\"datePublished\":\"2023-02-23T17:10:56+00:00\",\"dateModified\":\"2023-02-23T17:12:35+00:00\",\"description\":\"El ministro de Agricultura, Pesca y Alimentaci\u00f3n, Luis Planas, ha subrayado este jueves que \\\"el impulso cooperativo ser\u00e1 clave para hacer frente a los\",\"breadcrumb\":{\"@id\":\"https:\\\/\\\/www.tapasmagazine.es\\\/en\\\/economia-planas-destaca-que-el-impulso-cooperativo-sera-clave-para-hacer-frente-a-los-nuevos-desafios\\\/#breadcrumb\"},\"inLanguage\":\"en-US\",\"potentialAction\":[{\"@type\":\"ReadAction\",\"target\":[\"https:\\\/\\\/www.tapasmagazine.es\\\/en\\\/economia-planas-destaca-que-el-impulso-cooperativo-sera-clave-para-hacer-frente-a-los-nuevos-desafios\\\/\"]}]},{\"@type\":\"ImageObject\",\"inLanguage\":\"en-US\",\"@id\":\"https:\\\/\\\/www.tapasmagazine.es\\\/en\\\/economia-planas-destaca-que-el-impulso-cooperativo-sera-clave-para-hacer-frente-a-los-nuevos-desafios\\\/#primaryimage\",\"url\":\"https:\\\/\\\/www.tapasmagazine.es\\\/wp-content\\\/uploads\\\/2023\\\/02\\\/fotonoticia_20230223181056_9999.jpg\",\"contentUrl\":\"https:\\\/\\\/www.tapasmagazine.es\\\/wp-content\\\/uploads\\\/2023\\\/02\\\/fotonoticia_20230223181056_9999.jpg\",\"width\":1600,\"height\":1200},{\"@type\":\"BreadcrumbList\",\"@id\":\"https:\\\/\\\/www.tapasmagazine.es\\\/en\\\/economia-planas-destaca-que-el-impulso-cooperativo-sera-clave-para-hacer-frente-a-los-nuevos-desafios\\\/#breadcrumb\",\"itemListElement\":[{\"@type\":\"ListItem\",\"position\":1,\"name\":\"Portada\",\"item\":\"https:\\\/\\\/www.tapasmagazine.es\\\/\"},{\"@type\":\"ListItem\",\"position\":2,\"name\":\"Sin categorizar\",\"item\":\"https:\\\/\\\/www.tapasmagazine.es\\\/categorias\\\/sin-categorizar\\\/\"},{\"@type\":\"ListItem\",\"position\":3,\"name\":\"Econom\u00eda.- Planas destaca que \u00abel impulso cooperativo ser\u00e1 clave para hacer frente a los nuevos desaf\u00edos\u00bb\"}]},{\"@type\":\"WebSite\",\"@id\":\"https:\\\/\\\/www.tapasmagazine.es\\\/#website\",\"url\":\"https:\\\/\\\/www.tapasmagazine.es\\\/\",\"name\":\"Tapas\",\"description\":\"\u00d1am \u00d1am Lifestyle. La vida a bocados. Premio Nacional de Gastronom\u00eda 2016.\",\"publisher\":{\"@id\":\"https:\\\/\\\/www.tapasmagazine.es\\\/#organization\"},\"potentialAction\":[{\"@type\":\"SearchAction\",\"target\":{\"@type\":\"EntryPoint\",\"urlTemplate\":\"https:\\\/\\\/www.tapasmagazine.es\\\/?s={search_term_string}\"},\"query-input\":{\"@type\":\"PropertyValueSpecification\",\"valueRequired\":true,\"valueName\":\"search_term_string\"}}],\"inLanguage\":\"en-US\"},{\"@type\":\"Organization\",\"@id\":\"https:\\\/\\\/www.tapasmagazine.es\\\/#organization\",\"name\":\"Tapas Magazine\",\"url\":\"https:\\\/\\\/www.tapasmagazine.es\\\/\",\"logo\":{\"@type\":\"ImageObject\",\"inLanguage\":\"en-US\",\"@id\":\"https:\\\/\\\/www.tapasmagazine.es\\\/#\\\/schema\\\/logo\\\/image\\\/\",\"url\":\"https:\\\/\\\/www.tapasmagazine.es\\\/wp-content\\\/uploads\\\/2018\\\/01\\\/logo.png\",\"contentUrl\":\"https:\\\/\\\/www.tapasmagazine.es\\\/wp-content\\\/uploads\\\/2018\\\/01\\\/logo.png\",\"width\":180,\"height\":60,\"caption\":\"Tapas Magazine\"},\"image\":{\"@id\":\"https:\\\/\\\/www.tapasmagazine.es\\\/#\\\/schema\\\/logo\\\/image\\\/\"},\"sameAs\":[\"https:\\\/\\\/www.facebook.com\\\/tapasmagazine\",\"https:\\\/\\\/x.com\\\/TapasMagazine\",\"https:\\\/\\\/www.instagram.com\\\/tapasmagazine\\\/\",\"https:\\\/\\\/www.linkedin.com\\\/company\\\/tapas-magazine\",\"https:\\\/\\\/es.pinterest.com\\\/tapasmagazine\\\/\",\"https:\\\/\\\/www.youtube.com\\\/channel\\\/UCEyxneAaACuR0lfDagrWjjg?sub_confirmation=1\"]},{\"@type\":\"Person\",\"@id\":\"https:\\\/\\\/www.tapasmagazine.es\\\/#\\\/schema\\\/person\\\/dddb3bce6f98f2124c204b901d74a14b\",\"name\":\"Tapas \\\/ EP\",\"url\":\"https:\\\/\\\/www.tapasmagazine.es\\\/en\\\/author\\\/tapasep\\\/\"}]}<\/script>\n<!-- \/ Yoast SEO plugin. -->","yoast_head_json":{"title":"Econom\u00eda.- Planas destaca que \"el impulso cooperativo ser\u00e1 clave para hacer frente a los nuevos desaf\u00edos\" - Tapas","description":"El ministro de Agricultura, Pesca y Alimentaci\u00f3n, Luis Planas, ha subrayado este jueves que \"el impulso cooperativo ser\u00e1 clave para hacer frente a los","robots":{"index":"index","follow":"follow","max-snippet":"max-snippet:-1","max-image-preview":"max-image-preview:large","max-video-preview":"max-video-preview:-1"},"canonical":"https:\/\/www.tapasmagazine.es\/en\/economia-planas-destaca-que-el-impulso-cooperativo-sera-clave-para-hacer-frente-a-los-nuevos-desafios\/","og_locale":"en_US","og_type":"article","og_title":"Econom\u00eda.- Planas destaca que \"el impulso cooperativo ser\u00e1 clave para hacer frente a los nuevos desaf\u00edos\" - Tapas","og_description":"El ministro de Agricultura, Pesca y Alimentaci\u00f3n, Luis Planas, ha subrayado este jueves que \"el impulso cooperativo ser\u00e1 clave para hacer frente a los","og_url":"https:\/\/www.tapasmagazine.es\/en\/economia-planas-destaca-que-el-impulso-cooperativo-sera-clave-para-hacer-frente-a-los-nuevos-desafios\/","og_site_name":"Tapas","article_publisher":"https:\/\/www.facebook.com\/tapasmagazine","article_published_time":"2023-02-23T17:10:56+00:00","article_modified_time":"2023-02-23T17:12:35+00:00","og_image":[{"width":1600,"height":1200,"url":"https:\/\/www.tapasmagazine.es\/wp-content\/uploads\/2023\/02\/fotonoticia_20230223181056_9999.jpg","type":"image\/jpeg"}],"author":"Tapas \/ EP","twitter_card":"summary_large_image","twitter_creator":"@TapasMagazine","twitter_site":"@TapasMagazine","twitter_misc":{"Written by":"Tapas \/ EP","Est. reading time":"4 minutes"},"schema":{"@context":"https:\/\/schema.org","@graph":[{"@type":"Article","@id":"https:\/\/www.tapasmagazine.es\/en\/economia-planas-destaca-que-el-impulso-cooperativo-sera-clave-para-hacer-frente-a-los-nuevos-desafios\/#article","isPartOf":{"@id":"https:\/\/www.tapasmagazine.es\/en\/economia-planas-destaca-que-el-impulso-cooperativo-sera-clave-para-hacer-frente-a-los-nuevos-desafios\/"},"author":{"name":"Tapas \/ EP","@id":"https:\/\/www.tapasmagazine.es\/#\/schema\/person\/dddb3bce6f98f2124c204b901d74a14b"},"headline":"Econom\u00eda.- Planas destaca que &#8220;el impulso cooperativo ser\u00e1 clave para hacer frente a los nuevos desaf\u00edos&#8221;","datePublished":"2023-02-23T17:10:56+00:00","dateModified":"2023-02-23T17:12:35+00:00","mainEntityOfPage":{"@id":"https:\/\/www.tapasmagazine.es\/en\/economia-planas-destaca-que-el-impulso-cooperativo-sera-clave-para-hacer-frente-a-los-nuevos-desafios\/"},"wordCount":899,"publisher":{"@id":"https:\/\/www.tapasmagazine.es\/#organization"},"image":{"@id":"https:\/\/www.tapasmagazine.es\/en\/economia-planas-destaca-que-el-impulso-cooperativo-sera-clave-para-hacer-frente-a-los-nuevos-desafios\/#primaryimage"},"thumbnailUrl":"https:\/\/www.tapasmagazine.es\/wp-content\/uploads\/2023\/02\/fotonoticia_20230223181056_9999.jpg","articleSection":["\u00daltima hora"],"inLanguage":"en-US"},{"@type":"WebPage","@id":"https:\/\/www.tapasmagazine.es\/en\/economia-planas-destaca-que-el-impulso-cooperativo-sera-clave-para-hacer-frente-a-los-nuevos-desafios\/","url":"https:\/\/www.tapasmagazine.es\/en\/economia-planas-destaca-que-el-impulso-cooperativo-sera-clave-para-hacer-frente-a-los-nuevos-desafios\/","name":"Econom\u00eda.- Planas destaca que \"el impulso cooperativo ser\u00e1 clave para hacer frente a los nuevos desaf\u00edos\" - Tapas","isPartOf":{"@id":"https:\/\/www.tapasmagazine.es\/#website"},"primaryImageOfPage":{"@id":"https:\/\/www.tapasmagazine.es\/en\/economia-planas-destaca-que-el-impulso-cooperativo-sera-clave-para-hacer-frente-a-los-nuevos-desafios\/#primaryimage"},"image":{"@id":"https:\/\/www.tapasmagazine.es\/en\/economia-planas-destaca-que-el-impulso-cooperativo-sera-clave-para-hacer-frente-a-los-nuevos-desafios\/#primaryimage"},"thumbnailUrl":"https:\/\/www.tapasmagazine.es\/wp-content\/uploads\/2023\/02\/fotonoticia_20230223181056_9999.jpg","datePublished":"2023-02-23T17:10:56+00:00","dateModified":"2023-02-23T17:12:35+00:00","description":"El ministro de Agricultura, Pesca y Alimentaci\u00f3n, Luis Planas, ha subrayado este jueves que \"el impulso cooperativo ser\u00e1 clave para hacer frente a los","breadcrumb":{"@id":"https:\/\/www.tapasmagazine.es\/en\/economia-planas-destaca-que-el-impulso-cooperativo-sera-clave-para-hacer-frente-a-los-nuevos-desafios\/#breadcrumb"},"inLanguage":"en-US","potentialAction":[{"@type":"ReadAction","target":["https:\/\/www.tapasmagazine.es\/en\/economia-planas-destaca-que-el-impulso-cooperativo-sera-clave-para-hacer-frente-a-los-nuevos-desafios\/"]}]},{"@type":"ImageObject","inLanguage":"en-US","@id":"https:\/\/www.tapasmagazine.es\/en\/economia-planas-destaca-que-el-impulso-cooperativo-sera-clave-para-hacer-frente-a-los-nuevos-desafios\/#primaryimage","url":"https:\/\/www.tapasmagazine.es\/wp-content\/uploads\/2023\/02\/fotonoticia_20230223181056_9999.jpg","contentUrl":"https:\/\/www.tapasmagazine.es\/wp-content\/uploads\/2023\/02\/fotonoticia_20230223181056_9999.jpg","width":1600,"height":1200},{"@type":"BreadcrumbList","@id":"https:\/\/www.tapasmagazine.es\/en\/economia-planas-destaca-que-el-impulso-cooperativo-sera-clave-para-hacer-frente-a-los-nuevos-desafios\/#breadcrumb","itemListElement":[{"@type":"ListItem","position":1,"name":"Portada","item":"https:\/\/www.tapasmagazine.es\/"},{"@type":"ListItem","position":2,"name":"Sin categorizar","item":"https:\/\/www.tapasmagazine.es\/categorias\/sin-categorizar\/"},{"@type":"ListItem","position":3,"name":"Econom\u00eda.- Planas destaca que \u00abel impulso cooperativo ser\u00e1 clave para hacer frente a los nuevos desaf\u00edos\u00bb"}]},{"@type":"WebSite","@id":"https:\/\/www.tapasmagazine.es\/#website","url":"https:\/\/www.tapasmagazine.es\/","name":"Tapas","description":"\u00d1am \u00d1am Lifestyle. La vida a bocados. Premio Nacional de Gastronom\u00eda 2016.","publisher":{"@id":"https:\/\/www.tapasmagazine.es\/#organization"},"potentialAction":[{"@type":"SearchAction","target":{"@type":"EntryPoint","urlTemplate":"https:\/\/www.tapasmagazine.es\/?s={search_term_string}"},"query-input":{"@type":"PropertyValueSpecification","valueRequired":true,"valueName":"search_term_string"}}],"inLanguage":"en-US"},{"@type":"Organization","@id":"https:\/\/www.tapasmagazine.es\/#organization","name":"Tapas Magazine","url":"https:\/\/www.tapasmagazine.es\/","logo":{"@type":"ImageObject","inLanguage":"en-US","@id":"https:\/\/www.tapasmagazine.es\/#\/schema\/logo\/image\/","url":"https:\/\/www.tapasmagazine.es\/wp-content\/uploads\/2018\/01\/logo.png","contentUrl":"https:\/\/www.tapasmagazine.es\/wp-content\/uploads\/2018\/01\/logo.png","width":180,"height":60,"caption":"Tapas Magazine"},"image":{"@id":"https:\/\/www.tapasmagazine.es\/#\/schema\/logo\/image\/"},"sameAs":["https:\/\/www.facebook.com\/tapasmagazine","https:\/\/x.com\/TapasMagazine","https:\/\/www.instagram.com\/tapasmagazine\/","https:\/\/www.linkedin.com\/company\/tapas-magazine","https:\/\/es.pinterest.com\/tapasmagazine\/","https:\/\/www.youtube.com\/channel\/UCEyxneAaACuR0lfDagrWjjg?sub_confirmation=1"]},{"@type":"Person","@id":"https:\/\/www.tapasmagazine.es\/#\/schema\/person\/dddb3bce6f98f2124c204b901d74a14b","name":"Tapas \/ EP","url":"https:\/\/www.tapasmagazine.es\/en\/author\/tapasep\/"}]}},"_links":{"self":[{"href":"https:\/\/www.tapasmagazine.es\/en\/wp-json\/wp\/v2\/posts\/176254","targetHints":{"allow":["GET"]}}],"collection":[{"href":"https:\/\/www.tapasmagazine.es\/en\/wp-json\/wp\/v2\/posts"}],"about":[{"href":"https:\/\/www.tapasmagazine.es\/en\/wp-json\/wp\/v2\/types\/post"}],"author":[{"embeddable":true,"href":"https:\/\/www.tapasmagazine.es\/en\/wp-json\/wp\/v2\/users\/277"}],"replies":[{"embeddable":true,"href":"https:\/\/www.tapasmagazine.es\/en\/wp-json\/wp\/v2\/comments?post=176254"}],"version-history":[{"count":1,"href":"https:\/\/www.tapasmagazine.es\/en\/wp-json\/wp\/v2\/posts\/176254\/revisions"}],"predecessor-version":[{"id":176255,"href":"https:\/\/www.tapasmagazine.es\/en\/wp-json\/wp\/v2\/posts\/176254\/revisions\/176255"}],"wp:featuredmedia":[{"embeddable":true,"href":"https:\/\/www.tapasmagazine.es\/en\/wp-json\/wp\/v2\/media\/176256"}],"wp:attachment":[{"href":"https:\/\/www.tapasmagazine.es\/en\/wp-json\/wp\/v2\/media?parent=176254"}],"wp:term":[{"taxonomy":"category","embeddable":true,"href":"https:\/\/www.tapasmagazine.es\/en\/wp-json\/wp\/v2\/categories?post=176254"},{"taxonomy":"post_tag","embeddable":true,"href":"https:\/\/www.tapasmagazine.es\/en\/wp-json\/wp\/v2\/tags?post=176254"}],"curies":[{"name":"wp","href":"https:\/\/api.w.org\/{rel}","templated":true}]}}