{"id":176233,"date":"2023-02-23T17:06:27","date_gmt":"2023-02-23T16:06:27","guid":{"rendered":"https:\/\/www.tapasmagazine.es\/?p=176233"},"modified":"2023-02-23T17:11:55","modified_gmt":"2023-02-23T16:11:55","slug":"economia-amp-empresas-de-gran-consumo-reclaman-rebajas-del-iva-mas-agresivas-y-que-se-incluya-la-carne-y-el-pescado","status":"publish","type":"post","link":"https:\/\/www.tapasmagazine.es\/en\/economia-amp-empresas-de-gran-consumo-reclaman-rebajas-del-iva-mas-agresivas-y-que-se-incluya-la-carne-y-el-pescado\/","title":{"rendered":"Econom\u00eda.-(AMP) Empresas de gran consumo reclaman rebajas del IVA &#8220;m\u00e1s agresivas&#8221; y que se incluya la carne y el pescado"},"content":{"rendered":"<p>Las empresas de gran consumo han reclamado al Gobierno una rebaja del IVA &#8220;m\u00e1s agresiva y ambiciosa&#8221; y que incluya a la carne y al pescado, que concentra el 34% de la cesta de la compra de los hogares espa\u00f1oles, para acelerar la bajada de los precios de la alimentaci\u00f3n.<\/p>\n<p>   &#8220;Queremos que las rebajas del IVA sean m\u00e1s ambiciosas y agresivas y que empiece a afectar a otras categor\u00edas que son absolutamente fundamentales de la cesta de la compra como son la carne y el pescado. Si se baja el IVA del 10% al 0 ese impacto en el IPC ser\u00eda de 4 puntos, mientras que si fuera del 10% al 5% ser\u00eda de dos puntos, lo que demandamos es una bajada del IVA mucho m\u00e1s agresiva, porque la rentas mas bajas son las que tienen gasto de alimentaci\u00f3n m\u00e1s alto&#8221;, ha se\u00f1alado el presidente de Aecoc, Ignacio Gonz\u00e1lez.<\/p>\n<p>   Gonz\u00e1lez tambi\u00e9n ha lamentado tambi\u00e9n las acusaciones que se han vertido contra los directivos y empresas de la distribuci\u00f3n y del gran consumo.<\/p>\n<p>   &#8220;No nos estamos forrando y las acusaciones que sufrimos en el sector son grav\u00edsimas e inadmisibles. Hemos pasado de ser aplaudidos en los balcones y de comportarnos de forma impecable durante la pandemia a dos a\u00f1os despu\u00e9s parece que somos los culpables de lo que nos pasa, cuando es una inflaci\u00f3n de costes, que lo primero que ataca es a nuestros propios resultados. Hay que pensar y mandar un mensaje a la ciudadan\u00eda de que cuando un supermercado vende un euro gana entre 3-4 c\u00e9ntimos&#8221;, ha explicado.<\/p>\n<p>   &#8220;Necesitamos medidas que incentiven el consumo de todos los d\u00edas, ser\u00e1 una crisis de volumenes larga porque la inflaci\u00f3n tardar\u00e1 en remitir. Todo el mundo ha lanzado sus planes de costes para ser m\u00e1s eficientes&#8221;, ha avanzado sobre el escenario en el que se encuentran las empresas.<\/p>\n<p>    Gonz\u00e1lez ha valorado las medidas adoptadas por el Ejecutivo porque considera que todo lo &#8220;ayuda a bajar la cesta de la compra est\u00e1 bien&#8221;. &#8220;El problema es \u00bfqui\u00e9n paga esta fiesta? Si partimos de que los m\u00e1rgenes son estrechos, al final vamos atacar a la sostenibilidad del sector, y por eso estamos argumentando a trav\u00e9s de la bajada del IVA m\u00e1s fuerte y no olvidemos el extra de recaudaci\u00f3n que est\u00e1 teniendo el Gobierno&#8221;, ha puntualizado.<\/p>\n<p>    Respecto a las acusaciones de oligopolio, el presidente de Aecoc ha recordado que son un &#8220;sector ultracompetitivo&#8221;. &#8220;No tenemos ciclos electorales, nosotros tenemos elecciones todos los d\u00edas, los consumidores nos votan todos los d\u00edas y si no les gusta el programa se cambian de tienda. No hay oligopolio y favorecemos la libre competencia&#8221;, ha recalcado.<\/p>\n<p>    Por \u00faltimo, ha solicitado que se paralicen las regulaciones medioambientales, como la reciente del pl\u00e1stico, porque &#8220;acababan impactando en los costes de las compa\u00f1\u00edas y mermando su competitividad&#8221;. &#8220;La bajada del IVA tendr\u00e1 un un impacto de 500 millones de euros, que se ha compensado con una legislaci\u00f3n del pl\u00e1stico de 700 millones de euros, que es meramente recaudatorio&#8221;, ha subrayado.<\/p>\n<p>PREMIOS AECOC <\/p>\n<p>   El presidente de Aecoc, Ignacio Gonz\u00e1lez, ha se\u00f1alado que las empresas que conforman el sector del gran consumo en el pa\u00eds son &#8220;grandes generadores de empleo y de calidad&#8221; durante su discurso en la entrega de los X Premios Acad\u00e9micos y de los XI Premios Aecoc de Periodismo por la Competitividad Empresarial.<\/p>\n<p>   En concreto, el periodista de La Vanguardia, Piergiogio Sandri, ha sido galardonado por su art\u00edculo &#8216;Vivir sin petr\u00f3leo es imposible&#8217;, que ha sido reconocido como mejor trabajo period\u00edstico entre las 214 candidaturas recibidas.<\/p>\n<p>   Durante el evento tambi\u00e9n se han entregado los X Premios Acad\u00e9micos de Aecoc, que reconocen los mejores trabajos de fin de grado y m\u00e1ster de estudiantes universitarios de todo el pa\u00eds.<\/p>\n<p>   Los primeros premios de este a\u00f1o han sido para los alumnos y alumnas de la Universidad San Pablo CEU de Madrid, la Universidad Polit\u00e9cnica de Valencia, la Universidad de Deusto y la Universidad de Sevilla.<\/p>\n<p>   El presidente de Aecoc, en su discurso, ha querido agradecer &#8220;el trabajo de dos colectivos, como el de estudiantes y el de periodistas, que son imprescindibles para Aecoc, pero tambi\u00e9n para el buen funcionamiento de la econom\u00eda y la sociedad&#8221;.<\/p>\n","protected":false},"excerpt":{"rendered":"<p>Las empresas de gran consumo han reclamado al Gobierno una rebaja del IVA &#8220;m\u00e1s agresiva y ambiciosa&#8221; y que incluya a la carne y al pescado, que concentra el 34% de la cesta de la compra de los hogares espa\u00f1oles, para acelerar la bajada de los precios de la alimentaci\u00f3n. &#8220;Queremos que las rebajas del [&hellip;]<\/p>\n","protected":false},"author":277,"featured_media":176235,"comment_status":"close","ping_status":"","sticky":false,"template":"single-feature.php","format":"standard","meta":{"_acf_changed":false,"footnotes":""},"categories":[15645],"tags":[],"class_list":["post-176233","post","type-post","status-publish","format-standard","has-post-thumbnail","hentry","category-ultima-hora","cat-15645-id"],"acf":[],"yoast_head":"<!-- This site is optimized with the Yoast SEO plugin v27.4 - https:\/\/yoast.com\/product\/yoast-seo-wordpress\/ -->\n<title>Econom\u00eda.-(AMP) Empresas de gran consumo reclaman rebajas del IVA &quot;m\u00e1s agresivas&quot; y que se incluya la carne y el pescado - Tapas<\/title>\n<meta name=\"description\" content=\"Las empresas de gran consumo han reclamado al Gobierno una rebaja del IVA &quot;m\u00e1s agresiva y ambiciosa&quot; y que incluya a la carne y al pescado, que concentra\" \/>\n<meta name=\"robots\" content=\"index, follow, max-snippet:-1, max-image-preview:large, max-video-preview:-1\" \/>\n<link rel=\"canonical\" href=\"https:\/\/www.tapasmagazine.es\/en\/economia-amp-empresas-de-gran-consumo-reclaman-rebajas-del-iva-mas-agresivas-y-que-se-incluya-la-carne-y-el-pescado\/\" \/>\n<meta property=\"og:locale\" content=\"en_US\" \/>\n<meta property=\"og:type\" content=\"article\" \/>\n<meta property=\"og:title\" content=\"Econom\u00eda.-(AMP) Empresas de gran consumo reclaman rebajas del IVA &quot;m\u00e1s agresivas&quot; y que se incluya la carne y el pescado - Tapas\" \/>\n<meta property=\"og:description\" content=\"Las empresas de gran consumo han reclamado al Gobierno una rebaja del IVA &quot;m\u00e1s agresiva y ambiciosa&quot; y que incluya a la carne y al pescado, que concentra\" \/>\n<meta property=\"og:url\" content=\"https:\/\/www.tapasmagazine.es\/en\/economia-amp-empresas-de-gran-consumo-reclaman-rebajas-del-iva-mas-agresivas-y-que-se-incluya-la-carne-y-el-pescado\/\" \/>\n<meta property=\"og:site_name\" content=\"Tapas\" \/>\n<meta property=\"article:publisher\" content=\"https:\/\/www.facebook.com\/tapasmagazine\" \/>\n<meta property=\"article:published_time\" content=\"2023-02-23T16:06:27+00:00\" \/>\n<meta property=\"article:modified_time\" content=\"2023-02-23T16:11:55+00:00\" \/>\n<meta property=\"og:image\" content=\"https:\/\/www.tapasmagazine.es\/wp-content\/uploads\/2023\/02\/fotonoticia_20230223170627_9999-scaled.jpg\" \/>\n\t<meta property=\"og:image:width\" content=\"2560\" \/>\n\t<meta property=\"og:image:height\" content=\"1707\" \/>\n\t<meta property=\"og:image:type\" content=\"image\/jpeg\" \/>\n<meta name=\"author\" content=\"Tapas \/ EP\" \/>\n<meta name=\"twitter:card\" content=\"summary_large_image\" \/>\n<meta name=\"twitter:creator\" content=\"@TapasMagazine\" \/>\n<meta name=\"twitter:site\" content=\"@TapasMagazine\" \/>\n<meta name=\"twitter:label1\" content=\"Written by\" \/>\n\t<meta name=\"twitter:data1\" content=\"Tapas \/ EP\" \/>\n\t<meta name=\"twitter:label2\" content=\"Est. reading time\" \/>\n\t<meta name=\"twitter:data2\" content=\"4 minutes\" \/>\n<script type=\"application\/ld+json\" class=\"yoast-schema-graph\">{\"@context\":\"https:\\\/\\\/schema.org\",\"@graph\":[{\"@type\":\"Article\",\"@id\":\"https:\\\/\\\/www.tapasmagazine.es\\\/en\\\/economia-amp-empresas-de-gran-consumo-reclaman-rebajas-del-iva-mas-agresivas-y-que-se-incluya-la-carne-y-el-pescado\\\/#article\",\"isPartOf\":{\"@id\":\"https:\\\/\\\/www.tapasmagazine.es\\\/en\\\/economia-amp-empresas-de-gran-consumo-reclaman-rebajas-del-iva-mas-agresivas-y-que-se-incluya-la-carne-y-el-pescado\\\/\"},\"author\":{\"name\":\"Tapas \\\/ EP\",\"@id\":\"https:\\\/\\\/www.tapasmagazine.es\\\/#\\\/schema\\\/person\\\/dddb3bce6f98f2124c204b901d74a14b\"},\"headline\":\"Econom\u00eda.-(AMP) Empresas de gran consumo reclaman rebajas del IVA &#8220;m\u00e1s agresivas&#8221; y que se incluya la carne y el pescado\",\"datePublished\":\"2023-02-23T16:06:27+00:00\",\"dateModified\":\"2023-02-23T16:11:55+00:00\",\"mainEntityOfPage\":{\"@id\":\"https:\\\/\\\/www.tapasmagazine.es\\\/en\\\/economia-amp-empresas-de-gran-consumo-reclaman-rebajas-del-iva-mas-agresivas-y-que-se-incluya-la-carne-y-el-pescado\\\/\"},\"wordCount\":758,\"publisher\":{\"@id\":\"https:\\\/\\\/www.tapasmagazine.es\\\/#organization\"},\"image\":{\"@id\":\"https:\\\/\\\/www.tapasmagazine.es\\\/en\\\/economia-amp-empresas-de-gran-consumo-reclaman-rebajas-del-iva-mas-agresivas-y-que-se-incluya-la-carne-y-el-pescado\\\/#primaryimage\"},\"thumbnailUrl\":\"https:\\\/\\\/www.tapasmagazine.es\\\/wp-content\\\/uploads\\\/2023\\\/02\\\/fotonoticia_20230223170627_9999-scaled.jpg\",\"articleSection\":[\"\u00daltima hora\"],\"inLanguage\":\"en-US\"},{\"@type\":\"WebPage\",\"@id\":\"https:\\\/\\\/www.tapasmagazine.es\\\/en\\\/economia-amp-empresas-de-gran-consumo-reclaman-rebajas-del-iva-mas-agresivas-y-que-se-incluya-la-carne-y-el-pescado\\\/\",\"url\":\"https:\\\/\\\/www.tapasmagazine.es\\\/en\\\/economia-amp-empresas-de-gran-consumo-reclaman-rebajas-del-iva-mas-agresivas-y-que-se-incluya-la-carne-y-el-pescado\\\/\",\"name\":\"Econom\u00eda.-(AMP) Empresas de gran consumo reclaman rebajas del IVA \\\"m\u00e1s agresivas\\\" y que se incluya la carne y el pescado - Tapas\",\"isPartOf\":{\"@id\":\"https:\\\/\\\/www.tapasmagazine.es\\\/#website\"},\"primaryImageOfPage\":{\"@id\":\"https:\\\/\\\/www.tapasmagazine.es\\\/en\\\/economia-amp-empresas-de-gran-consumo-reclaman-rebajas-del-iva-mas-agresivas-y-que-se-incluya-la-carne-y-el-pescado\\\/#primaryimage\"},\"image\":{\"@id\":\"https:\\\/\\\/www.tapasmagazine.es\\\/en\\\/economia-amp-empresas-de-gran-consumo-reclaman-rebajas-del-iva-mas-agresivas-y-que-se-incluya-la-carne-y-el-pescado\\\/#primaryimage\"},\"thumbnailUrl\":\"https:\\\/\\\/www.tapasmagazine.es\\\/wp-content\\\/uploads\\\/2023\\\/02\\\/fotonoticia_20230223170627_9999-scaled.jpg\",\"datePublished\":\"2023-02-23T16:06:27+00:00\",\"dateModified\":\"2023-02-23T16:11:55+00:00\",\"description\":\"Las empresas de gran consumo han reclamado al Gobierno una rebaja del IVA \\\"m\u00e1s agresiva y ambiciosa\\\" y que incluya a la carne y al pescado, que concentra\",\"breadcrumb\":{\"@id\":\"https:\\\/\\\/www.tapasmagazine.es\\\/en\\\/economia-amp-empresas-de-gran-consumo-reclaman-rebajas-del-iva-mas-agresivas-y-que-se-incluya-la-carne-y-el-pescado\\\/#breadcrumb\"},\"inLanguage\":\"en-US\",\"potentialAction\":[{\"@type\":\"ReadAction\",\"target\":[\"https:\\\/\\\/www.tapasmagazine.es\\\/en\\\/economia-amp-empresas-de-gran-consumo-reclaman-rebajas-del-iva-mas-agresivas-y-que-se-incluya-la-carne-y-el-pescado\\\/\"]}]},{\"@type\":\"ImageObject\",\"inLanguage\":\"en-US\",\"@id\":\"https:\\\/\\\/www.tapasmagazine.es\\\/en\\\/economia-amp-empresas-de-gran-consumo-reclaman-rebajas-del-iva-mas-agresivas-y-que-se-incluya-la-carne-y-el-pescado\\\/#primaryimage\",\"url\":\"https:\\\/\\\/www.tapasmagazine.es\\\/wp-content\\\/uploads\\\/2023\\\/02\\\/fotonoticia_20230223170627_9999-scaled.jpg\",\"contentUrl\":\"https:\\\/\\\/www.tapasmagazine.es\\\/wp-content\\\/uploads\\\/2023\\\/02\\\/fotonoticia_20230223170627_9999-scaled.jpg\",\"width\":2560,\"height\":1707},{\"@type\":\"BreadcrumbList\",\"@id\":\"https:\\\/\\\/www.tapasmagazine.es\\\/en\\\/economia-amp-empresas-de-gran-consumo-reclaman-rebajas-del-iva-mas-agresivas-y-que-se-incluya-la-carne-y-el-pescado\\\/#breadcrumb\",\"itemListElement\":[{\"@type\":\"ListItem\",\"position\":1,\"name\":\"Portada\",\"item\":\"https:\\\/\\\/www.tapasmagazine.es\\\/\"},{\"@type\":\"ListItem\",\"position\":2,\"name\":\"Sin categorizar\",\"item\":\"https:\\\/\\\/www.tapasmagazine.es\\\/categorias\\\/sin-categorizar\\\/\"},{\"@type\":\"ListItem\",\"position\":3,\"name\":\"Econom\u00eda.-(AMP) Empresas de gran consumo reclaman rebajas del IVA \u00abm\u00e1s agresivas\u00bb y que se incluya la carne y el pescado\"}]},{\"@type\":\"WebSite\",\"@id\":\"https:\\\/\\\/www.tapasmagazine.es\\\/#website\",\"url\":\"https:\\\/\\\/www.tapasmagazine.es\\\/\",\"name\":\"Tapas\",\"description\":\"\u00d1am \u00d1am Lifestyle. La vida a bocados. Premio Nacional de Gastronom\u00eda 2016.\",\"publisher\":{\"@id\":\"https:\\\/\\\/www.tapasmagazine.es\\\/#organization\"},\"potentialAction\":[{\"@type\":\"SearchAction\",\"target\":{\"@type\":\"EntryPoint\",\"urlTemplate\":\"https:\\\/\\\/www.tapasmagazine.es\\\/?s={search_term_string}\"},\"query-input\":{\"@type\":\"PropertyValueSpecification\",\"valueRequired\":true,\"valueName\":\"search_term_string\"}}],\"inLanguage\":\"en-US\"},{\"@type\":\"Organization\",\"@id\":\"https:\\\/\\\/www.tapasmagazine.es\\\/#organization\",\"name\":\"Tapas Magazine\",\"url\":\"https:\\\/\\\/www.tapasmagazine.es\\\/\",\"logo\":{\"@type\":\"ImageObject\",\"inLanguage\":\"en-US\",\"@id\":\"https:\\\/\\\/www.tapasmagazine.es\\\/#\\\/schema\\\/logo\\\/image\\\/\",\"url\":\"https:\\\/\\\/www.tapasmagazine.es\\\/wp-content\\\/uploads\\\/2018\\\/01\\\/logo.png\",\"contentUrl\":\"https:\\\/\\\/www.tapasmagazine.es\\\/wp-content\\\/uploads\\\/2018\\\/01\\\/logo.png\",\"width\":180,\"height\":60,\"caption\":\"Tapas Magazine\"},\"image\":{\"@id\":\"https:\\\/\\\/www.tapasmagazine.es\\\/#\\\/schema\\\/logo\\\/image\\\/\"},\"sameAs\":[\"https:\\\/\\\/www.facebook.com\\\/tapasmagazine\",\"https:\\\/\\\/x.com\\\/TapasMagazine\",\"https:\\\/\\\/www.instagram.com\\\/tapasmagazine\\\/\",\"https:\\\/\\\/www.linkedin.com\\\/company\\\/tapas-magazine\",\"https:\\\/\\\/es.pinterest.com\\\/tapasmagazine\\\/\",\"https:\\\/\\\/www.youtube.com\\\/channel\\\/UCEyxneAaACuR0lfDagrWjjg?sub_confirmation=1\"]},{\"@type\":\"Person\",\"@id\":\"https:\\\/\\\/www.tapasmagazine.es\\\/#\\\/schema\\\/person\\\/dddb3bce6f98f2124c204b901d74a14b\",\"name\":\"Tapas \\\/ EP\",\"url\":\"https:\\\/\\\/www.tapasmagazine.es\\\/en\\\/author\\\/tapasep\\\/\"}]}<\/script>\n<!-- \/ Yoast SEO plugin. -->","yoast_head_json":{"title":"Econom\u00eda.-(AMP) Empresas de gran consumo reclaman rebajas del IVA \"m\u00e1s agresivas\" y que se incluya la carne y el pescado - Tapas","description":"Las empresas de gran consumo han reclamado al Gobierno una rebaja del IVA \"m\u00e1s agresiva y ambiciosa\" y que incluya a la carne y al pescado, que concentra","robots":{"index":"index","follow":"follow","max-snippet":"max-snippet:-1","max-image-preview":"max-image-preview:large","max-video-preview":"max-video-preview:-1"},"canonical":"https:\/\/www.tapasmagazine.es\/en\/economia-amp-empresas-de-gran-consumo-reclaman-rebajas-del-iva-mas-agresivas-y-que-se-incluya-la-carne-y-el-pescado\/","og_locale":"en_US","og_type":"article","og_title":"Econom\u00eda.-(AMP) Empresas de gran consumo reclaman rebajas del IVA \"m\u00e1s agresivas\" y que se incluya la carne y el pescado - Tapas","og_description":"Las empresas de gran consumo han reclamado al Gobierno una rebaja del IVA \"m\u00e1s agresiva y ambiciosa\" y que incluya a la carne y al pescado, que concentra","og_url":"https:\/\/www.tapasmagazine.es\/en\/economia-amp-empresas-de-gran-consumo-reclaman-rebajas-del-iva-mas-agresivas-y-que-se-incluya-la-carne-y-el-pescado\/","og_site_name":"Tapas","article_publisher":"https:\/\/www.facebook.com\/tapasmagazine","article_published_time":"2023-02-23T16:06:27+00:00","article_modified_time":"2023-02-23T16:11:55+00:00","og_image":[{"width":2560,"height":1707,"url":"https:\/\/www.tapasmagazine.es\/wp-content\/uploads\/2023\/02\/fotonoticia_20230223170627_9999-scaled.jpg","type":"image\/jpeg"}],"author":"Tapas \/ EP","twitter_card":"summary_large_image","twitter_creator":"@TapasMagazine","twitter_site":"@TapasMagazine","twitter_misc":{"Written by":"Tapas \/ EP","Est. reading time":"4 minutes"},"schema":{"@context":"https:\/\/schema.org","@graph":[{"@type":"Article","@id":"https:\/\/www.tapasmagazine.es\/en\/economia-amp-empresas-de-gran-consumo-reclaman-rebajas-del-iva-mas-agresivas-y-que-se-incluya-la-carne-y-el-pescado\/#article","isPartOf":{"@id":"https:\/\/www.tapasmagazine.es\/en\/economia-amp-empresas-de-gran-consumo-reclaman-rebajas-del-iva-mas-agresivas-y-que-se-incluya-la-carne-y-el-pescado\/"},"author":{"name":"Tapas \/ EP","@id":"https:\/\/www.tapasmagazine.es\/#\/schema\/person\/dddb3bce6f98f2124c204b901d74a14b"},"headline":"Econom\u00eda.-(AMP) Empresas de gran consumo reclaman rebajas del IVA &#8220;m\u00e1s agresivas&#8221; y que se incluya la carne y el pescado","datePublished":"2023-02-23T16:06:27+00:00","dateModified":"2023-02-23T16:11:55+00:00","mainEntityOfPage":{"@id":"https:\/\/www.tapasmagazine.es\/en\/economia-amp-empresas-de-gran-consumo-reclaman-rebajas-del-iva-mas-agresivas-y-que-se-incluya-la-carne-y-el-pescado\/"},"wordCount":758,"publisher":{"@id":"https:\/\/www.tapasmagazine.es\/#organization"},"image":{"@id":"https:\/\/www.tapasmagazine.es\/en\/economia-amp-empresas-de-gran-consumo-reclaman-rebajas-del-iva-mas-agresivas-y-que-se-incluya-la-carne-y-el-pescado\/#primaryimage"},"thumbnailUrl":"https:\/\/www.tapasmagazine.es\/wp-content\/uploads\/2023\/02\/fotonoticia_20230223170627_9999-scaled.jpg","articleSection":["\u00daltima hora"],"inLanguage":"en-US"},{"@type":"WebPage","@id":"https:\/\/www.tapasmagazine.es\/en\/economia-amp-empresas-de-gran-consumo-reclaman-rebajas-del-iva-mas-agresivas-y-que-se-incluya-la-carne-y-el-pescado\/","url":"https:\/\/www.tapasmagazine.es\/en\/economia-amp-empresas-de-gran-consumo-reclaman-rebajas-del-iva-mas-agresivas-y-que-se-incluya-la-carne-y-el-pescado\/","name":"Econom\u00eda.-(AMP) Empresas de gran consumo reclaman rebajas del IVA \"m\u00e1s agresivas\" y que se incluya la carne y el pescado - Tapas","isPartOf":{"@id":"https:\/\/www.tapasmagazine.es\/#website"},"primaryImageOfPage":{"@id":"https:\/\/www.tapasmagazine.es\/en\/economia-amp-empresas-de-gran-consumo-reclaman-rebajas-del-iva-mas-agresivas-y-que-se-incluya-la-carne-y-el-pescado\/#primaryimage"},"image":{"@id":"https:\/\/www.tapasmagazine.es\/en\/economia-amp-empresas-de-gran-consumo-reclaman-rebajas-del-iva-mas-agresivas-y-que-se-incluya-la-carne-y-el-pescado\/#primaryimage"},"thumbnailUrl":"https:\/\/www.tapasmagazine.es\/wp-content\/uploads\/2023\/02\/fotonoticia_20230223170627_9999-scaled.jpg","datePublished":"2023-02-23T16:06:27+00:00","dateModified":"2023-02-23T16:11:55+00:00","description":"Las empresas de gran consumo han reclamado al Gobierno una rebaja del IVA \"m\u00e1s agresiva y ambiciosa\" y que incluya a la carne y al pescado, que concentra","breadcrumb":{"@id":"https:\/\/www.tapasmagazine.es\/en\/economia-amp-empresas-de-gran-consumo-reclaman-rebajas-del-iva-mas-agresivas-y-que-se-incluya-la-carne-y-el-pescado\/#breadcrumb"},"inLanguage":"en-US","potentialAction":[{"@type":"ReadAction","target":["https:\/\/www.tapasmagazine.es\/en\/economia-amp-empresas-de-gran-consumo-reclaman-rebajas-del-iva-mas-agresivas-y-que-se-incluya-la-carne-y-el-pescado\/"]}]},{"@type":"ImageObject","inLanguage":"en-US","@id":"https:\/\/www.tapasmagazine.es\/en\/economia-amp-empresas-de-gran-consumo-reclaman-rebajas-del-iva-mas-agresivas-y-que-se-incluya-la-carne-y-el-pescado\/#primaryimage","url":"https:\/\/www.tapasmagazine.es\/wp-content\/uploads\/2023\/02\/fotonoticia_20230223170627_9999-scaled.jpg","contentUrl":"https:\/\/www.tapasmagazine.es\/wp-content\/uploads\/2023\/02\/fotonoticia_20230223170627_9999-scaled.jpg","width":2560,"height":1707},{"@type":"BreadcrumbList","@id":"https:\/\/www.tapasmagazine.es\/en\/economia-amp-empresas-de-gran-consumo-reclaman-rebajas-del-iva-mas-agresivas-y-que-se-incluya-la-carne-y-el-pescado\/#breadcrumb","itemListElement":[{"@type":"ListItem","position":1,"name":"Portada","item":"https:\/\/www.tapasmagazine.es\/"},{"@type":"ListItem","position":2,"name":"Sin categorizar","item":"https:\/\/www.tapasmagazine.es\/categorias\/sin-categorizar\/"},{"@type":"ListItem","position":3,"name":"Econom\u00eda.-(AMP) Empresas de gran consumo reclaman rebajas del IVA \u00abm\u00e1s agresivas\u00bb y que se incluya la carne y el pescado"}]},{"@type":"WebSite","@id":"https:\/\/www.tapasmagazine.es\/#website","url":"https:\/\/www.tapasmagazine.es\/","name":"Tapas","description":"\u00d1am \u00d1am Lifestyle. La vida a bocados. Premio Nacional de Gastronom\u00eda 2016.","publisher":{"@id":"https:\/\/www.tapasmagazine.es\/#organization"},"potentialAction":[{"@type":"SearchAction","target":{"@type":"EntryPoint","urlTemplate":"https:\/\/www.tapasmagazine.es\/?s={search_term_string}"},"query-input":{"@type":"PropertyValueSpecification","valueRequired":true,"valueName":"search_term_string"}}],"inLanguage":"en-US"},{"@type":"Organization","@id":"https:\/\/www.tapasmagazine.es\/#organization","name":"Tapas Magazine","url":"https:\/\/www.tapasmagazine.es\/","logo":{"@type":"ImageObject","inLanguage":"en-US","@id":"https:\/\/www.tapasmagazine.es\/#\/schema\/logo\/image\/","url":"https:\/\/www.tapasmagazine.es\/wp-content\/uploads\/2018\/01\/logo.png","contentUrl":"https:\/\/www.tapasmagazine.es\/wp-content\/uploads\/2018\/01\/logo.png","width":180,"height":60,"caption":"Tapas Magazine"},"image":{"@id":"https:\/\/www.tapasmagazine.es\/#\/schema\/logo\/image\/"},"sameAs":["https:\/\/www.facebook.com\/tapasmagazine","https:\/\/x.com\/TapasMagazine","https:\/\/www.instagram.com\/tapasmagazine\/","https:\/\/www.linkedin.com\/company\/tapas-magazine","https:\/\/es.pinterest.com\/tapasmagazine\/","https:\/\/www.youtube.com\/channel\/UCEyxneAaACuR0lfDagrWjjg?sub_confirmation=1"]},{"@type":"Person","@id":"https:\/\/www.tapasmagazine.es\/#\/schema\/person\/dddb3bce6f98f2124c204b901d74a14b","name":"Tapas \/ EP","url":"https:\/\/www.tapasmagazine.es\/en\/author\/tapasep\/"}]}},"_links":{"self":[{"href":"https:\/\/www.tapasmagazine.es\/en\/wp-json\/wp\/v2\/posts\/176233","targetHints":{"allow":["GET"]}}],"collection":[{"href":"https:\/\/www.tapasmagazine.es\/en\/wp-json\/wp\/v2\/posts"}],"about":[{"href":"https:\/\/www.tapasmagazine.es\/en\/wp-json\/wp\/v2\/types\/post"}],"author":[{"embeddable":true,"href":"https:\/\/www.tapasmagazine.es\/en\/wp-json\/wp\/v2\/users\/277"}],"replies":[{"embeddable":true,"href":"https:\/\/www.tapasmagazine.es\/en\/wp-json\/wp\/v2\/comments?post=176233"}],"version-history":[{"count":1,"href":"https:\/\/www.tapasmagazine.es\/en\/wp-json\/wp\/v2\/posts\/176233\/revisions"}],"predecessor-version":[{"id":176234,"href":"https:\/\/www.tapasmagazine.es\/en\/wp-json\/wp\/v2\/posts\/176233\/revisions\/176234"}],"wp:featuredmedia":[{"embeddable":true,"href":"https:\/\/www.tapasmagazine.es\/en\/wp-json\/wp\/v2\/media\/176235"}],"wp:attachment":[{"href":"https:\/\/www.tapasmagazine.es\/en\/wp-json\/wp\/v2\/media?parent=176233"}],"wp:term":[{"taxonomy":"category","embeddable":true,"href":"https:\/\/www.tapasmagazine.es\/en\/wp-json\/wp\/v2\/categories?post=176233"},{"taxonomy":"post_tag","embeddable":true,"href":"https:\/\/www.tapasmagazine.es\/en\/wp-json\/wp\/v2\/tags?post=176233"}],"curies":[{"name":"wp","href":"https:\/\/api.w.org\/{rel}","templated":true}]}}