{"id":176227,"date":"2023-02-23T16:21:14","date_gmt":"2023-02-23T15:21:14","guid":{"rendered":"https:\/\/www.tapasmagazine.es\/?p=176227"},"modified":"2023-02-23T16:42:43","modified_gmt":"2023-02-23T15:42:43","slug":"economia-la-asociacion-de-aguas-minerales-de-espana-nombra-a-jose-manuel-garcia-como-su-nuevo-presidente","status":"publish","type":"post","link":"https:\/\/www.tapasmagazine.es\/en\/economia-la-asociacion-de-aguas-minerales-de-espana-nombra-a-jose-manuel-garcia-como-su-nuevo-presidente\/","title":{"rendered":"Econom\u00eda.- La Asociaci\u00f3n de Aguas Minerales de Espa\u00f1a nombra a Jos\u00e9 Manuel Garc\u00eda como su nuevo presidente"},"content":{"rendered":"<p>La Asociaci\u00f3n de Aguas Minerales de Espa\u00f1a (ANEABE) ha nombrado a Jos\u00e9 Manuel Garc\u00eda como su nuevo presidente, que recoge el testigo de Francisco Vallejo, quien ha defendido los intereres de las 60 compa\u00f1\u00edas que forman la asociaci\u00f3n en los \u00faltimos doce a\u00f1os, seg\u00fan ha informado este jueves en una nota de prensa.<\/p>\n<p>   En este sentido, el economista Garc\u00eda comenz\u00f3 su andadura en el marco de aguas minerales como director general del Grupo Manantiales de Galicia.<\/p>\n<p>   En la actualidad es miembro del Consejo Asesor de las Aguas Minerales Naturales de Hijos de Rivera -grupo al que pertenecen las marcas Cabreiro\u00e1, Agua de Cuevas, Fontarel y Auara-, y consejero de Auara.<\/p>\n<p>   En el acto de la \u00faltima asamblea general de ANEABE celebrada este jueves, Garc\u00eda ha comentado que entre los retos que afronta como nuevo presidente se encuentran los de reforzar la interlocuci\u00f3n con las instituciones p\u00fablicas y colaborar estrechamente con las empresas asociadas para seguir avanzando en Sostenibilidad y hacia la plena circularidad de los envases.<\/p>\n<p>EL SECTOR DE AGUAS MINERALES CRECE SOSTENIDAMENTE<\/p>\n<p>   Por su parte, Garc\u00eda cuenta con una destacada trayectoria profesional en el sector de aguas minerales, que a pesar de no haber recuperado a\u00fan los niveles previos a la pandemia, crece de manera sostenida.<\/p>\n<p>   En concreto, cerr\u00f3 el 2022 con un volumen cercano a los 6.300 millones de litros, hasta un 5% m\u00e1s que en 2021. Asimismo, el consumo por habitante alcanz\u00f3 los 132 litros.<\/p>\n<p>   Tras tener que hacer frente a la tramitaci\u00f3n del Real Decreto de<br \/>\nEnvases y a la entrada en vigor del impuesto al pl\u00e1stico a comienzos de este a\u00f1o, el sector asumir\u00e1 este 2023 la llegada del Reglamento Europeo de Envases.<\/p>\n","protected":false},"excerpt":{"rendered":"<p>La Asociaci\u00f3n de Aguas Minerales de Espa\u00f1a (ANEABE) ha nombrado a Jos\u00e9 Manuel Garc\u00eda como su nuevo presidente, que recoge el testigo de Francisco Vallejo, quien ha defendido los intereres de las 60 compa\u00f1\u00edas que forman la asociaci\u00f3n en los \u00faltimos doce a\u00f1os, seg\u00fan ha informado este jueves en una nota de prensa. En este [&hellip;]<\/p>\n","protected":false},"author":277,"featured_media":176229,"comment_status":"close","ping_status":"","sticky":false,"template":"single-feature.php","format":"standard","meta":{"_acf_changed":false,"footnotes":""},"categories":[15645],"tags":[],"class_list":["post-176227","post","type-post","status-publish","format-standard","has-post-thumbnail","hentry","category-ultima-hora","cat-15645-id"],"acf":[],"yoast_head":"<!-- This site is optimized with the Yoast SEO plugin v27.4 - https:\/\/yoast.com\/product\/yoast-seo-wordpress\/ -->\n<title>Econom\u00eda.- La Asociaci\u00f3n de Aguas Minerales de Espa\u00f1a nombra a Jos\u00e9 Manuel Garc\u00eda como su nuevo presidente - Tapas<\/title>\n<meta name=\"description\" content=\"La Asociaci\u00f3n de Aguas Minerales de Espa\u00f1a (ANEABE) ha nombrado a Jos\u00e9 Manuel Garc\u00eda como su nuevo presidente, que recoge el testigo de Francisco Vallejo,\" \/>\n<meta name=\"robots\" content=\"index, follow, max-snippet:-1, max-image-preview:large, max-video-preview:-1\" \/>\n<link rel=\"canonical\" href=\"https:\/\/www.tapasmagazine.es\/en\/economia-la-asociacion-de-aguas-minerales-de-espana-nombra-a-jose-manuel-garcia-como-su-nuevo-presidente\/\" \/>\n<meta property=\"og:locale\" content=\"en_US\" \/>\n<meta property=\"og:type\" content=\"article\" \/>\n<meta property=\"og:title\" content=\"Econom\u00eda.- La Asociaci\u00f3n de Aguas Minerales de Espa\u00f1a nombra a Jos\u00e9 Manuel Garc\u00eda como su nuevo presidente - Tapas\" \/>\n<meta property=\"og:description\" content=\"La Asociaci\u00f3n de Aguas Minerales de Espa\u00f1a (ANEABE) ha nombrado a Jos\u00e9 Manuel Garc\u00eda como su nuevo presidente, que recoge el testigo de Francisco Vallejo,\" \/>\n<meta property=\"og:url\" content=\"https:\/\/www.tapasmagazine.es\/en\/economia-la-asociacion-de-aguas-minerales-de-espana-nombra-a-jose-manuel-garcia-como-su-nuevo-presidente\/\" \/>\n<meta property=\"og:site_name\" content=\"Tapas\" \/>\n<meta property=\"article:publisher\" content=\"https:\/\/www.facebook.com\/tapasmagazine\" \/>\n<meta property=\"article:published_time\" content=\"2023-02-23T15:21:14+00:00\" \/>\n<meta property=\"article:modified_time\" content=\"2023-02-23T15:42:43+00:00\" \/>\n<meta property=\"og:image\" content=\"https:\/\/www.tapasmagazine.es\/wp-content\/uploads\/2023\/02\/fotonoticia_20230223162114_9999-scaled.jpg\" \/>\n\t<meta property=\"og:image:width\" content=\"2560\" \/>\n\t<meta property=\"og:image:height\" content=\"1920\" \/>\n\t<meta property=\"og:image:type\" content=\"image\/jpeg\" \/>\n<meta name=\"author\" content=\"Tapas \/ EP\" \/>\n<meta name=\"twitter:card\" content=\"summary_large_image\" \/>\n<meta name=\"twitter:creator\" content=\"@TapasMagazine\" \/>\n<meta name=\"twitter:site\" content=\"@TapasMagazine\" \/>\n<meta name=\"twitter:label1\" content=\"Written by\" \/>\n\t<meta name=\"twitter:data1\" content=\"Tapas \/ EP\" \/>\n\t<meta name=\"twitter:label2\" content=\"Est. reading time\" \/>\n\t<meta name=\"twitter:data2\" content=\"1 minute\" \/>\n<script type=\"application\/ld+json\" class=\"yoast-schema-graph\">{\"@context\":\"https:\\\/\\\/schema.org\",\"@graph\":[{\"@type\":\"Article\",\"@id\":\"https:\\\/\\\/www.tapasmagazine.es\\\/en\\\/economia-la-asociacion-de-aguas-minerales-de-espana-nombra-a-jose-manuel-garcia-como-su-nuevo-presidente\\\/#article\",\"isPartOf\":{\"@id\":\"https:\\\/\\\/www.tapasmagazine.es\\\/en\\\/economia-la-asociacion-de-aguas-minerales-de-espana-nombra-a-jose-manuel-garcia-como-su-nuevo-presidente\\\/\"},\"author\":{\"name\":\"Tapas \\\/ EP\",\"@id\":\"https:\\\/\\\/www.tapasmagazine.es\\\/#\\\/schema\\\/person\\\/dddb3bce6f98f2124c204b901d74a14b\"},\"headline\":\"Econom\u00eda.- La Asociaci\u00f3n de Aguas Minerales de Espa\u00f1a nombra a Jos\u00e9 Manuel Garc\u00eda como su nuevo presidente\",\"datePublished\":\"2023-02-23T15:21:14+00:00\",\"dateModified\":\"2023-02-23T15:42:43+00:00\",\"mainEntityOfPage\":{\"@id\":\"https:\\\/\\\/www.tapasmagazine.es\\\/en\\\/economia-la-asociacion-de-aguas-minerales-de-espana-nombra-a-jose-manuel-garcia-como-su-nuevo-presidente\\\/\"},\"wordCount\":310,\"publisher\":{\"@id\":\"https:\\\/\\\/www.tapasmagazine.es\\\/#organization\"},\"image\":{\"@id\":\"https:\\\/\\\/www.tapasmagazine.es\\\/en\\\/economia-la-asociacion-de-aguas-minerales-de-espana-nombra-a-jose-manuel-garcia-como-su-nuevo-presidente\\\/#primaryimage\"},\"thumbnailUrl\":\"https:\\\/\\\/www.tapasmagazine.es\\\/wp-content\\\/uploads\\\/2023\\\/02\\\/fotonoticia_20230223162114_9999-scaled.jpg\",\"articleSection\":[\"\u00daltima hora\"],\"inLanguage\":\"en-US\"},{\"@type\":\"WebPage\",\"@id\":\"https:\\\/\\\/www.tapasmagazine.es\\\/en\\\/economia-la-asociacion-de-aguas-minerales-de-espana-nombra-a-jose-manuel-garcia-como-su-nuevo-presidente\\\/\",\"url\":\"https:\\\/\\\/www.tapasmagazine.es\\\/en\\\/economia-la-asociacion-de-aguas-minerales-de-espana-nombra-a-jose-manuel-garcia-como-su-nuevo-presidente\\\/\",\"name\":\"Econom\u00eda.- La Asociaci\u00f3n de Aguas Minerales de Espa\u00f1a nombra a Jos\u00e9 Manuel Garc\u00eda como su nuevo presidente - Tapas\",\"isPartOf\":{\"@id\":\"https:\\\/\\\/www.tapasmagazine.es\\\/#website\"},\"primaryImageOfPage\":{\"@id\":\"https:\\\/\\\/www.tapasmagazine.es\\\/en\\\/economia-la-asociacion-de-aguas-minerales-de-espana-nombra-a-jose-manuel-garcia-como-su-nuevo-presidente\\\/#primaryimage\"},\"image\":{\"@id\":\"https:\\\/\\\/www.tapasmagazine.es\\\/en\\\/economia-la-asociacion-de-aguas-minerales-de-espana-nombra-a-jose-manuel-garcia-como-su-nuevo-presidente\\\/#primaryimage\"},\"thumbnailUrl\":\"https:\\\/\\\/www.tapasmagazine.es\\\/wp-content\\\/uploads\\\/2023\\\/02\\\/fotonoticia_20230223162114_9999-scaled.jpg\",\"datePublished\":\"2023-02-23T15:21:14+00:00\",\"dateModified\":\"2023-02-23T15:42:43+00:00\",\"description\":\"La Asociaci\u00f3n de Aguas Minerales de Espa\u00f1a (ANEABE) ha nombrado a Jos\u00e9 Manuel Garc\u00eda como su nuevo presidente, que recoge el testigo de Francisco Vallejo,\",\"breadcrumb\":{\"@id\":\"https:\\\/\\\/www.tapasmagazine.es\\\/en\\\/economia-la-asociacion-de-aguas-minerales-de-espana-nombra-a-jose-manuel-garcia-como-su-nuevo-presidente\\\/#breadcrumb\"},\"inLanguage\":\"en-US\",\"potentialAction\":[{\"@type\":\"ReadAction\",\"target\":[\"https:\\\/\\\/www.tapasmagazine.es\\\/en\\\/economia-la-asociacion-de-aguas-minerales-de-espana-nombra-a-jose-manuel-garcia-como-su-nuevo-presidente\\\/\"]}]},{\"@type\":\"ImageObject\",\"inLanguage\":\"en-US\",\"@id\":\"https:\\\/\\\/www.tapasmagazine.es\\\/en\\\/economia-la-asociacion-de-aguas-minerales-de-espana-nombra-a-jose-manuel-garcia-como-su-nuevo-presidente\\\/#primaryimage\",\"url\":\"https:\\\/\\\/www.tapasmagazine.es\\\/wp-content\\\/uploads\\\/2023\\\/02\\\/fotonoticia_20230223162114_9999-scaled.jpg\",\"contentUrl\":\"https:\\\/\\\/www.tapasmagazine.es\\\/wp-content\\\/uploads\\\/2023\\\/02\\\/fotonoticia_20230223162114_9999-scaled.jpg\",\"width\":2560,\"height\":1920},{\"@type\":\"BreadcrumbList\",\"@id\":\"https:\\\/\\\/www.tapasmagazine.es\\\/en\\\/economia-la-asociacion-de-aguas-minerales-de-espana-nombra-a-jose-manuel-garcia-como-su-nuevo-presidente\\\/#breadcrumb\",\"itemListElement\":[{\"@type\":\"ListItem\",\"position\":1,\"name\":\"Portada\",\"item\":\"https:\\\/\\\/www.tapasmagazine.es\\\/\"},{\"@type\":\"ListItem\",\"position\":2,\"name\":\"Sin categorizar\",\"item\":\"https:\\\/\\\/www.tapasmagazine.es\\\/categorias\\\/sin-categorizar\\\/\"},{\"@type\":\"ListItem\",\"position\":3,\"name\":\"Econom\u00eda.- La Asociaci\u00f3n de Aguas Minerales de Espa\u00f1a nombra a Jos\u00e9 Manuel Garc\u00eda como su nuevo presidente\"}]},{\"@type\":\"WebSite\",\"@id\":\"https:\\\/\\\/www.tapasmagazine.es\\\/#website\",\"url\":\"https:\\\/\\\/www.tapasmagazine.es\\\/\",\"name\":\"Tapas\",\"description\":\"\u00d1am \u00d1am Lifestyle. La vida a bocados. Premio Nacional de Gastronom\u00eda 2016.\",\"publisher\":{\"@id\":\"https:\\\/\\\/www.tapasmagazine.es\\\/#organization\"},\"potentialAction\":[{\"@type\":\"SearchAction\",\"target\":{\"@type\":\"EntryPoint\",\"urlTemplate\":\"https:\\\/\\\/www.tapasmagazine.es\\\/?s={search_term_string}\"},\"query-input\":{\"@type\":\"PropertyValueSpecification\",\"valueRequired\":true,\"valueName\":\"search_term_string\"}}],\"inLanguage\":\"en-US\"},{\"@type\":\"Organization\",\"@id\":\"https:\\\/\\\/www.tapasmagazine.es\\\/#organization\",\"name\":\"Tapas Magazine\",\"url\":\"https:\\\/\\\/www.tapasmagazine.es\\\/\",\"logo\":{\"@type\":\"ImageObject\",\"inLanguage\":\"en-US\",\"@id\":\"https:\\\/\\\/www.tapasmagazine.es\\\/#\\\/schema\\\/logo\\\/image\\\/\",\"url\":\"https:\\\/\\\/www.tapasmagazine.es\\\/wp-content\\\/uploads\\\/2018\\\/01\\\/logo.png\",\"contentUrl\":\"https:\\\/\\\/www.tapasmagazine.es\\\/wp-content\\\/uploads\\\/2018\\\/01\\\/logo.png\",\"width\":180,\"height\":60,\"caption\":\"Tapas Magazine\"},\"image\":{\"@id\":\"https:\\\/\\\/www.tapasmagazine.es\\\/#\\\/schema\\\/logo\\\/image\\\/\"},\"sameAs\":[\"https:\\\/\\\/www.facebook.com\\\/tapasmagazine\",\"https:\\\/\\\/x.com\\\/TapasMagazine\",\"https:\\\/\\\/www.instagram.com\\\/tapasmagazine\\\/\",\"https:\\\/\\\/www.linkedin.com\\\/company\\\/tapas-magazine\",\"https:\\\/\\\/es.pinterest.com\\\/tapasmagazine\\\/\",\"https:\\\/\\\/www.youtube.com\\\/channel\\\/UCEyxneAaACuR0lfDagrWjjg?sub_confirmation=1\"]},{\"@type\":\"Person\",\"@id\":\"https:\\\/\\\/www.tapasmagazine.es\\\/#\\\/schema\\\/person\\\/dddb3bce6f98f2124c204b901d74a14b\",\"name\":\"Tapas \\\/ EP\",\"url\":\"https:\\\/\\\/www.tapasmagazine.es\\\/en\\\/author\\\/tapasep\\\/\"}]}<\/script>\n<!-- \/ Yoast SEO plugin. -->","yoast_head_json":{"title":"Econom\u00eda.- La Asociaci\u00f3n de Aguas Minerales de Espa\u00f1a nombra a Jos\u00e9 Manuel Garc\u00eda como su nuevo presidente - Tapas","description":"La Asociaci\u00f3n de Aguas Minerales de Espa\u00f1a (ANEABE) ha nombrado a Jos\u00e9 Manuel Garc\u00eda como su nuevo presidente, que recoge el testigo de Francisco Vallejo,","robots":{"index":"index","follow":"follow","max-snippet":"max-snippet:-1","max-image-preview":"max-image-preview:large","max-video-preview":"max-video-preview:-1"},"canonical":"https:\/\/www.tapasmagazine.es\/en\/economia-la-asociacion-de-aguas-minerales-de-espana-nombra-a-jose-manuel-garcia-como-su-nuevo-presidente\/","og_locale":"en_US","og_type":"article","og_title":"Econom\u00eda.- La Asociaci\u00f3n de Aguas Minerales de Espa\u00f1a nombra a Jos\u00e9 Manuel Garc\u00eda como su nuevo presidente - Tapas","og_description":"La Asociaci\u00f3n de Aguas Minerales de Espa\u00f1a (ANEABE) ha nombrado a Jos\u00e9 Manuel Garc\u00eda como su nuevo presidente, que recoge el testigo de Francisco Vallejo,","og_url":"https:\/\/www.tapasmagazine.es\/en\/economia-la-asociacion-de-aguas-minerales-de-espana-nombra-a-jose-manuel-garcia-como-su-nuevo-presidente\/","og_site_name":"Tapas","article_publisher":"https:\/\/www.facebook.com\/tapasmagazine","article_published_time":"2023-02-23T15:21:14+00:00","article_modified_time":"2023-02-23T15:42:43+00:00","og_image":[{"width":2560,"height":1920,"url":"https:\/\/www.tapasmagazine.es\/wp-content\/uploads\/2023\/02\/fotonoticia_20230223162114_9999-scaled.jpg","type":"image\/jpeg"}],"author":"Tapas \/ EP","twitter_card":"summary_large_image","twitter_creator":"@TapasMagazine","twitter_site":"@TapasMagazine","twitter_misc":{"Written by":"Tapas \/ EP","Est. reading time":"1 minute"},"schema":{"@context":"https:\/\/schema.org","@graph":[{"@type":"Article","@id":"https:\/\/www.tapasmagazine.es\/en\/economia-la-asociacion-de-aguas-minerales-de-espana-nombra-a-jose-manuel-garcia-como-su-nuevo-presidente\/#article","isPartOf":{"@id":"https:\/\/www.tapasmagazine.es\/en\/economia-la-asociacion-de-aguas-minerales-de-espana-nombra-a-jose-manuel-garcia-como-su-nuevo-presidente\/"},"author":{"name":"Tapas \/ EP","@id":"https:\/\/www.tapasmagazine.es\/#\/schema\/person\/dddb3bce6f98f2124c204b901d74a14b"},"headline":"Econom\u00eda.- La Asociaci\u00f3n de Aguas Minerales de Espa\u00f1a nombra a Jos\u00e9 Manuel Garc\u00eda como su nuevo presidente","datePublished":"2023-02-23T15:21:14+00:00","dateModified":"2023-02-23T15:42:43+00:00","mainEntityOfPage":{"@id":"https:\/\/www.tapasmagazine.es\/en\/economia-la-asociacion-de-aguas-minerales-de-espana-nombra-a-jose-manuel-garcia-como-su-nuevo-presidente\/"},"wordCount":310,"publisher":{"@id":"https:\/\/www.tapasmagazine.es\/#organization"},"image":{"@id":"https:\/\/www.tapasmagazine.es\/en\/economia-la-asociacion-de-aguas-minerales-de-espana-nombra-a-jose-manuel-garcia-como-su-nuevo-presidente\/#primaryimage"},"thumbnailUrl":"https:\/\/www.tapasmagazine.es\/wp-content\/uploads\/2023\/02\/fotonoticia_20230223162114_9999-scaled.jpg","articleSection":["\u00daltima hora"],"inLanguage":"en-US"},{"@type":"WebPage","@id":"https:\/\/www.tapasmagazine.es\/en\/economia-la-asociacion-de-aguas-minerales-de-espana-nombra-a-jose-manuel-garcia-como-su-nuevo-presidente\/","url":"https:\/\/www.tapasmagazine.es\/en\/economia-la-asociacion-de-aguas-minerales-de-espana-nombra-a-jose-manuel-garcia-como-su-nuevo-presidente\/","name":"Econom\u00eda.- La Asociaci\u00f3n de Aguas Minerales de Espa\u00f1a nombra a Jos\u00e9 Manuel Garc\u00eda como su nuevo presidente - Tapas","isPartOf":{"@id":"https:\/\/www.tapasmagazine.es\/#website"},"primaryImageOfPage":{"@id":"https:\/\/www.tapasmagazine.es\/en\/economia-la-asociacion-de-aguas-minerales-de-espana-nombra-a-jose-manuel-garcia-como-su-nuevo-presidente\/#primaryimage"},"image":{"@id":"https:\/\/www.tapasmagazine.es\/en\/economia-la-asociacion-de-aguas-minerales-de-espana-nombra-a-jose-manuel-garcia-como-su-nuevo-presidente\/#primaryimage"},"thumbnailUrl":"https:\/\/www.tapasmagazine.es\/wp-content\/uploads\/2023\/02\/fotonoticia_20230223162114_9999-scaled.jpg","datePublished":"2023-02-23T15:21:14+00:00","dateModified":"2023-02-23T15:42:43+00:00","description":"La Asociaci\u00f3n de Aguas Minerales de Espa\u00f1a (ANEABE) ha nombrado a Jos\u00e9 Manuel Garc\u00eda como su nuevo presidente, que recoge el testigo de Francisco Vallejo,","breadcrumb":{"@id":"https:\/\/www.tapasmagazine.es\/en\/economia-la-asociacion-de-aguas-minerales-de-espana-nombra-a-jose-manuel-garcia-como-su-nuevo-presidente\/#breadcrumb"},"inLanguage":"en-US","potentialAction":[{"@type":"ReadAction","target":["https:\/\/www.tapasmagazine.es\/en\/economia-la-asociacion-de-aguas-minerales-de-espana-nombra-a-jose-manuel-garcia-como-su-nuevo-presidente\/"]}]},{"@type":"ImageObject","inLanguage":"en-US","@id":"https:\/\/www.tapasmagazine.es\/en\/economia-la-asociacion-de-aguas-minerales-de-espana-nombra-a-jose-manuel-garcia-como-su-nuevo-presidente\/#primaryimage","url":"https:\/\/www.tapasmagazine.es\/wp-content\/uploads\/2023\/02\/fotonoticia_20230223162114_9999-scaled.jpg","contentUrl":"https:\/\/www.tapasmagazine.es\/wp-content\/uploads\/2023\/02\/fotonoticia_20230223162114_9999-scaled.jpg","width":2560,"height":1920},{"@type":"BreadcrumbList","@id":"https:\/\/www.tapasmagazine.es\/en\/economia-la-asociacion-de-aguas-minerales-de-espana-nombra-a-jose-manuel-garcia-como-su-nuevo-presidente\/#breadcrumb","itemListElement":[{"@type":"ListItem","position":1,"name":"Portada","item":"https:\/\/www.tapasmagazine.es\/"},{"@type":"ListItem","position":2,"name":"Sin categorizar","item":"https:\/\/www.tapasmagazine.es\/categorias\/sin-categorizar\/"},{"@type":"ListItem","position":3,"name":"Econom\u00eda.- La Asociaci\u00f3n de Aguas Minerales de Espa\u00f1a nombra a Jos\u00e9 Manuel Garc\u00eda como su nuevo presidente"}]},{"@type":"WebSite","@id":"https:\/\/www.tapasmagazine.es\/#website","url":"https:\/\/www.tapasmagazine.es\/","name":"Tapas","description":"\u00d1am \u00d1am Lifestyle. La vida a bocados. Premio Nacional de Gastronom\u00eda 2016.","publisher":{"@id":"https:\/\/www.tapasmagazine.es\/#organization"},"potentialAction":[{"@type":"SearchAction","target":{"@type":"EntryPoint","urlTemplate":"https:\/\/www.tapasmagazine.es\/?s={search_term_string}"},"query-input":{"@type":"PropertyValueSpecification","valueRequired":true,"valueName":"search_term_string"}}],"inLanguage":"en-US"},{"@type":"Organization","@id":"https:\/\/www.tapasmagazine.es\/#organization","name":"Tapas Magazine","url":"https:\/\/www.tapasmagazine.es\/","logo":{"@type":"ImageObject","inLanguage":"en-US","@id":"https:\/\/www.tapasmagazine.es\/#\/schema\/logo\/image\/","url":"https:\/\/www.tapasmagazine.es\/wp-content\/uploads\/2018\/01\/logo.png","contentUrl":"https:\/\/www.tapasmagazine.es\/wp-content\/uploads\/2018\/01\/logo.png","width":180,"height":60,"caption":"Tapas Magazine"},"image":{"@id":"https:\/\/www.tapasmagazine.es\/#\/schema\/logo\/image\/"},"sameAs":["https:\/\/www.facebook.com\/tapasmagazine","https:\/\/x.com\/TapasMagazine","https:\/\/www.instagram.com\/tapasmagazine\/","https:\/\/www.linkedin.com\/company\/tapas-magazine","https:\/\/es.pinterest.com\/tapasmagazine\/","https:\/\/www.youtube.com\/channel\/UCEyxneAaACuR0lfDagrWjjg?sub_confirmation=1"]},{"@type":"Person","@id":"https:\/\/www.tapasmagazine.es\/#\/schema\/person\/dddb3bce6f98f2124c204b901d74a14b","name":"Tapas \/ EP","url":"https:\/\/www.tapasmagazine.es\/en\/author\/tapasep\/"}]}},"_links":{"self":[{"href":"https:\/\/www.tapasmagazine.es\/en\/wp-json\/wp\/v2\/posts\/176227","targetHints":{"allow":["GET"]}}],"collection":[{"href":"https:\/\/www.tapasmagazine.es\/en\/wp-json\/wp\/v2\/posts"}],"about":[{"href":"https:\/\/www.tapasmagazine.es\/en\/wp-json\/wp\/v2\/types\/post"}],"author":[{"embeddable":true,"href":"https:\/\/www.tapasmagazine.es\/en\/wp-json\/wp\/v2\/users\/277"}],"replies":[{"embeddable":true,"href":"https:\/\/www.tapasmagazine.es\/en\/wp-json\/wp\/v2\/comments?post=176227"}],"version-history":[{"count":1,"href":"https:\/\/www.tapasmagazine.es\/en\/wp-json\/wp\/v2\/posts\/176227\/revisions"}],"predecessor-version":[{"id":176228,"href":"https:\/\/www.tapasmagazine.es\/en\/wp-json\/wp\/v2\/posts\/176227\/revisions\/176228"}],"wp:featuredmedia":[{"embeddable":true,"href":"https:\/\/www.tapasmagazine.es\/en\/wp-json\/wp\/v2\/media\/176229"}],"wp:attachment":[{"href":"https:\/\/www.tapasmagazine.es\/en\/wp-json\/wp\/v2\/media?parent=176227"}],"wp:term":[{"taxonomy":"category","embeddable":true,"href":"https:\/\/www.tapasmagazine.es\/en\/wp-json\/wp\/v2\/categories?post=176227"},{"taxonomy":"post_tag","embeddable":true,"href":"https:\/\/www.tapasmagazine.es\/en\/wp-json\/wp\/v2\/tags?post=176227"}],"curies":[{"name":"wp","href":"https:\/\/api.w.org\/{rel}","templated":true}]}}