{"id":176223,"date":"2023-02-23T16:32:07","date_gmt":"2023-02-23T15:32:07","guid":{"rendered":"https:\/\/www.tapasmagazine.es\/?p=176223"},"modified":"2023-02-23T16:42:41","modified_gmt":"2023-02-23T15:42:41","slug":"economia-planas-avisa-que-la-aica-publicara-regularmente-las-sanciones-por-incumplir-la-ley-de-la-cadena-alimentaria","status":"publish","type":"post","link":"https:\/\/www.tapasmagazine.es\/en\/economia-planas-avisa-que-la-aica-publicara-regularmente-las-sanciones-por-incumplir-la-ley-de-la-cadena-alimentaria\/","title":{"rendered":"Econom\u00eda.- Planas avisa que la AICA publicar\u00e1 &#8220;regularmente&#8221; las sanciones por incumplir la Ley de la Cadena Alimentaria"},"content":{"rendered":"<p>El ministro de Agricultura, Pesca y Alimentaci\u00f3n, Luis Planas, ha advertido este jueves en Villanueva de C\u00f3rdoba, donde se ha reunido con representantes de la Denominaci\u00f3n de Origen Los Pedroches e industriales del sector c\u00e1rnico, que la Agencia de Informaci\u00f3n y Control Alimentarios (AICA), organismo dependiente de su Ministerio, seguir\u00e1 publicando &#8220;regularmente&#8221; las sanciones que imponga, como ha hecho ahora con varias cadenas de supermercados y con decenas de industrias, por incumplir la Ley de la Cadena Alimentaria.<\/p>\n<p>   A este respecto y en declaraciones a los periodistas junto al candidato del PSOE a la Alcald\u00eda de Villanueva de C\u00f3rdoba, Isaac Reyes, el ministro de Agricultura ha recordado que la Ley de la Cadena Alimentaria describe &#8220;determinadas conductas que son motivadoras de sanci\u00f3n y, evidentemente, da tambi\u00e9n&#8221; cuenta de una serie de &#8220;obligaciones que deben ser cumplidas por parte de todos los operadores de la cadena&#8221;.<\/p>\n<p>   De esta forma, &#8220;si alguien no lo hace, incurre en un supuesto de sanci\u00f3n y es sancionado&#8221;, siendo la AICA la que interviene en estos casos, &#8220;con arreglo a las inspecciones y a las denuncias que efect\u00faa&#8221;, seg\u00fan ha se\u00f1alado Planas, quien ha dicho que le gustar\u00eda que &#8220;no hubiera ninguna sanci\u00f3n en Espa\u00f1a ni en la cadena alimentaria, porque todo el mundo cumpliera sus obligaciones, pero, evidentemente, es obligaci\u00f3n de la Administraci\u00f3n p\u00fablica imponer tales sanciones si, efectivamente, hay supuestos de incumplimiento&#8221;.<\/p>\n<p>   La novedad, en este caso, es que se hayan publicado las mencionadas sanciones en &#8220;la p\u00e1gina de la Agencia de Informaci\u00f3n y Control Alimentarios&#8221;, pues es algo que se &#8220;hace por primera vez&#8221;, siendo &#8220;un compromiso derivado de la Ley de la Cadena Alimentaria, y lo vamos a hacer regularmente&#8221;.<\/p>\n<p>   Ello, para Planas, no supone &#8220;un motivo en particular, ni de satisfacci\u00f3n, ni de alegr\u00eda&#8221;, si bien ha opinado que &#8220;los interesados deber\u00e1n reflexionar sobre qu\u00e9 errores han cometido y qu\u00e9 deben corregir y, en todo caso, tienen tambi\u00e9n la posibilidad&#8221; de presentar &#8220;los recursos legales oportunos&#8221;.<\/p>\n","protected":false},"excerpt":{"rendered":"<p>El ministro de Agricultura, Pesca y Alimentaci\u00f3n, Luis Planas, ha advertido este jueves en Villanueva de C\u00f3rdoba, donde se ha reunido con representantes de la Denominaci\u00f3n de Origen Los Pedroches e industriales del sector c\u00e1rnico, que la Agencia de Informaci\u00f3n y Control Alimentarios (AICA), organismo dependiente de su Ministerio, seguir\u00e1 publicando &#8220;regularmente&#8221; las sanciones que [&hellip;]<\/p>\n","protected":false},"author":277,"featured_media":176225,"comment_status":"close","ping_status":"","sticky":false,"template":"single-feature.php","format":"standard","meta":{"_acf_changed":false,"footnotes":""},"categories":[15645],"tags":[],"class_list":["post-176223","post","type-post","status-publish","format-standard","has-post-thumbnail","hentry","category-ultima-hora","cat-15645-id"],"acf":[],"yoast_head":"<!-- This site is optimized with the Yoast SEO plugin v27.4 - https:\/\/yoast.com\/product\/yoast-seo-wordpress\/ -->\n<title>Econom\u00eda.- Planas avisa que la AICA publicar\u00e1 &quot;regularmente&quot; las sanciones por incumplir la Ley de la Cadena Alimentaria - Tapas<\/title>\n<meta name=\"description\" content=\"El ministro de Agricultura, Pesca y Alimentaci\u00f3n, Luis Planas, ha advertido este jueves en Villanueva de C\u00f3rdoba, donde se ha reunido con representantes\" \/>\n<meta name=\"robots\" content=\"index, follow, max-snippet:-1, max-image-preview:large, max-video-preview:-1\" \/>\n<link rel=\"canonical\" href=\"https:\/\/www.tapasmagazine.es\/en\/economia-planas-avisa-que-la-aica-publicara-regularmente-las-sanciones-por-incumplir-la-ley-de-la-cadena-alimentaria\/\" \/>\n<meta property=\"og:locale\" content=\"en_US\" \/>\n<meta property=\"og:type\" content=\"article\" \/>\n<meta property=\"og:title\" content=\"Econom\u00eda.- Planas avisa que la AICA publicar\u00e1 &quot;regularmente&quot; las sanciones por incumplir la Ley de la Cadena Alimentaria - Tapas\" \/>\n<meta property=\"og:description\" content=\"El ministro de Agricultura, Pesca y Alimentaci\u00f3n, Luis Planas, ha advertido este jueves en Villanueva de C\u00f3rdoba, donde se ha reunido con representantes\" \/>\n<meta property=\"og:url\" content=\"https:\/\/www.tapasmagazine.es\/en\/economia-planas-avisa-que-la-aica-publicara-regularmente-las-sanciones-por-incumplir-la-ley-de-la-cadena-alimentaria\/\" \/>\n<meta property=\"og:site_name\" content=\"Tapas\" \/>\n<meta property=\"article:publisher\" content=\"https:\/\/www.facebook.com\/tapasmagazine\" \/>\n<meta property=\"article:published_time\" content=\"2023-02-23T15:32:07+00:00\" \/>\n<meta property=\"article:modified_time\" content=\"2023-02-23T15:42:41+00:00\" \/>\n<meta property=\"og:image\" content=\"https:\/\/www.tapasmagazine.es\/wp-content\/uploads\/2023\/02\/fotonoticia_20230223163207_9999.jpg\" \/>\n\t<meta property=\"og:image:width\" content=\"1920\" \/>\n\t<meta property=\"og:image:height\" content=\"1080\" \/>\n\t<meta property=\"og:image:type\" content=\"image\/jpeg\" \/>\n<meta name=\"author\" content=\"Tapas \/ EP\" \/>\n<meta name=\"twitter:card\" content=\"summary_large_image\" \/>\n<meta name=\"twitter:creator\" content=\"@TapasMagazine\" \/>\n<meta name=\"twitter:site\" content=\"@TapasMagazine\" \/>\n<meta name=\"twitter:label1\" content=\"Written by\" \/>\n\t<meta name=\"twitter:data1\" content=\"Tapas \/ EP\" \/>\n\t<meta name=\"twitter:label2\" content=\"Est. reading time\" \/>\n\t<meta name=\"twitter:data2\" content=\"2 minutes\" \/>\n<script type=\"application\/ld+json\" class=\"yoast-schema-graph\">{\"@context\":\"https:\\\/\\\/schema.org\",\"@graph\":[{\"@type\":\"Article\",\"@id\":\"https:\\\/\\\/www.tapasmagazine.es\\\/en\\\/economia-planas-avisa-que-la-aica-publicara-regularmente-las-sanciones-por-incumplir-la-ley-de-la-cadena-alimentaria\\\/#article\",\"isPartOf\":{\"@id\":\"https:\\\/\\\/www.tapasmagazine.es\\\/en\\\/economia-planas-avisa-que-la-aica-publicara-regularmente-las-sanciones-por-incumplir-la-ley-de-la-cadena-alimentaria\\\/\"},\"author\":{\"name\":\"Tapas \\\/ EP\",\"@id\":\"https:\\\/\\\/www.tapasmagazine.es\\\/#\\\/schema\\\/person\\\/dddb3bce6f98f2124c204b901d74a14b\"},\"headline\":\"Econom\u00eda.- Planas avisa que la AICA publicar\u00e1 &#8220;regularmente&#8221; las sanciones por incumplir la Ley de la Cadena Alimentaria\",\"datePublished\":\"2023-02-23T15:32:07+00:00\",\"dateModified\":\"2023-02-23T15:42:41+00:00\",\"mainEntityOfPage\":{\"@id\":\"https:\\\/\\\/www.tapasmagazine.es\\\/en\\\/economia-planas-avisa-que-la-aica-publicara-regularmente-las-sanciones-por-incumplir-la-ley-de-la-cadena-alimentaria\\\/\"},\"wordCount\":370,\"publisher\":{\"@id\":\"https:\\\/\\\/www.tapasmagazine.es\\\/#organization\"},\"image\":{\"@id\":\"https:\\\/\\\/www.tapasmagazine.es\\\/en\\\/economia-planas-avisa-que-la-aica-publicara-regularmente-las-sanciones-por-incumplir-la-ley-de-la-cadena-alimentaria\\\/#primaryimage\"},\"thumbnailUrl\":\"https:\\\/\\\/www.tapasmagazine.es\\\/wp-content\\\/uploads\\\/2023\\\/02\\\/fotonoticia_20230223163207_9999.jpg\",\"articleSection\":[\"\u00daltima hora\"],\"inLanguage\":\"en-US\"},{\"@type\":\"WebPage\",\"@id\":\"https:\\\/\\\/www.tapasmagazine.es\\\/en\\\/economia-planas-avisa-que-la-aica-publicara-regularmente-las-sanciones-por-incumplir-la-ley-de-la-cadena-alimentaria\\\/\",\"url\":\"https:\\\/\\\/www.tapasmagazine.es\\\/en\\\/economia-planas-avisa-que-la-aica-publicara-regularmente-las-sanciones-por-incumplir-la-ley-de-la-cadena-alimentaria\\\/\",\"name\":\"Econom\u00eda.- Planas avisa que la AICA publicar\u00e1 \\\"regularmente\\\" las sanciones por incumplir la Ley de la Cadena Alimentaria - Tapas\",\"isPartOf\":{\"@id\":\"https:\\\/\\\/www.tapasmagazine.es\\\/#website\"},\"primaryImageOfPage\":{\"@id\":\"https:\\\/\\\/www.tapasmagazine.es\\\/en\\\/economia-planas-avisa-que-la-aica-publicara-regularmente-las-sanciones-por-incumplir-la-ley-de-la-cadena-alimentaria\\\/#primaryimage\"},\"image\":{\"@id\":\"https:\\\/\\\/www.tapasmagazine.es\\\/en\\\/economia-planas-avisa-que-la-aica-publicara-regularmente-las-sanciones-por-incumplir-la-ley-de-la-cadena-alimentaria\\\/#primaryimage\"},\"thumbnailUrl\":\"https:\\\/\\\/www.tapasmagazine.es\\\/wp-content\\\/uploads\\\/2023\\\/02\\\/fotonoticia_20230223163207_9999.jpg\",\"datePublished\":\"2023-02-23T15:32:07+00:00\",\"dateModified\":\"2023-02-23T15:42:41+00:00\",\"description\":\"El ministro de Agricultura, Pesca y Alimentaci\u00f3n, Luis Planas, ha advertido este jueves en Villanueva de C\u00f3rdoba, donde se ha reunido con representantes\",\"breadcrumb\":{\"@id\":\"https:\\\/\\\/www.tapasmagazine.es\\\/en\\\/economia-planas-avisa-que-la-aica-publicara-regularmente-las-sanciones-por-incumplir-la-ley-de-la-cadena-alimentaria\\\/#breadcrumb\"},\"inLanguage\":\"en-US\",\"potentialAction\":[{\"@type\":\"ReadAction\",\"target\":[\"https:\\\/\\\/www.tapasmagazine.es\\\/en\\\/economia-planas-avisa-que-la-aica-publicara-regularmente-las-sanciones-por-incumplir-la-ley-de-la-cadena-alimentaria\\\/\"]}]},{\"@type\":\"ImageObject\",\"inLanguage\":\"en-US\",\"@id\":\"https:\\\/\\\/www.tapasmagazine.es\\\/en\\\/economia-planas-avisa-que-la-aica-publicara-regularmente-las-sanciones-por-incumplir-la-ley-de-la-cadena-alimentaria\\\/#primaryimage\",\"url\":\"https:\\\/\\\/www.tapasmagazine.es\\\/wp-content\\\/uploads\\\/2023\\\/02\\\/fotonoticia_20230223163207_9999.jpg\",\"contentUrl\":\"https:\\\/\\\/www.tapasmagazine.es\\\/wp-content\\\/uploads\\\/2023\\\/02\\\/fotonoticia_20230223163207_9999.jpg\",\"width\":1920,\"height\":1080},{\"@type\":\"BreadcrumbList\",\"@id\":\"https:\\\/\\\/www.tapasmagazine.es\\\/en\\\/economia-planas-avisa-que-la-aica-publicara-regularmente-las-sanciones-por-incumplir-la-ley-de-la-cadena-alimentaria\\\/#breadcrumb\",\"itemListElement\":[{\"@type\":\"ListItem\",\"position\":1,\"name\":\"Portada\",\"item\":\"https:\\\/\\\/www.tapasmagazine.es\\\/\"},{\"@type\":\"ListItem\",\"position\":2,\"name\":\"Sin categorizar\",\"item\":\"https:\\\/\\\/www.tapasmagazine.es\\\/categorias\\\/sin-categorizar\\\/\"},{\"@type\":\"ListItem\",\"position\":3,\"name\":\"Econom\u00eda.- Planas avisa que la AICA publicar\u00e1 \u00abregularmente\u00bb las sanciones por incumplir la Ley de la Cadena Alimentaria\"}]},{\"@type\":\"WebSite\",\"@id\":\"https:\\\/\\\/www.tapasmagazine.es\\\/#website\",\"url\":\"https:\\\/\\\/www.tapasmagazine.es\\\/\",\"name\":\"Tapas\",\"description\":\"\u00d1am \u00d1am Lifestyle. La vida a bocados. Premio Nacional de Gastronom\u00eda 2016.\",\"publisher\":{\"@id\":\"https:\\\/\\\/www.tapasmagazine.es\\\/#organization\"},\"potentialAction\":[{\"@type\":\"SearchAction\",\"target\":{\"@type\":\"EntryPoint\",\"urlTemplate\":\"https:\\\/\\\/www.tapasmagazine.es\\\/?s={search_term_string}\"},\"query-input\":{\"@type\":\"PropertyValueSpecification\",\"valueRequired\":true,\"valueName\":\"search_term_string\"}}],\"inLanguage\":\"en-US\"},{\"@type\":\"Organization\",\"@id\":\"https:\\\/\\\/www.tapasmagazine.es\\\/#organization\",\"name\":\"Tapas Magazine\",\"url\":\"https:\\\/\\\/www.tapasmagazine.es\\\/\",\"logo\":{\"@type\":\"ImageObject\",\"inLanguage\":\"en-US\",\"@id\":\"https:\\\/\\\/www.tapasmagazine.es\\\/#\\\/schema\\\/logo\\\/image\\\/\",\"url\":\"https:\\\/\\\/www.tapasmagazine.es\\\/wp-content\\\/uploads\\\/2018\\\/01\\\/logo.png\",\"contentUrl\":\"https:\\\/\\\/www.tapasmagazine.es\\\/wp-content\\\/uploads\\\/2018\\\/01\\\/logo.png\",\"width\":180,\"height\":60,\"caption\":\"Tapas Magazine\"},\"image\":{\"@id\":\"https:\\\/\\\/www.tapasmagazine.es\\\/#\\\/schema\\\/logo\\\/image\\\/\"},\"sameAs\":[\"https:\\\/\\\/www.facebook.com\\\/tapasmagazine\",\"https:\\\/\\\/x.com\\\/TapasMagazine\",\"https:\\\/\\\/www.instagram.com\\\/tapasmagazine\\\/\",\"https:\\\/\\\/www.linkedin.com\\\/company\\\/tapas-magazine\",\"https:\\\/\\\/es.pinterest.com\\\/tapasmagazine\\\/\",\"https:\\\/\\\/www.youtube.com\\\/channel\\\/UCEyxneAaACuR0lfDagrWjjg?sub_confirmation=1\"]},{\"@type\":\"Person\",\"@id\":\"https:\\\/\\\/www.tapasmagazine.es\\\/#\\\/schema\\\/person\\\/dddb3bce6f98f2124c204b901d74a14b\",\"name\":\"Tapas \\\/ EP\",\"url\":\"https:\\\/\\\/www.tapasmagazine.es\\\/en\\\/author\\\/tapasep\\\/\"}]}<\/script>\n<!-- \/ Yoast SEO plugin. -->","yoast_head_json":{"title":"Econom\u00eda.- Planas avisa que la AICA publicar\u00e1 \"regularmente\" las sanciones por incumplir la Ley de la Cadena Alimentaria - Tapas","description":"El ministro de Agricultura, Pesca y Alimentaci\u00f3n, Luis Planas, ha advertido este jueves en Villanueva de C\u00f3rdoba, donde se ha reunido con representantes","robots":{"index":"index","follow":"follow","max-snippet":"max-snippet:-1","max-image-preview":"max-image-preview:large","max-video-preview":"max-video-preview:-1"},"canonical":"https:\/\/www.tapasmagazine.es\/en\/economia-planas-avisa-que-la-aica-publicara-regularmente-las-sanciones-por-incumplir-la-ley-de-la-cadena-alimentaria\/","og_locale":"en_US","og_type":"article","og_title":"Econom\u00eda.- Planas avisa que la AICA publicar\u00e1 \"regularmente\" las sanciones por incumplir la Ley de la Cadena Alimentaria - Tapas","og_description":"El ministro de Agricultura, Pesca y Alimentaci\u00f3n, Luis Planas, ha advertido este jueves en Villanueva de C\u00f3rdoba, donde se ha reunido con representantes","og_url":"https:\/\/www.tapasmagazine.es\/en\/economia-planas-avisa-que-la-aica-publicara-regularmente-las-sanciones-por-incumplir-la-ley-de-la-cadena-alimentaria\/","og_site_name":"Tapas","article_publisher":"https:\/\/www.facebook.com\/tapasmagazine","article_published_time":"2023-02-23T15:32:07+00:00","article_modified_time":"2023-02-23T15:42:41+00:00","og_image":[{"width":1920,"height":1080,"url":"https:\/\/www.tapasmagazine.es\/wp-content\/uploads\/2023\/02\/fotonoticia_20230223163207_9999.jpg","type":"image\/jpeg"}],"author":"Tapas \/ EP","twitter_card":"summary_large_image","twitter_creator":"@TapasMagazine","twitter_site":"@TapasMagazine","twitter_misc":{"Written by":"Tapas \/ EP","Est. reading time":"2 minutes"},"schema":{"@context":"https:\/\/schema.org","@graph":[{"@type":"Article","@id":"https:\/\/www.tapasmagazine.es\/en\/economia-planas-avisa-que-la-aica-publicara-regularmente-las-sanciones-por-incumplir-la-ley-de-la-cadena-alimentaria\/#article","isPartOf":{"@id":"https:\/\/www.tapasmagazine.es\/en\/economia-planas-avisa-que-la-aica-publicara-regularmente-las-sanciones-por-incumplir-la-ley-de-la-cadena-alimentaria\/"},"author":{"name":"Tapas \/ EP","@id":"https:\/\/www.tapasmagazine.es\/#\/schema\/person\/dddb3bce6f98f2124c204b901d74a14b"},"headline":"Econom\u00eda.- Planas avisa que la AICA publicar\u00e1 &#8220;regularmente&#8221; las sanciones por incumplir la Ley de la Cadena Alimentaria","datePublished":"2023-02-23T15:32:07+00:00","dateModified":"2023-02-23T15:42:41+00:00","mainEntityOfPage":{"@id":"https:\/\/www.tapasmagazine.es\/en\/economia-planas-avisa-que-la-aica-publicara-regularmente-las-sanciones-por-incumplir-la-ley-de-la-cadena-alimentaria\/"},"wordCount":370,"publisher":{"@id":"https:\/\/www.tapasmagazine.es\/#organization"},"image":{"@id":"https:\/\/www.tapasmagazine.es\/en\/economia-planas-avisa-que-la-aica-publicara-regularmente-las-sanciones-por-incumplir-la-ley-de-la-cadena-alimentaria\/#primaryimage"},"thumbnailUrl":"https:\/\/www.tapasmagazine.es\/wp-content\/uploads\/2023\/02\/fotonoticia_20230223163207_9999.jpg","articleSection":["\u00daltima hora"],"inLanguage":"en-US"},{"@type":"WebPage","@id":"https:\/\/www.tapasmagazine.es\/en\/economia-planas-avisa-que-la-aica-publicara-regularmente-las-sanciones-por-incumplir-la-ley-de-la-cadena-alimentaria\/","url":"https:\/\/www.tapasmagazine.es\/en\/economia-planas-avisa-que-la-aica-publicara-regularmente-las-sanciones-por-incumplir-la-ley-de-la-cadena-alimentaria\/","name":"Econom\u00eda.- Planas avisa que la AICA publicar\u00e1 \"regularmente\" las sanciones por incumplir la Ley de la Cadena Alimentaria - Tapas","isPartOf":{"@id":"https:\/\/www.tapasmagazine.es\/#website"},"primaryImageOfPage":{"@id":"https:\/\/www.tapasmagazine.es\/en\/economia-planas-avisa-que-la-aica-publicara-regularmente-las-sanciones-por-incumplir-la-ley-de-la-cadena-alimentaria\/#primaryimage"},"image":{"@id":"https:\/\/www.tapasmagazine.es\/en\/economia-planas-avisa-que-la-aica-publicara-regularmente-las-sanciones-por-incumplir-la-ley-de-la-cadena-alimentaria\/#primaryimage"},"thumbnailUrl":"https:\/\/www.tapasmagazine.es\/wp-content\/uploads\/2023\/02\/fotonoticia_20230223163207_9999.jpg","datePublished":"2023-02-23T15:32:07+00:00","dateModified":"2023-02-23T15:42:41+00:00","description":"El ministro de Agricultura, Pesca y Alimentaci\u00f3n, Luis Planas, ha advertido este jueves en Villanueva de C\u00f3rdoba, donde se ha reunido con representantes","breadcrumb":{"@id":"https:\/\/www.tapasmagazine.es\/en\/economia-planas-avisa-que-la-aica-publicara-regularmente-las-sanciones-por-incumplir-la-ley-de-la-cadena-alimentaria\/#breadcrumb"},"inLanguage":"en-US","potentialAction":[{"@type":"ReadAction","target":["https:\/\/www.tapasmagazine.es\/en\/economia-planas-avisa-que-la-aica-publicara-regularmente-las-sanciones-por-incumplir-la-ley-de-la-cadena-alimentaria\/"]}]},{"@type":"ImageObject","inLanguage":"en-US","@id":"https:\/\/www.tapasmagazine.es\/en\/economia-planas-avisa-que-la-aica-publicara-regularmente-las-sanciones-por-incumplir-la-ley-de-la-cadena-alimentaria\/#primaryimage","url":"https:\/\/www.tapasmagazine.es\/wp-content\/uploads\/2023\/02\/fotonoticia_20230223163207_9999.jpg","contentUrl":"https:\/\/www.tapasmagazine.es\/wp-content\/uploads\/2023\/02\/fotonoticia_20230223163207_9999.jpg","width":1920,"height":1080},{"@type":"BreadcrumbList","@id":"https:\/\/www.tapasmagazine.es\/en\/economia-planas-avisa-que-la-aica-publicara-regularmente-las-sanciones-por-incumplir-la-ley-de-la-cadena-alimentaria\/#breadcrumb","itemListElement":[{"@type":"ListItem","position":1,"name":"Portada","item":"https:\/\/www.tapasmagazine.es\/"},{"@type":"ListItem","position":2,"name":"Sin categorizar","item":"https:\/\/www.tapasmagazine.es\/categorias\/sin-categorizar\/"},{"@type":"ListItem","position":3,"name":"Econom\u00eda.- Planas avisa que la AICA publicar\u00e1 \u00abregularmente\u00bb las sanciones por incumplir la Ley de la Cadena Alimentaria"}]},{"@type":"WebSite","@id":"https:\/\/www.tapasmagazine.es\/#website","url":"https:\/\/www.tapasmagazine.es\/","name":"Tapas","description":"\u00d1am \u00d1am Lifestyle. La vida a bocados. Premio Nacional de Gastronom\u00eda 2016.","publisher":{"@id":"https:\/\/www.tapasmagazine.es\/#organization"},"potentialAction":[{"@type":"SearchAction","target":{"@type":"EntryPoint","urlTemplate":"https:\/\/www.tapasmagazine.es\/?s={search_term_string}"},"query-input":{"@type":"PropertyValueSpecification","valueRequired":true,"valueName":"search_term_string"}}],"inLanguage":"en-US"},{"@type":"Organization","@id":"https:\/\/www.tapasmagazine.es\/#organization","name":"Tapas Magazine","url":"https:\/\/www.tapasmagazine.es\/","logo":{"@type":"ImageObject","inLanguage":"en-US","@id":"https:\/\/www.tapasmagazine.es\/#\/schema\/logo\/image\/","url":"https:\/\/www.tapasmagazine.es\/wp-content\/uploads\/2018\/01\/logo.png","contentUrl":"https:\/\/www.tapasmagazine.es\/wp-content\/uploads\/2018\/01\/logo.png","width":180,"height":60,"caption":"Tapas Magazine"},"image":{"@id":"https:\/\/www.tapasmagazine.es\/#\/schema\/logo\/image\/"},"sameAs":["https:\/\/www.facebook.com\/tapasmagazine","https:\/\/x.com\/TapasMagazine","https:\/\/www.instagram.com\/tapasmagazine\/","https:\/\/www.linkedin.com\/company\/tapas-magazine","https:\/\/es.pinterest.com\/tapasmagazine\/","https:\/\/www.youtube.com\/channel\/UCEyxneAaACuR0lfDagrWjjg?sub_confirmation=1"]},{"@type":"Person","@id":"https:\/\/www.tapasmagazine.es\/#\/schema\/person\/dddb3bce6f98f2124c204b901d74a14b","name":"Tapas \/ EP","url":"https:\/\/www.tapasmagazine.es\/en\/author\/tapasep\/"}]}},"_links":{"self":[{"href":"https:\/\/www.tapasmagazine.es\/en\/wp-json\/wp\/v2\/posts\/176223","targetHints":{"allow":["GET"]}}],"collection":[{"href":"https:\/\/www.tapasmagazine.es\/en\/wp-json\/wp\/v2\/posts"}],"about":[{"href":"https:\/\/www.tapasmagazine.es\/en\/wp-json\/wp\/v2\/types\/post"}],"author":[{"embeddable":true,"href":"https:\/\/www.tapasmagazine.es\/en\/wp-json\/wp\/v2\/users\/277"}],"replies":[{"embeddable":true,"href":"https:\/\/www.tapasmagazine.es\/en\/wp-json\/wp\/v2\/comments?post=176223"}],"version-history":[{"count":1,"href":"https:\/\/www.tapasmagazine.es\/en\/wp-json\/wp\/v2\/posts\/176223\/revisions"}],"predecessor-version":[{"id":176224,"href":"https:\/\/www.tapasmagazine.es\/en\/wp-json\/wp\/v2\/posts\/176223\/revisions\/176224"}],"wp:featuredmedia":[{"embeddable":true,"href":"https:\/\/www.tapasmagazine.es\/en\/wp-json\/wp\/v2\/media\/176225"}],"wp:attachment":[{"href":"https:\/\/www.tapasmagazine.es\/en\/wp-json\/wp\/v2\/media?parent=176223"}],"wp:term":[{"taxonomy":"category","embeddable":true,"href":"https:\/\/www.tapasmagazine.es\/en\/wp-json\/wp\/v2\/categories?post=176223"},{"taxonomy":"post_tag","embeddable":true,"href":"https:\/\/www.tapasmagazine.es\/en\/wp-json\/wp\/v2\/tags?post=176223"}],"curies":[{"name":"wp","href":"https:\/\/api.w.org\/{rel}","templated":true}]}}