{"id":176212,"date":"2023-02-23T16:10:10","date_gmt":"2023-02-23T15:10:10","guid":{"rendered":"https:\/\/www.tapasmagazine.es\/?p=176212"},"modified":"2023-02-23T16:12:48","modified_gmt":"2023-02-23T15:12:48","slug":"economia-planas-avisa-de-que-limitar-los-precios-de-los-alimentos-iria-en-contra-de-los-agricultores-y-ganaderos","status":"publish","type":"post","link":"https:\/\/www.tapasmagazine.es\/en\/economia-planas-avisa-de-que-limitar-los-precios-de-los-alimentos-iria-en-contra-de-los-agricultores-y-ganaderos\/","title":{"rendered":"Econom\u00eda.- Planas avisa de que limitar los precios de los alimentos &#8220;ir\u00eda en contra&#8221; de los agricultores y ganaderos"},"content":{"rendered":"<p>El ministro de Agricultura, Pesca y Alimentaci\u00f3n, Luis Planas, ha afirmado este jueves en Villanueva de C\u00f3rdoba, donde se ha reunido con representantes de la Denominaci\u00f3n de Origen Los Pedroches e industriales del sector c\u00e1rnico, que cualquier medida que se introdujera en el sentido de limitar los precios de los alimentos para los consumidores &#8220;ir\u00eda en contra de la (Ley) de Cadena Alimentaria y, sobre todo, de los agricultores y ganaderos&#8221;, y eso es algo, seg\u00fan ha avisado, que no va a permitir.<\/p>\n<p>   A este respecto y en declaraciones a los periodistas junto al candidato del PSOE a la Alcald\u00eda de Villanueva de C\u00f3rdoba, Isaac Reyes, el ministro de Agricultura, sin querer opinar directamente sobre las propuestas de las ministras Yolanda D\u00edaz e Ione Belarra para limitar el precio de los alimentos en la cesta de la compra, ha argumentado que, m\u00e1s all\u00e1 del perjuicio que ello traer\u00eda al sector agrario, la cuesti\u00f3n es que ello &#8220;no beneficiar\u00eda a nadie&#8221;.<\/p>\n<p>   Por eso, ha llamado a &#8220;trabajar todos juntos para conseguir esa reducci\u00f3n efectiva&#8221; en los precios de los alimentos, &#8220;que poco a poco se va a ir notando, espero&#8221;, tanto &#8220;en la cesta de la compra&#8221;, como por &#8220;las familias&#8221;, no queriendo Planas &#8220;entrar en pol\u00e9mica con nadie y menos con (otros) miembros del Gobierno&#8221;, que expresan &#8220;opiniones a t\u00edtulo personal o como representantes de partidos pol\u00edticos&#8221;.<\/p>\n<p>   En este punto, ha subrayado que \u00e9l es &#8220;el responsable de la alimentaci\u00f3n en el Gobierno de Espa\u00f1a, y hablo en nombre del Gobierno de Espa\u00f1a y, sobre todo, expreso lo que en el Consejo de Ministros hemos decidido, y hemos decidido lo que estamos aplicando&#8221;, que es &#8220;una medida in\u00e9dita, que tiene muy pocos antecedentes en la Uni\u00f3n Europea (UE)&#8221;.<\/p>\n<p>   Se trata, seg\u00fan ha a\u00f1adido, de &#8220;una medida valiente&#8221; y que, &#8220;evidentemente, supone una inversi\u00f3n de fondos p\u00fablicos muy importante, tambi\u00e9n ese bono de 200 euros, que creo que es una medida complementaria necesaria para todos los ciudadanos&#8221;, y lo que se har\u00e1 es &#8220;examinar esta situaci\u00f3n&#8221;, a partir &#8220;de los datos del mes de marzo, que ser\u00e1n p\u00fablicos en el mes de abril&#8221; y, mientras tanto, el MAPA  mantendr\u00e1 el &#8220;contacto cotidiano con todos los miembros de la cadena (alimentaria)&#8221;, pues, &#8220;evidentemente, sabemos c\u00f3mo funciona esto y, l\u00f3gicamente, c\u00f3mo queremos que vaya el pa\u00eds y el sector agroalimentario&#8221;.<\/p>\n","protected":false},"excerpt":{"rendered":"<p>El ministro de Agricultura, Pesca y Alimentaci\u00f3n, Luis Planas, ha afirmado este jueves en Villanueva de C\u00f3rdoba, donde se ha reunido con representantes de la Denominaci\u00f3n de Origen Los Pedroches e industriales del sector c\u00e1rnico, que cualquier medida que se introdujera en el sentido de limitar los precios de los alimentos para los consumidores &#8220;ir\u00eda [&hellip;]<\/p>\n","protected":false},"author":277,"featured_media":176214,"comment_status":"close","ping_status":"","sticky":false,"template":"single-feature.php","format":"standard","meta":{"_acf_changed":false,"footnotes":""},"categories":[15645],"tags":[],"class_list":["post-176212","post","type-post","status-publish","format-standard","has-post-thumbnail","hentry","category-ultima-hora","cat-15645-id"],"acf":[],"yoast_head":"<!-- This site is optimized with the Yoast SEO plugin v27.4 - https:\/\/yoast.com\/product\/yoast-seo-wordpress\/ -->\n<title>Econom\u00eda.- Planas avisa de que limitar los precios de los alimentos &quot;ir\u00eda en contra&quot; de los agricultores y ganaderos - Tapas<\/title>\n<meta name=\"description\" content=\"El ministro de Agricultura, Pesca y Alimentaci\u00f3n, Luis Planas, ha afirmado este jueves en Villanueva de C\u00f3rdoba, donde se ha reunido con representantes de\" \/>\n<meta name=\"robots\" content=\"index, follow, max-snippet:-1, max-image-preview:large, max-video-preview:-1\" \/>\n<link rel=\"canonical\" href=\"https:\/\/www.tapasmagazine.es\/en\/economia-planas-avisa-de-que-limitar-los-precios-de-los-alimentos-iria-en-contra-de-los-agricultores-y-ganaderos\/\" \/>\n<meta property=\"og:locale\" content=\"en_US\" \/>\n<meta property=\"og:type\" content=\"article\" \/>\n<meta property=\"og:title\" content=\"Econom\u00eda.- Planas avisa de que limitar los precios de los alimentos &quot;ir\u00eda en contra&quot; de los agricultores y ganaderos - Tapas\" \/>\n<meta property=\"og:description\" content=\"El ministro de Agricultura, Pesca y Alimentaci\u00f3n, Luis Planas, ha afirmado este jueves en Villanueva de C\u00f3rdoba, donde se ha reunido con representantes de\" \/>\n<meta property=\"og:url\" content=\"https:\/\/www.tapasmagazine.es\/en\/economia-planas-avisa-de-que-limitar-los-precios-de-los-alimentos-iria-en-contra-de-los-agricultores-y-ganaderos\/\" \/>\n<meta property=\"og:site_name\" content=\"Tapas\" \/>\n<meta property=\"article:publisher\" content=\"https:\/\/www.facebook.com\/tapasmagazine\" \/>\n<meta property=\"article:published_time\" content=\"2023-02-23T15:10:10+00:00\" \/>\n<meta property=\"article:modified_time\" content=\"2023-02-23T15:12:48+00:00\" \/>\n<meta property=\"og:image\" content=\"https:\/\/www.tapasmagazine.es\/wp-content\/uploads\/2023\/02\/fotonoticia_20230223161010_9999.jpg\" \/>\n\t<meta property=\"og:image:width\" content=\"1920\" \/>\n\t<meta property=\"og:image:height\" content=\"1080\" \/>\n\t<meta property=\"og:image:type\" content=\"image\/jpeg\" \/>\n<meta name=\"author\" content=\"Tapas \/ EP\" \/>\n<meta name=\"twitter:card\" content=\"summary_large_image\" \/>\n<meta name=\"twitter:creator\" content=\"@TapasMagazine\" \/>\n<meta name=\"twitter:site\" content=\"@TapasMagazine\" \/>\n<meta name=\"twitter:label1\" content=\"Written by\" \/>\n\t<meta name=\"twitter:data1\" content=\"Tapas \/ EP\" \/>\n\t<meta name=\"twitter:label2\" content=\"Est. reading time\" \/>\n\t<meta name=\"twitter:data2\" content=\"2 minutes\" \/>\n<script type=\"application\/ld+json\" class=\"yoast-schema-graph\">{\"@context\":\"https:\\\/\\\/schema.org\",\"@graph\":[{\"@type\":\"Article\",\"@id\":\"https:\\\/\\\/www.tapasmagazine.es\\\/en\\\/economia-planas-avisa-de-que-limitar-los-precios-de-los-alimentos-iria-en-contra-de-los-agricultores-y-ganaderos\\\/#article\",\"isPartOf\":{\"@id\":\"https:\\\/\\\/www.tapasmagazine.es\\\/en\\\/economia-planas-avisa-de-que-limitar-los-precios-de-los-alimentos-iria-en-contra-de-los-agricultores-y-ganaderos\\\/\"},\"author\":{\"name\":\"Tapas \\\/ EP\",\"@id\":\"https:\\\/\\\/www.tapasmagazine.es\\\/#\\\/schema\\\/person\\\/dddb3bce6f98f2124c204b901d74a14b\"},\"headline\":\"Econom\u00eda.- Planas avisa de que limitar los precios de los alimentos &#8220;ir\u00eda en contra&#8221; de los agricultores y ganaderos\",\"datePublished\":\"2023-02-23T15:10:10+00:00\",\"dateModified\":\"2023-02-23T15:12:48+00:00\",\"mainEntityOfPage\":{\"@id\":\"https:\\\/\\\/www.tapasmagazine.es\\\/en\\\/economia-planas-avisa-de-que-limitar-los-precios-de-los-alimentos-iria-en-contra-de-los-agricultores-y-ganaderos\\\/\"},\"wordCount\":442,\"publisher\":{\"@id\":\"https:\\\/\\\/www.tapasmagazine.es\\\/#organization\"},\"image\":{\"@id\":\"https:\\\/\\\/www.tapasmagazine.es\\\/en\\\/economia-planas-avisa-de-que-limitar-los-precios-de-los-alimentos-iria-en-contra-de-los-agricultores-y-ganaderos\\\/#primaryimage\"},\"thumbnailUrl\":\"https:\\\/\\\/www.tapasmagazine.es\\\/wp-content\\\/uploads\\\/2023\\\/02\\\/fotonoticia_20230223161010_9999.jpg\",\"articleSection\":[\"\u00daltima hora\"],\"inLanguage\":\"en-US\"},{\"@type\":\"WebPage\",\"@id\":\"https:\\\/\\\/www.tapasmagazine.es\\\/en\\\/economia-planas-avisa-de-que-limitar-los-precios-de-los-alimentos-iria-en-contra-de-los-agricultores-y-ganaderos\\\/\",\"url\":\"https:\\\/\\\/www.tapasmagazine.es\\\/en\\\/economia-planas-avisa-de-que-limitar-los-precios-de-los-alimentos-iria-en-contra-de-los-agricultores-y-ganaderos\\\/\",\"name\":\"Econom\u00eda.- Planas avisa de que limitar los precios de los alimentos \\\"ir\u00eda en contra\\\" de los agricultores y ganaderos - Tapas\",\"isPartOf\":{\"@id\":\"https:\\\/\\\/www.tapasmagazine.es\\\/#website\"},\"primaryImageOfPage\":{\"@id\":\"https:\\\/\\\/www.tapasmagazine.es\\\/en\\\/economia-planas-avisa-de-que-limitar-los-precios-de-los-alimentos-iria-en-contra-de-los-agricultores-y-ganaderos\\\/#primaryimage\"},\"image\":{\"@id\":\"https:\\\/\\\/www.tapasmagazine.es\\\/en\\\/economia-planas-avisa-de-que-limitar-los-precios-de-los-alimentos-iria-en-contra-de-los-agricultores-y-ganaderos\\\/#primaryimage\"},\"thumbnailUrl\":\"https:\\\/\\\/www.tapasmagazine.es\\\/wp-content\\\/uploads\\\/2023\\\/02\\\/fotonoticia_20230223161010_9999.jpg\",\"datePublished\":\"2023-02-23T15:10:10+00:00\",\"dateModified\":\"2023-02-23T15:12:48+00:00\",\"description\":\"El ministro de Agricultura, Pesca y Alimentaci\u00f3n, Luis Planas, ha afirmado este jueves en Villanueva de C\u00f3rdoba, donde se ha reunido con representantes de\",\"breadcrumb\":{\"@id\":\"https:\\\/\\\/www.tapasmagazine.es\\\/en\\\/economia-planas-avisa-de-que-limitar-los-precios-de-los-alimentos-iria-en-contra-de-los-agricultores-y-ganaderos\\\/#breadcrumb\"},\"inLanguage\":\"en-US\",\"potentialAction\":[{\"@type\":\"ReadAction\",\"target\":[\"https:\\\/\\\/www.tapasmagazine.es\\\/en\\\/economia-planas-avisa-de-que-limitar-los-precios-de-los-alimentos-iria-en-contra-de-los-agricultores-y-ganaderos\\\/\"]}]},{\"@type\":\"ImageObject\",\"inLanguage\":\"en-US\",\"@id\":\"https:\\\/\\\/www.tapasmagazine.es\\\/en\\\/economia-planas-avisa-de-que-limitar-los-precios-de-los-alimentos-iria-en-contra-de-los-agricultores-y-ganaderos\\\/#primaryimage\",\"url\":\"https:\\\/\\\/www.tapasmagazine.es\\\/wp-content\\\/uploads\\\/2023\\\/02\\\/fotonoticia_20230223161010_9999.jpg\",\"contentUrl\":\"https:\\\/\\\/www.tapasmagazine.es\\\/wp-content\\\/uploads\\\/2023\\\/02\\\/fotonoticia_20230223161010_9999.jpg\",\"width\":1920,\"height\":1080},{\"@type\":\"BreadcrumbList\",\"@id\":\"https:\\\/\\\/www.tapasmagazine.es\\\/en\\\/economia-planas-avisa-de-que-limitar-los-precios-de-los-alimentos-iria-en-contra-de-los-agricultores-y-ganaderos\\\/#breadcrumb\",\"itemListElement\":[{\"@type\":\"ListItem\",\"position\":1,\"name\":\"Portada\",\"item\":\"https:\\\/\\\/www.tapasmagazine.es\\\/\"},{\"@type\":\"ListItem\",\"position\":2,\"name\":\"Sin categorizar\",\"item\":\"https:\\\/\\\/www.tapasmagazine.es\\\/categorias\\\/sin-categorizar\\\/\"},{\"@type\":\"ListItem\",\"position\":3,\"name\":\"Econom\u00eda.- Planas avisa de que limitar los precios de los alimentos \u00abir\u00eda en contra\u00bb de los agricultores y ganaderos\"}]},{\"@type\":\"WebSite\",\"@id\":\"https:\\\/\\\/www.tapasmagazine.es\\\/#website\",\"url\":\"https:\\\/\\\/www.tapasmagazine.es\\\/\",\"name\":\"Tapas\",\"description\":\"\u00d1am \u00d1am Lifestyle. La vida a bocados. Premio Nacional de Gastronom\u00eda 2016.\",\"publisher\":{\"@id\":\"https:\\\/\\\/www.tapasmagazine.es\\\/#organization\"},\"potentialAction\":[{\"@type\":\"SearchAction\",\"target\":{\"@type\":\"EntryPoint\",\"urlTemplate\":\"https:\\\/\\\/www.tapasmagazine.es\\\/?s={search_term_string}\"},\"query-input\":{\"@type\":\"PropertyValueSpecification\",\"valueRequired\":true,\"valueName\":\"search_term_string\"}}],\"inLanguage\":\"en-US\"},{\"@type\":\"Organization\",\"@id\":\"https:\\\/\\\/www.tapasmagazine.es\\\/#organization\",\"name\":\"Tapas Magazine\",\"url\":\"https:\\\/\\\/www.tapasmagazine.es\\\/\",\"logo\":{\"@type\":\"ImageObject\",\"inLanguage\":\"en-US\",\"@id\":\"https:\\\/\\\/www.tapasmagazine.es\\\/#\\\/schema\\\/logo\\\/image\\\/\",\"url\":\"https:\\\/\\\/www.tapasmagazine.es\\\/wp-content\\\/uploads\\\/2018\\\/01\\\/logo.png\",\"contentUrl\":\"https:\\\/\\\/www.tapasmagazine.es\\\/wp-content\\\/uploads\\\/2018\\\/01\\\/logo.png\",\"width\":180,\"height\":60,\"caption\":\"Tapas Magazine\"},\"image\":{\"@id\":\"https:\\\/\\\/www.tapasmagazine.es\\\/#\\\/schema\\\/logo\\\/image\\\/\"},\"sameAs\":[\"https:\\\/\\\/www.facebook.com\\\/tapasmagazine\",\"https:\\\/\\\/x.com\\\/TapasMagazine\",\"https:\\\/\\\/www.instagram.com\\\/tapasmagazine\\\/\",\"https:\\\/\\\/www.linkedin.com\\\/company\\\/tapas-magazine\",\"https:\\\/\\\/es.pinterest.com\\\/tapasmagazine\\\/\",\"https:\\\/\\\/www.youtube.com\\\/channel\\\/UCEyxneAaACuR0lfDagrWjjg?sub_confirmation=1\"]},{\"@type\":\"Person\",\"@id\":\"https:\\\/\\\/www.tapasmagazine.es\\\/#\\\/schema\\\/person\\\/dddb3bce6f98f2124c204b901d74a14b\",\"name\":\"Tapas \\\/ EP\",\"url\":\"https:\\\/\\\/www.tapasmagazine.es\\\/en\\\/author\\\/tapasep\\\/\"}]}<\/script>\n<!-- \/ Yoast SEO plugin. -->","yoast_head_json":{"title":"Econom\u00eda.- Planas avisa de que limitar los precios de los alimentos \"ir\u00eda en contra\" de los agricultores y ganaderos - Tapas","description":"El ministro de Agricultura, Pesca y Alimentaci\u00f3n, Luis Planas, ha afirmado este jueves en Villanueva de C\u00f3rdoba, donde se ha reunido con representantes de","robots":{"index":"index","follow":"follow","max-snippet":"max-snippet:-1","max-image-preview":"max-image-preview:large","max-video-preview":"max-video-preview:-1"},"canonical":"https:\/\/www.tapasmagazine.es\/en\/economia-planas-avisa-de-que-limitar-los-precios-de-los-alimentos-iria-en-contra-de-los-agricultores-y-ganaderos\/","og_locale":"en_US","og_type":"article","og_title":"Econom\u00eda.- Planas avisa de que limitar los precios de los alimentos \"ir\u00eda en contra\" de los agricultores y ganaderos - Tapas","og_description":"El ministro de Agricultura, Pesca y Alimentaci\u00f3n, Luis Planas, ha afirmado este jueves en Villanueva de C\u00f3rdoba, donde se ha reunido con representantes de","og_url":"https:\/\/www.tapasmagazine.es\/en\/economia-planas-avisa-de-que-limitar-los-precios-de-los-alimentos-iria-en-contra-de-los-agricultores-y-ganaderos\/","og_site_name":"Tapas","article_publisher":"https:\/\/www.facebook.com\/tapasmagazine","article_published_time":"2023-02-23T15:10:10+00:00","article_modified_time":"2023-02-23T15:12:48+00:00","og_image":[{"width":1920,"height":1080,"url":"https:\/\/www.tapasmagazine.es\/wp-content\/uploads\/2023\/02\/fotonoticia_20230223161010_9999.jpg","type":"image\/jpeg"}],"author":"Tapas \/ EP","twitter_card":"summary_large_image","twitter_creator":"@TapasMagazine","twitter_site":"@TapasMagazine","twitter_misc":{"Written by":"Tapas \/ EP","Est. reading time":"2 minutes"},"schema":{"@context":"https:\/\/schema.org","@graph":[{"@type":"Article","@id":"https:\/\/www.tapasmagazine.es\/en\/economia-planas-avisa-de-que-limitar-los-precios-de-los-alimentos-iria-en-contra-de-los-agricultores-y-ganaderos\/#article","isPartOf":{"@id":"https:\/\/www.tapasmagazine.es\/en\/economia-planas-avisa-de-que-limitar-los-precios-de-los-alimentos-iria-en-contra-de-los-agricultores-y-ganaderos\/"},"author":{"name":"Tapas \/ EP","@id":"https:\/\/www.tapasmagazine.es\/#\/schema\/person\/dddb3bce6f98f2124c204b901d74a14b"},"headline":"Econom\u00eda.- Planas avisa de que limitar los precios de los alimentos &#8220;ir\u00eda en contra&#8221; de los agricultores y ganaderos","datePublished":"2023-02-23T15:10:10+00:00","dateModified":"2023-02-23T15:12:48+00:00","mainEntityOfPage":{"@id":"https:\/\/www.tapasmagazine.es\/en\/economia-planas-avisa-de-que-limitar-los-precios-de-los-alimentos-iria-en-contra-de-los-agricultores-y-ganaderos\/"},"wordCount":442,"publisher":{"@id":"https:\/\/www.tapasmagazine.es\/#organization"},"image":{"@id":"https:\/\/www.tapasmagazine.es\/en\/economia-planas-avisa-de-que-limitar-los-precios-de-los-alimentos-iria-en-contra-de-los-agricultores-y-ganaderos\/#primaryimage"},"thumbnailUrl":"https:\/\/www.tapasmagazine.es\/wp-content\/uploads\/2023\/02\/fotonoticia_20230223161010_9999.jpg","articleSection":["\u00daltima hora"],"inLanguage":"en-US"},{"@type":"WebPage","@id":"https:\/\/www.tapasmagazine.es\/en\/economia-planas-avisa-de-que-limitar-los-precios-de-los-alimentos-iria-en-contra-de-los-agricultores-y-ganaderos\/","url":"https:\/\/www.tapasmagazine.es\/en\/economia-planas-avisa-de-que-limitar-los-precios-de-los-alimentos-iria-en-contra-de-los-agricultores-y-ganaderos\/","name":"Econom\u00eda.- Planas avisa de que limitar los precios de los alimentos \"ir\u00eda en contra\" de los agricultores y ganaderos - Tapas","isPartOf":{"@id":"https:\/\/www.tapasmagazine.es\/#website"},"primaryImageOfPage":{"@id":"https:\/\/www.tapasmagazine.es\/en\/economia-planas-avisa-de-que-limitar-los-precios-de-los-alimentos-iria-en-contra-de-los-agricultores-y-ganaderos\/#primaryimage"},"image":{"@id":"https:\/\/www.tapasmagazine.es\/en\/economia-planas-avisa-de-que-limitar-los-precios-de-los-alimentos-iria-en-contra-de-los-agricultores-y-ganaderos\/#primaryimage"},"thumbnailUrl":"https:\/\/www.tapasmagazine.es\/wp-content\/uploads\/2023\/02\/fotonoticia_20230223161010_9999.jpg","datePublished":"2023-02-23T15:10:10+00:00","dateModified":"2023-02-23T15:12:48+00:00","description":"El ministro de Agricultura, Pesca y Alimentaci\u00f3n, Luis Planas, ha afirmado este jueves en Villanueva de C\u00f3rdoba, donde se ha reunido con representantes de","breadcrumb":{"@id":"https:\/\/www.tapasmagazine.es\/en\/economia-planas-avisa-de-que-limitar-los-precios-de-los-alimentos-iria-en-contra-de-los-agricultores-y-ganaderos\/#breadcrumb"},"inLanguage":"en-US","potentialAction":[{"@type":"ReadAction","target":["https:\/\/www.tapasmagazine.es\/en\/economia-planas-avisa-de-que-limitar-los-precios-de-los-alimentos-iria-en-contra-de-los-agricultores-y-ganaderos\/"]}]},{"@type":"ImageObject","inLanguage":"en-US","@id":"https:\/\/www.tapasmagazine.es\/en\/economia-planas-avisa-de-que-limitar-los-precios-de-los-alimentos-iria-en-contra-de-los-agricultores-y-ganaderos\/#primaryimage","url":"https:\/\/www.tapasmagazine.es\/wp-content\/uploads\/2023\/02\/fotonoticia_20230223161010_9999.jpg","contentUrl":"https:\/\/www.tapasmagazine.es\/wp-content\/uploads\/2023\/02\/fotonoticia_20230223161010_9999.jpg","width":1920,"height":1080},{"@type":"BreadcrumbList","@id":"https:\/\/www.tapasmagazine.es\/en\/economia-planas-avisa-de-que-limitar-los-precios-de-los-alimentos-iria-en-contra-de-los-agricultores-y-ganaderos\/#breadcrumb","itemListElement":[{"@type":"ListItem","position":1,"name":"Portada","item":"https:\/\/www.tapasmagazine.es\/"},{"@type":"ListItem","position":2,"name":"Sin categorizar","item":"https:\/\/www.tapasmagazine.es\/categorias\/sin-categorizar\/"},{"@type":"ListItem","position":3,"name":"Econom\u00eda.- Planas avisa de que limitar los precios de los alimentos \u00abir\u00eda en contra\u00bb de los agricultores y ganaderos"}]},{"@type":"WebSite","@id":"https:\/\/www.tapasmagazine.es\/#website","url":"https:\/\/www.tapasmagazine.es\/","name":"Tapas","description":"\u00d1am \u00d1am Lifestyle. La vida a bocados. Premio Nacional de Gastronom\u00eda 2016.","publisher":{"@id":"https:\/\/www.tapasmagazine.es\/#organization"},"potentialAction":[{"@type":"SearchAction","target":{"@type":"EntryPoint","urlTemplate":"https:\/\/www.tapasmagazine.es\/?s={search_term_string}"},"query-input":{"@type":"PropertyValueSpecification","valueRequired":true,"valueName":"search_term_string"}}],"inLanguage":"en-US"},{"@type":"Organization","@id":"https:\/\/www.tapasmagazine.es\/#organization","name":"Tapas Magazine","url":"https:\/\/www.tapasmagazine.es\/","logo":{"@type":"ImageObject","inLanguage":"en-US","@id":"https:\/\/www.tapasmagazine.es\/#\/schema\/logo\/image\/","url":"https:\/\/www.tapasmagazine.es\/wp-content\/uploads\/2018\/01\/logo.png","contentUrl":"https:\/\/www.tapasmagazine.es\/wp-content\/uploads\/2018\/01\/logo.png","width":180,"height":60,"caption":"Tapas Magazine"},"image":{"@id":"https:\/\/www.tapasmagazine.es\/#\/schema\/logo\/image\/"},"sameAs":["https:\/\/www.facebook.com\/tapasmagazine","https:\/\/x.com\/TapasMagazine","https:\/\/www.instagram.com\/tapasmagazine\/","https:\/\/www.linkedin.com\/company\/tapas-magazine","https:\/\/es.pinterest.com\/tapasmagazine\/","https:\/\/www.youtube.com\/channel\/UCEyxneAaACuR0lfDagrWjjg?sub_confirmation=1"]},{"@type":"Person","@id":"https:\/\/www.tapasmagazine.es\/#\/schema\/person\/dddb3bce6f98f2124c204b901d74a14b","name":"Tapas \/ EP","url":"https:\/\/www.tapasmagazine.es\/en\/author\/tapasep\/"}]}},"_links":{"self":[{"href":"https:\/\/www.tapasmagazine.es\/en\/wp-json\/wp\/v2\/posts\/176212","targetHints":{"allow":["GET"]}}],"collection":[{"href":"https:\/\/www.tapasmagazine.es\/en\/wp-json\/wp\/v2\/posts"}],"about":[{"href":"https:\/\/www.tapasmagazine.es\/en\/wp-json\/wp\/v2\/types\/post"}],"author":[{"embeddable":true,"href":"https:\/\/www.tapasmagazine.es\/en\/wp-json\/wp\/v2\/users\/277"}],"replies":[{"embeddable":true,"href":"https:\/\/www.tapasmagazine.es\/en\/wp-json\/wp\/v2\/comments?post=176212"}],"version-history":[{"count":1,"href":"https:\/\/www.tapasmagazine.es\/en\/wp-json\/wp\/v2\/posts\/176212\/revisions"}],"predecessor-version":[{"id":176213,"href":"https:\/\/www.tapasmagazine.es\/en\/wp-json\/wp\/v2\/posts\/176212\/revisions\/176213"}],"wp:featuredmedia":[{"embeddable":true,"href":"https:\/\/www.tapasmagazine.es\/en\/wp-json\/wp\/v2\/media\/176214"}],"wp:attachment":[{"href":"https:\/\/www.tapasmagazine.es\/en\/wp-json\/wp\/v2\/media?parent=176212"}],"wp:term":[{"taxonomy":"category","embeddable":true,"href":"https:\/\/www.tapasmagazine.es\/en\/wp-json\/wp\/v2\/categories?post=176212"},{"taxonomy":"post_tag","embeddable":true,"href":"https:\/\/www.tapasmagazine.es\/en\/wp-json\/wp\/v2\/tags?post=176212"}],"curies":[{"name":"wp","href":"https:\/\/api.w.org\/{rel}","templated":true}]}}