{"id":176184,"date":"2023-02-23T14:46:16","date_gmt":"2023-02-23T13:46:16","guid":{"rendered":"https:\/\/www.tapasmagazine.es\/?p=176184"},"modified":"2023-02-23T15:11:58","modified_gmt":"2023-02-23T14:11:58","slug":"economia-carrefour-y-sindicatos-firman-el-primer-convenio-de-supermercados-que-afecta-a-mas-de-10-000-trabajadores","status":"publish","type":"post","link":"https:\/\/www.tapasmagazine.es\/en\/economia-carrefour-y-sindicatos-firman-el-primer-convenio-de-supermercados-que-afecta-a-mas-de-10-000-trabajadores\/","title":{"rendered":"Econom\u00eda.- Carrefour y sindicatos firman el primer convenio de supermercados que afecta a m\u00e1s de 10.000 trabajadores"},"content":{"rendered":"<p>Carrefour ha firmado junto a CCOO y UGT el primer convenio de supermercados del grupo, el cual afecta a m\u00e1s de 10.000 trabajadores, seg\u00fan ha remitido este jueves la Confederaci\u00f3n Sindical Independiente Fetico, sindicato mayoritario del grupo.<\/p>\n<p>   Con esta firma, los sindicatos han conseguido el objetivo marcado de hacer confluir dicho convenio con el de referencia del sector, el de grandes almacenes en salarios y jornada.<\/p>\n<p>   As\u00ed, seg\u00fan explica Fetico, se aplicar\u00e1 un incremento salarial del 3,5% para todas los empleados del Grupo Champion, con aplicaci\u00f3n desde el 1 de enero de 2023, de un 5% para la plantilla del Grupo Champion y  de un 7,599% para los trabajadores del grupo Supersol Spain y  Superdistribuci\u00f3n Ceuta.<\/p>\n<p>   El objetivo es equiparar las tablas salariales de toda la plantilla de Grupo Supermercados Carrefour.<\/p>\n<p>   Asimismo, a principios de julio habr\u00e1 un nuevo incremento salarial, hasta los 16.726 euros anuales para t\u00e9cnicos y gestores, pertenecientes al grupo dos.<\/p>\n<p>   Esta subida persigue equiparar las tablas salariales de toda la plantilla del Grupo Supermercados Carrefour de 2022 y 2023, hasta m\u00e1s de un 10% en total, en la actualidad por encima de tablas de grandes almacenes.<\/p>\n<p>   Para los a\u00f1os 2024, 2025 y 2026 el incremento salarial ser\u00e1 el pactado en el convenio de grandes almacenes, por lo que anualmente se tendr\u00e1 que reunir la mesa negociadora para revisar las tablas salariales.<\/p>\n<p>JORNADA<\/p>\n<p>   Respecto a la jornada, este a\u00f1o 2023 ser\u00e1 de 1.792 horas, en 2024 ser\u00e1 de 1.787 horas, en 2025, de 1.782, en 2026 ser\u00e1 de 1.776 horas anuales, y a partir del 1 de enero de 2027 ser\u00e1 de 1.770 horas anuales, o en su caso la que resulte de aplicaci\u00f3n para ese a\u00f1o de conformidad  con el convenio sectorial estatal de grandes almacenes.<\/p>\n<p>   Fetico ha valorado muy positivamente estas mejoras para los trabajadores que se van a ver afectados por este primer convenio Grupo de Supermercados Carrefour, cumpliendo con el objetivo de equiparar las condiciones laborales al convenio sectorial de referencia.<\/p>\n<p>   Por su parte, CCOO ha manifestado que este convenio, que afecta a m\u00e1s de 200 centros repartidos por toda Espa\u00f1a, tiene en cuenta los aspectos normativos introducidos por la reforma laboral e incorpora reivindicaciones de la parte social que por primera vez se incluyen en el texto.<\/p>\n","protected":false},"excerpt":{"rendered":"<p>Carrefour ha firmado junto a CCOO y UGT el primer convenio de supermercados del grupo, el cual afecta a m\u00e1s de 10.000 trabajadores, seg\u00fan ha remitido este jueves la Confederaci\u00f3n Sindical Independiente Fetico, sindicato mayoritario del grupo. Con esta firma, los sindicatos han conseguido el objetivo marcado de hacer confluir dicho convenio con el de [&hellip;]<\/p>\n","protected":false},"author":277,"featured_media":176186,"comment_status":"close","ping_status":"","sticky":false,"template":"single-feature.php","format":"standard","meta":{"_acf_changed":false,"footnotes":""},"categories":[15645],"tags":[],"class_list":["post-176184","post","type-post","status-publish","format-standard","has-post-thumbnail","hentry","category-ultima-hora","cat-15645-id"],"acf":[],"yoast_head":"<!-- This site is optimized with the Yoast SEO plugin v27.4 - https:\/\/yoast.com\/product\/yoast-seo-wordpress\/ -->\n<title>Econom\u00eda.- Carrefour y sindicatos firman el primer convenio de supermercados que afecta a m\u00e1s de 10.000 trabajadores - Tapas<\/title>\n<meta name=\"description\" content=\"Carrefour ha firmado junto a CCOO y UGT el primer convenio de supermercados del grupo, el cual afecta a m\u00e1s de 10.000 trabajadores, seg\u00fan ha remitido este\" \/>\n<meta name=\"robots\" content=\"index, follow, max-snippet:-1, max-image-preview:large, max-video-preview:-1\" \/>\n<link rel=\"canonical\" href=\"https:\/\/www.tapasmagazine.es\/en\/economia-carrefour-y-sindicatos-firman-el-primer-convenio-de-supermercados-que-afecta-a-mas-de-10-000-trabajadores\/\" \/>\n<meta property=\"og:locale\" content=\"en_US\" \/>\n<meta property=\"og:type\" content=\"article\" \/>\n<meta property=\"og:title\" content=\"Econom\u00eda.- Carrefour y sindicatos firman el primer convenio de supermercados que afecta a m\u00e1s de 10.000 trabajadores - Tapas\" \/>\n<meta property=\"og:description\" content=\"Carrefour ha firmado junto a CCOO y UGT el primer convenio de supermercados del grupo, el cual afecta a m\u00e1s de 10.000 trabajadores, seg\u00fan ha remitido este\" \/>\n<meta property=\"og:url\" content=\"https:\/\/www.tapasmagazine.es\/en\/economia-carrefour-y-sindicatos-firman-el-primer-convenio-de-supermercados-que-afecta-a-mas-de-10-000-trabajadores\/\" \/>\n<meta property=\"og:site_name\" content=\"Tapas\" \/>\n<meta property=\"article:publisher\" content=\"https:\/\/www.facebook.com\/tapasmagazine\" \/>\n<meta property=\"article:published_time\" content=\"2023-02-23T13:46:16+00:00\" \/>\n<meta property=\"article:modified_time\" content=\"2023-02-23T14:11:58+00:00\" \/>\n<meta property=\"og:image\" content=\"https:\/\/www.tapasmagazine.es\/wp-content\/uploads\/2023\/02\/fotonoticia_20230223144616_9999.jpg\" \/>\n\t<meta property=\"og:image:width\" content=\"1958\" \/>\n\t<meta property=\"og:image:height\" content=\"1306\" \/>\n\t<meta property=\"og:image:type\" content=\"image\/jpeg\" \/>\n<meta name=\"author\" content=\"Tapas \/ EP\" \/>\n<meta name=\"twitter:card\" content=\"summary_large_image\" \/>\n<meta name=\"twitter:creator\" content=\"@TapasMagazine\" \/>\n<meta name=\"twitter:site\" content=\"@TapasMagazine\" \/>\n<meta name=\"twitter:label1\" content=\"Written by\" \/>\n\t<meta name=\"twitter:data1\" content=\"Tapas \/ EP\" \/>\n\t<meta name=\"twitter:label2\" content=\"Est. reading time\" \/>\n\t<meta name=\"twitter:data2\" content=\"2 minutes\" \/>\n<script type=\"application\/ld+json\" class=\"yoast-schema-graph\">{\"@context\":\"https:\\\/\\\/schema.org\",\"@graph\":[{\"@type\":\"Article\",\"@id\":\"https:\\\/\\\/www.tapasmagazine.es\\\/en\\\/economia-carrefour-y-sindicatos-firman-el-primer-convenio-de-supermercados-que-afecta-a-mas-de-10-000-trabajadores\\\/#article\",\"isPartOf\":{\"@id\":\"https:\\\/\\\/www.tapasmagazine.es\\\/en\\\/economia-carrefour-y-sindicatos-firman-el-primer-convenio-de-supermercados-que-afecta-a-mas-de-10-000-trabajadores\\\/\"},\"author\":{\"name\":\"Tapas \\\/ EP\",\"@id\":\"https:\\\/\\\/www.tapasmagazine.es\\\/#\\\/schema\\\/person\\\/dddb3bce6f98f2124c204b901d74a14b\"},\"headline\":\"Econom\u00eda.- Carrefour y sindicatos firman el primer convenio de supermercados que afecta a m\u00e1s de 10.000 trabajadores\",\"datePublished\":\"2023-02-23T13:46:16+00:00\",\"dateModified\":\"2023-02-23T14:11:58+00:00\",\"mainEntityOfPage\":{\"@id\":\"https:\\\/\\\/www.tapasmagazine.es\\\/en\\\/economia-carrefour-y-sindicatos-firman-el-primer-convenio-de-supermercados-que-afecta-a-mas-de-10-000-trabajadores\\\/\"},\"wordCount\":383,\"publisher\":{\"@id\":\"https:\\\/\\\/www.tapasmagazine.es\\\/#organization\"},\"image\":{\"@id\":\"https:\\\/\\\/www.tapasmagazine.es\\\/en\\\/economia-carrefour-y-sindicatos-firman-el-primer-convenio-de-supermercados-que-afecta-a-mas-de-10-000-trabajadores\\\/#primaryimage\"},\"thumbnailUrl\":\"https:\\\/\\\/www.tapasmagazine.es\\\/wp-content\\\/uploads\\\/2023\\\/02\\\/fotonoticia_20230223144616_9999.jpg\",\"articleSection\":[\"\u00daltima hora\"],\"inLanguage\":\"en-US\"},{\"@type\":\"WebPage\",\"@id\":\"https:\\\/\\\/www.tapasmagazine.es\\\/en\\\/economia-carrefour-y-sindicatos-firman-el-primer-convenio-de-supermercados-que-afecta-a-mas-de-10-000-trabajadores\\\/\",\"url\":\"https:\\\/\\\/www.tapasmagazine.es\\\/en\\\/economia-carrefour-y-sindicatos-firman-el-primer-convenio-de-supermercados-que-afecta-a-mas-de-10-000-trabajadores\\\/\",\"name\":\"Econom\u00eda.- Carrefour y sindicatos firman el primer convenio de supermercados que afecta a m\u00e1s de 10.000 trabajadores - Tapas\",\"isPartOf\":{\"@id\":\"https:\\\/\\\/www.tapasmagazine.es\\\/#website\"},\"primaryImageOfPage\":{\"@id\":\"https:\\\/\\\/www.tapasmagazine.es\\\/en\\\/economia-carrefour-y-sindicatos-firman-el-primer-convenio-de-supermercados-que-afecta-a-mas-de-10-000-trabajadores\\\/#primaryimage\"},\"image\":{\"@id\":\"https:\\\/\\\/www.tapasmagazine.es\\\/en\\\/economia-carrefour-y-sindicatos-firman-el-primer-convenio-de-supermercados-que-afecta-a-mas-de-10-000-trabajadores\\\/#primaryimage\"},\"thumbnailUrl\":\"https:\\\/\\\/www.tapasmagazine.es\\\/wp-content\\\/uploads\\\/2023\\\/02\\\/fotonoticia_20230223144616_9999.jpg\",\"datePublished\":\"2023-02-23T13:46:16+00:00\",\"dateModified\":\"2023-02-23T14:11:58+00:00\",\"description\":\"Carrefour ha firmado junto a CCOO y UGT el primer convenio de supermercados del grupo, el cual afecta a m\u00e1s de 10.000 trabajadores, seg\u00fan ha remitido este\",\"breadcrumb\":{\"@id\":\"https:\\\/\\\/www.tapasmagazine.es\\\/en\\\/economia-carrefour-y-sindicatos-firman-el-primer-convenio-de-supermercados-que-afecta-a-mas-de-10-000-trabajadores\\\/#breadcrumb\"},\"inLanguage\":\"en-US\",\"potentialAction\":[{\"@type\":\"ReadAction\",\"target\":[\"https:\\\/\\\/www.tapasmagazine.es\\\/en\\\/economia-carrefour-y-sindicatos-firman-el-primer-convenio-de-supermercados-que-afecta-a-mas-de-10-000-trabajadores\\\/\"]}]},{\"@type\":\"ImageObject\",\"inLanguage\":\"en-US\",\"@id\":\"https:\\\/\\\/www.tapasmagazine.es\\\/en\\\/economia-carrefour-y-sindicatos-firman-el-primer-convenio-de-supermercados-que-afecta-a-mas-de-10-000-trabajadores\\\/#primaryimage\",\"url\":\"https:\\\/\\\/www.tapasmagazine.es\\\/wp-content\\\/uploads\\\/2023\\\/02\\\/fotonoticia_20230223144616_9999.jpg\",\"contentUrl\":\"https:\\\/\\\/www.tapasmagazine.es\\\/wp-content\\\/uploads\\\/2023\\\/02\\\/fotonoticia_20230223144616_9999.jpg\",\"width\":1958,\"height\":1306},{\"@type\":\"BreadcrumbList\",\"@id\":\"https:\\\/\\\/www.tapasmagazine.es\\\/en\\\/economia-carrefour-y-sindicatos-firman-el-primer-convenio-de-supermercados-que-afecta-a-mas-de-10-000-trabajadores\\\/#breadcrumb\",\"itemListElement\":[{\"@type\":\"ListItem\",\"position\":1,\"name\":\"Portada\",\"item\":\"https:\\\/\\\/www.tapasmagazine.es\\\/\"},{\"@type\":\"ListItem\",\"position\":2,\"name\":\"Sin categorizar\",\"item\":\"https:\\\/\\\/www.tapasmagazine.es\\\/categorias\\\/sin-categorizar\\\/\"},{\"@type\":\"ListItem\",\"position\":3,\"name\":\"Econom\u00eda.- Carrefour y sindicatos firman el primer convenio de supermercados que afecta a m\u00e1s de 10.000 trabajadores\"}]},{\"@type\":\"WebSite\",\"@id\":\"https:\\\/\\\/www.tapasmagazine.es\\\/#website\",\"url\":\"https:\\\/\\\/www.tapasmagazine.es\\\/\",\"name\":\"Tapas\",\"description\":\"\u00d1am \u00d1am Lifestyle. La vida a bocados. Premio Nacional de Gastronom\u00eda 2016.\",\"publisher\":{\"@id\":\"https:\\\/\\\/www.tapasmagazine.es\\\/#organization\"},\"potentialAction\":[{\"@type\":\"SearchAction\",\"target\":{\"@type\":\"EntryPoint\",\"urlTemplate\":\"https:\\\/\\\/www.tapasmagazine.es\\\/?s={search_term_string}\"},\"query-input\":{\"@type\":\"PropertyValueSpecification\",\"valueRequired\":true,\"valueName\":\"search_term_string\"}}],\"inLanguage\":\"en-US\"},{\"@type\":\"Organization\",\"@id\":\"https:\\\/\\\/www.tapasmagazine.es\\\/#organization\",\"name\":\"Tapas Magazine\",\"url\":\"https:\\\/\\\/www.tapasmagazine.es\\\/\",\"logo\":{\"@type\":\"ImageObject\",\"inLanguage\":\"en-US\",\"@id\":\"https:\\\/\\\/www.tapasmagazine.es\\\/#\\\/schema\\\/logo\\\/image\\\/\",\"url\":\"https:\\\/\\\/www.tapasmagazine.es\\\/wp-content\\\/uploads\\\/2018\\\/01\\\/logo.png\",\"contentUrl\":\"https:\\\/\\\/www.tapasmagazine.es\\\/wp-content\\\/uploads\\\/2018\\\/01\\\/logo.png\",\"width\":180,\"height\":60,\"caption\":\"Tapas Magazine\"},\"image\":{\"@id\":\"https:\\\/\\\/www.tapasmagazine.es\\\/#\\\/schema\\\/logo\\\/image\\\/\"},\"sameAs\":[\"https:\\\/\\\/www.facebook.com\\\/tapasmagazine\",\"https:\\\/\\\/x.com\\\/TapasMagazine\",\"https:\\\/\\\/www.instagram.com\\\/tapasmagazine\\\/\",\"https:\\\/\\\/www.linkedin.com\\\/company\\\/tapas-magazine\",\"https:\\\/\\\/es.pinterest.com\\\/tapasmagazine\\\/\",\"https:\\\/\\\/www.youtube.com\\\/channel\\\/UCEyxneAaACuR0lfDagrWjjg?sub_confirmation=1\"]},{\"@type\":\"Person\",\"@id\":\"https:\\\/\\\/www.tapasmagazine.es\\\/#\\\/schema\\\/person\\\/dddb3bce6f98f2124c204b901d74a14b\",\"name\":\"Tapas \\\/ EP\",\"url\":\"https:\\\/\\\/www.tapasmagazine.es\\\/en\\\/author\\\/tapasep\\\/\"}]}<\/script>\n<!-- \/ Yoast SEO plugin. -->","yoast_head_json":{"title":"Econom\u00eda.- Carrefour y sindicatos firman el primer convenio de supermercados que afecta a m\u00e1s de 10.000 trabajadores - Tapas","description":"Carrefour ha firmado junto a CCOO y UGT el primer convenio de supermercados del grupo, el cual afecta a m\u00e1s de 10.000 trabajadores, seg\u00fan ha remitido este","robots":{"index":"index","follow":"follow","max-snippet":"max-snippet:-1","max-image-preview":"max-image-preview:large","max-video-preview":"max-video-preview:-1"},"canonical":"https:\/\/www.tapasmagazine.es\/en\/economia-carrefour-y-sindicatos-firman-el-primer-convenio-de-supermercados-que-afecta-a-mas-de-10-000-trabajadores\/","og_locale":"en_US","og_type":"article","og_title":"Econom\u00eda.- Carrefour y sindicatos firman el primer convenio de supermercados que afecta a m\u00e1s de 10.000 trabajadores - Tapas","og_description":"Carrefour ha firmado junto a CCOO y UGT el primer convenio de supermercados del grupo, el cual afecta a m\u00e1s de 10.000 trabajadores, seg\u00fan ha remitido este","og_url":"https:\/\/www.tapasmagazine.es\/en\/economia-carrefour-y-sindicatos-firman-el-primer-convenio-de-supermercados-que-afecta-a-mas-de-10-000-trabajadores\/","og_site_name":"Tapas","article_publisher":"https:\/\/www.facebook.com\/tapasmagazine","article_published_time":"2023-02-23T13:46:16+00:00","article_modified_time":"2023-02-23T14:11:58+00:00","og_image":[{"width":1958,"height":1306,"url":"https:\/\/www.tapasmagazine.es\/wp-content\/uploads\/2023\/02\/fotonoticia_20230223144616_9999.jpg","type":"image\/jpeg"}],"author":"Tapas \/ EP","twitter_card":"summary_large_image","twitter_creator":"@TapasMagazine","twitter_site":"@TapasMagazine","twitter_misc":{"Written by":"Tapas \/ EP","Est. reading time":"2 minutes"},"schema":{"@context":"https:\/\/schema.org","@graph":[{"@type":"Article","@id":"https:\/\/www.tapasmagazine.es\/en\/economia-carrefour-y-sindicatos-firman-el-primer-convenio-de-supermercados-que-afecta-a-mas-de-10-000-trabajadores\/#article","isPartOf":{"@id":"https:\/\/www.tapasmagazine.es\/en\/economia-carrefour-y-sindicatos-firman-el-primer-convenio-de-supermercados-que-afecta-a-mas-de-10-000-trabajadores\/"},"author":{"name":"Tapas \/ EP","@id":"https:\/\/www.tapasmagazine.es\/#\/schema\/person\/dddb3bce6f98f2124c204b901d74a14b"},"headline":"Econom\u00eda.- Carrefour y sindicatos firman el primer convenio de supermercados que afecta a m\u00e1s de 10.000 trabajadores","datePublished":"2023-02-23T13:46:16+00:00","dateModified":"2023-02-23T14:11:58+00:00","mainEntityOfPage":{"@id":"https:\/\/www.tapasmagazine.es\/en\/economia-carrefour-y-sindicatos-firman-el-primer-convenio-de-supermercados-que-afecta-a-mas-de-10-000-trabajadores\/"},"wordCount":383,"publisher":{"@id":"https:\/\/www.tapasmagazine.es\/#organization"},"image":{"@id":"https:\/\/www.tapasmagazine.es\/en\/economia-carrefour-y-sindicatos-firman-el-primer-convenio-de-supermercados-que-afecta-a-mas-de-10-000-trabajadores\/#primaryimage"},"thumbnailUrl":"https:\/\/www.tapasmagazine.es\/wp-content\/uploads\/2023\/02\/fotonoticia_20230223144616_9999.jpg","articleSection":["\u00daltima hora"],"inLanguage":"en-US"},{"@type":"WebPage","@id":"https:\/\/www.tapasmagazine.es\/en\/economia-carrefour-y-sindicatos-firman-el-primer-convenio-de-supermercados-que-afecta-a-mas-de-10-000-trabajadores\/","url":"https:\/\/www.tapasmagazine.es\/en\/economia-carrefour-y-sindicatos-firman-el-primer-convenio-de-supermercados-que-afecta-a-mas-de-10-000-trabajadores\/","name":"Econom\u00eda.- Carrefour y sindicatos firman el primer convenio de supermercados que afecta a m\u00e1s de 10.000 trabajadores - Tapas","isPartOf":{"@id":"https:\/\/www.tapasmagazine.es\/#website"},"primaryImageOfPage":{"@id":"https:\/\/www.tapasmagazine.es\/en\/economia-carrefour-y-sindicatos-firman-el-primer-convenio-de-supermercados-que-afecta-a-mas-de-10-000-trabajadores\/#primaryimage"},"image":{"@id":"https:\/\/www.tapasmagazine.es\/en\/economia-carrefour-y-sindicatos-firman-el-primer-convenio-de-supermercados-que-afecta-a-mas-de-10-000-trabajadores\/#primaryimage"},"thumbnailUrl":"https:\/\/www.tapasmagazine.es\/wp-content\/uploads\/2023\/02\/fotonoticia_20230223144616_9999.jpg","datePublished":"2023-02-23T13:46:16+00:00","dateModified":"2023-02-23T14:11:58+00:00","description":"Carrefour ha firmado junto a CCOO y UGT el primer convenio de supermercados del grupo, el cual afecta a m\u00e1s de 10.000 trabajadores, seg\u00fan ha remitido este","breadcrumb":{"@id":"https:\/\/www.tapasmagazine.es\/en\/economia-carrefour-y-sindicatos-firman-el-primer-convenio-de-supermercados-que-afecta-a-mas-de-10-000-trabajadores\/#breadcrumb"},"inLanguage":"en-US","potentialAction":[{"@type":"ReadAction","target":["https:\/\/www.tapasmagazine.es\/en\/economia-carrefour-y-sindicatos-firman-el-primer-convenio-de-supermercados-que-afecta-a-mas-de-10-000-trabajadores\/"]}]},{"@type":"ImageObject","inLanguage":"en-US","@id":"https:\/\/www.tapasmagazine.es\/en\/economia-carrefour-y-sindicatos-firman-el-primer-convenio-de-supermercados-que-afecta-a-mas-de-10-000-trabajadores\/#primaryimage","url":"https:\/\/www.tapasmagazine.es\/wp-content\/uploads\/2023\/02\/fotonoticia_20230223144616_9999.jpg","contentUrl":"https:\/\/www.tapasmagazine.es\/wp-content\/uploads\/2023\/02\/fotonoticia_20230223144616_9999.jpg","width":1958,"height":1306},{"@type":"BreadcrumbList","@id":"https:\/\/www.tapasmagazine.es\/en\/economia-carrefour-y-sindicatos-firman-el-primer-convenio-de-supermercados-que-afecta-a-mas-de-10-000-trabajadores\/#breadcrumb","itemListElement":[{"@type":"ListItem","position":1,"name":"Portada","item":"https:\/\/www.tapasmagazine.es\/"},{"@type":"ListItem","position":2,"name":"Sin categorizar","item":"https:\/\/www.tapasmagazine.es\/categorias\/sin-categorizar\/"},{"@type":"ListItem","position":3,"name":"Econom\u00eda.- Carrefour y sindicatos firman el primer convenio de supermercados que afecta a m\u00e1s de 10.000 trabajadores"}]},{"@type":"WebSite","@id":"https:\/\/www.tapasmagazine.es\/#website","url":"https:\/\/www.tapasmagazine.es\/","name":"Tapas","description":"\u00d1am \u00d1am Lifestyle. La vida a bocados. Premio Nacional de Gastronom\u00eda 2016.","publisher":{"@id":"https:\/\/www.tapasmagazine.es\/#organization"},"potentialAction":[{"@type":"SearchAction","target":{"@type":"EntryPoint","urlTemplate":"https:\/\/www.tapasmagazine.es\/?s={search_term_string}"},"query-input":{"@type":"PropertyValueSpecification","valueRequired":true,"valueName":"search_term_string"}}],"inLanguage":"en-US"},{"@type":"Organization","@id":"https:\/\/www.tapasmagazine.es\/#organization","name":"Tapas Magazine","url":"https:\/\/www.tapasmagazine.es\/","logo":{"@type":"ImageObject","inLanguage":"en-US","@id":"https:\/\/www.tapasmagazine.es\/#\/schema\/logo\/image\/","url":"https:\/\/www.tapasmagazine.es\/wp-content\/uploads\/2018\/01\/logo.png","contentUrl":"https:\/\/www.tapasmagazine.es\/wp-content\/uploads\/2018\/01\/logo.png","width":180,"height":60,"caption":"Tapas Magazine"},"image":{"@id":"https:\/\/www.tapasmagazine.es\/#\/schema\/logo\/image\/"},"sameAs":["https:\/\/www.facebook.com\/tapasmagazine","https:\/\/x.com\/TapasMagazine","https:\/\/www.instagram.com\/tapasmagazine\/","https:\/\/www.linkedin.com\/company\/tapas-magazine","https:\/\/es.pinterest.com\/tapasmagazine\/","https:\/\/www.youtube.com\/channel\/UCEyxneAaACuR0lfDagrWjjg?sub_confirmation=1"]},{"@type":"Person","@id":"https:\/\/www.tapasmagazine.es\/#\/schema\/person\/dddb3bce6f98f2124c204b901d74a14b","name":"Tapas \/ EP","url":"https:\/\/www.tapasmagazine.es\/en\/author\/tapasep\/"}]}},"_links":{"self":[{"href":"https:\/\/www.tapasmagazine.es\/en\/wp-json\/wp\/v2\/posts\/176184","targetHints":{"allow":["GET"]}}],"collection":[{"href":"https:\/\/www.tapasmagazine.es\/en\/wp-json\/wp\/v2\/posts"}],"about":[{"href":"https:\/\/www.tapasmagazine.es\/en\/wp-json\/wp\/v2\/types\/post"}],"author":[{"embeddable":true,"href":"https:\/\/www.tapasmagazine.es\/en\/wp-json\/wp\/v2\/users\/277"}],"replies":[{"embeddable":true,"href":"https:\/\/www.tapasmagazine.es\/en\/wp-json\/wp\/v2\/comments?post=176184"}],"version-history":[{"count":1,"href":"https:\/\/www.tapasmagazine.es\/en\/wp-json\/wp\/v2\/posts\/176184\/revisions"}],"predecessor-version":[{"id":176185,"href":"https:\/\/www.tapasmagazine.es\/en\/wp-json\/wp\/v2\/posts\/176184\/revisions\/176185"}],"wp:featuredmedia":[{"embeddable":true,"href":"https:\/\/www.tapasmagazine.es\/en\/wp-json\/wp\/v2\/media\/176186"}],"wp:attachment":[{"href":"https:\/\/www.tapasmagazine.es\/en\/wp-json\/wp\/v2\/media?parent=176184"}],"wp:term":[{"taxonomy":"category","embeddable":true,"href":"https:\/\/www.tapasmagazine.es\/en\/wp-json\/wp\/v2\/categories?post=176184"},{"taxonomy":"post_tag","embeddable":true,"href":"https:\/\/www.tapasmagazine.es\/en\/wp-json\/wp\/v2\/tags?post=176184"}],"curies":[{"name":"wp","href":"https:\/\/api.w.org\/{rel}","templated":true}]}}