{"id":176134,"date":"2023-02-23T12:46:08","date_gmt":"2023-02-23T11:46:08","guid":{"rendered":"https:\/\/www.tapasmagazine.es\/?p=176134"},"modified":"2023-02-23T13:11:59","modified_gmt":"2023-02-23T12:11:59","slug":"economia-upa-ve-un-hito-la-publicacion-de-las-empresas-multadas-por-la-ley-de-la-cadena-y-espera-que-no-reincidan","status":"publish","type":"post","link":"https:\/\/www.tapasmagazine.es\/en\/economia-upa-ve-un-hito-la-publicacion-de-las-empresas-multadas-por-la-ley-de-la-cadena-y-espera-que-no-reincidan\/","title":{"rendered":"Econom\u00eda.- UPA ve un &#8220;hito&#8221; la publicaci\u00f3n de las empresas multadas por la Ley de la Cadena y espera que no reincidan"},"content":{"rendered":"<p>La Uni\u00f3n de Peque\u00f1os Agricultores y Ganaderos (UPA) ha calificado como &#8220;hito&#8221; la publicaci\u00f3n del listado de las 69 empresas multadas por el incumplimiento de la Ley de la Cadena Alimentaria por pr\u00e1cticas comerciales desleales, seg\u00fan ha informado este jueves en una nota de prensa.<\/p>\n<p>   El anuncio de las compa\u00f1\u00edas sancionadas por la Agencia de Informaci\u00f3n y Control Alimentario (AICA), organismo dependiente del Ministerio de Agricultura, Pesca y Alimentaci\u00f3n, &#8220;es una reivindicaci\u00f3n&#8221; por la que la organizaci\u00f3n lleva luchando desde la publicaci\u00f3n inicial de la Ley de Cadena en 2013.<\/p>\n<p>   Los principales elementos de la multa son el incumplimiento de los plazos de pago, la inexistencia de contratos por escrito o la no inclusi\u00f3n del precio en dichos contratos.<\/p>\n<p>   En concreto, UPA ha puesto de manifiesto que &#8220;los consumidores y la sociedad deben conocer, con nombre y apellidos, qui\u00e9n est\u00e1 haciendo malas pr\u00e1cticas comerciales que perjudican a los agricultores y ganaderos&#8221;.<\/p>\n<p>   Asimismo, la organizaci\u00f3n agraria y ganadera ha explicado que al tratarse de sanciones con penas mayores en caso de reincidencia, conf\u00edan en que las pr\u00e1cticas comerciales vayan desapareciendo. En este sentido, han reclamado al Ejecutivo m\u00e1s informaci\u00f3n y transparencia de la cadena alimentaria.<\/p>\n<p>   UPA participar\u00e1 el pr\u00f3ximo lunes 27 de febrero junto al resto de la cadena en el Consejo de Asesor del Observatorio de la Agencia de Informaci\u00f3n y Control Alimentarios (AICA), del Ministerio de Agricultura, Pesca y Alimentaci\u00f3n, donde pedir\u00e1 ahondar en los estudios de la cadena de valor de todos los productos.<\/p>\n<p>   Por su parte, entre las 69 empresas sancionadas se encuentran Centros Comerciales Carrefour, Distribuciones Froiz y Dia Retail, entre otras.<\/p>\n","protected":false},"excerpt":{"rendered":"<p>La Uni\u00f3n de Peque\u00f1os Agricultores y Ganaderos (UPA) ha calificado como &#8220;hito&#8221; la publicaci\u00f3n del listado de las 69 empresas multadas por el incumplimiento de la Ley de la Cadena Alimentaria por pr\u00e1cticas comerciales desleales, seg\u00fan ha informado este jueves en una nota de prensa. El anuncio de las compa\u00f1\u00edas sancionadas por la Agencia de [&hellip;]<\/p>\n","protected":false},"author":277,"featured_media":176136,"comment_status":"close","ping_status":"","sticky":false,"template":"single-feature.php","format":"standard","meta":{"_acf_changed":false,"footnotes":""},"categories":[15645],"tags":[],"class_list":["post-176134","post","type-post","status-publish","format-standard","has-post-thumbnail","hentry","category-ultima-hora","cat-15645-id"],"acf":[],"yoast_head":"<!-- This site is optimized with the Yoast SEO plugin v27.4 - https:\/\/yoast.com\/product\/yoast-seo-wordpress\/ -->\n<title>Econom\u00eda.- UPA ve un &quot;hito&quot; la publicaci\u00f3n de las empresas multadas por la Ley de la Cadena y espera que no reincidan - Tapas<\/title>\n<meta name=\"description\" content=\"La Uni\u00f3n de Peque\u00f1os Agricultores y Ganaderos (UPA) ha calificado como &quot;hito&quot; la publicaci\u00f3n del listado de las 69 empresas multadas por el incumplimiento\" \/>\n<meta name=\"robots\" content=\"index, follow, max-snippet:-1, max-image-preview:large, max-video-preview:-1\" \/>\n<link rel=\"canonical\" href=\"https:\/\/www.tapasmagazine.es\/en\/economia-upa-ve-un-hito-la-publicacion-de-las-empresas-multadas-por-la-ley-de-la-cadena-y-espera-que-no-reincidan\/\" \/>\n<meta property=\"og:locale\" content=\"en_US\" \/>\n<meta property=\"og:type\" content=\"article\" \/>\n<meta property=\"og:title\" content=\"Econom\u00eda.- UPA ve un &quot;hito&quot; la publicaci\u00f3n de las empresas multadas por la Ley de la Cadena y espera que no reincidan - Tapas\" \/>\n<meta property=\"og:description\" content=\"La Uni\u00f3n de Peque\u00f1os Agricultores y Ganaderos (UPA) ha calificado como &quot;hito&quot; la publicaci\u00f3n del listado de las 69 empresas multadas por el incumplimiento\" \/>\n<meta property=\"og:url\" content=\"https:\/\/www.tapasmagazine.es\/en\/economia-upa-ve-un-hito-la-publicacion-de-las-empresas-multadas-por-la-ley-de-la-cadena-y-espera-que-no-reincidan\/\" \/>\n<meta property=\"og:site_name\" content=\"Tapas\" \/>\n<meta property=\"article:publisher\" content=\"https:\/\/www.facebook.com\/tapasmagazine\" \/>\n<meta property=\"article:published_time\" content=\"2023-02-23T11:46:08+00:00\" \/>\n<meta property=\"article:modified_time\" content=\"2023-02-23T12:11:59+00:00\" \/>\n<meta property=\"og:image\" content=\"https:\/\/www.tapasmagazine.es\/wp-content\/uploads\/2023\/02\/fotonoticia_20230223124608_9999-scaled.jpg\" \/>\n\t<meta property=\"og:image:width\" content=\"2560\" \/>\n\t<meta property=\"og:image:height\" content=\"1707\" \/>\n\t<meta property=\"og:image:type\" content=\"image\/jpeg\" \/>\n<meta name=\"author\" content=\"Tapas \/ EP\" \/>\n<meta name=\"twitter:card\" content=\"summary_large_image\" \/>\n<meta name=\"twitter:creator\" content=\"@TapasMagazine\" \/>\n<meta name=\"twitter:site\" content=\"@TapasMagazine\" \/>\n<meta name=\"twitter:label1\" content=\"Written by\" \/>\n\t<meta name=\"twitter:data1\" content=\"Tapas \/ EP\" \/>\n\t<meta name=\"twitter:label2\" content=\"Est. reading time\" \/>\n\t<meta name=\"twitter:data2\" content=\"1 minute\" \/>\n<script type=\"application\/ld+json\" class=\"yoast-schema-graph\">{\"@context\":\"https:\\\/\\\/schema.org\",\"@graph\":[{\"@type\":\"Article\",\"@id\":\"https:\\\/\\\/www.tapasmagazine.es\\\/en\\\/economia-upa-ve-un-hito-la-publicacion-de-las-empresas-multadas-por-la-ley-de-la-cadena-y-espera-que-no-reincidan\\\/#article\",\"isPartOf\":{\"@id\":\"https:\\\/\\\/www.tapasmagazine.es\\\/en\\\/economia-upa-ve-un-hito-la-publicacion-de-las-empresas-multadas-por-la-ley-de-la-cadena-y-espera-que-no-reincidan\\\/\"},\"author\":{\"name\":\"Tapas \\\/ EP\",\"@id\":\"https:\\\/\\\/www.tapasmagazine.es\\\/#\\\/schema\\\/person\\\/dddb3bce6f98f2124c204b901d74a14b\"},\"headline\":\"Econom\u00eda.- UPA ve un &#8220;hito&#8221; la publicaci\u00f3n de las empresas multadas por la Ley de la Cadena y espera que no reincidan\",\"datePublished\":\"2023-02-23T11:46:08+00:00\",\"dateModified\":\"2023-02-23T12:11:59+00:00\",\"mainEntityOfPage\":{\"@id\":\"https:\\\/\\\/www.tapasmagazine.es\\\/en\\\/economia-upa-ve-un-hito-la-publicacion-de-las-empresas-multadas-por-la-ley-de-la-cadena-y-espera-que-no-reincidan\\\/\"},\"wordCount\":309,\"publisher\":{\"@id\":\"https:\\\/\\\/www.tapasmagazine.es\\\/#organization\"},\"image\":{\"@id\":\"https:\\\/\\\/www.tapasmagazine.es\\\/en\\\/economia-upa-ve-un-hito-la-publicacion-de-las-empresas-multadas-por-la-ley-de-la-cadena-y-espera-que-no-reincidan\\\/#primaryimage\"},\"thumbnailUrl\":\"https:\\\/\\\/www.tapasmagazine.es\\\/wp-content\\\/uploads\\\/2023\\\/02\\\/fotonoticia_20230223124608_9999-scaled.jpg\",\"articleSection\":[\"\u00daltima hora\"],\"inLanguage\":\"en-US\"},{\"@type\":\"WebPage\",\"@id\":\"https:\\\/\\\/www.tapasmagazine.es\\\/en\\\/economia-upa-ve-un-hito-la-publicacion-de-las-empresas-multadas-por-la-ley-de-la-cadena-y-espera-que-no-reincidan\\\/\",\"url\":\"https:\\\/\\\/www.tapasmagazine.es\\\/en\\\/economia-upa-ve-un-hito-la-publicacion-de-las-empresas-multadas-por-la-ley-de-la-cadena-y-espera-que-no-reincidan\\\/\",\"name\":\"Econom\u00eda.- UPA ve un \\\"hito\\\" la publicaci\u00f3n de las empresas multadas por la Ley de la Cadena y espera que no reincidan - Tapas\",\"isPartOf\":{\"@id\":\"https:\\\/\\\/www.tapasmagazine.es\\\/#website\"},\"primaryImageOfPage\":{\"@id\":\"https:\\\/\\\/www.tapasmagazine.es\\\/en\\\/economia-upa-ve-un-hito-la-publicacion-de-las-empresas-multadas-por-la-ley-de-la-cadena-y-espera-que-no-reincidan\\\/#primaryimage\"},\"image\":{\"@id\":\"https:\\\/\\\/www.tapasmagazine.es\\\/en\\\/economia-upa-ve-un-hito-la-publicacion-de-las-empresas-multadas-por-la-ley-de-la-cadena-y-espera-que-no-reincidan\\\/#primaryimage\"},\"thumbnailUrl\":\"https:\\\/\\\/www.tapasmagazine.es\\\/wp-content\\\/uploads\\\/2023\\\/02\\\/fotonoticia_20230223124608_9999-scaled.jpg\",\"datePublished\":\"2023-02-23T11:46:08+00:00\",\"dateModified\":\"2023-02-23T12:11:59+00:00\",\"description\":\"La Uni\u00f3n de Peque\u00f1os Agricultores y Ganaderos (UPA) ha calificado como \\\"hito\\\" la publicaci\u00f3n del listado de las 69 empresas multadas por el incumplimiento\",\"breadcrumb\":{\"@id\":\"https:\\\/\\\/www.tapasmagazine.es\\\/en\\\/economia-upa-ve-un-hito-la-publicacion-de-las-empresas-multadas-por-la-ley-de-la-cadena-y-espera-que-no-reincidan\\\/#breadcrumb\"},\"inLanguage\":\"en-US\",\"potentialAction\":[{\"@type\":\"ReadAction\",\"target\":[\"https:\\\/\\\/www.tapasmagazine.es\\\/en\\\/economia-upa-ve-un-hito-la-publicacion-de-las-empresas-multadas-por-la-ley-de-la-cadena-y-espera-que-no-reincidan\\\/\"]}]},{\"@type\":\"ImageObject\",\"inLanguage\":\"en-US\",\"@id\":\"https:\\\/\\\/www.tapasmagazine.es\\\/en\\\/economia-upa-ve-un-hito-la-publicacion-de-las-empresas-multadas-por-la-ley-de-la-cadena-y-espera-que-no-reincidan\\\/#primaryimage\",\"url\":\"https:\\\/\\\/www.tapasmagazine.es\\\/wp-content\\\/uploads\\\/2023\\\/02\\\/fotonoticia_20230223124608_9999-scaled.jpg\",\"contentUrl\":\"https:\\\/\\\/www.tapasmagazine.es\\\/wp-content\\\/uploads\\\/2023\\\/02\\\/fotonoticia_20230223124608_9999-scaled.jpg\",\"width\":2560,\"height\":1707},{\"@type\":\"BreadcrumbList\",\"@id\":\"https:\\\/\\\/www.tapasmagazine.es\\\/en\\\/economia-upa-ve-un-hito-la-publicacion-de-las-empresas-multadas-por-la-ley-de-la-cadena-y-espera-que-no-reincidan\\\/#breadcrumb\",\"itemListElement\":[{\"@type\":\"ListItem\",\"position\":1,\"name\":\"Portada\",\"item\":\"https:\\\/\\\/www.tapasmagazine.es\\\/\"},{\"@type\":\"ListItem\",\"position\":2,\"name\":\"Sin categorizar\",\"item\":\"https:\\\/\\\/www.tapasmagazine.es\\\/categorias\\\/sin-categorizar\\\/\"},{\"@type\":\"ListItem\",\"position\":3,\"name\":\"Econom\u00eda.- UPA ve un \u00abhito\u00bb la publicaci\u00f3n de las empresas multadas por la Ley de la Cadena y espera que no reincidan\"}]},{\"@type\":\"WebSite\",\"@id\":\"https:\\\/\\\/www.tapasmagazine.es\\\/#website\",\"url\":\"https:\\\/\\\/www.tapasmagazine.es\\\/\",\"name\":\"Tapas\",\"description\":\"\u00d1am \u00d1am Lifestyle. La vida a bocados. Premio Nacional de Gastronom\u00eda 2016.\",\"publisher\":{\"@id\":\"https:\\\/\\\/www.tapasmagazine.es\\\/#organization\"},\"potentialAction\":[{\"@type\":\"SearchAction\",\"target\":{\"@type\":\"EntryPoint\",\"urlTemplate\":\"https:\\\/\\\/www.tapasmagazine.es\\\/?s={search_term_string}\"},\"query-input\":{\"@type\":\"PropertyValueSpecification\",\"valueRequired\":true,\"valueName\":\"search_term_string\"}}],\"inLanguage\":\"en-US\"},{\"@type\":\"Organization\",\"@id\":\"https:\\\/\\\/www.tapasmagazine.es\\\/#organization\",\"name\":\"Tapas Magazine\",\"url\":\"https:\\\/\\\/www.tapasmagazine.es\\\/\",\"logo\":{\"@type\":\"ImageObject\",\"inLanguage\":\"en-US\",\"@id\":\"https:\\\/\\\/www.tapasmagazine.es\\\/#\\\/schema\\\/logo\\\/image\\\/\",\"url\":\"https:\\\/\\\/www.tapasmagazine.es\\\/wp-content\\\/uploads\\\/2018\\\/01\\\/logo.png\",\"contentUrl\":\"https:\\\/\\\/www.tapasmagazine.es\\\/wp-content\\\/uploads\\\/2018\\\/01\\\/logo.png\",\"width\":180,\"height\":60,\"caption\":\"Tapas Magazine\"},\"image\":{\"@id\":\"https:\\\/\\\/www.tapasmagazine.es\\\/#\\\/schema\\\/logo\\\/image\\\/\"},\"sameAs\":[\"https:\\\/\\\/www.facebook.com\\\/tapasmagazine\",\"https:\\\/\\\/x.com\\\/TapasMagazine\",\"https:\\\/\\\/www.instagram.com\\\/tapasmagazine\\\/\",\"https:\\\/\\\/www.linkedin.com\\\/company\\\/tapas-magazine\",\"https:\\\/\\\/es.pinterest.com\\\/tapasmagazine\\\/\",\"https:\\\/\\\/www.youtube.com\\\/channel\\\/UCEyxneAaACuR0lfDagrWjjg?sub_confirmation=1\"]},{\"@type\":\"Person\",\"@id\":\"https:\\\/\\\/www.tapasmagazine.es\\\/#\\\/schema\\\/person\\\/dddb3bce6f98f2124c204b901d74a14b\",\"name\":\"Tapas \\\/ EP\",\"url\":\"https:\\\/\\\/www.tapasmagazine.es\\\/en\\\/author\\\/tapasep\\\/\"}]}<\/script>\n<!-- \/ Yoast SEO plugin. -->","yoast_head_json":{"title":"Econom\u00eda.- UPA ve un \"hito\" la publicaci\u00f3n de las empresas multadas por la Ley de la Cadena y espera que no reincidan - Tapas","description":"La Uni\u00f3n de Peque\u00f1os Agricultores y Ganaderos (UPA) ha calificado como \"hito\" la publicaci\u00f3n del listado de las 69 empresas multadas por el incumplimiento","robots":{"index":"index","follow":"follow","max-snippet":"max-snippet:-1","max-image-preview":"max-image-preview:large","max-video-preview":"max-video-preview:-1"},"canonical":"https:\/\/www.tapasmagazine.es\/en\/economia-upa-ve-un-hito-la-publicacion-de-las-empresas-multadas-por-la-ley-de-la-cadena-y-espera-que-no-reincidan\/","og_locale":"en_US","og_type":"article","og_title":"Econom\u00eda.- UPA ve un \"hito\" la publicaci\u00f3n de las empresas multadas por la Ley de la Cadena y espera que no reincidan - Tapas","og_description":"La Uni\u00f3n de Peque\u00f1os Agricultores y Ganaderos (UPA) ha calificado como \"hito\" la publicaci\u00f3n del listado de las 69 empresas multadas por el incumplimiento","og_url":"https:\/\/www.tapasmagazine.es\/en\/economia-upa-ve-un-hito-la-publicacion-de-las-empresas-multadas-por-la-ley-de-la-cadena-y-espera-que-no-reincidan\/","og_site_name":"Tapas","article_publisher":"https:\/\/www.facebook.com\/tapasmagazine","article_published_time":"2023-02-23T11:46:08+00:00","article_modified_time":"2023-02-23T12:11:59+00:00","og_image":[{"width":2560,"height":1707,"url":"https:\/\/www.tapasmagazine.es\/wp-content\/uploads\/2023\/02\/fotonoticia_20230223124608_9999-scaled.jpg","type":"image\/jpeg"}],"author":"Tapas \/ EP","twitter_card":"summary_large_image","twitter_creator":"@TapasMagazine","twitter_site":"@TapasMagazine","twitter_misc":{"Written by":"Tapas \/ EP","Est. reading time":"1 minute"},"schema":{"@context":"https:\/\/schema.org","@graph":[{"@type":"Article","@id":"https:\/\/www.tapasmagazine.es\/en\/economia-upa-ve-un-hito-la-publicacion-de-las-empresas-multadas-por-la-ley-de-la-cadena-y-espera-que-no-reincidan\/#article","isPartOf":{"@id":"https:\/\/www.tapasmagazine.es\/en\/economia-upa-ve-un-hito-la-publicacion-de-las-empresas-multadas-por-la-ley-de-la-cadena-y-espera-que-no-reincidan\/"},"author":{"name":"Tapas \/ EP","@id":"https:\/\/www.tapasmagazine.es\/#\/schema\/person\/dddb3bce6f98f2124c204b901d74a14b"},"headline":"Econom\u00eda.- UPA ve un &#8220;hito&#8221; la publicaci\u00f3n de las empresas multadas por la Ley de la Cadena y espera que no reincidan","datePublished":"2023-02-23T11:46:08+00:00","dateModified":"2023-02-23T12:11:59+00:00","mainEntityOfPage":{"@id":"https:\/\/www.tapasmagazine.es\/en\/economia-upa-ve-un-hito-la-publicacion-de-las-empresas-multadas-por-la-ley-de-la-cadena-y-espera-que-no-reincidan\/"},"wordCount":309,"publisher":{"@id":"https:\/\/www.tapasmagazine.es\/#organization"},"image":{"@id":"https:\/\/www.tapasmagazine.es\/en\/economia-upa-ve-un-hito-la-publicacion-de-las-empresas-multadas-por-la-ley-de-la-cadena-y-espera-que-no-reincidan\/#primaryimage"},"thumbnailUrl":"https:\/\/www.tapasmagazine.es\/wp-content\/uploads\/2023\/02\/fotonoticia_20230223124608_9999-scaled.jpg","articleSection":["\u00daltima hora"],"inLanguage":"en-US"},{"@type":"WebPage","@id":"https:\/\/www.tapasmagazine.es\/en\/economia-upa-ve-un-hito-la-publicacion-de-las-empresas-multadas-por-la-ley-de-la-cadena-y-espera-que-no-reincidan\/","url":"https:\/\/www.tapasmagazine.es\/en\/economia-upa-ve-un-hito-la-publicacion-de-las-empresas-multadas-por-la-ley-de-la-cadena-y-espera-que-no-reincidan\/","name":"Econom\u00eda.- UPA ve un \"hito\" la publicaci\u00f3n de las empresas multadas por la Ley de la Cadena y espera que no reincidan - Tapas","isPartOf":{"@id":"https:\/\/www.tapasmagazine.es\/#website"},"primaryImageOfPage":{"@id":"https:\/\/www.tapasmagazine.es\/en\/economia-upa-ve-un-hito-la-publicacion-de-las-empresas-multadas-por-la-ley-de-la-cadena-y-espera-que-no-reincidan\/#primaryimage"},"image":{"@id":"https:\/\/www.tapasmagazine.es\/en\/economia-upa-ve-un-hito-la-publicacion-de-las-empresas-multadas-por-la-ley-de-la-cadena-y-espera-que-no-reincidan\/#primaryimage"},"thumbnailUrl":"https:\/\/www.tapasmagazine.es\/wp-content\/uploads\/2023\/02\/fotonoticia_20230223124608_9999-scaled.jpg","datePublished":"2023-02-23T11:46:08+00:00","dateModified":"2023-02-23T12:11:59+00:00","description":"La Uni\u00f3n de Peque\u00f1os Agricultores y Ganaderos (UPA) ha calificado como \"hito\" la publicaci\u00f3n del listado de las 69 empresas multadas por el incumplimiento","breadcrumb":{"@id":"https:\/\/www.tapasmagazine.es\/en\/economia-upa-ve-un-hito-la-publicacion-de-las-empresas-multadas-por-la-ley-de-la-cadena-y-espera-que-no-reincidan\/#breadcrumb"},"inLanguage":"en-US","potentialAction":[{"@type":"ReadAction","target":["https:\/\/www.tapasmagazine.es\/en\/economia-upa-ve-un-hito-la-publicacion-de-las-empresas-multadas-por-la-ley-de-la-cadena-y-espera-que-no-reincidan\/"]}]},{"@type":"ImageObject","inLanguage":"en-US","@id":"https:\/\/www.tapasmagazine.es\/en\/economia-upa-ve-un-hito-la-publicacion-de-las-empresas-multadas-por-la-ley-de-la-cadena-y-espera-que-no-reincidan\/#primaryimage","url":"https:\/\/www.tapasmagazine.es\/wp-content\/uploads\/2023\/02\/fotonoticia_20230223124608_9999-scaled.jpg","contentUrl":"https:\/\/www.tapasmagazine.es\/wp-content\/uploads\/2023\/02\/fotonoticia_20230223124608_9999-scaled.jpg","width":2560,"height":1707},{"@type":"BreadcrumbList","@id":"https:\/\/www.tapasmagazine.es\/en\/economia-upa-ve-un-hito-la-publicacion-de-las-empresas-multadas-por-la-ley-de-la-cadena-y-espera-que-no-reincidan\/#breadcrumb","itemListElement":[{"@type":"ListItem","position":1,"name":"Portada","item":"https:\/\/www.tapasmagazine.es\/"},{"@type":"ListItem","position":2,"name":"Sin categorizar","item":"https:\/\/www.tapasmagazine.es\/categorias\/sin-categorizar\/"},{"@type":"ListItem","position":3,"name":"Econom\u00eda.- UPA ve un \u00abhito\u00bb la publicaci\u00f3n de las empresas multadas por la Ley de la Cadena y espera que no reincidan"}]},{"@type":"WebSite","@id":"https:\/\/www.tapasmagazine.es\/#website","url":"https:\/\/www.tapasmagazine.es\/","name":"Tapas","description":"\u00d1am \u00d1am Lifestyle. La vida a bocados. Premio Nacional de Gastronom\u00eda 2016.","publisher":{"@id":"https:\/\/www.tapasmagazine.es\/#organization"},"potentialAction":[{"@type":"SearchAction","target":{"@type":"EntryPoint","urlTemplate":"https:\/\/www.tapasmagazine.es\/?s={search_term_string}"},"query-input":{"@type":"PropertyValueSpecification","valueRequired":true,"valueName":"search_term_string"}}],"inLanguage":"en-US"},{"@type":"Organization","@id":"https:\/\/www.tapasmagazine.es\/#organization","name":"Tapas Magazine","url":"https:\/\/www.tapasmagazine.es\/","logo":{"@type":"ImageObject","inLanguage":"en-US","@id":"https:\/\/www.tapasmagazine.es\/#\/schema\/logo\/image\/","url":"https:\/\/www.tapasmagazine.es\/wp-content\/uploads\/2018\/01\/logo.png","contentUrl":"https:\/\/www.tapasmagazine.es\/wp-content\/uploads\/2018\/01\/logo.png","width":180,"height":60,"caption":"Tapas Magazine"},"image":{"@id":"https:\/\/www.tapasmagazine.es\/#\/schema\/logo\/image\/"},"sameAs":["https:\/\/www.facebook.com\/tapasmagazine","https:\/\/x.com\/TapasMagazine","https:\/\/www.instagram.com\/tapasmagazine\/","https:\/\/www.linkedin.com\/company\/tapas-magazine","https:\/\/es.pinterest.com\/tapasmagazine\/","https:\/\/www.youtube.com\/channel\/UCEyxneAaACuR0lfDagrWjjg?sub_confirmation=1"]},{"@type":"Person","@id":"https:\/\/www.tapasmagazine.es\/#\/schema\/person\/dddb3bce6f98f2124c204b901d74a14b","name":"Tapas \/ EP","url":"https:\/\/www.tapasmagazine.es\/en\/author\/tapasep\/"}]}},"_links":{"self":[{"href":"https:\/\/www.tapasmagazine.es\/en\/wp-json\/wp\/v2\/posts\/176134","targetHints":{"allow":["GET"]}}],"collection":[{"href":"https:\/\/www.tapasmagazine.es\/en\/wp-json\/wp\/v2\/posts"}],"about":[{"href":"https:\/\/www.tapasmagazine.es\/en\/wp-json\/wp\/v2\/types\/post"}],"author":[{"embeddable":true,"href":"https:\/\/www.tapasmagazine.es\/en\/wp-json\/wp\/v2\/users\/277"}],"replies":[{"embeddable":true,"href":"https:\/\/www.tapasmagazine.es\/en\/wp-json\/wp\/v2\/comments?post=176134"}],"version-history":[{"count":1,"href":"https:\/\/www.tapasmagazine.es\/en\/wp-json\/wp\/v2\/posts\/176134\/revisions"}],"predecessor-version":[{"id":176135,"href":"https:\/\/www.tapasmagazine.es\/en\/wp-json\/wp\/v2\/posts\/176134\/revisions\/176135"}],"wp:featuredmedia":[{"embeddable":true,"href":"https:\/\/www.tapasmagazine.es\/en\/wp-json\/wp\/v2\/media\/176136"}],"wp:attachment":[{"href":"https:\/\/www.tapasmagazine.es\/en\/wp-json\/wp\/v2\/media?parent=176134"}],"wp:term":[{"taxonomy":"category","embeddable":true,"href":"https:\/\/www.tapasmagazine.es\/en\/wp-json\/wp\/v2\/categories?post=176134"},{"taxonomy":"post_tag","embeddable":true,"href":"https:\/\/www.tapasmagazine.es\/en\/wp-json\/wp\/v2\/tags?post=176134"}],"curies":[{"name":"wp","href":"https:\/\/api.w.org\/{rel}","templated":true}]}}