{"id":176130,"date":"2023-02-23T12:23:20","date_gmt":"2023-02-23T11:23:20","guid":{"rendered":"https:\/\/www.tapasmagazine.es\/?p=176130"},"modified":"2023-02-23T12:42:43","modified_gmt":"2023-02-23T11:42:43","slug":"economia-dia-reclama-bajar-el-iva-a-la-carne-y-al-pescado-y-aplazar-las-ley-del-plastico-para-la-bajada-de-precios","status":"publish","type":"post","link":"https:\/\/www.tapasmagazine.es\/en\/economia-dia-reclama-bajar-el-iva-a-la-carne-y-al-pescado-y-aplazar-las-ley-del-plastico-para-la-bajada-de-precios\/","title":{"rendered":"Econom\u00eda.- Dia reclama bajar el IVA a la carne y al pescado y aplazar las ley del pl\u00e1stico para la bajada de precios"},"content":{"rendered":"<p>El Grupo Dia ha valorado las medidas adoptadas por el Gobierno para reducir el precio de los alimentos, pero ha reclamado que se incluya a la carne y al pescado en la bajada del IVA, as\u00ed como que se aplacen los impuestos regulatorios medioambientales, como el del pl\u00e1stico, para acelerar la bajada de los precios de la alimentaci\u00f3n.<\/p>\n<p>   &#8220;Lo importante para contraer los precios es que puedan ser medidas realmente realizables y la del IVA lo ha sido, porque ha contenido la escalada de precios, y la de la carne y el pescado vemos que tambi\u00e9n es muy realizable&#8221;, ha asegurado el consejero delegado de Dia en Espa\u00f1a, Ricardo \u00c1lvarez, durante la presentaci\u00f3n de resultados de la compa\u00f1\u00eda.<\/p>\n<p>   De esta forma, \u00c1lvarez ha destacado que ser\u00eda beneficiosas tambi\u00e9n medidas que &#8220;ayuden a ser m\u00e1s competitivas a las empresas&#8221; en esta situaci\u00f3n. &#8220;Son las que m\u00e1s nos gustan, como la contenci\u00f3n o congelaci\u00f3n temporal de todas las leyes impositivas de pl\u00e1sticos que ayudar\u00eda much\u00edsimo a que podamos trasladar m\u00e1s bajadas de precios, ya que el tema de impuestos va a lastrar mucho al sector&#8221;, ha subrayado.<\/p>\n<p>   Sin embargo, las medidas que ha propuesto Podemos como topar los precios o establecer una cesta b\u00e1sica consideran que son &#8220;m\u00e1s complicadas&#8221; de poder aplicar en la actualidad.<\/p>\n<p>   El consejero delegado de Dia en Espa\u00f1a ha reiterado que el 2023 se presenta &#8220;extremadamente complicado&#8221; por la inflaci\u00f3n y ha avanzado que la cadena sufre una contraci\u00f3n del volumen del 4%, similar a la del sector, y que cree que se mantendr\u00e1 a lo largo del primer semestre del a\u00f1o.<\/p>\n<p>   &#8220;Hemos reducido nuestros m\u00e1rgenes en los \u00faltimos seis meses en dos puntos para poder contener la espiral de precios y aportar para que no sigan creciendo. Todo el mundo est\u00e1 intentando poner su esfuerzo para contener esa escalada, porque si no los volumenes se ver\u00e1n tambi\u00e9n afectados. Estamos intentando invertir en precios con la promoci\u00f3n para ayudar a frenar la escalada&#8221;, ha explicado \u00c1lvarez.<\/p>\n<p>   De esta forma y tras la reuni\u00f3n del pasado lunes del Observatorio de la Cadena Alimentaria, el grupo Dia ha reiterado que &#8220;cualquier evoluci\u00f3n que haya lo trasladar\u00e1n al negocio y a los precios&#8221;, como les solicit\u00f3 el ministro de Agricultura, Luis Planas, en el transcurso de esa reuni\u00f3n.<\/p>\n","protected":false},"excerpt":{"rendered":"<p>El Grupo Dia ha valorado las medidas adoptadas por el Gobierno para reducir el precio de los alimentos, pero ha reclamado que se incluya a la carne y al pescado en la bajada del IVA, as\u00ed como que se aplacen los impuestos regulatorios medioambientales, como el del pl\u00e1stico, para acelerar la bajada de los precios [&hellip;]<\/p>\n","protected":false},"author":277,"featured_media":176132,"comment_status":"close","ping_status":"","sticky":false,"template":"single-feature.php","format":"standard","meta":{"_acf_changed":false,"footnotes":""},"categories":[15645],"tags":[],"class_list":["post-176130","post","type-post","status-publish","format-standard","has-post-thumbnail","hentry","category-ultima-hora","cat-15645-id"],"acf":[],"yoast_head":"<!-- This site is optimized with the Yoast SEO plugin v27.4 - https:\/\/yoast.com\/product\/yoast-seo-wordpress\/ -->\n<title>Econom\u00eda.- Dia reclama bajar el IVA a la carne y al pescado y aplazar las ley del pl\u00e1stico para la bajada de precios - Tapas<\/title>\n<meta name=\"description\" content=\"El Grupo Dia ha valorado las medidas adoptadas por el Gobierno para reducir el precio de los alimentos, pero ha reclamado que se incluya a la carne y al\" \/>\n<meta name=\"robots\" content=\"index, follow, max-snippet:-1, max-image-preview:large, max-video-preview:-1\" \/>\n<link rel=\"canonical\" href=\"https:\/\/www.tapasmagazine.es\/en\/economia-dia-reclama-bajar-el-iva-a-la-carne-y-al-pescado-y-aplazar-las-ley-del-plastico-para-la-bajada-de-precios\/\" \/>\n<meta property=\"og:locale\" content=\"en_US\" \/>\n<meta property=\"og:type\" content=\"article\" \/>\n<meta property=\"og:title\" content=\"Econom\u00eda.- Dia reclama bajar el IVA a la carne y al pescado y aplazar las ley del pl\u00e1stico para la bajada de precios - Tapas\" \/>\n<meta property=\"og:description\" content=\"El Grupo Dia ha valorado las medidas adoptadas por el Gobierno para reducir el precio de los alimentos, pero ha reclamado que se incluya a la carne y al\" \/>\n<meta property=\"og:url\" content=\"https:\/\/www.tapasmagazine.es\/en\/economia-dia-reclama-bajar-el-iva-a-la-carne-y-al-pescado-y-aplazar-las-ley-del-plastico-para-la-bajada-de-precios\/\" \/>\n<meta property=\"og:site_name\" content=\"Tapas\" \/>\n<meta property=\"article:publisher\" content=\"https:\/\/www.facebook.com\/tapasmagazine\" \/>\n<meta property=\"article:published_time\" content=\"2023-02-23T11:23:20+00:00\" \/>\n<meta property=\"article:modified_time\" content=\"2023-02-23T11:42:43+00:00\" \/>\n<meta property=\"og:image\" content=\"https:\/\/www.tapasmagazine.es\/wp-content\/uploads\/2023\/02\/fotonoticia_20230223122320_9999.jpg\" \/>\n\t<meta property=\"og:image:width\" content=\"945\" \/>\n\t<meta property=\"og:image:height\" content=\"520\" \/>\n\t<meta property=\"og:image:type\" content=\"image\/jpeg\" \/>\n<meta name=\"author\" content=\"Tapas \/ EP\" \/>\n<meta name=\"twitter:card\" content=\"summary_large_image\" \/>\n<meta name=\"twitter:creator\" content=\"@TapasMagazine\" \/>\n<meta name=\"twitter:site\" content=\"@TapasMagazine\" \/>\n<meta name=\"twitter:label1\" content=\"Written by\" \/>\n\t<meta name=\"twitter:data1\" content=\"Tapas \/ EP\" \/>\n\t<meta name=\"twitter:label2\" content=\"Est. reading time\" \/>\n\t<meta name=\"twitter:data2\" content=\"2 minutes\" \/>\n<script type=\"application\/ld+json\" class=\"yoast-schema-graph\">{\"@context\":\"https:\\\/\\\/schema.org\",\"@graph\":[{\"@type\":\"Article\",\"@id\":\"https:\\\/\\\/www.tapasmagazine.es\\\/en\\\/economia-dia-reclama-bajar-el-iva-a-la-carne-y-al-pescado-y-aplazar-las-ley-del-plastico-para-la-bajada-de-precios\\\/#article\",\"isPartOf\":{\"@id\":\"https:\\\/\\\/www.tapasmagazine.es\\\/en\\\/economia-dia-reclama-bajar-el-iva-a-la-carne-y-al-pescado-y-aplazar-las-ley-del-plastico-para-la-bajada-de-precios\\\/\"},\"author\":{\"name\":\"Tapas \\\/ EP\",\"@id\":\"https:\\\/\\\/www.tapasmagazine.es\\\/#\\\/schema\\\/person\\\/dddb3bce6f98f2124c204b901d74a14b\"},\"headline\":\"Econom\u00eda.- Dia reclama bajar el IVA a la carne y al pescado y aplazar las ley del pl\u00e1stico para la bajada de precios\",\"datePublished\":\"2023-02-23T11:23:20+00:00\",\"dateModified\":\"2023-02-23T11:42:43+00:00\",\"mainEntityOfPage\":{\"@id\":\"https:\\\/\\\/www.tapasmagazine.es\\\/en\\\/economia-dia-reclama-bajar-el-iva-a-la-carne-y-al-pescado-y-aplazar-las-ley-del-plastico-para-la-bajada-de-precios\\\/\"},\"wordCount\":432,\"publisher\":{\"@id\":\"https:\\\/\\\/www.tapasmagazine.es\\\/#organization\"},\"image\":{\"@id\":\"https:\\\/\\\/www.tapasmagazine.es\\\/en\\\/economia-dia-reclama-bajar-el-iva-a-la-carne-y-al-pescado-y-aplazar-las-ley-del-plastico-para-la-bajada-de-precios\\\/#primaryimage\"},\"thumbnailUrl\":\"https:\\\/\\\/www.tapasmagazine.es\\\/wp-content\\\/uploads\\\/2023\\\/02\\\/fotonoticia_20230223122320_9999.jpg\",\"articleSection\":[\"\u00daltima hora\"],\"inLanguage\":\"en-US\"},{\"@type\":\"WebPage\",\"@id\":\"https:\\\/\\\/www.tapasmagazine.es\\\/en\\\/economia-dia-reclama-bajar-el-iva-a-la-carne-y-al-pescado-y-aplazar-las-ley-del-plastico-para-la-bajada-de-precios\\\/\",\"url\":\"https:\\\/\\\/www.tapasmagazine.es\\\/en\\\/economia-dia-reclama-bajar-el-iva-a-la-carne-y-al-pescado-y-aplazar-las-ley-del-plastico-para-la-bajada-de-precios\\\/\",\"name\":\"Econom\u00eda.- Dia reclama bajar el IVA a la carne y al pescado y aplazar las ley del pl\u00e1stico para la bajada de precios - Tapas\",\"isPartOf\":{\"@id\":\"https:\\\/\\\/www.tapasmagazine.es\\\/#website\"},\"primaryImageOfPage\":{\"@id\":\"https:\\\/\\\/www.tapasmagazine.es\\\/en\\\/economia-dia-reclama-bajar-el-iva-a-la-carne-y-al-pescado-y-aplazar-las-ley-del-plastico-para-la-bajada-de-precios\\\/#primaryimage\"},\"image\":{\"@id\":\"https:\\\/\\\/www.tapasmagazine.es\\\/en\\\/economia-dia-reclama-bajar-el-iva-a-la-carne-y-al-pescado-y-aplazar-las-ley-del-plastico-para-la-bajada-de-precios\\\/#primaryimage\"},\"thumbnailUrl\":\"https:\\\/\\\/www.tapasmagazine.es\\\/wp-content\\\/uploads\\\/2023\\\/02\\\/fotonoticia_20230223122320_9999.jpg\",\"datePublished\":\"2023-02-23T11:23:20+00:00\",\"dateModified\":\"2023-02-23T11:42:43+00:00\",\"description\":\"El Grupo Dia ha valorado las medidas adoptadas por el Gobierno para reducir el precio de los alimentos, pero ha reclamado que se incluya a la carne y al\",\"breadcrumb\":{\"@id\":\"https:\\\/\\\/www.tapasmagazine.es\\\/en\\\/economia-dia-reclama-bajar-el-iva-a-la-carne-y-al-pescado-y-aplazar-las-ley-del-plastico-para-la-bajada-de-precios\\\/#breadcrumb\"},\"inLanguage\":\"en-US\",\"potentialAction\":[{\"@type\":\"ReadAction\",\"target\":[\"https:\\\/\\\/www.tapasmagazine.es\\\/en\\\/economia-dia-reclama-bajar-el-iva-a-la-carne-y-al-pescado-y-aplazar-las-ley-del-plastico-para-la-bajada-de-precios\\\/\"]}]},{\"@type\":\"ImageObject\",\"inLanguage\":\"en-US\",\"@id\":\"https:\\\/\\\/www.tapasmagazine.es\\\/en\\\/economia-dia-reclama-bajar-el-iva-a-la-carne-y-al-pescado-y-aplazar-las-ley-del-plastico-para-la-bajada-de-precios\\\/#primaryimage\",\"url\":\"https:\\\/\\\/www.tapasmagazine.es\\\/wp-content\\\/uploads\\\/2023\\\/02\\\/fotonoticia_20230223122320_9999.jpg\",\"contentUrl\":\"https:\\\/\\\/www.tapasmagazine.es\\\/wp-content\\\/uploads\\\/2023\\\/02\\\/fotonoticia_20230223122320_9999.jpg\",\"width\":945,\"height\":520},{\"@type\":\"BreadcrumbList\",\"@id\":\"https:\\\/\\\/www.tapasmagazine.es\\\/en\\\/economia-dia-reclama-bajar-el-iva-a-la-carne-y-al-pescado-y-aplazar-las-ley-del-plastico-para-la-bajada-de-precios\\\/#breadcrumb\",\"itemListElement\":[{\"@type\":\"ListItem\",\"position\":1,\"name\":\"Portada\",\"item\":\"https:\\\/\\\/www.tapasmagazine.es\\\/\"},{\"@type\":\"ListItem\",\"position\":2,\"name\":\"Sin categorizar\",\"item\":\"https:\\\/\\\/www.tapasmagazine.es\\\/categorias\\\/sin-categorizar\\\/\"},{\"@type\":\"ListItem\",\"position\":3,\"name\":\"Econom\u00eda.- Dia reclama bajar el IVA a la carne y al pescado y aplazar las ley del pl\u00e1stico para la bajada de precios\"}]},{\"@type\":\"WebSite\",\"@id\":\"https:\\\/\\\/www.tapasmagazine.es\\\/#website\",\"url\":\"https:\\\/\\\/www.tapasmagazine.es\\\/\",\"name\":\"Tapas\",\"description\":\"\u00d1am \u00d1am Lifestyle. La vida a bocados. Premio Nacional de Gastronom\u00eda 2016.\",\"publisher\":{\"@id\":\"https:\\\/\\\/www.tapasmagazine.es\\\/#organization\"},\"potentialAction\":[{\"@type\":\"SearchAction\",\"target\":{\"@type\":\"EntryPoint\",\"urlTemplate\":\"https:\\\/\\\/www.tapasmagazine.es\\\/?s={search_term_string}\"},\"query-input\":{\"@type\":\"PropertyValueSpecification\",\"valueRequired\":true,\"valueName\":\"search_term_string\"}}],\"inLanguage\":\"en-US\"},{\"@type\":\"Organization\",\"@id\":\"https:\\\/\\\/www.tapasmagazine.es\\\/#organization\",\"name\":\"Tapas Magazine\",\"url\":\"https:\\\/\\\/www.tapasmagazine.es\\\/\",\"logo\":{\"@type\":\"ImageObject\",\"inLanguage\":\"en-US\",\"@id\":\"https:\\\/\\\/www.tapasmagazine.es\\\/#\\\/schema\\\/logo\\\/image\\\/\",\"url\":\"https:\\\/\\\/www.tapasmagazine.es\\\/wp-content\\\/uploads\\\/2018\\\/01\\\/logo.png\",\"contentUrl\":\"https:\\\/\\\/www.tapasmagazine.es\\\/wp-content\\\/uploads\\\/2018\\\/01\\\/logo.png\",\"width\":180,\"height\":60,\"caption\":\"Tapas Magazine\"},\"image\":{\"@id\":\"https:\\\/\\\/www.tapasmagazine.es\\\/#\\\/schema\\\/logo\\\/image\\\/\"},\"sameAs\":[\"https:\\\/\\\/www.facebook.com\\\/tapasmagazine\",\"https:\\\/\\\/x.com\\\/TapasMagazine\",\"https:\\\/\\\/www.instagram.com\\\/tapasmagazine\\\/\",\"https:\\\/\\\/www.linkedin.com\\\/company\\\/tapas-magazine\",\"https:\\\/\\\/es.pinterest.com\\\/tapasmagazine\\\/\",\"https:\\\/\\\/www.youtube.com\\\/channel\\\/UCEyxneAaACuR0lfDagrWjjg?sub_confirmation=1\"]},{\"@type\":\"Person\",\"@id\":\"https:\\\/\\\/www.tapasmagazine.es\\\/#\\\/schema\\\/person\\\/dddb3bce6f98f2124c204b901d74a14b\",\"name\":\"Tapas \\\/ EP\",\"url\":\"https:\\\/\\\/www.tapasmagazine.es\\\/en\\\/author\\\/tapasep\\\/\"}]}<\/script>\n<!-- \/ Yoast SEO plugin. -->","yoast_head_json":{"title":"Econom\u00eda.- Dia reclama bajar el IVA a la carne y al pescado y aplazar las ley del pl\u00e1stico para la bajada de precios - Tapas","description":"El Grupo Dia ha valorado las medidas adoptadas por el Gobierno para reducir el precio de los alimentos, pero ha reclamado que se incluya a la carne y al","robots":{"index":"index","follow":"follow","max-snippet":"max-snippet:-1","max-image-preview":"max-image-preview:large","max-video-preview":"max-video-preview:-1"},"canonical":"https:\/\/www.tapasmagazine.es\/en\/economia-dia-reclama-bajar-el-iva-a-la-carne-y-al-pescado-y-aplazar-las-ley-del-plastico-para-la-bajada-de-precios\/","og_locale":"en_US","og_type":"article","og_title":"Econom\u00eda.- Dia reclama bajar el IVA a la carne y al pescado y aplazar las ley del pl\u00e1stico para la bajada de precios - Tapas","og_description":"El Grupo Dia ha valorado las medidas adoptadas por el Gobierno para reducir el precio de los alimentos, pero ha reclamado que se incluya a la carne y al","og_url":"https:\/\/www.tapasmagazine.es\/en\/economia-dia-reclama-bajar-el-iva-a-la-carne-y-al-pescado-y-aplazar-las-ley-del-plastico-para-la-bajada-de-precios\/","og_site_name":"Tapas","article_publisher":"https:\/\/www.facebook.com\/tapasmagazine","article_published_time":"2023-02-23T11:23:20+00:00","article_modified_time":"2023-02-23T11:42:43+00:00","og_image":[{"width":945,"height":520,"url":"https:\/\/www.tapasmagazine.es\/wp-content\/uploads\/2023\/02\/fotonoticia_20230223122320_9999.jpg","type":"image\/jpeg"}],"author":"Tapas \/ EP","twitter_card":"summary_large_image","twitter_creator":"@TapasMagazine","twitter_site":"@TapasMagazine","twitter_misc":{"Written by":"Tapas \/ EP","Est. reading time":"2 minutes"},"schema":{"@context":"https:\/\/schema.org","@graph":[{"@type":"Article","@id":"https:\/\/www.tapasmagazine.es\/en\/economia-dia-reclama-bajar-el-iva-a-la-carne-y-al-pescado-y-aplazar-las-ley-del-plastico-para-la-bajada-de-precios\/#article","isPartOf":{"@id":"https:\/\/www.tapasmagazine.es\/en\/economia-dia-reclama-bajar-el-iva-a-la-carne-y-al-pescado-y-aplazar-las-ley-del-plastico-para-la-bajada-de-precios\/"},"author":{"name":"Tapas \/ EP","@id":"https:\/\/www.tapasmagazine.es\/#\/schema\/person\/dddb3bce6f98f2124c204b901d74a14b"},"headline":"Econom\u00eda.- Dia reclama bajar el IVA a la carne y al pescado y aplazar las ley del pl\u00e1stico para la bajada de precios","datePublished":"2023-02-23T11:23:20+00:00","dateModified":"2023-02-23T11:42:43+00:00","mainEntityOfPage":{"@id":"https:\/\/www.tapasmagazine.es\/en\/economia-dia-reclama-bajar-el-iva-a-la-carne-y-al-pescado-y-aplazar-las-ley-del-plastico-para-la-bajada-de-precios\/"},"wordCount":432,"publisher":{"@id":"https:\/\/www.tapasmagazine.es\/#organization"},"image":{"@id":"https:\/\/www.tapasmagazine.es\/en\/economia-dia-reclama-bajar-el-iva-a-la-carne-y-al-pescado-y-aplazar-las-ley-del-plastico-para-la-bajada-de-precios\/#primaryimage"},"thumbnailUrl":"https:\/\/www.tapasmagazine.es\/wp-content\/uploads\/2023\/02\/fotonoticia_20230223122320_9999.jpg","articleSection":["\u00daltima hora"],"inLanguage":"en-US"},{"@type":"WebPage","@id":"https:\/\/www.tapasmagazine.es\/en\/economia-dia-reclama-bajar-el-iva-a-la-carne-y-al-pescado-y-aplazar-las-ley-del-plastico-para-la-bajada-de-precios\/","url":"https:\/\/www.tapasmagazine.es\/en\/economia-dia-reclama-bajar-el-iva-a-la-carne-y-al-pescado-y-aplazar-las-ley-del-plastico-para-la-bajada-de-precios\/","name":"Econom\u00eda.- Dia reclama bajar el IVA a la carne y al pescado y aplazar las ley del pl\u00e1stico para la bajada de precios - Tapas","isPartOf":{"@id":"https:\/\/www.tapasmagazine.es\/#website"},"primaryImageOfPage":{"@id":"https:\/\/www.tapasmagazine.es\/en\/economia-dia-reclama-bajar-el-iva-a-la-carne-y-al-pescado-y-aplazar-las-ley-del-plastico-para-la-bajada-de-precios\/#primaryimage"},"image":{"@id":"https:\/\/www.tapasmagazine.es\/en\/economia-dia-reclama-bajar-el-iva-a-la-carne-y-al-pescado-y-aplazar-las-ley-del-plastico-para-la-bajada-de-precios\/#primaryimage"},"thumbnailUrl":"https:\/\/www.tapasmagazine.es\/wp-content\/uploads\/2023\/02\/fotonoticia_20230223122320_9999.jpg","datePublished":"2023-02-23T11:23:20+00:00","dateModified":"2023-02-23T11:42:43+00:00","description":"El Grupo Dia ha valorado las medidas adoptadas por el Gobierno para reducir el precio de los alimentos, pero ha reclamado que se incluya a la carne y al","breadcrumb":{"@id":"https:\/\/www.tapasmagazine.es\/en\/economia-dia-reclama-bajar-el-iva-a-la-carne-y-al-pescado-y-aplazar-las-ley-del-plastico-para-la-bajada-de-precios\/#breadcrumb"},"inLanguage":"en-US","potentialAction":[{"@type":"ReadAction","target":["https:\/\/www.tapasmagazine.es\/en\/economia-dia-reclama-bajar-el-iva-a-la-carne-y-al-pescado-y-aplazar-las-ley-del-plastico-para-la-bajada-de-precios\/"]}]},{"@type":"ImageObject","inLanguage":"en-US","@id":"https:\/\/www.tapasmagazine.es\/en\/economia-dia-reclama-bajar-el-iva-a-la-carne-y-al-pescado-y-aplazar-las-ley-del-plastico-para-la-bajada-de-precios\/#primaryimage","url":"https:\/\/www.tapasmagazine.es\/wp-content\/uploads\/2023\/02\/fotonoticia_20230223122320_9999.jpg","contentUrl":"https:\/\/www.tapasmagazine.es\/wp-content\/uploads\/2023\/02\/fotonoticia_20230223122320_9999.jpg","width":945,"height":520},{"@type":"BreadcrumbList","@id":"https:\/\/www.tapasmagazine.es\/en\/economia-dia-reclama-bajar-el-iva-a-la-carne-y-al-pescado-y-aplazar-las-ley-del-plastico-para-la-bajada-de-precios\/#breadcrumb","itemListElement":[{"@type":"ListItem","position":1,"name":"Portada","item":"https:\/\/www.tapasmagazine.es\/"},{"@type":"ListItem","position":2,"name":"Sin categorizar","item":"https:\/\/www.tapasmagazine.es\/categorias\/sin-categorizar\/"},{"@type":"ListItem","position":3,"name":"Econom\u00eda.- Dia reclama bajar el IVA a la carne y al pescado y aplazar las ley del pl\u00e1stico para la bajada de precios"}]},{"@type":"WebSite","@id":"https:\/\/www.tapasmagazine.es\/#website","url":"https:\/\/www.tapasmagazine.es\/","name":"Tapas","description":"\u00d1am \u00d1am Lifestyle. La vida a bocados. Premio Nacional de Gastronom\u00eda 2016.","publisher":{"@id":"https:\/\/www.tapasmagazine.es\/#organization"},"potentialAction":[{"@type":"SearchAction","target":{"@type":"EntryPoint","urlTemplate":"https:\/\/www.tapasmagazine.es\/?s={search_term_string}"},"query-input":{"@type":"PropertyValueSpecification","valueRequired":true,"valueName":"search_term_string"}}],"inLanguage":"en-US"},{"@type":"Organization","@id":"https:\/\/www.tapasmagazine.es\/#organization","name":"Tapas Magazine","url":"https:\/\/www.tapasmagazine.es\/","logo":{"@type":"ImageObject","inLanguage":"en-US","@id":"https:\/\/www.tapasmagazine.es\/#\/schema\/logo\/image\/","url":"https:\/\/www.tapasmagazine.es\/wp-content\/uploads\/2018\/01\/logo.png","contentUrl":"https:\/\/www.tapasmagazine.es\/wp-content\/uploads\/2018\/01\/logo.png","width":180,"height":60,"caption":"Tapas Magazine"},"image":{"@id":"https:\/\/www.tapasmagazine.es\/#\/schema\/logo\/image\/"},"sameAs":["https:\/\/www.facebook.com\/tapasmagazine","https:\/\/x.com\/TapasMagazine","https:\/\/www.instagram.com\/tapasmagazine\/","https:\/\/www.linkedin.com\/company\/tapas-magazine","https:\/\/es.pinterest.com\/tapasmagazine\/","https:\/\/www.youtube.com\/channel\/UCEyxneAaACuR0lfDagrWjjg?sub_confirmation=1"]},{"@type":"Person","@id":"https:\/\/www.tapasmagazine.es\/#\/schema\/person\/dddb3bce6f98f2124c204b901d74a14b","name":"Tapas \/ EP","url":"https:\/\/www.tapasmagazine.es\/en\/author\/tapasep\/"}]}},"_links":{"self":[{"href":"https:\/\/www.tapasmagazine.es\/en\/wp-json\/wp\/v2\/posts\/176130","targetHints":{"allow":["GET"]}}],"collection":[{"href":"https:\/\/www.tapasmagazine.es\/en\/wp-json\/wp\/v2\/posts"}],"about":[{"href":"https:\/\/www.tapasmagazine.es\/en\/wp-json\/wp\/v2\/types\/post"}],"author":[{"embeddable":true,"href":"https:\/\/www.tapasmagazine.es\/en\/wp-json\/wp\/v2\/users\/277"}],"replies":[{"embeddable":true,"href":"https:\/\/www.tapasmagazine.es\/en\/wp-json\/wp\/v2\/comments?post=176130"}],"version-history":[{"count":1,"href":"https:\/\/www.tapasmagazine.es\/en\/wp-json\/wp\/v2\/posts\/176130\/revisions"}],"predecessor-version":[{"id":176131,"href":"https:\/\/www.tapasmagazine.es\/en\/wp-json\/wp\/v2\/posts\/176130\/revisions\/176131"}],"wp:featuredmedia":[{"embeddable":true,"href":"https:\/\/www.tapasmagazine.es\/en\/wp-json\/wp\/v2\/media\/176132"}],"wp:attachment":[{"href":"https:\/\/www.tapasmagazine.es\/en\/wp-json\/wp\/v2\/media?parent=176130"}],"wp:term":[{"taxonomy":"category","embeddable":true,"href":"https:\/\/www.tapasmagazine.es\/en\/wp-json\/wp\/v2\/categories?post=176130"},{"taxonomy":"post_tag","embeddable":true,"href":"https:\/\/www.tapasmagazine.es\/en\/wp-json\/wp\/v2\/tags?post=176130"}],"curies":[{"name":"wp","href":"https:\/\/api.w.org\/{rel}","templated":true}]}}