{"id":176126,"date":"2023-02-23T12:35:18","date_gmt":"2023-02-23T11:35:18","guid":{"rendered":"https:\/\/www.tapasmagazine.es\/?p=176126"},"modified":"2023-02-23T12:42:42","modified_gmt":"2023-02-23T11:42:42","slug":"economia-dia-asegura-que-no-ha-tomado-ninguna-decision-de-inversion-o-desinversion-del-negocio-de-portugal","status":"publish","type":"post","link":"https:\/\/www.tapasmagazine.es\/en\/economia-dia-asegura-que-no-ha-tomado-ninguna-decision-de-inversion-o-desinversion-del-negocio-de-portugal\/","title":{"rendered":"Econom\u00eda.- Dia asegura que no ha tomado ninguna decisi\u00f3n de inversi\u00f3n o desinversi\u00f3n del negocio de Portugal"},"content":{"rendered":"<p>El Grupo Dia ha asegurado que en la actualidad &#8220;no ha tomado&#8221;  ninguna decisi\u00f3n de invertir o desinvertir en mercados como Portugal o Brasil, por lo que seguir\u00e1 con su &#8216;hoja de ruta&#8217; en todos los pa\u00edses en los que opera en la actualidad.<\/p>\n<p>   &#8220;Seguimos con una &#8216;hoja de ruta&#8217; del negocio enfocado en la gesti\u00f3n diaria de la actividad en todos los pa\u00edses en los que estamos presentes.<br \/>\nHoy no hay ninguna decisi\u00f3n de inversi\u00f3n o desinversi\u00f3n en ninguna geograf\u00eda, enfocados en nuestra &#8216;hoja de ruta'&#8221;, ha explicado el consejero delegado de Dia, Mart\u00edn Tolcachir.<\/p>\n<p>   De esta forma, el directivo argentino ha reiterado que para 2023 el foco de la compa\u00f1\u00eda es &#8220;seguir con el proceso de transformaci\u00f3n de las tiendas en Espa\u00f1a, as\u00ed como la renovaci\u00f3n de productos&#8221; y de concluir tambi\u00e9n con la renovaci\u00f3n de las tiendas en Argentina. &#8220;Queremos tambi\u00e9n desarrollar una propuesta de valor ganadora en Portugal y Brasil para mejorar sus resultados&#8221;, ha se\u00f1alado sobre estos mercados.<\/p>\n<p>   Otro de los objetivos del grupo para este ejercicio es acelerar el crecimiento en el &#8216;ecommerce&#8217; y de su red de tiendas a trav\u00e9s de franquicias.<\/p>\n<p>   Grupo Dia cerr\u00f3 2022 con una red de 5.699 tiendas en Espa\u00f1a, Argentina, Brasil y Portugal y una superficie total de venta de m\u00e1s de 2.146.000 metros cuadrados. Del total de la red de tiendas, 2.947 son franquicias (51%) y aportan un 36% de las ventas netas del ejercicio, 3 puntos porcentuales m\u00e1s respecto a 2021 (32,9%).<\/p>\n<p>   Por otro lado, la compa\u00f1\u00eda conf\u00eda en que la Comisi\u00f3n Nacional de los Mercados y la Competencia (CNMC), que ya est\u00e1 estudiando la operaci\u00f3n, d\u00e9 luz verde a la venta de los 235 supermercados y dos naves log\u00edsticas a Alcampo. &#8220;Esperamos respuesta en unas semanas y que la operaci\u00f3n se haga a lo largo de 2023&#8221;, han subrayado.<\/p>\n<p>   &#8220;El 2022 fue un a\u00f1o clave para Dia donde pudimos avanzar claramente en nuestra estrategia con el foco puesto en la proximidad y hemos conseguido resultados muy positivos&#8221;, ha asegurado Mart\u00edn Tolcachir.<\/p>\n","protected":false},"excerpt":{"rendered":"<p>El Grupo Dia ha asegurado que en la actualidad &#8220;no ha tomado&#8221; ninguna decisi\u00f3n de invertir o desinvertir en mercados como Portugal o Brasil, por lo que seguir\u00e1 con su &#8216;hoja de ruta&#8217; en todos los pa\u00edses en los que opera en la actualidad. &#8220;Seguimos con una &#8216;hoja de ruta&#8217; del negocio enfocado en la [&hellip;]<\/p>\n","protected":false},"author":277,"featured_media":176128,"comment_status":"close","ping_status":"","sticky":false,"template":"single-feature.php","format":"standard","meta":{"_acf_changed":false,"footnotes":""},"categories":[15645],"tags":[],"class_list":["post-176126","post","type-post","status-publish","format-standard","has-post-thumbnail","hentry","category-ultima-hora","cat-15645-id"],"acf":[],"yoast_head":"<!-- This site is optimized with the Yoast SEO plugin v27.4 - https:\/\/yoast.com\/product\/yoast-seo-wordpress\/ -->\n<title>Econom\u00eda.- Dia asegura que no ha tomado ninguna decisi\u00f3n de inversi\u00f3n o desinversi\u00f3n del negocio de Portugal - Tapas<\/title>\n<meta name=\"description\" content=\"El Grupo Dia ha asegurado que en la actualidad &quot;no ha tomado&quot; ninguna decisi\u00f3n de invertir o desinvertir en mercados como Portugal o Brasil, por lo que\" \/>\n<meta name=\"robots\" content=\"index, follow, max-snippet:-1, max-image-preview:large, max-video-preview:-1\" \/>\n<link rel=\"canonical\" href=\"https:\/\/www.tapasmagazine.es\/en\/economia-dia-asegura-que-no-ha-tomado-ninguna-decision-de-inversion-o-desinversion-del-negocio-de-portugal\/\" \/>\n<meta property=\"og:locale\" content=\"en_US\" \/>\n<meta property=\"og:type\" content=\"article\" \/>\n<meta property=\"og:title\" content=\"Econom\u00eda.- Dia asegura que no ha tomado ninguna decisi\u00f3n de inversi\u00f3n o desinversi\u00f3n del negocio de Portugal - Tapas\" \/>\n<meta property=\"og:description\" content=\"El Grupo Dia ha asegurado que en la actualidad &quot;no ha tomado&quot; ninguna decisi\u00f3n de invertir o desinvertir en mercados como Portugal o Brasil, por lo que\" \/>\n<meta property=\"og:url\" content=\"https:\/\/www.tapasmagazine.es\/en\/economia-dia-asegura-que-no-ha-tomado-ninguna-decision-de-inversion-o-desinversion-del-negocio-de-portugal\/\" \/>\n<meta property=\"og:site_name\" content=\"Tapas\" \/>\n<meta property=\"article:publisher\" content=\"https:\/\/www.facebook.com\/tapasmagazine\" \/>\n<meta property=\"article:published_time\" content=\"2023-02-23T11:35:18+00:00\" \/>\n<meta property=\"article:modified_time\" content=\"2023-02-23T11:42:42+00:00\" \/>\n<meta property=\"og:image\" content=\"https:\/\/www.tapasmagazine.es\/wp-content\/uploads\/2023\/02\/fotonoticia_20230223123518_9999.jpg\" \/>\n\t<meta property=\"og:image:width\" content=\"2200\" \/>\n\t<meta property=\"og:image:height\" content=\"1468\" \/>\n\t<meta property=\"og:image:type\" content=\"image\/jpeg\" \/>\n<meta name=\"author\" content=\"Tapas \/ EP\" \/>\n<meta name=\"twitter:card\" content=\"summary_large_image\" \/>\n<meta name=\"twitter:creator\" content=\"@TapasMagazine\" \/>\n<meta name=\"twitter:site\" content=\"@TapasMagazine\" \/>\n<meta name=\"twitter:label1\" content=\"Written by\" \/>\n\t<meta name=\"twitter:data1\" content=\"Tapas \/ EP\" \/>\n\t<meta name=\"twitter:label2\" content=\"Est. reading time\" \/>\n\t<meta name=\"twitter:data2\" content=\"2 minutes\" \/>\n<script type=\"application\/ld+json\" class=\"yoast-schema-graph\">{\"@context\":\"https:\\\/\\\/schema.org\",\"@graph\":[{\"@type\":\"Article\",\"@id\":\"https:\\\/\\\/www.tapasmagazine.es\\\/en\\\/economia-dia-asegura-que-no-ha-tomado-ninguna-decision-de-inversion-o-desinversion-del-negocio-de-portugal\\\/#article\",\"isPartOf\":{\"@id\":\"https:\\\/\\\/www.tapasmagazine.es\\\/en\\\/economia-dia-asegura-que-no-ha-tomado-ninguna-decision-de-inversion-o-desinversion-del-negocio-de-portugal\\\/\"},\"author\":{\"name\":\"Tapas \\\/ EP\",\"@id\":\"https:\\\/\\\/www.tapasmagazine.es\\\/#\\\/schema\\\/person\\\/dddb3bce6f98f2124c204b901d74a14b\"},\"headline\":\"Econom\u00eda.- Dia asegura que no ha tomado ninguna decisi\u00f3n de inversi\u00f3n o desinversi\u00f3n del negocio de Portugal\",\"datePublished\":\"2023-02-23T11:35:18+00:00\",\"dateModified\":\"2023-02-23T11:42:42+00:00\",\"mainEntityOfPage\":{\"@id\":\"https:\\\/\\\/www.tapasmagazine.es\\\/en\\\/economia-dia-asegura-que-no-ha-tomado-ninguna-decision-de-inversion-o-desinversion-del-negocio-de-portugal\\\/\"},\"wordCount\":374,\"publisher\":{\"@id\":\"https:\\\/\\\/www.tapasmagazine.es\\\/#organization\"},\"image\":{\"@id\":\"https:\\\/\\\/www.tapasmagazine.es\\\/en\\\/economia-dia-asegura-que-no-ha-tomado-ninguna-decision-de-inversion-o-desinversion-del-negocio-de-portugal\\\/#primaryimage\"},\"thumbnailUrl\":\"https:\\\/\\\/www.tapasmagazine.es\\\/wp-content\\\/uploads\\\/2023\\\/02\\\/fotonoticia_20230223123518_9999.jpg\",\"articleSection\":[\"\u00daltima hora\"],\"inLanguage\":\"en-US\"},{\"@type\":\"WebPage\",\"@id\":\"https:\\\/\\\/www.tapasmagazine.es\\\/en\\\/economia-dia-asegura-que-no-ha-tomado-ninguna-decision-de-inversion-o-desinversion-del-negocio-de-portugal\\\/\",\"url\":\"https:\\\/\\\/www.tapasmagazine.es\\\/en\\\/economia-dia-asegura-que-no-ha-tomado-ninguna-decision-de-inversion-o-desinversion-del-negocio-de-portugal\\\/\",\"name\":\"Econom\u00eda.- Dia asegura que no ha tomado ninguna decisi\u00f3n de inversi\u00f3n o desinversi\u00f3n del negocio de Portugal - Tapas\",\"isPartOf\":{\"@id\":\"https:\\\/\\\/www.tapasmagazine.es\\\/#website\"},\"primaryImageOfPage\":{\"@id\":\"https:\\\/\\\/www.tapasmagazine.es\\\/en\\\/economia-dia-asegura-que-no-ha-tomado-ninguna-decision-de-inversion-o-desinversion-del-negocio-de-portugal\\\/#primaryimage\"},\"image\":{\"@id\":\"https:\\\/\\\/www.tapasmagazine.es\\\/en\\\/economia-dia-asegura-que-no-ha-tomado-ninguna-decision-de-inversion-o-desinversion-del-negocio-de-portugal\\\/#primaryimage\"},\"thumbnailUrl\":\"https:\\\/\\\/www.tapasmagazine.es\\\/wp-content\\\/uploads\\\/2023\\\/02\\\/fotonoticia_20230223123518_9999.jpg\",\"datePublished\":\"2023-02-23T11:35:18+00:00\",\"dateModified\":\"2023-02-23T11:42:42+00:00\",\"description\":\"El Grupo Dia ha asegurado que en la actualidad \\\"no ha tomado\\\" ninguna decisi\u00f3n de invertir o desinvertir en mercados como Portugal o Brasil, por lo que\",\"breadcrumb\":{\"@id\":\"https:\\\/\\\/www.tapasmagazine.es\\\/en\\\/economia-dia-asegura-que-no-ha-tomado-ninguna-decision-de-inversion-o-desinversion-del-negocio-de-portugal\\\/#breadcrumb\"},\"inLanguage\":\"en-US\",\"potentialAction\":[{\"@type\":\"ReadAction\",\"target\":[\"https:\\\/\\\/www.tapasmagazine.es\\\/en\\\/economia-dia-asegura-que-no-ha-tomado-ninguna-decision-de-inversion-o-desinversion-del-negocio-de-portugal\\\/\"]}]},{\"@type\":\"ImageObject\",\"inLanguage\":\"en-US\",\"@id\":\"https:\\\/\\\/www.tapasmagazine.es\\\/en\\\/economia-dia-asegura-que-no-ha-tomado-ninguna-decision-de-inversion-o-desinversion-del-negocio-de-portugal\\\/#primaryimage\",\"url\":\"https:\\\/\\\/www.tapasmagazine.es\\\/wp-content\\\/uploads\\\/2023\\\/02\\\/fotonoticia_20230223123518_9999.jpg\",\"contentUrl\":\"https:\\\/\\\/www.tapasmagazine.es\\\/wp-content\\\/uploads\\\/2023\\\/02\\\/fotonoticia_20230223123518_9999.jpg\",\"width\":2200,\"height\":1468},{\"@type\":\"BreadcrumbList\",\"@id\":\"https:\\\/\\\/www.tapasmagazine.es\\\/en\\\/economia-dia-asegura-que-no-ha-tomado-ninguna-decision-de-inversion-o-desinversion-del-negocio-de-portugal\\\/#breadcrumb\",\"itemListElement\":[{\"@type\":\"ListItem\",\"position\":1,\"name\":\"Portada\",\"item\":\"https:\\\/\\\/www.tapasmagazine.es\\\/\"},{\"@type\":\"ListItem\",\"position\":2,\"name\":\"Sin categorizar\",\"item\":\"https:\\\/\\\/www.tapasmagazine.es\\\/categorias\\\/sin-categorizar\\\/\"},{\"@type\":\"ListItem\",\"position\":3,\"name\":\"Econom\u00eda.- Dia asegura que no ha tomado ninguna decisi\u00f3n de inversi\u00f3n o desinversi\u00f3n del negocio de Portugal\"}]},{\"@type\":\"WebSite\",\"@id\":\"https:\\\/\\\/www.tapasmagazine.es\\\/#website\",\"url\":\"https:\\\/\\\/www.tapasmagazine.es\\\/\",\"name\":\"Tapas\",\"description\":\"\u00d1am \u00d1am Lifestyle. La vida a bocados. Premio Nacional de Gastronom\u00eda 2016.\",\"publisher\":{\"@id\":\"https:\\\/\\\/www.tapasmagazine.es\\\/#organization\"},\"potentialAction\":[{\"@type\":\"SearchAction\",\"target\":{\"@type\":\"EntryPoint\",\"urlTemplate\":\"https:\\\/\\\/www.tapasmagazine.es\\\/?s={search_term_string}\"},\"query-input\":{\"@type\":\"PropertyValueSpecification\",\"valueRequired\":true,\"valueName\":\"search_term_string\"}}],\"inLanguage\":\"en-US\"},{\"@type\":\"Organization\",\"@id\":\"https:\\\/\\\/www.tapasmagazine.es\\\/#organization\",\"name\":\"Tapas Magazine\",\"url\":\"https:\\\/\\\/www.tapasmagazine.es\\\/\",\"logo\":{\"@type\":\"ImageObject\",\"inLanguage\":\"en-US\",\"@id\":\"https:\\\/\\\/www.tapasmagazine.es\\\/#\\\/schema\\\/logo\\\/image\\\/\",\"url\":\"https:\\\/\\\/www.tapasmagazine.es\\\/wp-content\\\/uploads\\\/2018\\\/01\\\/logo.png\",\"contentUrl\":\"https:\\\/\\\/www.tapasmagazine.es\\\/wp-content\\\/uploads\\\/2018\\\/01\\\/logo.png\",\"width\":180,\"height\":60,\"caption\":\"Tapas Magazine\"},\"image\":{\"@id\":\"https:\\\/\\\/www.tapasmagazine.es\\\/#\\\/schema\\\/logo\\\/image\\\/\"},\"sameAs\":[\"https:\\\/\\\/www.facebook.com\\\/tapasmagazine\",\"https:\\\/\\\/x.com\\\/TapasMagazine\",\"https:\\\/\\\/www.instagram.com\\\/tapasmagazine\\\/\",\"https:\\\/\\\/www.linkedin.com\\\/company\\\/tapas-magazine\",\"https:\\\/\\\/es.pinterest.com\\\/tapasmagazine\\\/\",\"https:\\\/\\\/www.youtube.com\\\/channel\\\/UCEyxneAaACuR0lfDagrWjjg?sub_confirmation=1\"]},{\"@type\":\"Person\",\"@id\":\"https:\\\/\\\/www.tapasmagazine.es\\\/#\\\/schema\\\/person\\\/dddb3bce6f98f2124c204b901d74a14b\",\"name\":\"Tapas \\\/ EP\",\"url\":\"https:\\\/\\\/www.tapasmagazine.es\\\/en\\\/author\\\/tapasep\\\/\"}]}<\/script>\n<!-- \/ Yoast SEO plugin. -->","yoast_head_json":{"title":"Econom\u00eda.- Dia asegura que no ha tomado ninguna decisi\u00f3n de inversi\u00f3n o desinversi\u00f3n del negocio de Portugal - Tapas","description":"El Grupo Dia ha asegurado que en la actualidad \"no ha tomado\" ninguna decisi\u00f3n de invertir o desinvertir en mercados como Portugal o Brasil, por lo que","robots":{"index":"index","follow":"follow","max-snippet":"max-snippet:-1","max-image-preview":"max-image-preview:large","max-video-preview":"max-video-preview:-1"},"canonical":"https:\/\/www.tapasmagazine.es\/en\/economia-dia-asegura-que-no-ha-tomado-ninguna-decision-de-inversion-o-desinversion-del-negocio-de-portugal\/","og_locale":"en_US","og_type":"article","og_title":"Econom\u00eda.- Dia asegura que no ha tomado ninguna decisi\u00f3n de inversi\u00f3n o desinversi\u00f3n del negocio de Portugal - Tapas","og_description":"El Grupo Dia ha asegurado que en la actualidad \"no ha tomado\" ninguna decisi\u00f3n de invertir o desinvertir en mercados como Portugal o Brasil, por lo que","og_url":"https:\/\/www.tapasmagazine.es\/en\/economia-dia-asegura-que-no-ha-tomado-ninguna-decision-de-inversion-o-desinversion-del-negocio-de-portugal\/","og_site_name":"Tapas","article_publisher":"https:\/\/www.facebook.com\/tapasmagazine","article_published_time":"2023-02-23T11:35:18+00:00","article_modified_time":"2023-02-23T11:42:42+00:00","og_image":[{"width":2200,"height":1468,"url":"https:\/\/www.tapasmagazine.es\/wp-content\/uploads\/2023\/02\/fotonoticia_20230223123518_9999.jpg","type":"image\/jpeg"}],"author":"Tapas \/ EP","twitter_card":"summary_large_image","twitter_creator":"@TapasMagazine","twitter_site":"@TapasMagazine","twitter_misc":{"Written by":"Tapas \/ EP","Est. reading time":"2 minutes"},"schema":{"@context":"https:\/\/schema.org","@graph":[{"@type":"Article","@id":"https:\/\/www.tapasmagazine.es\/en\/economia-dia-asegura-que-no-ha-tomado-ninguna-decision-de-inversion-o-desinversion-del-negocio-de-portugal\/#article","isPartOf":{"@id":"https:\/\/www.tapasmagazine.es\/en\/economia-dia-asegura-que-no-ha-tomado-ninguna-decision-de-inversion-o-desinversion-del-negocio-de-portugal\/"},"author":{"name":"Tapas \/ EP","@id":"https:\/\/www.tapasmagazine.es\/#\/schema\/person\/dddb3bce6f98f2124c204b901d74a14b"},"headline":"Econom\u00eda.- Dia asegura que no ha tomado ninguna decisi\u00f3n de inversi\u00f3n o desinversi\u00f3n del negocio de Portugal","datePublished":"2023-02-23T11:35:18+00:00","dateModified":"2023-02-23T11:42:42+00:00","mainEntityOfPage":{"@id":"https:\/\/www.tapasmagazine.es\/en\/economia-dia-asegura-que-no-ha-tomado-ninguna-decision-de-inversion-o-desinversion-del-negocio-de-portugal\/"},"wordCount":374,"publisher":{"@id":"https:\/\/www.tapasmagazine.es\/#organization"},"image":{"@id":"https:\/\/www.tapasmagazine.es\/en\/economia-dia-asegura-que-no-ha-tomado-ninguna-decision-de-inversion-o-desinversion-del-negocio-de-portugal\/#primaryimage"},"thumbnailUrl":"https:\/\/www.tapasmagazine.es\/wp-content\/uploads\/2023\/02\/fotonoticia_20230223123518_9999.jpg","articleSection":["\u00daltima hora"],"inLanguage":"en-US"},{"@type":"WebPage","@id":"https:\/\/www.tapasmagazine.es\/en\/economia-dia-asegura-que-no-ha-tomado-ninguna-decision-de-inversion-o-desinversion-del-negocio-de-portugal\/","url":"https:\/\/www.tapasmagazine.es\/en\/economia-dia-asegura-que-no-ha-tomado-ninguna-decision-de-inversion-o-desinversion-del-negocio-de-portugal\/","name":"Econom\u00eda.- Dia asegura que no ha tomado ninguna decisi\u00f3n de inversi\u00f3n o desinversi\u00f3n del negocio de Portugal - Tapas","isPartOf":{"@id":"https:\/\/www.tapasmagazine.es\/#website"},"primaryImageOfPage":{"@id":"https:\/\/www.tapasmagazine.es\/en\/economia-dia-asegura-que-no-ha-tomado-ninguna-decision-de-inversion-o-desinversion-del-negocio-de-portugal\/#primaryimage"},"image":{"@id":"https:\/\/www.tapasmagazine.es\/en\/economia-dia-asegura-que-no-ha-tomado-ninguna-decision-de-inversion-o-desinversion-del-negocio-de-portugal\/#primaryimage"},"thumbnailUrl":"https:\/\/www.tapasmagazine.es\/wp-content\/uploads\/2023\/02\/fotonoticia_20230223123518_9999.jpg","datePublished":"2023-02-23T11:35:18+00:00","dateModified":"2023-02-23T11:42:42+00:00","description":"El Grupo Dia ha asegurado que en la actualidad \"no ha tomado\" ninguna decisi\u00f3n de invertir o desinvertir en mercados como Portugal o Brasil, por lo que","breadcrumb":{"@id":"https:\/\/www.tapasmagazine.es\/en\/economia-dia-asegura-que-no-ha-tomado-ninguna-decision-de-inversion-o-desinversion-del-negocio-de-portugal\/#breadcrumb"},"inLanguage":"en-US","potentialAction":[{"@type":"ReadAction","target":["https:\/\/www.tapasmagazine.es\/en\/economia-dia-asegura-que-no-ha-tomado-ninguna-decision-de-inversion-o-desinversion-del-negocio-de-portugal\/"]}]},{"@type":"ImageObject","inLanguage":"en-US","@id":"https:\/\/www.tapasmagazine.es\/en\/economia-dia-asegura-que-no-ha-tomado-ninguna-decision-de-inversion-o-desinversion-del-negocio-de-portugal\/#primaryimage","url":"https:\/\/www.tapasmagazine.es\/wp-content\/uploads\/2023\/02\/fotonoticia_20230223123518_9999.jpg","contentUrl":"https:\/\/www.tapasmagazine.es\/wp-content\/uploads\/2023\/02\/fotonoticia_20230223123518_9999.jpg","width":2200,"height":1468},{"@type":"BreadcrumbList","@id":"https:\/\/www.tapasmagazine.es\/en\/economia-dia-asegura-que-no-ha-tomado-ninguna-decision-de-inversion-o-desinversion-del-negocio-de-portugal\/#breadcrumb","itemListElement":[{"@type":"ListItem","position":1,"name":"Portada","item":"https:\/\/www.tapasmagazine.es\/"},{"@type":"ListItem","position":2,"name":"Sin categorizar","item":"https:\/\/www.tapasmagazine.es\/categorias\/sin-categorizar\/"},{"@type":"ListItem","position":3,"name":"Econom\u00eda.- Dia asegura que no ha tomado ninguna decisi\u00f3n de inversi\u00f3n o desinversi\u00f3n del negocio de Portugal"}]},{"@type":"WebSite","@id":"https:\/\/www.tapasmagazine.es\/#website","url":"https:\/\/www.tapasmagazine.es\/","name":"Tapas","description":"\u00d1am \u00d1am Lifestyle. La vida a bocados. Premio Nacional de Gastronom\u00eda 2016.","publisher":{"@id":"https:\/\/www.tapasmagazine.es\/#organization"},"potentialAction":[{"@type":"SearchAction","target":{"@type":"EntryPoint","urlTemplate":"https:\/\/www.tapasmagazine.es\/?s={search_term_string}"},"query-input":{"@type":"PropertyValueSpecification","valueRequired":true,"valueName":"search_term_string"}}],"inLanguage":"en-US"},{"@type":"Organization","@id":"https:\/\/www.tapasmagazine.es\/#organization","name":"Tapas Magazine","url":"https:\/\/www.tapasmagazine.es\/","logo":{"@type":"ImageObject","inLanguage":"en-US","@id":"https:\/\/www.tapasmagazine.es\/#\/schema\/logo\/image\/","url":"https:\/\/www.tapasmagazine.es\/wp-content\/uploads\/2018\/01\/logo.png","contentUrl":"https:\/\/www.tapasmagazine.es\/wp-content\/uploads\/2018\/01\/logo.png","width":180,"height":60,"caption":"Tapas Magazine"},"image":{"@id":"https:\/\/www.tapasmagazine.es\/#\/schema\/logo\/image\/"},"sameAs":["https:\/\/www.facebook.com\/tapasmagazine","https:\/\/x.com\/TapasMagazine","https:\/\/www.instagram.com\/tapasmagazine\/","https:\/\/www.linkedin.com\/company\/tapas-magazine","https:\/\/es.pinterest.com\/tapasmagazine\/","https:\/\/www.youtube.com\/channel\/UCEyxneAaACuR0lfDagrWjjg?sub_confirmation=1"]},{"@type":"Person","@id":"https:\/\/www.tapasmagazine.es\/#\/schema\/person\/dddb3bce6f98f2124c204b901d74a14b","name":"Tapas \/ EP","url":"https:\/\/www.tapasmagazine.es\/en\/author\/tapasep\/"}]}},"_links":{"self":[{"href":"https:\/\/www.tapasmagazine.es\/en\/wp-json\/wp\/v2\/posts\/176126","targetHints":{"allow":["GET"]}}],"collection":[{"href":"https:\/\/www.tapasmagazine.es\/en\/wp-json\/wp\/v2\/posts"}],"about":[{"href":"https:\/\/www.tapasmagazine.es\/en\/wp-json\/wp\/v2\/types\/post"}],"author":[{"embeddable":true,"href":"https:\/\/www.tapasmagazine.es\/en\/wp-json\/wp\/v2\/users\/277"}],"replies":[{"embeddable":true,"href":"https:\/\/www.tapasmagazine.es\/en\/wp-json\/wp\/v2\/comments?post=176126"}],"version-history":[{"count":1,"href":"https:\/\/www.tapasmagazine.es\/en\/wp-json\/wp\/v2\/posts\/176126\/revisions"}],"predecessor-version":[{"id":176127,"href":"https:\/\/www.tapasmagazine.es\/en\/wp-json\/wp\/v2\/posts\/176126\/revisions\/176127"}],"wp:featuredmedia":[{"embeddable":true,"href":"https:\/\/www.tapasmagazine.es\/en\/wp-json\/wp\/v2\/media\/176128"}],"wp:attachment":[{"href":"https:\/\/www.tapasmagazine.es\/en\/wp-json\/wp\/v2\/media?parent=176126"}],"wp:term":[{"taxonomy":"category","embeddable":true,"href":"https:\/\/www.tapasmagazine.es\/en\/wp-json\/wp\/v2\/categories?post=176126"},{"taxonomy":"post_tag","embeddable":true,"href":"https:\/\/www.tapasmagazine.es\/en\/wp-json\/wp\/v2\/tags?post=176126"}],"curies":[{"name":"wp","href":"https:\/\/api.w.org\/{rel}","templated":true}]}}