{"id":176115,"date":"2023-02-23T10:52:22","date_gmt":"2023-02-23T09:52:22","guid":{"rendered":"https:\/\/www.tapasmagazine.es\/?p=176115"},"modified":"2023-02-23T11:11:57","modified_gmt":"2023-02-23T10:11:57","slug":"economia-dia-carrefour-froiz-y-j-garcia-carrion-sancionados-por-inclumplir-la-ley-de-la-cadena","status":"publish","type":"post","link":"https:\/\/www.tapasmagazine.es\/en\/economia-dia-carrefour-froiz-y-j-garcia-carrion-sancionados-por-inclumplir-la-ley-de-la-cadena\/","title":{"rendered":"Econom\u00eda.- Dia, Carrefour, Froiz y J. Garc\u00eda Carri\u00f3n, sancionados por  inclumplir la Ley de la Cadena"},"content":{"rendered":"<p>Las cadenas de supemercados Dia, Carrefour y Froiz, as\u00ed como empresas como J. Garc\u00eda Carri\u00f3n o Ray Lech, adem\u00e1s de decenas de industrias, han sido multadas por la Agencia de Informaci\u00f3n y Control Alimentarios (AICA), organismo del Ministerio de Agricultura, Pesca y Alimentaci\u00f3n, por incumplir la Ley de la Cadena Alimentaria.<\/p>\n<p>   En concreto, el Departamento que lidera Luis Planas ha hecho p\u00fablica la primera lista de sanciones firmes a empresas por incumplimientos graves y muy graves de la Ley de la Cadena Alimentaria. En total, aparecen 69 empresas, donde los principales elementos de sanci\u00f3n son el incumplimiento de los plazos de pago, la inexistencia de contratos<br \/>\npor escrito o la no inclusi\u00f3n del precio en dichos contratos.<\/p>\n<p>   De esta forma, los Centros Comerciales Carrefour han recibido una multa de 3.001 euros por el incumplimiento de los plazos de pago, una sanci\u00f3n de la misma cuant\u00eda y por la misma raz\u00f3n ha sido la que ha recibido Distribuciones Froiz, mientras que Dia Retail Espa\u00f1a ha recibido dos sanciones por incumplir en los plazos de pago de 3.001 euros y de 3.899,12 euros.<\/p>\n<p>   Por su parte, el grupo J. Garc\u00eda Carri\u00f3n ha sido multado con 9.147,81 euros por incumplir los plazos de pago, mientras que Pistachos de la Mancha ha recibido dos sanciones, una de 10.449,24 euros por el incumplimiento de los plazos de pago y otra de 3.001 euros por no formalizar por escrito los contratos alimentarios, seg\u00fan consta en la publicaci\u00f3n trimestral de sanciones del primer trimestre de 2023, que recoge Europa Press.<\/p>\n<p>   Sin embargo, la mayor cuant\u00eda de sanci\u00f3n de las 69 impuestas por el Ministerio de Agricultura ha reca\u00eddo en Ray Lech, empresa dedicada al comercio al por mayor de productos l\u00e1cteos, huevos, aceites y grasas comestibles, que recibe dos multas, una de 3.001 euros por el incumplimiento de los plazos de pago y otra de 11.500 euros por no formalizar por escrito los contratos alimentarios y no incorporar en los  mismos el precio.<\/p>\n<p>   Entre los sancionados tambi\u00e9n destacan las multas a Transformaciones Agr\u00edcolas de Badajoz (Transa) de 7.558,75 euros por el incumplimiento de los plazos de pago y de 9.000 euros a Inleit Ingredients por realizar modificaciones del precio incluido en el contrato que no est\u00e1n expresamente pactadas por las partes.<\/p>\n","protected":false},"excerpt":{"rendered":"<p>Las cadenas de supemercados Dia, Carrefour y Froiz, as\u00ed como empresas como J. Garc\u00eda Carri\u00f3n o Ray Lech, adem\u00e1s de decenas de industrias, han sido multadas por la Agencia de Informaci\u00f3n y Control Alimentarios (AICA), organismo del Ministerio de Agricultura, Pesca y Alimentaci\u00f3n, por incumplir la Ley de la Cadena Alimentaria. En concreto, el Departamento [&hellip;]<\/p>\n","protected":false},"author":277,"featured_media":176117,"comment_status":"close","ping_status":"","sticky":false,"template":"single-feature.php","format":"standard","meta":{"_acf_changed":false,"footnotes":""},"categories":[15645],"tags":[],"class_list":["post-176115","post","type-post","status-publish","format-standard","has-post-thumbnail","hentry","category-ultima-hora","cat-15645-id"],"acf":[],"yoast_head":"<!-- This site is optimized with the Yoast SEO plugin v27.4 - https:\/\/yoast.com\/product\/yoast-seo-wordpress\/ -->\n<title>Econom\u00eda.- Dia, Carrefour, Froiz y J. Garc\u00eda Carri\u00f3n, sancionados por inclumplir la Ley de la Cadena - Tapas<\/title>\n<meta name=\"description\" content=\"Las cadenas de supemercados Dia, Carrefour y Froiz, as\u00ed como empresas como J. Garc\u00eda Carri\u00f3n o Ray Lech, adem\u00e1s de decenas de industrias, han sido\" \/>\n<meta name=\"robots\" content=\"index, follow, max-snippet:-1, max-image-preview:large, max-video-preview:-1\" \/>\n<link rel=\"canonical\" href=\"https:\/\/www.tapasmagazine.es\/en\/economia-dia-carrefour-froiz-y-j-garcia-carrion-sancionados-por-inclumplir-la-ley-de-la-cadena\/\" \/>\n<meta property=\"og:locale\" content=\"en_US\" \/>\n<meta property=\"og:type\" content=\"article\" \/>\n<meta property=\"og:title\" content=\"Econom\u00eda.- Dia, Carrefour, Froiz y J. Garc\u00eda Carri\u00f3n, sancionados por inclumplir la Ley de la Cadena - Tapas\" \/>\n<meta property=\"og:description\" content=\"Las cadenas de supemercados Dia, Carrefour y Froiz, as\u00ed como empresas como J. Garc\u00eda Carri\u00f3n o Ray Lech, adem\u00e1s de decenas de industrias, han sido\" \/>\n<meta property=\"og:url\" content=\"https:\/\/www.tapasmagazine.es\/en\/economia-dia-carrefour-froiz-y-j-garcia-carrion-sancionados-por-inclumplir-la-ley-de-la-cadena\/\" \/>\n<meta property=\"og:site_name\" content=\"Tapas\" \/>\n<meta property=\"article:publisher\" content=\"https:\/\/www.facebook.com\/tapasmagazine\" \/>\n<meta property=\"article:published_time\" content=\"2023-02-23T09:52:22+00:00\" \/>\n<meta property=\"article:modified_time\" content=\"2023-02-23T10:11:57+00:00\" \/>\n<meta property=\"og:image\" content=\"https:\/\/www.tapasmagazine.es\/wp-content\/uploads\/2023\/02\/fotonoticia_20230223105222_9999-scaled.jpg\" \/>\n\t<meta property=\"og:image:width\" content=\"2560\" \/>\n\t<meta property=\"og:image:height\" content=\"1775\" \/>\n\t<meta property=\"og:image:type\" content=\"image\/jpeg\" \/>\n<meta name=\"author\" content=\"Tapas \/ EP\" \/>\n<meta name=\"twitter:card\" content=\"summary_large_image\" \/>\n<meta name=\"twitter:creator\" content=\"@TapasMagazine\" \/>\n<meta name=\"twitter:site\" content=\"@TapasMagazine\" \/>\n<meta name=\"twitter:label1\" content=\"Written by\" \/>\n\t<meta name=\"twitter:data1\" content=\"Tapas \/ EP\" \/>\n\t<meta name=\"twitter:label2\" content=\"Est. reading time\" \/>\n\t<meta name=\"twitter:data2\" content=\"2 minutes\" \/>\n<script type=\"application\/ld+json\" class=\"yoast-schema-graph\">{\"@context\":\"https:\\\/\\\/schema.org\",\"@graph\":[{\"@type\":\"Article\",\"@id\":\"https:\\\/\\\/www.tapasmagazine.es\\\/en\\\/economia-dia-carrefour-froiz-y-j-garcia-carrion-sancionados-por-inclumplir-la-ley-de-la-cadena\\\/#article\",\"isPartOf\":{\"@id\":\"https:\\\/\\\/www.tapasmagazine.es\\\/en\\\/economia-dia-carrefour-froiz-y-j-garcia-carrion-sancionados-por-inclumplir-la-ley-de-la-cadena\\\/\"},\"author\":{\"name\":\"Tapas \\\/ EP\",\"@id\":\"https:\\\/\\\/www.tapasmagazine.es\\\/#\\\/schema\\\/person\\\/dddb3bce6f98f2124c204b901d74a14b\"},\"headline\":\"Econom\u00eda.- Dia, Carrefour, Froiz y J. Garc\u00eda Carri\u00f3n, sancionados por inclumplir la Ley de la Cadena\",\"datePublished\":\"2023-02-23T09:52:22+00:00\",\"dateModified\":\"2023-02-23T10:11:57+00:00\",\"mainEntityOfPage\":{\"@id\":\"https:\\\/\\\/www.tapasmagazine.es\\\/en\\\/economia-dia-carrefour-froiz-y-j-garcia-carrion-sancionados-por-inclumplir-la-ley-de-la-cadena\\\/\"},\"wordCount\":404,\"publisher\":{\"@id\":\"https:\\\/\\\/www.tapasmagazine.es\\\/#organization\"},\"image\":{\"@id\":\"https:\\\/\\\/www.tapasmagazine.es\\\/en\\\/economia-dia-carrefour-froiz-y-j-garcia-carrion-sancionados-por-inclumplir-la-ley-de-la-cadena\\\/#primaryimage\"},\"thumbnailUrl\":\"https:\\\/\\\/www.tapasmagazine.es\\\/wp-content\\\/uploads\\\/2023\\\/02\\\/fotonoticia_20230223105222_9999-scaled.jpg\",\"articleSection\":[\"\u00daltima hora\"],\"inLanguage\":\"en-US\"},{\"@type\":\"WebPage\",\"@id\":\"https:\\\/\\\/www.tapasmagazine.es\\\/en\\\/economia-dia-carrefour-froiz-y-j-garcia-carrion-sancionados-por-inclumplir-la-ley-de-la-cadena\\\/\",\"url\":\"https:\\\/\\\/www.tapasmagazine.es\\\/en\\\/economia-dia-carrefour-froiz-y-j-garcia-carrion-sancionados-por-inclumplir-la-ley-de-la-cadena\\\/\",\"name\":\"Econom\u00eda.- Dia, Carrefour, Froiz y J. Garc\u00eda Carri\u00f3n, sancionados por inclumplir la Ley de la Cadena - Tapas\",\"isPartOf\":{\"@id\":\"https:\\\/\\\/www.tapasmagazine.es\\\/#website\"},\"primaryImageOfPage\":{\"@id\":\"https:\\\/\\\/www.tapasmagazine.es\\\/en\\\/economia-dia-carrefour-froiz-y-j-garcia-carrion-sancionados-por-inclumplir-la-ley-de-la-cadena\\\/#primaryimage\"},\"image\":{\"@id\":\"https:\\\/\\\/www.tapasmagazine.es\\\/en\\\/economia-dia-carrefour-froiz-y-j-garcia-carrion-sancionados-por-inclumplir-la-ley-de-la-cadena\\\/#primaryimage\"},\"thumbnailUrl\":\"https:\\\/\\\/www.tapasmagazine.es\\\/wp-content\\\/uploads\\\/2023\\\/02\\\/fotonoticia_20230223105222_9999-scaled.jpg\",\"datePublished\":\"2023-02-23T09:52:22+00:00\",\"dateModified\":\"2023-02-23T10:11:57+00:00\",\"description\":\"Las cadenas de supemercados Dia, Carrefour y Froiz, as\u00ed como empresas como J. Garc\u00eda Carri\u00f3n o Ray Lech, adem\u00e1s de decenas de industrias, han sido\",\"breadcrumb\":{\"@id\":\"https:\\\/\\\/www.tapasmagazine.es\\\/en\\\/economia-dia-carrefour-froiz-y-j-garcia-carrion-sancionados-por-inclumplir-la-ley-de-la-cadena\\\/#breadcrumb\"},\"inLanguage\":\"en-US\",\"potentialAction\":[{\"@type\":\"ReadAction\",\"target\":[\"https:\\\/\\\/www.tapasmagazine.es\\\/en\\\/economia-dia-carrefour-froiz-y-j-garcia-carrion-sancionados-por-inclumplir-la-ley-de-la-cadena\\\/\"]}]},{\"@type\":\"ImageObject\",\"inLanguage\":\"en-US\",\"@id\":\"https:\\\/\\\/www.tapasmagazine.es\\\/en\\\/economia-dia-carrefour-froiz-y-j-garcia-carrion-sancionados-por-inclumplir-la-ley-de-la-cadena\\\/#primaryimage\",\"url\":\"https:\\\/\\\/www.tapasmagazine.es\\\/wp-content\\\/uploads\\\/2023\\\/02\\\/fotonoticia_20230223105222_9999-scaled.jpg\",\"contentUrl\":\"https:\\\/\\\/www.tapasmagazine.es\\\/wp-content\\\/uploads\\\/2023\\\/02\\\/fotonoticia_20230223105222_9999-scaled.jpg\",\"width\":2560,\"height\":1775},{\"@type\":\"BreadcrumbList\",\"@id\":\"https:\\\/\\\/www.tapasmagazine.es\\\/en\\\/economia-dia-carrefour-froiz-y-j-garcia-carrion-sancionados-por-inclumplir-la-ley-de-la-cadena\\\/#breadcrumb\",\"itemListElement\":[{\"@type\":\"ListItem\",\"position\":1,\"name\":\"Portada\",\"item\":\"https:\\\/\\\/www.tapasmagazine.es\\\/\"},{\"@type\":\"ListItem\",\"position\":2,\"name\":\"Sin categorizar\",\"item\":\"https:\\\/\\\/www.tapasmagazine.es\\\/categorias\\\/sin-categorizar\\\/\"},{\"@type\":\"ListItem\",\"position\":3,\"name\":\"Econom\u00eda.- Dia, Carrefour, Froiz y J. Garc\u00eda Carri\u00f3n, sancionados por inclumplir la Ley de la Cadena\"}]},{\"@type\":\"WebSite\",\"@id\":\"https:\\\/\\\/www.tapasmagazine.es\\\/#website\",\"url\":\"https:\\\/\\\/www.tapasmagazine.es\\\/\",\"name\":\"Tapas\",\"description\":\"\u00d1am \u00d1am Lifestyle. La vida a bocados. Premio Nacional de Gastronom\u00eda 2016.\",\"publisher\":{\"@id\":\"https:\\\/\\\/www.tapasmagazine.es\\\/#organization\"},\"potentialAction\":[{\"@type\":\"SearchAction\",\"target\":{\"@type\":\"EntryPoint\",\"urlTemplate\":\"https:\\\/\\\/www.tapasmagazine.es\\\/?s={search_term_string}\"},\"query-input\":{\"@type\":\"PropertyValueSpecification\",\"valueRequired\":true,\"valueName\":\"search_term_string\"}}],\"inLanguage\":\"en-US\"},{\"@type\":\"Organization\",\"@id\":\"https:\\\/\\\/www.tapasmagazine.es\\\/#organization\",\"name\":\"Tapas Magazine\",\"url\":\"https:\\\/\\\/www.tapasmagazine.es\\\/\",\"logo\":{\"@type\":\"ImageObject\",\"inLanguage\":\"en-US\",\"@id\":\"https:\\\/\\\/www.tapasmagazine.es\\\/#\\\/schema\\\/logo\\\/image\\\/\",\"url\":\"https:\\\/\\\/www.tapasmagazine.es\\\/wp-content\\\/uploads\\\/2018\\\/01\\\/logo.png\",\"contentUrl\":\"https:\\\/\\\/www.tapasmagazine.es\\\/wp-content\\\/uploads\\\/2018\\\/01\\\/logo.png\",\"width\":180,\"height\":60,\"caption\":\"Tapas Magazine\"},\"image\":{\"@id\":\"https:\\\/\\\/www.tapasmagazine.es\\\/#\\\/schema\\\/logo\\\/image\\\/\"},\"sameAs\":[\"https:\\\/\\\/www.facebook.com\\\/tapasmagazine\",\"https:\\\/\\\/x.com\\\/TapasMagazine\",\"https:\\\/\\\/www.instagram.com\\\/tapasmagazine\\\/\",\"https:\\\/\\\/www.linkedin.com\\\/company\\\/tapas-magazine\",\"https:\\\/\\\/es.pinterest.com\\\/tapasmagazine\\\/\",\"https:\\\/\\\/www.youtube.com\\\/channel\\\/UCEyxneAaACuR0lfDagrWjjg?sub_confirmation=1\"]},{\"@type\":\"Person\",\"@id\":\"https:\\\/\\\/www.tapasmagazine.es\\\/#\\\/schema\\\/person\\\/dddb3bce6f98f2124c204b901d74a14b\",\"name\":\"Tapas \\\/ EP\",\"url\":\"https:\\\/\\\/www.tapasmagazine.es\\\/en\\\/author\\\/tapasep\\\/\"}]}<\/script>\n<!-- \/ Yoast SEO plugin. -->","yoast_head_json":{"title":"Econom\u00eda.- Dia, Carrefour, Froiz y J. Garc\u00eda Carri\u00f3n, sancionados por inclumplir la Ley de la Cadena - Tapas","description":"Las cadenas de supemercados Dia, Carrefour y Froiz, as\u00ed como empresas como J. Garc\u00eda Carri\u00f3n o Ray Lech, adem\u00e1s de decenas de industrias, han sido","robots":{"index":"index","follow":"follow","max-snippet":"max-snippet:-1","max-image-preview":"max-image-preview:large","max-video-preview":"max-video-preview:-1"},"canonical":"https:\/\/www.tapasmagazine.es\/en\/economia-dia-carrefour-froiz-y-j-garcia-carrion-sancionados-por-inclumplir-la-ley-de-la-cadena\/","og_locale":"en_US","og_type":"article","og_title":"Econom\u00eda.- Dia, Carrefour, Froiz y J. Garc\u00eda Carri\u00f3n, sancionados por inclumplir la Ley de la Cadena - Tapas","og_description":"Las cadenas de supemercados Dia, Carrefour y Froiz, as\u00ed como empresas como J. Garc\u00eda Carri\u00f3n o Ray Lech, adem\u00e1s de decenas de industrias, han sido","og_url":"https:\/\/www.tapasmagazine.es\/en\/economia-dia-carrefour-froiz-y-j-garcia-carrion-sancionados-por-inclumplir-la-ley-de-la-cadena\/","og_site_name":"Tapas","article_publisher":"https:\/\/www.facebook.com\/tapasmagazine","article_published_time":"2023-02-23T09:52:22+00:00","article_modified_time":"2023-02-23T10:11:57+00:00","og_image":[{"width":2560,"height":1775,"url":"https:\/\/www.tapasmagazine.es\/wp-content\/uploads\/2023\/02\/fotonoticia_20230223105222_9999-scaled.jpg","type":"image\/jpeg"}],"author":"Tapas \/ EP","twitter_card":"summary_large_image","twitter_creator":"@TapasMagazine","twitter_site":"@TapasMagazine","twitter_misc":{"Written by":"Tapas \/ EP","Est. reading time":"2 minutes"},"schema":{"@context":"https:\/\/schema.org","@graph":[{"@type":"Article","@id":"https:\/\/www.tapasmagazine.es\/en\/economia-dia-carrefour-froiz-y-j-garcia-carrion-sancionados-por-inclumplir-la-ley-de-la-cadena\/#article","isPartOf":{"@id":"https:\/\/www.tapasmagazine.es\/en\/economia-dia-carrefour-froiz-y-j-garcia-carrion-sancionados-por-inclumplir-la-ley-de-la-cadena\/"},"author":{"name":"Tapas \/ EP","@id":"https:\/\/www.tapasmagazine.es\/#\/schema\/person\/dddb3bce6f98f2124c204b901d74a14b"},"headline":"Econom\u00eda.- Dia, Carrefour, Froiz y J. Garc\u00eda Carri\u00f3n, sancionados por inclumplir la Ley de la Cadena","datePublished":"2023-02-23T09:52:22+00:00","dateModified":"2023-02-23T10:11:57+00:00","mainEntityOfPage":{"@id":"https:\/\/www.tapasmagazine.es\/en\/economia-dia-carrefour-froiz-y-j-garcia-carrion-sancionados-por-inclumplir-la-ley-de-la-cadena\/"},"wordCount":404,"publisher":{"@id":"https:\/\/www.tapasmagazine.es\/#organization"},"image":{"@id":"https:\/\/www.tapasmagazine.es\/en\/economia-dia-carrefour-froiz-y-j-garcia-carrion-sancionados-por-inclumplir-la-ley-de-la-cadena\/#primaryimage"},"thumbnailUrl":"https:\/\/www.tapasmagazine.es\/wp-content\/uploads\/2023\/02\/fotonoticia_20230223105222_9999-scaled.jpg","articleSection":["\u00daltima hora"],"inLanguage":"en-US"},{"@type":"WebPage","@id":"https:\/\/www.tapasmagazine.es\/en\/economia-dia-carrefour-froiz-y-j-garcia-carrion-sancionados-por-inclumplir-la-ley-de-la-cadena\/","url":"https:\/\/www.tapasmagazine.es\/en\/economia-dia-carrefour-froiz-y-j-garcia-carrion-sancionados-por-inclumplir-la-ley-de-la-cadena\/","name":"Econom\u00eda.- Dia, Carrefour, Froiz y J. Garc\u00eda Carri\u00f3n, sancionados por inclumplir la Ley de la Cadena - Tapas","isPartOf":{"@id":"https:\/\/www.tapasmagazine.es\/#website"},"primaryImageOfPage":{"@id":"https:\/\/www.tapasmagazine.es\/en\/economia-dia-carrefour-froiz-y-j-garcia-carrion-sancionados-por-inclumplir-la-ley-de-la-cadena\/#primaryimage"},"image":{"@id":"https:\/\/www.tapasmagazine.es\/en\/economia-dia-carrefour-froiz-y-j-garcia-carrion-sancionados-por-inclumplir-la-ley-de-la-cadena\/#primaryimage"},"thumbnailUrl":"https:\/\/www.tapasmagazine.es\/wp-content\/uploads\/2023\/02\/fotonoticia_20230223105222_9999-scaled.jpg","datePublished":"2023-02-23T09:52:22+00:00","dateModified":"2023-02-23T10:11:57+00:00","description":"Las cadenas de supemercados Dia, Carrefour y Froiz, as\u00ed como empresas como J. Garc\u00eda Carri\u00f3n o Ray Lech, adem\u00e1s de decenas de industrias, han sido","breadcrumb":{"@id":"https:\/\/www.tapasmagazine.es\/en\/economia-dia-carrefour-froiz-y-j-garcia-carrion-sancionados-por-inclumplir-la-ley-de-la-cadena\/#breadcrumb"},"inLanguage":"en-US","potentialAction":[{"@type":"ReadAction","target":["https:\/\/www.tapasmagazine.es\/en\/economia-dia-carrefour-froiz-y-j-garcia-carrion-sancionados-por-inclumplir-la-ley-de-la-cadena\/"]}]},{"@type":"ImageObject","inLanguage":"en-US","@id":"https:\/\/www.tapasmagazine.es\/en\/economia-dia-carrefour-froiz-y-j-garcia-carrion-sancionados-por-inclumplir-la-ley-de-la-cadena\/#primaryimage","url":"https:\/\/www.tapasmagazine.es\/wp-content\/uploads\/2023\/02\/fotonoticia_20230223105222_9999-scaled.jpg","contentUrl":"https:\/\/www.tapasmagazine.es\/wp-content\/uploads\/2023\/02\/fotonoticia_20230223105222_9999-scaled.jpg","width":2560,"height":1775},{"@type":"BreadcrumbList","@id":"https:\/\/www.tapasmagazine.es\/en\/economia-dia-carrefour-froiz-y-j-garcia-carrion-sancionados-por-inclumplir-la-ley-de-la-cadena\/#breadcrumb","itemListElement":[{"@type":"ListItem","position":1,"name":"Portada","item":"https:\/\/www.tapasmagazine.es\/"},{"@type":"ListItem","position":2,"name":"Sin categorizar","item":"https:\/\/www.tapasmagazine.es\/categorias\/sin-categorizar\/"},{"@type":"ListItem","position":3,"name":"Econom\u00eda.- Dia, Carrefour, Froiz y J. Garc\u00eda Carri\u00f3n, sancionados por inclumplir la Ley de la Cadena"}]},{"@type":"WebSite","@id":"https:\/\/www.tapasmagazine.es\/#website","url":"https:\/\/www.tapasmagazine.es\/","name":"Tapas","description":"\u00d1am \u00d1am Lifestyle. La vida a bocados. Premio Nacional de Gastronom\u00eda 2016.","publisher":{"@id":"https:\/\/www.tapasmagazine.es\/#organization"},"potentialAction":[{"@type":"SearchAction","target":{"@type":"EntryPoint","urlTemplate":"https:\/\/www.tapasmagazine.es\/?s={search_term_string}"},"query-input":{"@type":"PropertyValueSpecification","valueRequired":true,"valueName":"search_term_string"}}],"inLanguage":"en-US"},{"@type":"Organization","@id":"https:\/\/www.tapasmagazine.es\/#organization","name":"Tapas Magazine","url":"https:\/\/www.tapasmagazine.es\/","logo":{"@type":"ImageObject","inLanguage":"en-US","@id":"https:\/\/www.tapasmagazine.es\/#\/schema\/logo\/image\/","url":"https:\/\/www.tapasmagazine.es\/wp-content\/uploads\/2018\/01\/logo.png","contentUrl":"https:\/\/www.tapasmagazine.es\/wp-content\/uploads\/2018\/01\/logo.png","width":180,"height":60,"caption":"Tapas Magazine"},"image":{"@id":"https:\/\/www.tapasmagazine.es\/#\/schema\/logo\/image\/"},"sameAs":["https:\/\/www.facebook.com\/tapasmagazine","https:\/\/x.com\/TapasMagazine","https:\/\/www.instagram.com\/tapasmagazine\/","https:\/\/www.linkedin.com\/company\/tapas-magazine","https:\/\/es.pinterest.com\/tapasmagazine\/","https:\/\/www.youtube.com\/channel\/UCEyxneAaACuR0lfDagrWjjg?sub_confirmation=1"]},{"@type":"Person","@id":"https:\/\/www.tapasmagazine.es\/#\/schema\/person\/dddb3bce6f98f2124c204b901d74a14b","name":"Tapas \/ EP","url":"https:\/\/www.tapasmagazine.es\/en\/author\/tapasep\/"}]}},"_links":{"self":[{"href":"https:\/\/www.tapasmagazine.es\/en\/wp-json\/wp\/v2\/posts\/176115","targetHints":{"allow":["GET"]}}],"collection":[{"href":"https:\/\/www.tapasmagazine.es\/en\/wp-json\/wp\/v2\/posts"}],"about":[{"href":"https:\/\/www.tapasmagazine.es\/en\/wp-json\/wp\/v2\/types\/post"}],"author":[{"embeddable":true,"href":"https:\/\/www.tapasmagazine.es\/en\/wp-json\/wp\/v2\/users\/277"}],"replies":[{"embeddable":true,"href":"https:\/\/www.tapasmagazine.es\/en\/wp-json\/wp\/v2\/comments?post=176115"}],"version-history":[{"count":1,"href":"https:\/\/www.tapasmagazine.es\/en\/wp-json\/wp\/v2\/posts\/176115\/revisions"}],"predecessor-version":[{"id":176116,"href":"https:\/\/www.tapasmagazine.es\/en\/wp-json\/wp\/v2\/posts\/176115\/revisions\/176116"}],"wp:featuredmedia":[{"embeddable":true,"href":"https:\/\/www.tapasmagazine.es\/en\/wp-json\/wp\/v2\/media\/176117"}],"wp:attachment":[{"href":"https:\/\/www.tapasmagazine.es\/en\/wp-json\/wp\/v2\/media?parent=176115"}],"wp:term":[{"taxonomy":"category","embeddable":true,"href":"https:\/\/www.tapasmagazine.es\/en\/wp-json\/wp\/v2\/categories?post=176115"},{"taxonomy":"post_tag","embeddable":true,"href":"https:\/\/www.tapasmagazine.es\/en\/wp-json\/wp\/v2\/tags?post=176115"}],"curies":[{"name":"wp","href":"https:\/\/api.w.org\/{rel}","templated":true}]}}