{"id":176098,"date":"2023-02-23T10:16:11","date_gmt":"2023-02-23T09:16:11","guid":{"rendered":"https:\/\/www.tapasmagazine.es\/?p=176098"},"modified":"2023-02-23T10:42:38","modified_gmt":"2023-02-23T09:42:38","slug":"economia-bravo-pp-cuestiona-que-el-precio-de-los-alimentos-haya-tocado-techo-planas-no-aporta-ningun-documento","status":"publish","type":"post","link":"https:\/\/www.tapasmagazine.es\/en\/economia-bravo-pp-cuestiona-que-el-precio-de-los-alimentos-haya-tocado-techo-planas-no-aporta-ningun-documento\/","title":{"rendered":"Econom\u00eda.- Bravo (PP) cuestiona que el precio de los alimentos haya tocado techo: &#8220;Planas no aporta ning\u00fan documento&#8221;"},"content":{"rendered":"<p>El vicesecretario general de Econom\u00eda del Partido Popular (PP), Juan Bravo, ha cuestionado este jueves que el precio de los alimentos haya tocado techo, como ha afirmado esta semana el ministro de Agricultura y Alimentaci\u00f3n, Luis Planas, considerando adem\u00e1s que las propuestas de Unidas Podemos para la cesta de la compra son &#8220;ocurrencias&#8221; y apuntando que en opini\u00f3n del PP lo m\u00e1s acertado es dar &#8220;ayudas directas&#8221; a las familias.<\/p>\n<p>   La previsi\u00f3n del ministro sobre el precio de los alimentos &#8220;no est\u00e1 acompa\u00f1ada de ning\u00fan documento o an\u00e1lisis que nos haga pensar esa circunstancia, al rev\u00e9s&#8221;, ha comentado en una entrevista en Canal Sur, recogida por Europa Press. &#8220;Vemos como la inflaci\u00f3n sigue subiendo y que los alimentos adem\u00e1s est\u00e1n al alza de una manera importante&#8221;, ha se\u00f1alado Bravo, que ha se\u00f1alado que medidas como el impuesto al pl\u00e1stico, a la que se opone su partido a tenor del contexto econ\u00f3mico, contribuye a empeorar la situaci\u00f3n.<\/p>\n<p>   &#8220;Lo poquito que se ha quitado a la gente en el IVA se lo hemos puesto con el impuesto al pl\u00e1stico&#8221;, ha lamentado. Tambi\u00e9n ha considerado que la bonificaci\u00f3n a los alimentos b\u00e1sicos propuesta por Unidas Podemos no se sostiene. &#8220;De manera continuada vemos ocurrencias que no se aplican en la pr\u00e1ctica y que sus propios compa\u00f1eros dicen que no se pueden aplicar&#8221;, ha remachado.<\/p>\n<p>   El responsable de Econom\u00eda de los populares ha abogado en este \u00e1mbito por dar &#8220;ayudas directas&#8221; a las familias que m\u00e1s lo necesiten, agilizando los tr\u00e1mites para que, en lugar de ser ellos quienes lo soliciten, la administraci\u00f3n cruce sus datos y las conceda directamente.<\/p>\n<p>&#8220;LA MEJOR MOCI\u00d3N DE CENSURA ES EL D\u00cdA 28 EN LAS URNAS&#8221;<\/p>\n<p>   Preguntado sobre la moci\u00f3n de censura que prepara Vox con Ram\u00f3n Tamames, Bravo ha remarcado que avanzar con esta idea significa &#8220;darle una victoria&#8221; al presidente del Gobierno, Pedro S\u00e1nchez, &#8220;porque sabe de antemano que no va a salir&#8221; adelante. &#8220;La mejor moci\u00f3n de censura es el 28 en las urnas&#8221;, ha apostillado Bravo, que no ha adelantado la posici\u00f3n del PP ante la moci\u00f3n.<\/p>\n<p>   &#8220;Dif\u00edcilmente te puedes poner en contra, pero creo que le damos una victoria a alguien que no se lo merece porque no est\u00e1 aportando a Espa\u00f1a&#8221;, se ha limitado a agregar sobre el presidente del Gobierno, al que ha criticado tambi\u00e9n no haber acudido al Congreso a informar sobre el apoyo militar a Ucrania, donde este jueves se encuentra de visita. &#8220;Es un uso partidista de todo&#8221;, ha comentado.<\/p>\n<p>SOBRE EL ENCUENTRO FEIJ\u00d3O-CASADO: &#8220;TIENEN UNA RELACI\u00d3N CONTINUA&#8221;<\/p>\n<p>   Bravo tambi\u00e9n ha comentado el encuentro en un restaurante entre el l\u00edder de los populares, Alberto N\u00fa\u00f1ez Feij\u00f3o, y su antecesor, Pablo Casado. &#8220;Era una comida prevista para Navidad que por agenda se tuvo que retrasar&#8221;, ha se\u00f1alado, indicando adem\u00e1s que ambos tienen &#8220;una relaci\u00f3n continua&#8221; y Casado &#8220;sigue manteniendo una relaci\u00f3n muy buena con Feij\u00f3o&#8221;. &#8220;Estamos todos en un camino com\u00fan&#8221;, ha concluido.<\/p>\n","protected":false},"excerpt":{"rendered":"<p>El vicesecretario general de Econom\u00eda del Partido Popular (PP), Juan Bravo, ha cuestionado este jueves que el precio de los alimentos haya tocado techo, como ha afirmado esta semana el ministro de Agricultura y Alimentaci\u00f3n, Luis Planas, considerando adem\u00e1s que las propuestas de Unidas Podemos para la cesta de la compra son &#8220;ocurrencias&#8221; y apuntando [&hellip;]<\/p>\n","protected":false},"author":277,"featured_media":176100,"comment_status":"close","ping_status":"","sticky":false,"template":"single-feature.php","format":"standard","meta":{"_acf_changed":false,"footnotes":""},"categories":[15645],"tags":[],"class_list":["post-176098","post","type-post","status-publish","format-standard","has-post-thumbnail","hentry","category-ultima-hora","cat-15645-id"],"acf":[],"yoast_head":"<!-- This site is optimized with the Yoast SEO plugin v27.4 - https:\/\/yoast.com\/product\/yoast-seo-wordpress\/ -->\n<title>Econom\u00eda.- Bravo (PP) cuestiona que el precio de los alimentos haya tocado techo: &quot;Planas no aporta ning\u00fan documento&quot; - Tapas<\/title>\n<meta name=\"description\" content=\"El vicesecretario general de Econom\u00eda del Partido Popular (PP), Juan Bravo, ha cuestionado este jueves que el precio de los alimentos haya tocado techo,\" \/>\n<meta name=\"robots\" content=\"index, follow, max-snippet:-1, max-image-preview:large, max-video-preview:-1\" \/>\n<link rel=\"canonical\" href=\"https:\/\/www.tapasmagazine.es\/en\/economia-bravo-pp-cuestiona-que-el-precio-de-los-alimentos-haya-tocado-techo-planas-no-aporta-ningun-documento\/\" \/>\n<meta property=\"og:locale\" content=\"en_US\" \/>\n<meta property=\"og:type\" content=\"article\" \/>\n<meta property=\"og:title\" content=\"Econom\u00eda.- Bravo (PP) cuestiona que el precio de los alimentos haya tocado techo: &quot;Planas no aporta ning\u00fan documento&quot; - Tapas\" \/>\n<meta property=\"og:description\" content=\"El vicesecretario general de Econom\u00eda del Partido Popular (PP), Juan Bravo, ha cuestionado este jueves que el precio de los alimentos haya tocado techo,\" \/>\n<meta property=\"og:url\" content=\"https:\/\/www.tapasmagazine.es\/en\/economia-bravo-pp-cuestiona-que-el-precio-de-los-alimentos-haya-tocado-techo-planas-no-aporta-ningun-documento\/\" \/>\n<meta property=\"og:site_name\" content=\"Tapas\" \/>\n<meta property=\"article:publisher\" content=\"https:\/\/www.facebook.com\/tapasmagazine\" \/>\n<meta property=\"article:published_time\" content=\"2023-02-23T09:16:11+00:00\" \/>\n<meta property=\"article:modified_time\" content=\"2023-02-23T09:42:38+00:00\" \/>\n<meta property=\"og:image\" content=\"https:\/\/www.tapasmagazine.es\/wp-content\/uploads\/2023\/02\/fotonoticia_20230223101611_9999-scaled.jpg\" \/>\n\t<meta property=\"og:image:width\" content=\"2560\" \/>\n\t<meta property=\"og:image:height\" content=\"1837\" \/>\n\t<meta property=\"og:image:type\" content=\"image\/jpeg\" \/>\n<meta name=\"author\" content=\"Tapas \/ EP\" \/>\n<meta name=\"twitter:card\" content=\"summary_large_image\" \/>\n<meta name=\"twitter:creator\" content=\"@TapasMagazine\" \/>\n<meta name=\"twitter:site\" content=\"@TapasMagazine\" \/>\n<meta name=\"twitter:label1\" content=\"Written by\" \/>\n\t<meta name=\"twitter:data1\" content=\"Tapas \/ EP\" \/>\n\t<meta name=\"twitter:label2\" content=\"Est. reading time\" \/>\n\t<meta name=\"twitter:data2\" content=\"3 minutes\" \/>\n<script type=\"application\/ld+json\" class=\"yoast-schema-graph\">{\"@context\":\"https:\\\/\\\/schema.org\",\"@graph\":[{\"@type\":\"Article\",\"@id\":\"https:\\\/\\\/www.tapasmagazine.es\\\/en\\\/economia-bravo-pp-cuestiona-que-el-precio-de-los-alimentos-haya-tocado-techo-planas-no-aporta-ningun-documento\\\/#article\",\"isPartOf\":{\"@id\":\"https:\\\/\\\/www.tapasmagazine.es\\\/en\\\/economia-bravo-pp-cuestiona-que-el-precio-de-los-alimentos-haya-tocado-techo-planas-no-aporta-ningun-documento\\\/\"},\"author\":{\"name\":\"Tapas \\\/ EP\",\"@id\":\"https:\\\/\\\/www.tapasmagazine.es\\\/#\\\/schema\\\/person\\\/dddb3bce6f98f2124c204b901d74a14b\"},\"headline\":\"Econom\u00eda.- Bravo (PP) cuestiona que el precio de los alimentos haya tocado techo: &#8220;Planas no aporta ning\u00fan documento&#8221;\",\"datePublished\":\"2023-02-23T09:16:11+00:00\",\"dateModified\":\"2023-02-23T09:42:38+00:00\",\"mainEntityOfPage\":{\"@id\":\"https:\\\/\\\/www.tapasmagazine.es\\\/en\\\/economia-bravo-pp-cuestiona-que-el-precio-de-los-alimentos-haya-tocado-techo-planas-no-aporta-ningun-documento\\\/\"},\"wordCount\":554,\"publisher\":{\"@id\":\"https:\\\/\\\/www.tapasmagazine.es\\\/#organization\"},\"image\":{\"@id\":\"https:\\\/\\\/www.tapasmagazine.es\\\/en\\\/economia-bravo-pp-cuestiona-que-el-precio-de-los-alimentos-haya-tocado-techo-planas-no-aporta-ningun-documento\\\/#primaryimage\"},\"thumbnailUrl\":\"https:\\\/\\\/www.tapasmagazine.es\\\/wp-content\\\/uploads\\\/2023\\\/02\\\/fotonoticia_20230223101611_9999-scaled.jpg\",\"articleSection\":[\"\u00daltima hora\"],\"inLanguage\":\"en-US\"},{\"@type\":\"WebPage\",\"@id\":\"https:\\\/\\\/www.tapasmagazine.es\\\/en\\\/economia-bravo-pp-cuestiona-que-el-precio-de-los-alimentos-haya-tocado-techo-planas-no-aporta-ningun-documento\\\/\",\"url\":\"https:\\\/\\\/www.tapasmagazine.es\\\/en\\\/economia-bravo-pp-cuestiona-que-el-precio-de-los-alimentos-haya-tocado-techo-planas-no-aporta-ningun-documento\\\/\",\"name\":\"Econom\u00eda.- Bravo (PP) cuestiona que el precio de los alimentos haya tocado techo: \\\"Planas no aporta ning\u00fan documento\\\" - Tapas\",\"isPartOf\":{\"@id\":\"https:\\\/\\\/www.tapasmagazine.es\\\/#website\"},\"primaryImageOfPage\":{\"@id\":\"https:\\\/\\\/www.tapasmagazine.es\\\/en\\\/economia-bravo-pp-cuestiona-que-el-precio-de-los-alimentos-haya-tocado-techo-planas-no-aporta-ningun-documento\\\/#primaryimage\"},\"image\":{\"@id\":\"https:\\\/\\\/www.tapasmagazine.es\\\/en\\\/economia-bravo-pp-cuestiona-que-el-precio-de-los-alimentos-haya-tocado-techo-planas-no-aporta-ningun-documento\\\/#primaryimage\"},\"thumbnailUrl\":\"https:\\\/\\\/www.tapasmagazine.es\\\/wp-content\\\/uploads\\\/2023\\\/02\\\/fotonoticia_20230223101611_9999-scaled.jpg\",\"datePublished\":\"2023-02-23T09:16:11+00:00\",\"dateModified\":\"2023-02-23T09:42:38+00:00\",\"description\":\"El vicesecretario general de Econom\u00eda del Partido Popular (PP), Juan Bravo, ha cuestionado este jueves que el precio de los alimentos haya tocado techo,\",\"breadcrumb\":{\"@id\":\"https:\\\/\\\/www.tapasmagazine.es\\\/en\\\/economia-bravo-pp-cuestiona-que-el-precio-de-los-alimentos-haya-tocado-techo-planas-no-aporta-ningun-documento\\\/#breadcrumb\"},\"inLanguage\":\"en-US\",\"potentialAction\":[{\"@type\":\"ReadAction\",\"target\":[\"https:\\\/\\\/www.tapasmagazine.es\\\/en\\\/economia-bravo-pp-cuestiona-que-el-precio-de-los-alimentos-haya-tocado-techo-planas-no-aporta-ningun-documento\\\/\"]}]},{\"@type\":\"ImageObject\",\"inLanguage\":\"en-US\",\"@id\":\"https:\\\/\\\/www.tapasmagazine.es\\\/en\\\/economia-bravo-pp-cuestiona-que-el-precio-de-los-alimentos-haya-tocado-techo-planas-no-aporta-ningun-documento\\\/#primaryimage\",\"url\":\"https:\\\/\\\/www.tapasmagazine.es\\\/wp-content\\\/uploads\\\/2023\\\/02\\\/fotonoticia_20230223101611_9999-scaled.jpg\",\"contentUrl\":\"https:\\\/\\\/www.tapasmagazine.es\\\/wp-content\\\/uploads\\\/2023\\\/02\\\/fotonoticia_20230223101611_9999-scaled.jpg\",\"width\":2560,\"height\":1837},{\"@type\":\"BreadcrumbList\",\"@id\":\"https:\\\/\\\/www.tapasmagazine.es\\\/en\\\/economia-bravo-pp-cuestiona-que-el-precio-de-los-alimentos-haya-tocado-techo-planas-no-aporta-ningun-documento\\\/#breadcrumb\",\"itemListElement\":[{\"@type\":\"ListItem\",\"position\":1,\"name\":\"Portada\",\"item\":\"https:\\\/\\\/www.tapasmagazine.es\\\/\"},{\"@type\":\"ListItem\",\"position\":2,\"name\":\"Sin categorizar\",\"item\":\"https:\\\/\\\/www.tapasmagazine.es\\\/categorias\\\/sin-categorizar\\\/\"},{\"@type\":\"ListItem\",\"position\":3,\"name\":\"Econom\u00eda.- Bravo (PP) cuestiona que el precio de los alimentos haya tocado techo: \u00abPlanas no aporta ning\u00fan documento\u00bb\"}]},{\"@type\":\"WebSite\",\"@id\":\"https:\\\/\\\/www.tapasmagazine.es\\\/#website\",\"url\":\"https:\\\/\\\/www.tapasmagazine.es\\\/\",\"name\":\"Tapas\",\"description\":\"\u00d1am \u00d1am Lifestyle. La vida a bocados. Premio Nacional de Gastronom\u00eda 2016.\",\"publisher\":{\"@id\":\"https:\\\/\\\/www.tapasmagazine.es\\\/#organization\"},\"potentialAction\":[{\"@type\":\"SearchAction\",\"target\":{\"@type\":\"EntryPoint\",\"urlTemplate\":\"https:\\\/\\\/www.tapasmagazine.es\\\/?s={search_term_string}\"},\"query-input\":{\"@type\":\"PropertyValueSpecification\",\"valueRequired\":true,\"valueName\":\"search_term_string\"}}],\"inLanguage\":\"en-US\"},{\"@type\":\"Organization\",\"@id\":\"https:\\\/\\\/www.tapasmagazine.es\\\/#organization\",\"name\":\"Tapas Magazine\",\"url\":\"https:\\\/\\\/www.tapasmagazine.es\\\/\",\"logo\":{\"@type\":\"ImageObject\",\"inLanguage\":\"en-US\",\"@id\":\"https:\\\/\\\/www.tapasmagazine.es\\\/#\\\/schema\\\/logo\\\/image\\\/\",\"url\":\"https:\\\/\\\/www.tapasmagazine.es\\\/wp-content\\\/uploads\\\/2018\\\/01\\\/logo.png\",\"contentUrl\":\"https:\\\/\\\/www.tapasmagazine.es\\\/wp-content\\\/uploads\\\/2018\\\/01\\\/logo.png\",\"width\":180,\"height\":60,\"caption\":\"Tapas Magazine\"},\"image\":{\"@id\":\"https:\\\/\\\/www.tapasmagazine.es\\\/#\\\/schema\\\/logo\\\/image\\\/\"},\"sameAs\":[\"https:\\\/\\\/www.facebook.com\\\/tapasmagazine\",\"https:\\\/\\\/x.com\\\/TapasMagazine\",\"https:\\\/\\\/www.instagram.com\\\/tapasmagazine\\\/\",\"https:\\\/\\\/www.linkedin.com\\\/company\\\/tapas-magazine\",\"https:\\\/\\\/es.pinterest.com\\\/tapasmagazine\\\/\",\"https:\\\/\\\/www.youtube.com\\\/channel\\\/UCEyxneAaACuR0lfDagrWjjg?sub_confirmation=1\"]},{\"@type\":\"Person\",\"@id\":\"https:\\\/\\\/www.tapasmagazine.es\\\/#\\\/schema\\\/person\\\/dddb3bce6f98f2124c204b901d74a14b\",\"name\":\"Tapas \\\/ EP\",\"url\":\"https:\\\/\\\/www.tapasmagazine.es\\\/en\\\/author\\\/tapasep\\\/\"}]}<\/script>\n<!-- \/ Yoast SEO plugin. -->","yoast_head_json":{"title":"Econom\u00eda.- Bravo (PP) cuestiona que el precio de los alimentos haya tocado techo: \"Planas no aporta ning\u00fan documento\" - Tapas","description":"El vicesecretario general de Econom\u00eda del Partido Popular (PP), Juan Bravo, ha cuestionado este jueves que el precio de los alimentos haya tocado techo,","robots":{"index":"index","follow":"follow","max-snippet":"max-snippet:-1","max-image-preview":"max-image-preview:large","max-video-preview":"max-video-preview:-1"},"canonical":"https:\/\/www.tapasmagazine.es\/en\/economia-bravo-pp-cuestiona-que-el-precio-de-los-alimentos-haya-tocado-techo-planas-no-aporta-ningun-documento\/","og_locale":"en_US","og_type":"article","og_title":"Econom\u00eda.- Bravo (PP) cuestiona que el precio de los alimentos haya tocado techo: \"Planas no aporta ning\u00fan documento\" - Tapas","og_description":"El vicesecretario general de Econom\u00eda del Partido Popular (PP), Juan Bravo, ha cuestionado este jueves que el precio de los alimentos haya tocado techo,","og_url":"https:\/\/www.tapasmagazine.es\/en\/economia-bravo-pp-cuestiona-que-el-precio-de-los-alimentos-haya-tocado-techo-planas-no-aporta-ningun-documento\/","og_site_name":"Tapas","article_publisher":"https:\/\/www.facebook.com\/tapasmagazine","article_published_time":"2023-02-23T09:16:11+00:00","article_modified_time":"2023-02-23T09:42:38+00:00","og_image":[{"width":2560,"height":1837,"url":"https:\/\/www.tapasmagazine.es\/wp-content\/uploads\/2023\/02\/fotonoticia_20230223101611_9999-scaled.jpg","type":"image\/jpeg"}],"author":"Tapas \/ EP","twitter_card":"summary_large_image","twitter_creator":"@TapasMagazine","twitter_site":"@TapasMagazine","twitter_misc":{"Written by":"Tapas \/ EP","Est. reading time":"3 minutes"},"schema":{"@context":"https:\/\/schema.org","@graph":[{"@type":"Article","@id":"https:\/\/www.tapasmagazine.es\/en\/economia-bravo-pp-cuestiona-que-el-precio-de-los-alimentos-haya-tocado-techo-planas-no-aporta-ningun-documento\/#article","isPartOf":{"@id":"https:\/\/www.tapasmagazine.es\/en\/economia-bravo-pp-cuestiona-que-el-precio-de-los-alimentos-haya-tocado-techo-planas-no-aporta-ningun-documento\/"},"author":{"name":"Tapas \/ EP","@id":"https:\/\/www.tapasmagazine.es\/#\/schema\/person\/dddb3bce6f98f2124c204b901d74a14b"},"headline":"Econom\u00eda.- Bravo (PP) cuestiona que el precio de los alimentos haya tocado techo: &#8220;Planas no aporta ning\u00fan documento&#8221;","datePublished":"2023-02-23T09:16:11+00:00","dateModified":"2023-02-23T09:42:38+00:00","mainEntityOfPage":{"@id":"https:\/\/www.tapasmagazine.es\/en\/economia-bravo-pp-cuestiona-que-el-precio-de-los-alimentos-haya-tocado-techo-planas-no-aporta-ningun-documento\/"},"wordCount":554,"publisher":{"@id":"https:\/\/www.tapasmagazine.es\/#organization"},"image":{"@id":"https:\/\/www.tapasmagazine.es\/en\/economia-bravo-pp-cuestiona-que-el-precio-de-los-alimentos-haya-tocado-techo-planas-no-aporta-ningun-documento\/#primaryimage"},"thumbnailUrl":"https:\/\/www.tapasmagazine.es\/wp-content\/uploads\/2023\/02\/fotonoticia_20230223101611_9999-scaled.jpg","articleSection":["\u00daltima hora"],"inLanguage":"en-US"},{"@type":"WebPage","@id":"https:\/\/www.tapasmagazine.es\/en\/economia-bravo-pp-cuestiona-que-el-precio-de-los-alimentos-haya-tocado-techo-planas-no-aporta-ningun-documento\/","url":"https:\/\/www.tapasmagazine.es\/en\/economia-bravo-pp-cuestiona-que-el-precio-de-los-alimentos-haya-tocado-techo-planas-no-aporta-ningun-documento\/","name":"Econom\u00eda.- Bravo (PP) cuestiona que el precio de los alimentos haya tocado techo: \"Planas no aporta ning\u00fan documento\" - Tapas","isPartOf":{"@id":"https:\/\/www.tapasmagazine.es\/#website"},"primaryImageOfPage":{"@id":"https:\/\/www.tapasmagazine.es\/en\/economia-bravo-pp-cuestiona-que-el-precio-de-los-alimentos-haya-tocado-techo-planas-no-aporta-ningun-documento\/#primaryimage"},"image":{"@id":"https:\/\/www.tapasmagazine.es\/en\/economia-bravo-pp-cuestiona-que-el-precio-de-los-alimentos-haya-tocado-techo-planas-no-aporta-ningun-documento\/#primaryimage"},"thumbnailUrl":"https:\/\/www.tapasmagazine.es\/wp-content\/uploads\/2023\/02\/fotonoticia_20230223101611_9999-scaled.jpg","datePublished":"2023-02-23T09:16:11+00:00","dateModified":"2023-02-23T09:42:38+00:00","description":"El vicesecretario general de Econom\u00eda del Partido Popular (PP), Juan Bravo, ha cuestionado este jueves que el precio de los alimentos haya tocado techo,","breadcrumb":{"@id":"https:\/\/www.tapasmagazine.es\/en\/economia-bravo-pp-cuestiona-que-el-precio-de-los-alimentos-haya-tocado-techo-planas-no-aporta-ningun-documento\/#breadcrumb"},"inLanguage":"en-US","potentialAction":[{"@type":"ReadAction","target":["https:\/\/www.tapasmagazine.es\/en\/economia-bravo-pp-cuestiona-que-el-precio-de-los-alimentos-haya-tocado-techo-planas-no-aporta-ningun-documento\/"]}]},{"@type":"ImageObject","inLanguage":"en-US","@id":"https:\/\/www.tapasmagazine.es\/en\/economia-bravo-pp-cuestiona-que-el-precio-de-los-alimentos-haya-tocado-techo-planas-no-aporta-ningun-documento\/#primaryimage","url":"https:\/\/www.tapasmagazine.es\/wp-content\/uploads\/2023\/02\/fotonoticia_20230223101611_9999-scaled.jpg","contentUrl":"https:\/\/www.tapasmagazine.es\/wp-content\/uploads\/2023\/02\/fotonoticia_20230223101611_9999-scaled.jpg","width":2560,"height":1837},{"@type":"BreadcrumbList","@id":"https:\/\/www.tapasmagazine.es\/en\/economia-bravo-pp-cuestiona-que-el-precio-de-los-alimentos-haya-tocado-techo-planas-no-aporta-ningun-documento\/#breadcrumb","itemListElement":[{"@type":"ListItem","position":1,"name":"Portada","item":"https:\/\/www.tapasmagazine.es\/"},{"@type":"ListItem","position":2,"name":"Sin categorizar","item":"https:\/\/www.tapasmagazine.es\/categorias\/sin-categorizar\/"},{"@type":"ListItem","position":3,"name":"Econom\u00eda.- Bravo (PP) cuestiona que el precio de los alimentos haya tocado techo: \u00abPlanas no aporta ning\u00fan documento\u00bb"}]},{"@type":"WebSite","@id":"https:\/\/www.tapasmagazine.es\/#website","url":"https:\/\/www.tapasmagazine.es\/","name":"Tapas","description":"\u00d1am \u00d1am Lifestyle. La vida a bocados. Premio Nacional de Gastronom\u00eda 2016.","publisher":{"@id":"https:\/\/www.tapasmagazine.es\/#organization"},"potentialAction":[{"@type":"SearchAction","target":{"@type":"EntryPoint","urlTemplate":"https:\/\/www.tapasmagazine.es\/?s={search_term_string}"},"query-input":{"@type":"PropertyValueSpecification","valueRequired":true,"valueName":"search_term_string"}}],"inLanguage":"en-US"},{"@type":"Organization","@id":"https:\/\/www.tapasmagazine.es\/#organization","name":"Tapas Magazine","url":"https:\/\/www.tapasmagazine.es\/","logo":{"@type":"ImageObject","inLanguage":"en-US","@id":"https:\/\/www.tapasmagazine.es\/#\/schema\/logo\/image\/","url":"https:\/\/www.tapasmagazine.es\/wp-content\/uploads\/2018\/01\/logo.png","contentUrl":"https:\/\/www.tapasmagazine.es\/wp-content\/uploads\/2018\/01\/logo.png","width":180,"height":60,"caption":"Tapas Magazine"},"image":{"@id":"https:\/\/www.tapasmagazine.es\/#\/schema\/logo\/image\/"},"sameAs":["https:\/\/www.facebook.com\/tapasmagazine","https:\/\/x.com\/TapasMagazine","https:\/\/www.instagram.com\/tapasmagazine\/","https:\/\/www.linkedin.com\/company\/tapas-magazine","https:\/\/es.pinterest.com\/tapasmagazine\/","https:\/\/www.youtube.com\/channel\/UCEyxneAaACuR0lfDagrWjjg?sub_confirmation=1"]},{"@type":"Person","@id":"https:\/\/www.tapasmagazine.es\/#\/schema\/person\/dddb3bce6f98f2124c204b901d74a14b","name":"Tapas \/ EP","url":"https:\/\/www.tapasmagazine.es\/en\/author\/tapasep\/"}]}},"_links":{"self":[{"href":"https:\/\/www.tapasmagazine.es\/en\/wp-json\/wp\/v2\/posts\/176098","targetHints":{"allow":["GET"]}}],"collection":[{"href":"https:\/\/www.tapasmagazine.es\/en\/wp-json\/wp\/v2\/posts"}],"about":[{"href":"https:\/\/www.tapasmagazine.es\/en\/wp-json\/wp\/v2\/types\/post"}],"author":[{"embeddable":true,"href":"https:\/\/www.tapasmagazine.es\/en\/wp-json\/wp\/v2\/users\/277"}],"replies":[{"embeddable":true,"href":"https:\/\/www.tapasmagazine.es\/en\/wp-json\/wp\/v2\/comments?post=176098"}],"version-history":[{"count":1,"href":"https:\/\/www.tapasmagazine.es\/en\/wp-json\/wp\/v2\/posts\/176098\/revisions"}],"predecessor-version":[{"id":176099,"href":"https:\/\/www.tapasmagazine.es\/en\/wp-json\/wp\/v2\/posts\/176098\/revisions\/176099"}],"wp:featuredmedia":[{"embeddable":true,"href":"https:\/\/www.tapasmagazine.es\/en\/wp-json\/wp\/v2\/media\/176100"}],"wp:attachment":[{"href":"https:\/\/www.tapasmagazine.es\/en\/wp-json\/wp\/v2\/media?parent=176098"}],"wp:term":[{"taxonomy":"category","embeddable":true,"href":"https:\/\/www.tapasmagazine.es\/en\/wp-json\/wp\/v2\/categories?post=176098"},{"taxonomy":"post_tag","embeddable":true,"href":"https:\/\/www.tapasmagazine.es\/en\/wp-json\/wp\/v2\/tags?post=176098"}],"curies":[{"name":"wp","href":"https:\/\/api.w.org\/{rel}","templated":true}]}}