{"id":176094,"date":"2023-02-23T10:33:18","date_gmt":"2023-02-23T09:33:18","guid":{"rendered":"https:\/\/www.tapasmagazine.es\/?p=176094"},"modified":"2023-02-23T10:42:36","modified_gmt":"2023-02-23T09:42:36","slug":"economia-mercadona-carrefour-y-lidl-siguen-creciendo-en-2022-ante-el-empuje-de-las-cadenas-regionales","status":"publish","type":"post","link":"https:\/\/www.tapasmagazine.es\/en\/economia-mercadona-carrefour-y-lidl-siguen-creciendo-en-2022-ante-el-empuje-de-las-cadenas-regionales\/","title":{"rendered":"Econom\u00eda.- Mercadona, Carrefour y Lidl siguen creciendo en 2022 ante el empuje de las cadenas regionales"},"content":{"rendered":"<p>Mercadona, Carrefour y Lidl se mantienen al frente de la distribuci\u00f3n espa\u00f1ola en un 2022 marcado por la inflaci\u00f3n y ante el fuerte empuje de las cadenas regionales, que siguen creciendo en el actual escenario de alza de precios, seg\u00fan los datos de la consultora Kantar.<\/p>\n<p>   En concreto, la b\u00fasqueda de alternativas m\u00e1s asequibles por parte de los hogares ha hecho que todas las cadenas hayan sumado compradores, ganando en penetraci\u00f3n el pasado a\u00f1o. Sin embargo, la evoluci\u00f3n no ha sido uniforme a lo largo del a\u00f1o, sino que ha variado seg\u00fan la etapa en la que se encontraban. As\u00ed, Mercadona se consolid\u00f3 durante la primera mitad de 2022, mientras que Carrefour y Lidl lo han hecho en la segunda, seg\u00fan ha explicado el experto en Retail en Kantar, divisi\u00f3n Worldpanel, Bernardo Rodilla.<\/p>\n<p>   De esta forma, la cadena de supermercados de Juan Roig cierra 2022 con un 25,6% de cuota tras crecer 0,7 puntos frente a 2021. La ense\u00f1a  ha liderado el crecimiento apoyado en su buena evoluci\u00f3n durante la primera mitad del a\u00f1o y la gesti\u00f3n de los frescos perecederos. Sin embargo, la b\u00fasqueda de alternativas fuera de la cadena por parte de sus compradores ha ralentizado su crecimiento durante la segunda mitad del a\u00f1o, aunque el 91% de los consumidores visitan algunos de sus supermercados.<\/p>\n<p>   Por su parte, Carrefour se mantiene en la segunda posici\u00f3n con un cuota de 9,7% tras incrementarla en 0,7 puntos gracias al desarrollo de la proximidad y a que su hipermercado vuelve a ganar atractivo entre sus clientes. Sin embargo, Rodilla ha se\u00f1alado que se enfrenta al reto de &#8220;potenciar la multicanalidad y adaptar las promociones para dar continuidad a su buen desempe\u00f1o en un contexto de cestas m\u00e1s peque\u00f1as&#8221;.<\/p>\n<p>   Lidl, con un 5,8% de cuota tras aumentarla en medio punto, ha consolidado en 2022 su crecimiento y la tercera plaza de la distribuci\u00f3n<br \/>\ntras ser la cadena que m\u00e1s ha crecido en los \u00faltimos tres a\u00f1os, convirti\u00e9ndose en la firma habitual de sus compradores y reforzando su posicionamiento entre los hogares j\u00f3venes y las familias con hijos.<\/p>\n<p>   El informe de Kantar avanza que el &#8216;discount&#8217; alem\u00e1n (Lidl y Aldi) seguir\u00e1 creciendo a lo largo de este a\u00f1o impulsado por el ritmo de aperturas que ambas compa\u00f1\u00edas tienen previsto en Espa\u00f1a.<\/p>\n<p>   Por su parte, Grupo Dia se mantiene en la cuarta plaza con un 4,6% de cuota tras perder 0,2 puntos porcentuales el pasado a\u00f1o, pero ha consolidado su estrategia de desarrollo apostando por la proximidad, aunque su evoluci\u00f3n durante los pr\u00f3ximos meses estar\u00e1 condicionada por la venta de su parque, tras la venta de supermercados a Alcampo y la de las perfumer\u00edas Clarel.<\/p>\n<p>   La consultora ha destacado la evoluci\u00f3n que est\u00e1n teniendo las cadenas regionales, que concentran el 16,7% del mercado y siguen ganando cuota como principal alternativa a las grandes cadenas. &#8220;Los operadores regionales est\u00e1n aguantando el pulso a ese &#8216;Top-3&#8217; de la mano de Consum y de las centrales de compra (Grupo IFA y Euromadi)&#8221;, ha se\u00f1alado Rodilla.<\/p>\n<p>   Por otro lado, la apuesta por el &#8216;ecommerce&#8217; en 2022 ha ca\u00eddo, ya que el comprador vuelve a trasladar sus compras al canal f\u00edsico, lo que ha comportado que el canal &#8216;online&#8217; retroceda a los niveles de cuota de 2020 (2,6%), aunque todav\u00eda muy por encima de antes de la pandemia (1,9%).<\/p>\n<p>CRECIMIENTO DEL GRAN CONSUMO Y DE LA MARCA BLANCA  <\/p>\n<p>   Por otro lado, el 2022 cierra con un crecimiento en total del gran consumo para dentro y fuera del hogar del 4,6% como consecuencia de la combinaci\u00f3n de distintos factores y en un entorno marcado por el alza de los precios.<\/p>\n<p>   Rodilla ha explicado que la primera mitad del a\u00f1o estuvo condicionada por la recuperaci\u00f3n del consumo fuera del hogar, que creci\u00f3 un 11,8% respecto al 2021, mientras que la inflaci\u00f3n y el miedo a un escenario de recesi\u00f3n marcaron el segundo semestre del a\u00f1o.<\/p>\n<p>   Frente a la subida de precios, el consumidor empieza a valorar distintas alternativas, ya sea dentro o fuera de su cadena habitual, como demuestra que el 49,5% de los hogares reconoce que visita diferentes tiendas para aprovechar los mejores precios, +3,9 puntos porcentuales m\u00e1s que en el 2021.<\/p>\n<p>   Mientras la distribuci\u00f3n busca mantener su cuota de mercado y mantener la competitividad en precio empujando la marca del distribuidor, que se ha incrementado en 3,1 puntos desde 2021, hasta llegar al 41,4% de cuota, aunque se espera &#8220;cierta ralentizaci\u00f3n en los pr\u00f3ximos meses&#8221;.<\/p>\n<p>   &#8220;Hay un crecimiento r\u00e9cord de la marca blanca, que se debe a esa b\u00fasqueda de alternativas m\u00e1s asequibles y tambi\u00e9n a la reacci\u00f3n del consumidor. En la lucha por mantener su cuota, las principales cadenas las est\u00e1n desarrollando, dando m\u00e1s espacio en el lineal o ampliando surtido&#8221;, ha explicado Rodilla, que ha avanzado que no hay una relaci\u00f3n directa entre una mayor apuesta por la marca propia y la ganancia de cuota.<\/p>\n<p>   De esta forma, la inflaci\u00f3n est\u00e1 impactando en los consumidores que est\u00e1n controlando su gasto, llenando menos sus cestas de la compra.<br \/>\n&#8220;Compras m\u00e1s racionales con cestas m\u00e1s peque\u00f1as plantea un nuevo contexto para las grandes cadenas, traslada su compra a la distribuci\u00f3n organizada y est\u00e1 cada vez m\u00e1s pendiente de los precios, buscando alternativas. Las promociones, que seguir\u00e1n siendo decisivas para el comprador, tendr\u00e1n que adaptarse a una cesta m\u00e1s controlada&#8221;, ha subrayado Rodilla.<\/p>\n","protected":false},"excerpt":{"rendered":"<p>Mercadona, Carrefour y Lidl se mantienen al frente de la distribuci\u00f3n espa\u00f1ola en un 2022 marcado por la inflaci\u00f3n y ante el fuerte empuje de las cadenas regionales, que siguen creciendo en el actual escenario de alza de precios, seg\u00fan los datos de la consultora Kantar. En concreto, la b\u00fasqueda de alternativas m\u00e1s asequibles por [&hellip;]<\/p>\n","protected":false},"author":277,"featured_media":176096,"comment_status":"close","ping_status":"","sticky":false,"template":"single-feature.php","format":"standard","meta":{"_acf_changed":false,"footnotes":""},"categories":[15645],"tags":[],"class_list":["post-176094","post","type-post","status-publish","format-standard","has-post-thumbnail","hentry","category-ultima-hora","cat-15645-id"],"acf":[],"yoast_head":"<!-- This site is optimized with the Yoast SEO plugin v27.4 - https:\/\/yoast.com\/product\/yoast-seo-wordpress\/ -->\n<title>Econom\u00eda.- Mercadona, Carrefour y Lidl siguen creciendo en 2022 ante el empuje de las cadenas regionales - Tapas<\/title>\n<meta name=\"description\" content=\"Mercadona, Carrefour y Lidl se mantienen al frente de la distribuci\u00f3n espa\u00f1ola en un 2022 marcado por la inflaci\u00f3n y ante el fuerte empuje de las cadenas\" \/>\n<meta name=\"robots\" content=\"index, follow, max-snippet:-1, max-image-preview:large, max-video-preview:-1\" \/>\n<link rel=\"canonical\" href=\"https:\/\/www.tapasmagazine.es\/en\/economia-mercadona-carrefour-y-lidl-siguen-creciendo-en-2022-ante-el-empuje-de-las-cadenas-regionales\/\" \/>\n<meta property=\"og:locale\" content=\"en_US\" \/>\n<meta property=\"og:type\" content=\"article\" \/>\n<meta property=\"og:title\" content=\"Econom\u00eda.- Mercadona, Carrefour y Lidl siguen creciendo en 2022 ante el empuje de las cadenas regionales - Tapas\" \/>\n<meta property=\"og:description\" content=\"Mercadona, Carrefour y Lidl se mantienen al frente de la distribuci\u00f3n espa\u00f1ola en un 2022 marcado por la inflaci\u00f3n y ante el fuerte empuje de las cadenas\" \/>\n<meta property=\"og:url\" content=\"https:\/\/www.tapasmagazine.es\/en\/economia-mercadona-carrefour-y-lidl-siguen-creciendo-en-2022-ante-el-empuje-de-las-cadenas-regionales\/\" \/>\n<meta property=\"og:site_name\" content=\"Tapas\" \/>\n<meta property=\"article:publisher\" content=\"https:\/\/www.facebook.com\/tapasmagazine\" \/>\n<meta property=\"article:published_time\" content=\"2023-02-23T09:33:18+00:00\" \/>\n<meta property=\"article:modified_time\" content=\"2023-02-23T09:42:36+00:00\" \/>\n<meta property=\"og:image\" content=\"https:\/\/www.tapasmagazine.es\/wp-content\/uploads\/2023\/02\/fotonoticia_20230223103318_9999.jpg\" \/>\n\t<meta property=\"og:image:width\" content=\"600\" \/>\n\t<meta property=\"og:image:height\" content=\"300\" \/>\n\t<meta property=\"og:image:type\" content=\"image\/jpeg\" \/>\n<meta name=\"author\" content=\"Tapas \/ EP\" \/>\n<meta name=\"twitter:card\" content=\"summary_large_image\" \/>\n<meta name=\"twitter:creator\" content=\"@TapasMagazine\" \/>\n<meta name=\"twitter:site\" content=\"@TapasMagazine\" \/>\n<meta name=\"twitter:label1\" content=\"Written by\" \/>\n\t<meta name=\"twitter:data1\" content=\"Tapas \/ EP\" \/>\n\t<meta name=\"twitter:label2\" content=\"Est. reading time\" \/>\n\t<meta name=\"twitter:data2\" content=\"5 minutes\" \/>\n<script type=\"application\/ld+json\" class=\"yoast-schema-graph\">{\"@context\":\"https:\\\/\\\/schema.org\",\"@graph\":[{\"@type\":\"Article\",\"@id\":\"https:\\\/\\\/www.tapasmagazine.es\\\/en\\\/economia-mercadona-carrefour-y-lidl-siguen-creciendo-en-2022-ante-el-empuje-de-las-cadenas-regionales\\\/#article\",\"isPartOf\":{\"@id\":\"https:\\\/\\\/www.tapasmagazine.es\\\/en\\\/economia-mercadona-carrefour-y-lidl-siguen-creciendo-en-2022-ante-el-empuje-de-las-cadenas-regionales\\\/\"},\"author\":{\"name\":\"Tapas \\\/ EP\",\"@id\":\"https:\\\/\\\/www.tapasmagazine.es\\\/#\\\/schema\\\/person\\\/dddb3bce6f98f2124c204b901d74a14b\"},\"headline\":\"Econom\u00eda.- Mercadona, Carrefour y Lidl siguen creciendo en 2022 ante el empuje de las cadenas regionales\",\"datePublished\":\"2023-02-23T09:33:18+00:00\",\"dateModified\":\"2023-02-23T09:42:36+00:00\",\"mainEntityOfPage\":{\"@id\":\"https:\\\/\\\/www.tapasmagazine.es\\\/en\\\/economia-mercadona-carrefour-y-lidl-siguen-creciendo-en-2022-ante-el-empuje-de-las-cadenas-regionales\\\/\"},\"wordCount\":944,\"publisher\":{\"@id\":\"https:\\\/\\\/www.tapasmagazine.es\\\/#organization\"},\"image\":{\"@id\":\"https:\\\/\\\/www.tapasmagazine.es\\\/en\\\/economia-mercadona-carrefour-y-lidl-siguen-creciendo-en-2022-ante-el-empuje-de-las-cadenas-regionales\\\/#primaryimage\"},\"thumbnailUrl\":\"https:\\\/\\\/www.tapasmagazine.es\\\/wp-content\\\/uploads\\\/2023\\\/02\\\/fotonoticia_20230223103318_9999.jpg\",\"articleSection\":[\"\u00daltima hora\"],\"inLanguage\":\"en-US\"},{\"@type\":\"WebPage\",\"@id\":\"https:\\\/\\\/www.tapasmagazine.es\\\/en\\\/economia-mercadona-carrefour-y-lidl-siguen-creciendo-en-2022-ante-el-empuje-de-las-cadenas-regionales\\\/\",\"url\":\"https:\\\/\\\/www.tapasmagazine.es\\\/en\\\/economia-mercadona-carrefour-y-lidl-siguen-creciendo-en-2022-ante-el-empuje-de-las-cadenas-regionales\\\/\",\"name\":\"Econom\u00eda.- Mercadona, Carrefour y Lidl siguen creciendo en 2022 ante el empuje de las cadenas regionales - Tapas\",\"isPartOf\":{\"@id\":\"https:\\\/\\\/www.tapasmagazine.es\\\/#website\"},\"primaryImageOfPage\":{\"@id\":\"https:\\\/\\\/www.tapasmagazine.es\\\/en\\\/economia-mercadona-carrefour-y-lidl-siguen-creciendo-en-2022-ante-el-empuje-de-las-cadenas-regionales\\\/#primaryimage\"},\"image\":{\"@id\":\"https:\\\/\\\/www.tapasmagazine.es\\\/en\\\/economia-mercadona-carrefour-y-lidl-siguen-creciendo-en-2022-ante-el-empuje-de-las-cadenas-regionales\\\/#primaryimage\"},\"thumbnailUrl\":\"https:\\\/\\\/www.tapasmagazine.es\\\/wp-content\\\/uploads\\\/2023\\\/02\\\/fotonoticia_20230223103318_9999.jpg\",\"datePublished\":\"2023-02-23T09:33:18+00:00\",\"dateModified\":\"2023-02-23T09:42:36+00:00\",\"description\":\"Mercadona, Carrefour y Lidl se mantienen al frente de la distribuci\u00f3n espa\u00f1ola en un 2022 marcado por la inflaci\u00f3n y ante el fuerte empuje de las cadenas\",\"breadcrumb\":{\"@id\":\"https:\\\/\\\/www.tapasmagazine.es\\\/en\\\/economia-mercadona-carrefour-y-lidl-siguen-creciendo-en-2022-ante-el-empuje-de-las-cadenas-regionales\\\/#breadcrumb\"},\"inLanguage\":\"en-US\",\"potentialAction\":[{\"@type\":\"ReadAction\",\"target\":[\"https:\\\/\\\/www.tapasmagazine.es\\\/en\\\/economia-mercadona-carrefour-y-lidl-siguen-creciendo-en-2022-ante-el-empuje-de-las-cadenas-regionales\\\/\"]}]},{\"@type\":\"ImageObject\",\"inLanguage\":\"en-US\",\"@id\":\"https:\\\/\\\/www.tapasmagazine.es\\\/en\\\/economia-mercadona-carrefour-y-lidl-siguen-creciendo-en-2022-ante-el-empuje-de-las-cadenas-regionales\\\/#primaryimage\",\"url\":\"https:\\\/\\\/www.tapasmagazine.es\\\/wp-content\\\/uploads\\\/2023\\\/02\\\/fotonoticia_20230223103318_9999.jpg\",\"contentUrl\":\"https:\\\/\\\/www.tapasmagazine.es\\\/wp-content\\\/uploads\\\/2023\\\/02\\\/fotonoticia_20230223103318_9999.jpg\",\"width\":600,\"height\":300},{\"@type\":\"BreadcrumbList\",\"@id\":\"https:\\\/\\\/www.tapasmagazine.es\\\/en\\\/economia-mercadona-carrefour-y-lidl-siguen-creciendo-en-2022-ante-el-empuje-de-las-cadenas-regionales\\\/#breadcrumb\",\"itemListElement\":[{\"@type\":\"ListItem\",\"position\":1,\"name\":\"Portada\",\"item\":\"https:\\\/\\\/www.tapasmagazine.es\\\/\"},{\"@type\":\"ListItem\",\"position\":2,\"name\":\"Sin categorizar\",\"item\":\"https:\\\/\\\/www.tapasmagazine.es\\\/categorias\\\/sin-categorizar\\\/\"},{\"@type\":\"ListItem\",\"position\":3,\"name\":\"Econom\u00eda.- Mercadona, Carrefour y Lidl siguen creciendo en 2022 ante el empuje de las cadenas regionales\"}]},{\"@type\":\"WebSite\",\"@id\":\"https:\\\/\\\/www.tapasmagazine.es\\\/#website\",\"url\":\"https:\\\/\\\/www.tapasmagazine.es\\\/\",\"name\":\"Tapas\",\"description\":\"\u00d1am \u00d1am Lifestyle. La vida a bocados. Premio Nacional de Gastronom\u00eda 2016.\",\"publisher\":{\"@id\":\"https:\\\/\\\/www.tapasmagazine.es\\\/#organization\"},\"potentialAction\":[{\"@type\":\"SearchAction\",\"target\":{\"@type\":\"EntryPoint\",\"urlTemplate\":\"https:\\\/\\\/www.tapasmagazine.es\\\/?s={search_term_string}\"},\"query-input\":{\"@type\":\"PropertyValueSpecification\",\"valueRequired\":true,\"valueName\":\"search_term_string\"}}],\"inLanguage\":\"en-US\"},{\"@type\":\"Organization\",\"@id\":\"https:\\\/\\\/www.tapasmagazine.es\\\/#organization\",\"name\":\"Tapas Magazine\",\"url\":\"https:\\\/\\\/www.tapasmagazine.es\\\/\",\"logo\":{\"@type\":\"ImageObject\",\"inLanguage\":\"en-US\",\"@id\":\"https:\\\/\\\/www.tapasmagazine.es\\\/#\\\/schema\\\/logo\\\/image\\\/\",\"url\":\"https:\\\/\\\/www.tapasmagazine.es\\\/wp-content\\\/uploads\\\/2018\\\/01\\\/logo.png\",\"contentUrl\":\"https:\\\/\\\/www.tapasmagazine.es\\\/wp-content\\\/uploads\\\/2018\\\/01\\\/logo.png\",\"width\":180,\"height\":60,\"caption\":\"Tapas Magazine\"},\"image\":{\"@id\":\"https:\\\/\\\/www.tapasmagazine.es\\\/#\\\/schema\\\/logo\\\/image\\\/\"},\"sameAs\":[\"https:\\\/\\\/www.facebook.com\\\/tapasmagazine\",\"https:\\\/\\\/x.com\\\/TapasMagazine\",\"https:\\\/\\\/www.instagram.com\\\/tapasmagazine\\\/\",\"https:\\\/\\\/www.linkedin.com\\\/company\\\/tapas-magazine\",\"https:\\\/\\\/es.pinterest.com\\\/tapasmagazine\\\/\",\"https:\\\/\\\/www.youtube.com\\\/channel\\\/UCEyxneAaACuR0lfDagrWjjg?sub_confirmation=1\"]},{\"@type\":\"Person\",\"@id\":\"https:\\\/\\\/www.tapasmagazine.es\\\/#\\\/schema\\\/person\\\/dddb3bce6f98f2124c204b901d74a14b\",\"name\":\"Tapas \\\/ EP\",\"url\":\"https:\\\/\\\/www.tapasmagazine.es\\\/en\\\/author\\\/tapasep\\\/\"}]}<\/script>\n<!-- \/ Yoast SEO plugin. -->","yoast_head_json":{"title":"Econom\u00eda.- Mercadona, Carrefour y Lidl siguen creciendo en 2022 ante el empuje de las cadenas regionales - Tapas","description":"Mercadona, Carrefour y Lidl se mantienen al frente de la distribuci\u00f3n espa\u00f1ola en un 2022 marcado por la inflaci\u00f3n y ante el fuerte empuje de las cadenas","robots":{"index":"index","follow":"follow","max-snippet":"max-snippet:-1","max-image-preview":"max-image-preview:large","max-video-preview":"max-video-preview:-1"},"canonical":"https:\/\/www.tapasmagazine.es\/en\/economia-mercadona-carrefour-y-lidl-siguen-creciendo-en-2022-ante-el-empuje-de-las-cadenas-regionales\/","og_locale":"en_US","og_type":"article","og_title":"Econom\u00eda.- Mercadona, Carrefour y Lidl siguen creciendo en 2022 ante el empuje de las cadenas regionales - Tapas","og_description":"Mercadona, Carrefour y Lidl se mantienen al frente de la distribuci\u00f3n espa\u00f1ola en un 2022 marcado por la inflaci\u00f3n y ante el fuerte empuje de las cadenas","og_url":"https:\/\/www.tapasmagazine.es\/en\/economia-mercadona-carrefour-y-lidl-siguen-creciendo-en-2022-ante-el-empuje-de-las-cadenas-regionales\/","og_site_name":"Tapas","article_publisher":"https:\/\/www.facebook.com\/tapasmagazine","article_published_time":"2023-02-23T09:33:18+00:00","article_modified_time":"2023-02-23T09:42:36+00:00","og_image":[{"width":600,"height":300,"url":"https:\/\/www.tapasmagazine.es\/wp-content\/uploads\/2023\/02\/fotonoticia_20230223103318_9999.jpg","type":"image\/jpeg"}],"author":"Tapas \/ EP","twitter_card":"summary_large_image","twitter_creator":"@TapasMagazine","twitter_site":"@TapasMagazine","twitter_misc":{"Written by":"Tapas \/ EP","Est. reading time":"5 minutes"},"schema":{"@context":"https:\/\/schema.org","@graph":[{"@type":"Article","@id":"https:\/\/www.tapasmagazine.es\/en\/economia-mercadona-carrefour-y-lidl-siguen-creciendo-en-2022-ante-el-empuje-de-las-cadenas-regionales\/#article","isPartOf":{"@id":"https:\/\/www.tapasmagazine.es\/en\/economia-mercadona-carrefour-y-lidl-siguen-creciendo-en-2022-ante-el-empuje-de-las-cadenas-regionales\/"},"author":{"name":"Tapas \/ EP","@id":"https:\/\/www.tapasmagazine.es\/#\/schema\/person\/dddb3bce6f98f2124c204b901d74a14b"},"headline":"Econom\u00eda.- Mercadona, Carrefour y Lidl siguen creciendo en 2022 ante el empuje de las cadenas regionales","datePublished":"2023-02-23T09:33:18+00:00","dateModified":"2023-02-23T09:42:36+00:00","mainEntityOfPage":{"@id":"https:\/\/www.tapasmagazine.es\/en\/economia-mercadona-carrefour-y-lidl-siguen-creciendo-en-2022-ante-el-empuje-de-las-cadenas-regionales\/"},"wordCount":944,"publisher":{"@id":"https:\/\/www.tapasmagazine.es\/#organization"},"image":{"@id":"https:\/\/www.tapasmagazine.es\/en\/economia-mercadona-carrefour-y-lidl-siguen-creciendo-en-2022-ante-el-empuje-de-las-cadenas-regionales\/#primaryimage"},"thumbnailUrl":"https:\/\/www.tapasmagazine.es\/wp-content\/uploads\/2023\/02\/fotonoticia_20230223103318_9999.jpg","articleSection":["\u00daltima hora"],"inLanguage":"en-US"},{"@type":"WebPage","@id":"https:\/\/www.tapasmagazine.es\/en\/economia-mercadona-carrefour-y-lidl-siguen-creciendo-en-2022-ante-el-empuje-de-las-cadenas-regionales\/","url":"https:\/\/www.tapasmagazine.es\/en\/economia-mercadona-carrefour-y-lidl-siguen-creciendo-en-2022-ante-el-empuje-de-las-cadenas-regionales\/","name":"Econom\u00eda.- Mercadona, Carrefour y Lidl siguen creciendo en 2022 ante el empuje de las cadenas regionales - Tapas","isPartOf":{"@id":"https:\/\/www.tapasmagazine.es\/#website"},"primaryImageOfPage":{"@id":"https:\/\/www.tapasmagazine.es\/en\/economia-mercadona-carrefour-y-lidl-siguen-creciendo-en-2022-ante-el-empuje-de-las-cadenas-regionales\/#primaryimage"},"image":{"@id":"https:\/\/www.tapasmagazine.es\/en\/economia-mercadona-carrefour-y-lidl-siguen-creciendo-en-2022-ante-el-empuje-de-las-cadenas-regionales\/#primaryimage"},"thumbnailUrl":"https:\/\/www.tapasmagazine.es\/wp-content\/uploads\/2023\/02\/fotonoticia_20230223103318_9999.jpg","datePublished":"2023-02-23T09:33:18+00:00","dateModified":"2023-02-23T09:42:36+00:00","description":"Mercadona, Carrefour y Lidl se mantienen al frente de la distribuci\u00f3n espa\u00f1ola en un 2022 marcado por la inflaci\u00f3n y ante el fuerte empuje de las cadenas","breadcrumb":{"@id":"https:\/\/www.tapasmagazine.es\/en\/economia-mercadona-carrefour-y-lidl-siguen-creciendo-en-2022-ante-el-empuje-de-las-cadenas-regionales\/#breadcrumb"},"inLanguage":"en-US","potentialAction":[{"@type":"ReadAction","target":["https:\/\/www.tapasmagazine.es\/en\/economia-mercadona-carrefour-y-lidl-siguen-creciendo-en-2022-ante-el-empuje-de-las-cadenas-regionales\/"]}]},{"@type":"ImageObject","inLanguage":"en-US","@id":"https:\/\/www.tapasmagazine.es\/en\/economia-mercadona-carrefour-y-lidl-siguen-creciendo-en-2022-ante-el-empuje-de-las-cadenas-regionales\/#primaryimage","url":"https:\/\/www.tapasmagazine.es\/wp-content\/uploads\/2023\/02\/fotonoticia_20230223103318_9999.jpg","contentUrl":"https:\/\/www.tapasmagazine.es\/wp-content\/uploads\/2023\/02\/fotonoticia_20230223103318_9999.jpg","width":600,"height":300},{"@type":"BreadcrumbList","@id":"https:\/\/www.tapasmagazine.es\/en\/economia-mercadona-carrefour-y-lidl-siguen-creciendo-en-2022-ante-el-empuje-de-las-cadenas-regionales\/#breadcrumb","itemListElement":[{"@type":"ListItem","position":1,"name":"Portada","item":"https:\/\/www.tapasmagazine.es\/"},{"@type":"ListItem","position":2,"name":"Sin categorizar","item":"https:\/\/www.tapasmagazine.es\/categorias\/sin-categorizar\/"},{"@type":"ListItem","position":3,"name":"Econom\u00eda.- Mercadona, Carrefour y Lidl siguen creciendo en 2022 ante el empuje de las cadenas regionales"}]},{"@type":"WebSite","@id":"https:\/\/www.tapasmagazine.es\/#website","url":"https:\/\/www.tapasmagazine.es\/","name":"Tapas","description":"\u00d1am \u00d1am Lifestyle. La vida a bocados. Premio Nacional de Gastronom\u00eda 2016.","publisher":{"@id":"https:\/\/www.tapasmagazine.es\/#organization"},"potentialAction":[{"@type":"SearchAction","target":{"@type":"EntryPoint","urlTemplate":"https:\/\/www.tapasmagazine.es\/?s={search_term_string}"},"query-input":{"@type":"PropertyValueSpecification","valueRequired":true,"valueName":"search_term_string"}}],"inLanguage":"en-US"},{"@type":"Organization","@id":"https:\/\/www.tapasmagazine.es\/#organization","name":"Tapas Magazine","url":"https:\/\/www.tapasmagazine.es\/","logo":{"@type":"ImageObject","inLanguage":"en-US","@id":"https:\/\/www.tapasmagazine.es\/#\/schema\/logo\/image\/","url":"https:\/\/www.tapasmagazine.es\/wp-content\/uploads\/2018\/01\/logo.png","contentUrl":"https:\/\/www.tapasmagazine.es\/wp-content\/uploads\/2018\/01\/logo.png","width":180,"height":60,"caption":"Tapas Magazine"},"image":{"@id":"https:\/\/www.tapasmagazine.es\/#\/schema\/logo\/image\/"},"sameAs":["https:\/\/www.facebook.com\/tapasmagazine","https:\/\/x.com\/TapasMagazine","https:\/\/www.instagram.com\/tapasmagazine\/","https:\/\/www.linkedin.com\/company\/tapas-magazine","https:\/\/es.pinterest.com\/tapasmagazine\/","https:\/\/www.youtube.com\/channel\/UCEyxneAaACuR0lfDagrWjjg?sub_confirmation=1"]},{"@type":"Person","@id":"https:\/\/www.tapasmagazine.es\/#\/schema\/person\/dddb3bce6f98f2124c204b901d74a14b","name":"Tapas \/ EP","url":"https:\/\/www.tapasmagazine.es\/en\/author\/tapasep\/"}]}},"_links":{"self":[{"href":"https:\/\/www.tapasmagazine.es\/en\/wp-json\/wp\/v2\/posts\/176094","targetHints":{"allow":["GET"]}}],"collection":[{"href":"https:\/\/www.tapasmagazine.es\/en\/wp-json\/wp\/v2\/posts"}],"about":[{"href":"https:\/\/www.tapasmagazine.es\/en\/wp-json\/wp\/v2\/types\/post"}],"author":[{"embeddable":true,"href":"https:\/\/www.tapasmagazine.es\/en\/wp-json\/wp\/v2\/users\/277"}],"replies":[{"embeddable":true,"href":"https:\/\/www.tapasmagazine.es\/en\/wp-json\/wp\/v2\/comments?post=176094"}],"version-history":[{"count":1,"href":"https:\/\/www.tapasmagazine.es\/en\/wp-json\/wp\/v2\/posts\/176094\/revisions"}],"predecessor-version":[{"id":176095,"href":"https:\/\/www.tapasmagazine.es\/en\/wp-json\/wp\/v2\/posts\/176094\/revisions\/176095"}],"wp:featuredmedia":[{"embeddable":true,"href":"https:\/\/www.tapasmagazine.es\/en\/wp-json\/wp\/v2\/media\/176096"}],"wp:attachment":[{"href":"https:\/\/www.tapasmagazine.es\/en\/wp-json\/wp\/v2\/media?parent=176094"}],"wp:term":[{"taxonomy":"category","embeddable":true,"href":"https:\/\/www.tapasmagazine.es\/en\/wp-json\/wp\/v2\/categories?post=176094"},{"taxonomy":"post_tag","embeddable":true,"href":"https:\/\/www.tapasmagazine.es\/en\/wp-json\/wp\/v2\/tags?post=176094"}],"curies":[{"name":"wp","href":"https:\/\/api.w.org\/{rel}","templated":true}]}}