{"id":176080,"date":"2023-02-23T09:03:24","date_gmt":"2023-02-23T08:03:24","guid":{"rendered":"https:\/\/www.tapasmagazine.es\/?p=176080"},"modified":"2023-02-23T19:33:10","modified_gmt":"2023-02-23T18:33:10","slug":"economia-amp-dia-reduce-un-519-sus-perdidas-en-2022-hasta-124-millones-y-eleva-un-54-ventas-netas-en-espana","status":"publish","type":"post","link":"https:\/\/www.tapasmagazine.es\/en\/economia-amp-dia-reduce-un-519-sus-perdidas-en-2022-hasta-124-millones-y-eleva-un-54-ventas-netas-en-espana\/","title":{"rendered":"Econom\u00eda.- (AMP) Dia reduce un 51,9% sus p\u00e9rdidas en 2022, hasta 124 millones, y eleva un 5,4% ventas netas en Espa\u00f1a"},"content":{"rendered":"<p>Dia registr\u00f3 unas p\u00e9rdidas de 124 millones de euros en 2022, lo que supone un descenso del 51,9% respecto a un a\u00f1o antes, en un ejercicio complejo, marcado por la inflaci\u00f3n y el encarecimiento de las materias primas, combustibles y energ\u00eda, seg\u00fan ha informado la compa\u00f1\u00eda, que ha confirmado el cambio de tendencia en el negocio.<\/p>\n<p>La firma ha explicado que el resultado logrado supone una mejora 133 millones de euros respecto a 2021, apoyado en un mayor resultado bruto de explotaci\u00f3n (Ebitda) y en el resultado financiero neto positivo por la mejora de los ingresos financieros, la reducci\u00f3n de los gastos financieros y un efecto positivo del impacto de la inflaci\u00f3n en los activos monetarios.<\/p>\n<p>Asimismo, ha destacado la mejora de todas las variables operacionales y financieras y el crecimiento consistente del negocio, con ganancia de cuota en Espa\u00f1a y Argentina.<\/p>\n<p>&#8220;El esfuerzo de los \u00faltimos tres a\u00f1os ha servido para afianzar una positiva evoluci\u00f3n del negocio, apoyado en una estructura de capital s\u00f3lida y sostenible y con el respaldo y visi\u00f3n industrial de nuestro accionista mayoritario&#8221;, ha destacado el presidente no ejecutivo de Grupo Dia, Stephan DuCharme.<\/p>\n<p>Asimismo, la compa\u00f1\u00eda ha alcanzado un resultado bruto de explotaci\u00f3n (Ebitda) ajustado de 200 millones de euros, lo que supone un 61,2% m\u00e1s que el a\u00f1o 2021, lo que refleja, seg\u00fan la compa\u00f1\u00eda, los resultados positivos de la mejora de la gesti\u00f3n operativa en curso y el control de costes.<\/p>\n<p>&#8220;La profunda redirecci\u00f3n del negocio que comenzamos en 2019 nos ha tra\u00eddo hasta hoy, hasta este Nuevo Dia, un momento que nos permite afirmar que estamos al final del proceso de &#8216;turnaround&#8217; de la compa\u00f1\u00eda&#8221;, ha afirmado el consejero delegado global de Grupo Dia, Mart\u00edn Tolcachir.<\/p>\n<p>Las ventas netas, por su parte, alcanzaron 7.286 millones de euros, lo que supone un 9,6% m\u00e1s, con un impulso del 7,3% en las ventas en superficie comparable (like-for-like) del cuarto trimestre del a\u00f1o, mientras que las ventas brutas se situaron en 8.900 millones de euros, un 1,5% m\u00e1s, y las ventas en superficie comparable experimentaron un avance del 5,7% frente al a\u00f1o anterior.<\/p>\n<p>CRECEN LAS VENTAS EN ESPA\u00d1A CON MENOS TIENDAS<\/p>\n<p>En Espa\u00f1a, las ventas netas aumentaron un 5,4% a pesar de contar con 155 tiendas menos (un 4,1% menos).<\/p>\n<p>El efecto inflacionario ha sido uno de los factores que han marcado el ejercicio 2022, alcanzando un 5,7% en Espa\u00f1a; 9,6% en Portugal; 5,8% en Brasil y un 94,8% en Argentina.<\/p>\n<p>Este escenario de elevada inflaci\u00f3n comenz\u00f3 a generarse en 2021 derivado de las secuelas de la pandemia del Covid 19 y las interrupciones en la cadena de suministro, y se ha agravado en 2022 como consecuencia de la guerra en Ucrania.<\/p>\n<p>Adem\u00e1s de avanzar en la revisi\u00f3n del surtido de marca Dia, la compa\u00f1\u00eda ha apostado por la expansi\u00f3n del canal &#8216;online&#8217;.<\/p>\n<p>En Espa\u00f1a, durante 2022 se ha elevado la cobertura del servicio e-commerce a un 82% de la poblaci\u00f3n, destacando la fuerte presencia en la costa del pa\u00eds, y se han reforzado los servicios de entrega tanto en el mismo d\u00eda como en franjas de una hora.<\/p>\n<p>El endeudamiento financiero neto, por su parte, aument\u00f3 en el ejercicio un 35%, alcanzando los 544 millones de euros, como consecuencia, fundamentalmente, del esfuerzo inversor realizado durante el a\u00f1o.<\/p>\n<p>Grupo Dia ha cerrado 2022 con una red de 5.699 tiendas en Espa\u00f1a, Argentina, Brasil y Portugal y una superficie total de venta de m\u00e1s de 2.146.000 metros cuadrados.<\/p>\n<p>Del total de la red de tiendas, 2.947 son franquicias (51%) y aportan un 36% de las ventas netas del ejercicio, 3 puntos porcentuales m\u00e1s respecto a 2021 (32,9%).<\/p>\n<p>&#8220;El rumbo del negocio en Espa\u00f1a y Argentina confirma su fase de aceleraci\u00f3n hacia el crecimiento&#8221;, ha resaltado la firma, que ha a\u00f1adido que este Nuevo Dia est\u00e1 plenamente implementado en ambos pa\u00edses, con 1.660 y 551 tiendas, respectivamente, operando bajo el nuevo concepto, el 88% de la red de proximidad en Espa\u00f1a y el 55% en Argentina.<\/p>\n<p>En 2022, en Espa\u00f1a se han remodelado 809 establecimientos y se han abierto 23 tiendas.<\/p>\n<p>Este proceso de transformaci\u00f3n ha supuesto un mayor esfuerzo inversor por parte de la compa\u00f1\u00eda, elevando el Capex del ejercicio un 9,6% respecto a 2021.<\/p>\n<p>La compa\u00f1\u00eda prev\u00e9 finalizar el proceso de remodelaci\u00f3n tiendas en Espa\u00f1a y Argentina durante 2023.<\/p>\n<p>&#8220;Los datos a cierre de a\u00f1o muestran un crecimiento consistente que avala el \u00e9xito de nuestra propuesta de valor. Como evidencia de ello, en Espa\u00f1a hemos ganado cuota de mercado a superficie comparable y en Argentina, con una performance de las tiendas renovadas de 18% por encima de las no renovadas, hemos avanzado tambi\u00e9n en nuestro liderazgo en el Gran Buenos Aires&#8221;, ha destacado Tolcachir.<\/p>\n","protected":false},"excerpt":{"rendered":"<p>Dia registr\u00f3 unas p\u00e9rdidas de 124 millones de euros en 2022, lo que supone un descenso del 51,9% respecto a un a\u00f1o antes, en un ejercicio complejo, marcado por la inflaci\u00f3n y el encarecimiento de las materias primas, combustibles y energ\u00eda, seg\u00fan ha informado la compa\u00f1\u00eda, que ha confirmado el cambio de tendencia en el [&hellip;]<\/p>\n","protected":false},"author":277,"featured_media":176277,"comment_status":"close","ping_status":"closed","sticky":false,"template":"single-feature.php","format":"standard","meta":{"_acf_changed":false,"footnotes":""},"categories":[15645],"tags":[],"class_list":["post-176080","post","type-post","status-publish","format-standard","has-post-thumbnail","hentry","category-ultima-hora","cat-15645-id"],"acf":[],"yoast_head":"<!-- This site is optimized with the Yoast SEO plugin v27.4 - https:\/\/yoast.com\/product\/yoast-seo-wordpress\/ -->\n<title>Econom\u00eda.- (AMP) Dia reduce un 51,9% sus p\u00e9rdidas en 2022, hasta 124 millones, y eleva un 5,4% ventas netas en Espa\u00f1a - Tapas<\/title>\n<meta name=\"description\" content=\"Dia registr\u00f3 unas p\u00e9rdidas de 124 millones de euros en 2022, lo que supone un descenso del 51,9% respecto a un a\u00f1o antes, en un ejercicio complejo,\" \/>\n<meta name=\"robots\" content=\"index, follow, max-snippet:-1, max-image-preview:large, max-video-preview:-1\" \/>\n<link rel=\"canonical\" href=\"https:\/\/www.tapasmagazine.es\/en\/economia-amp-dia-reduce-un-519-sus-perdidas-en-2022-hasta-124-millones-y-eleva-un-54-ventas-netas-en-espana\/\" \/>\n<meta property=\"og:locale\" content=\"en_US\" \/>\n<meta property=\"og:type\" content=\"article\" \/>\n<meta property=\"og:title\" content=\"Econom\u00eda.- (AMP) Dia reduce un 51,9% sus p\u00e9rdidas en 2022, hasta 124 millones, y eleva un 5,4% ventas netas en Espa\u00f1a - Tapas\" \/>\n<meta property=\"og:description\" content=\"Dia registr\u00f3 unas p\u00e9rdidas de 124 millones de euros en 2022, lo que supone un descenso del 51,9% respecto a un a\u00f1o antes, en un ejercicio complejo,\" \/>\n<meta property=\"og:url\" content=\"https:\/\/www.tapasmagazine.es\/en\/economia-amp-dia-reduce-un-519-sus-perdidas-en-2022-hasta-124-millones-y-eleva-un-54-ventas-netas-en-espana\/\" \/>\n<meta property=\"og:site_name\" content=\"Tapas\" \/>\n<meta property=\"article:publisher\" content=\"https:\/\/www.facebook.com\/tapasmagazine\" \/>\n<meta property=\"article:published_time\" content=\"2023-02-23T08:03:24+00:00\" \/>\n<meta property=\"article:modified_time\" content=\"2023-02-23T18:33:10+00:00\" \/>\n<meta property=\"og:image\" content=\"https:\/\/www.tapasmagazine.es\/wp-content\/uploads\/2023\/02\/03-Tienda-Dia-Espana-scaled.jpg\" \/>\n\t<meta property=\"og:image:width\" content=\"2560\" \/>\n\t<meta property=\"og:image:height\" content=\"1707\" \/>\n\t<meta property=\"og:image:type\" content=\"image\/jpeg\" \/>\n<meta name=\"author\" content=\"Tapas \/ EP\" \/>\n<meta name=\"twitter:card\" content=\"summary_large_image\" \/>\n<meta name=\"twitter:creator\" content=\"@TapasMagazine\" \/>\n<meta name=\"twitter:site\" content=\"@TapasMagazine\" \/>\n<meta name=\"twitter:label1\" content=\"Written by\" \/>\n\t<meta name=\"twitter:data1\" content=\"Tapas \/ EP\" \/>\n\t<meta name=\"twitter:label2\" content=\"Est. reading time\" \/>\n\t<meta name=\"twitter:data2\" content=\"4 minutes\" \/>\n<script type=\"application\/ld+json\" class=\"yoast-schema-graph\">{\"@context\":\"https:\\\/\\\/schema.org\",\"@graph\":[{\"@type\":\"Article\",\"@id\":\"https:\\\/\\\/www.tapasmagazine.es\\\/en\\\/economia-amp-dia-reduce-un-519-sus-perdidas-en-2022-hasta-124-millones-y-eleva-un-54-ventas-netas-en-espana\\\/#article\",\"isPartOf\":{\"@id\":\"https:\\\/\\\/www.tapasmagazine.es\\\/en\\\/economia-amp-dia-reduce-un-519-sus-perdidas-en-2022-hasta-124-millones-y-eleva-un-54-ventas-netas-en-espana\\\/\"},\"author\":{\"name\":\"Tapas \\\/ EP\",\"@id\":\"https:\\\/\\\/www.tapasmagazine.es\\\/#\\\/schema\\\/person\\\/dddb3bce6f98f2124c204b901d74a14b\"},\"headline\":\"Econom\u00eda.- (AMP) Dia reduce un 51,9% sus p\u00e9rdidas en 2022, hasta 124 millones, y eleva un 5,4% ventas netas en Espa\u00f1a\",\"datePublished\":\"2023-02-23T08:03:24+00:00\",\"dateModified\":\"2023-02-23T18:33:10+00:00\",\"mainEntityOfPage\":{\"@id\":\"https:\\\/\\\/www.tapasmagazine.es\\\/en\\\/economia-amp-dia-reduce-un-519-sus-perdidas-en-2022-hasta-124-millones-y-eleva-un-54-ventas-netas-en-espana\\\/\"},\"wordCount\":810,\"publisher\":{\"@id\":\"https:\\\/\\\/www.tapasmagazine.es\\\/#organization\"},\"image\":{\"@id\":\"https:\\\/\\\/www.tapasmagazine.es\\\/en\\\/economia-amp-dia-reduce-un-519-sus-perdidas-en-2022-hasta-124-millones-y-eleva-un-54-ventas-netas-en-espana\\\/#primaryimage\"},\"thumbnailUrl\":\"https:\\\/\\\/www.tapasmagazine.es\\\/wp-content\\\/uploads\\\/2023\\\/02\\\/03-Tienda-Dia-Espana-scaled.jpg\",\"articleSection\":[\"\u00daltima hora\"],\"inLanguage\":\"en-US\"},{\"@type\":\"WebPage\",\"@id\":\"https:\\\/\\\/www.tapasmagazine.es\\\/en\\\/economia-amp-dia-reduce-un-519-sus-perdidas-en-2022-hasta-124-millones-y-eleva-un-54-ventas-netas-en-espana\\\/\",\"url\":\"https:\\\/\\\/www.tapasmagazine.es\\\/en\\\/economia-amp-dia-reduce-un-519-sus-perdidas-en-2022-hasta-124-millones-y-eleva-un-54-ventas-netas-en-espana\\\/\",\"name\":\"Econom\u00eda.- (AMP) Dia reduce un 51,9% sus p\u00e9rdidas en 2022, hasta 124 millones, y eleva un 5,4% ventas netas en Espa\u00f1a - Tapas\",\"isPartOf\":{\"@id\":\"https:\\\/\\\/www.tapasmagazine.es\\\/#website\"},\"primaryImageOfPage\":{\"@id\":\"https:\\\/\\\/www.tapasmagazine.es\\\/en\\\/economia-amp-dia-reduce-un-519-sus-perdidas-en-2022-hasta-124-millones-y-eleva-un-54-ventas-netas-en-espana\\\/#primaryimage\"},\"image\":{\"@id\":\"https:\\\/\\\/www.tapasmagazine.es\\\/en\\\/economia-amp-dia-reduce-un-519-sus-perdidas-en-2022-hasta-124-millones-y-eleva-un-54-ventas-netas-en-espana\\\/#primaryimage\"},\"thumbnailUrl\":\"https:\\\/\\\/www.tapasmagazine.es\\\/wp-content\\\/uploads\\\/2023\\\/02\\\/03-Tienda-Dia-Espana-scaled.jpg\",\"datePublished\":\"2023-02-23T08:03:24+00:00\",\"dateModified\":\"2023-02-23T18:33:10+00:00\",\"description\":\"Dia registr\u00f3 unas p\u00e9rdidas de 124 millones de euros en 2022, lo que supone un descenso del 51,9% respecto a un a\u00f1o antes, en un ejercicio complejo,\",\"breadcrumb\":{\"@id\":\"https:\\\/\\\/www.tapasmagazine.es\\\/en\\\/economia-amp-dia-reduce-un-519-sus-perdidas-en-2022-hasta-124-millones-y-eleva-un-54-ventas-netas-en-espana\\\/#breadcrumb\"},\"inLanguage\":\"en-US\",\"potentialAction\":[{\"@type\":\"ReadAction\",\"target\":[\"https:\\\/\\\/www.tapasmagazine.es\\\/en\\\/economia-amp-dia-reduce-un-519-sus-perdidas-en-2022-hasta-124-millones-y-eleva-un-54-ventas-netas-en-espana\\\/\"]}]},{\"@type\":\"ImageObject\",\"inLanguage\":\"en-US\",\"@id\":\"https:\\\/\\\/www.tapasmagazine.es\\\/en\\\/economia-amp-dia-reduce-un-519-sus-perdidas-en-2022-hasta-124-millones-y-eleva-un-54-ventas-netas-en-espana\\\/#primaryimage\",\"url\":\"https:\\\/\\\/www.tapasmagazine.es\\\/wp-content\\\/uploads\\\/2023\\\/02\\\/03-Tienda-Dia-Espana-scaled.jpg\",\"contentUrl\":\"https:\\\/\\\/www.tapasmagazine.es\\\/wp-content\\\/uploads\\\/2023\\\/02\\\/03-Tienda-Dia-Espana-scaled.jpg\",\"width\":2560,\"height\":1707,\"caption\":\"PHOTOGRAPHER\\\/ Paul Hanna\"},{\"@type\":\"BreadcrumbList\",\"@id\":\"https:\\\/\\\/www.tapasmagazine.es\\\/en\\\/economia-amp-dia-reduce-un-519-sus-perdidas-en-2022-hasta-124-millones-y-eleva-un-54-ventas-netas-en-espana\\\/#breadcrumb\",\"itemListElement\":[{\"@type\":\"ListItem\",\"position\":1,\"name\":\"Portada\",\"item\":\"https:\\\/\\\/www.tapasmagazine.es\\\/\"},{\"@type\":\"ListItem\",\"position\":2,\"name\":\"\u00daltima hora\",\"item\":\"https:\\\/\\\/www.tapasmagazine.es\\\/categorias\\\/ultima-hora\\\/\"},{\"@type\":\"ListItem\",\"position\":3,\"name\":\"Econom\u00eda.- (AMP) Dia reduce un 51,9% sus p\u00e9rdidas en 2022, hasta 124 millones, y eleva un 5,4% ventas netas en Espa\u00f1a\"}]},{\"@type\":\"WebSite\",\"@id\":\"https:\\\/\\\/www.tapasmagazine.es\\\/#website\",\"url\":\"https:\\\/\\\/www.tapasmagazine.es\\\/\",\"name\":\"Tapas\",\"description\":\"\u00d1am \u00d1am Lifestyle. La vida a bocados. Premio Nacional de Gastronom\u00eda 2016.\",\"publisher\":{\"@id\":\"https:\\\/\\\/www.tapasmagazine.es\\\/#organization\"},\"potentialAction\":[{\"@type\":\"SearchAction\",\"target\":{\"@type\":\"EntryPoint\",\"urlTemplate\":\"https:\\\/\\\/www.tapasmagazine.es\\\/?s={search_term_string}\"},\"query-input\":{\"@type\":\"PropertyValueSpecification\",\"valueRequired\":true,\"valueName\":\"search_term_string\"}}],\"inLanguage\":\"en-US\"},{\"@type\":\"Organization\",\"@id\":\"https:\\\/\\\/www.tapasmagazine.es\\\/#organization\",\"name\":\"Tapas Magazine\",\"url\":\"https:\\\/\\\/www.tapasmagazine.es\\\/\",\"logo\":{\"@type\":\"ImageObject\",\"inLanguage\":\"en-US\",\"@id\":\"https:\\\/\\\/www.tapasmagazine.es\\\/#\\\/schema\\\/logo\\\/image\\\/\",\"url\":\"https:\\\/\\\/www.tapasmagazine.es\\\/wp-content\\\/uploads\\\/2018\\\/01\\\/logo.png\",\"contentUrl\":\"https:\\\/\\\/www.tapasmagazine.es\\\/wp-content\\\/uploads\\\/2018\\\/01\\\/logo.png\",\"width\":180,\"height\":60,\"caption\":\"Tapas Magazine\"},\"image\":{\"@id\":\"https:\\\/\\\/www.tapasmagazine.es\\\/#\\\/schema\\\/logo\\\/image\\\/\"},\"sameAs\":[\"https:\\\/\\\/www.facebook.com\\\/tapasmagazine\",\"https:\\\/\\\/x.com\\\/TapasMagazine\",\"https:\\\/\\\/www.instagram.com\\\/tapasmagazine\\\/\",\"https:\\\/\\\/www.linkedin.com\\\/company\\\/tapas-magazine\",\"https:\\\/\\\/es.pinterest.com\\\/tapasmagazine\\\/\",\"https:\\\/\\\/www.youtube.com\\\/channel\\\/UCEyxneAaACuR0lfDagrWjjg?sub_confirmation=1\"]},{\"@type\":\"Person\",\"@id\":\"https:\\\/\\\/www.tapasmagazine.es\\\/#\\\/schema\\\/person\\\/dddb3bce6f98f2124c204b901d74a14b\",\"name\":\"Tapas \\\/ EP\",\"url\":\"https:\\\/\\\/www.tapasmagazine.es\\\/en\\\/author\\\/tapasep\\\/\"}]}<\/script>\n<!-- \/ Yoast SEO plugin. -->","yoast_head_json":{"title":"Econom\u00eda.- (AMP) Dia reduce un 51,9% sus p\u00e9rdidas en 2022, hasta 124 millones, y eleva un 5,4% ventas netas en Espa\u00f1a - Tapas","description":"Dia registr\u00f3 unas p\u00e9rdidas de 124 millones de euros en 2022, lo que supone un descenso del 51,9% respecto a un a\u00f1o antes, en un ejercicio complejo,","robots":{"index":"index","follow":"follow","max-snippet":"max-snippet:-1","max-image-preview":"max-image-preview:large","max-video-preview":"max-video-preview:-1"},"canonical":"https:\/\/www.tapasmagazine.es\/en\/economia-amp-dia-reduce-un-519-sus-perdidas-en-2022-hasta-124-millones-y-eleva-un-54-ventas-netas-en-espana\/","og_locale":"en_US","og_type":"article","og_title":"Econom\u00eda.- (AMP) Dia reduce un 51,9% sus p\u00e9rdidas en 2022, hasta 124 millones, y eleva un 5,4% ventas netas en Espa\u00f1a - Tapas","og_description":"Dia registr\u00f3 unas p\u00e9rdidas de 124 millones de euros en 2022, lo que supone un descenso del 51,9% respecto a un a\u00f1o antes, en un ejercicio complejo,","og_url":"https:\/\/www.tapasmagazine.es\/en\/economia-amp-dia-reduce-un-519-sus-perdidas-en-2022-hasta-124-millones-y-eleva-un-54-ventas-netas-en-espana\/","og_site_name":"Tapas","article_publisher":"https:\/\/www.facebook.com\/tapasmagazine","article_published_time":"2023-02-23T08:03:24+00:00","article_modified_time":"2023-02-23T18:33:10+00:00","og_image":[{"width":2560,"height":1707,"url":"https:\/\/www.tapasmagazine.es\/wp-content\/uploads\/2023\/02\/03-Tienda-Dia-Espana-scaled.jpg","type":"image\/jpeg"}],"author":"Tapas \/ EP","twitter_card":"summary_large_image","twitter_creator":"@TapasMagazine","twitter_site":"@TapasMagazine","twitter_misc":{"Written by":"Tapas \/ EP","Est. reading time":"4 minutes"},"schema":{"@context":"https:\/\/schema.org","@graph":[{"@type":"Article","@id":"https:\/\/www.tapasmagazine.es\/en\/economia-amp-dia-reduce-un-519-sus-perdidas-en-2022-hasta-124-millones-y-eleva-un-54-ventas-netas-en-espana\/#article","isPartOf":{"@id":"https:\/\/www.tapasmagazine.es\/en\/economia-amp-dia-reduce-un-519-sus-perdidas-en-2022-hasta-124-millones-y-eleva-un-54-ventas-netas-en-espana\/"},"author":{"name":"Tapas \/ EP","@id":"https:\/\/www.tapasmagazine.es\/#\/schema\/person\/dddb3bce6f98f2124c204b901d74a14b"},"headline":"Econom\u00eda.- (AMP) Dia reduce un 51,9% sus p\u00e9rdidas en 2022, hasta 124 millones, y eleva un 5,4% ventas netas en Espa\u00f1a","datePublished":"2023-02-23T08:03:24+00:00","dateModified":"2023-02-23T18:33:10+00:00","mainEntityOfPage":{"@id":"https:\/\/www.tapasmagazine.es\/en\/economia-amp-dia-reduce-un-519-sus-perdidas-en-2022-hasta-124-millones-y-eleva-un-54-ventas-netas-en-espana\/"},"wordCount":810,"publisher":{"@id":"https:\/\/www.tapasmagazine.es\/#organization"},"image":{"@id":"https:\/\/www.tapasmagazine.es\/en\/economia-amp-dia-reduce-un-519-sus-perdidas-en-2022-hasta-124-millones-y-eleva-un-54-ventas-netas-en-espana\/#primaryimage"},"thumbnailUrl":"https:\/\/www.tapasmagazine.es\/wp-content\/uploads\/2023\/02\/03-Tienda-Dia-Espana-scaled.jpg","articleSection":["\u00daltima hora"],"inLanguage":"en-US"},{"@type":"WebPage","@id":"https:\/\/www.tapasmagazine.es\/en\/economia-amp-dia-reduce-un-519-sus-perdidas-en-2022-hasta-124-millones-y-eleva-un-54-ventas-netas-en-espana\/","url":"https:\/\/www.tapasmagazine.es\/en\/economia-amp-dia-reduce-un-519-sus-perdidas-en-2022-hasta-124-millones-y-eleva-un-54-ventas-netas-en-espana\/","name":"Econom\u00eda.- (AMP) Dia reduce un 51,9% sus p\u00e9rdidas en 2022, hasta 124 millones, y eleva un 5,4% ventas netas en Espa\u00f1a - Tapas","isPartOf":{"@id":"https:\/\/www.tapasmagazine.es\/#website"},"primaryImageOfPage":{"@id":"https:\/\/www.tapasmagazine.es\/en\/economia-amp-dia-reduce-un-519-sus-perdidas-en-2022-hasta-124-millones-y-eleva-un-54-ventas-netas-en-espana\/#primaryimage"},"image":{"@id":"https:\/\/www.tapasmagazine.es\/en\/economia-amp-dia-reduce-un-519-sus-perdidas-en-2022-hasta-124-millones-y-eleva-un-54-ventas-netas-en-espana\/#primaryimage"},"thumbnailUrl":"https:\/\/www.tapasmagazine.es\/wp-content\/uploads\/2023\/02\/03-Tienda-Dia-Espana-scaled.jpg","datePublished":"2023-02-23T08:03:24+00:00","dateModified":"2023-02-23T18:33:10+00:00","description":"Dia registr\u00f3 unas p\u00e9rdidas de 124 millones de euros en 2022, lo que supone un descenso del 51,9% respecto a un a\u00f1o antes, en un ejercicio complejo,","breadcrumb":{"@id":"https:\/\/www.tapasmagazine.es\/en\/economia-amp-dia-reduce-un-519-sus-perdidas-en-2022-hasta-124-millones-y-eleva-un-54-ventas-netas-en-espana\/#breadcrumb"},"inLanguage":"en-US","potentialAction":[{"@type":"ReadAction","target":["https:\/\/www.tapasmagazine.es\/en\/economia-amp-dia-reduce-un-519-sus-perdidas-en-2022-hasta-124-millones-y-eleva-un-54-ventas-netas-en-espana\/"]}]},{"@type":"ImageObject","inLanguage":"en-US","@id":"https:\/\/www.tapasmagazine.es\/en\/economia-amp-dia-reduce-un-519-sus-perdidas-en-2022-hasta-124-millones-y-eleva-un-54-ventas-netas-en-espana\/#primaryimage","url":"https:\/\/www.tapasmagazine.es\/wp-content\/uploads\/2023\/02\/03-Tienda-Dia-Espana-scaled.jpg","contentUrl":"https:\/\/www.tapasmagazine.es\/wp-content\/uploads\/2023\/02\/03-Tienda-Dia-Espana-scaled.jpg","width":2560,"height":1707,"caption":"PHOTOGRAPHER\/ Paul Hanna"},{"@type":"BreadcrumbList","@id":"https:\/\/www.tapasmagazine.es\/en\/economia-amp-dia-reduce-un-519-sus-perdidas-en-2022-hasta-124-millones-y-eleva-un-54-ventas-netas-en-espana\/#breadcrumb","itemListElement":[{"@type":"ListItem","position":1,"name":"Portada","item":"https:\/\/www.tapasmagazine.es\/"},{"@type":"ListItem","position":2,"name":"\u00daltima hora","item":"https:\/\/www.tapasmagazine.es\/categorias\/ultima-hora\/"},{"@type":"ListItem","position":3,"name":"Econom\u00eda.- (AMP) Dia reduce un 51,9% sus p\u00e9rdidas en 2022, hasta 124 millones, y eleva un 5,4% ventas netas en Espa\u00f1a"}]},{"@type":"WebSite","@id":"https:\/\/www.tapasmagazine.es\/#website","url":"https:\/\/www.tapasmagazine.es\/","name":"Tapas","description":"\u00d1am \u00d1am Lifestyle. La vida a bocados. Premio Nacional de Gastronom\u00eda 2016.","publisher":{"@id":"https:\/\/www.tapasmagazine.es\/#organization"},"potentialAction":[{"@type":"SearchAction","target":{"@type":"EntryPoint","urlTemplate":"https:\/\/www.tapasmagazine.es\/?s={search_term_string}"},"query-input":{"@type":"PropertyValueSpecification","valueRequired":true,"valueName":"search_term_string"}}],"inLanguage":"en-US"},{"@type":"Organization","@id":"https:\/\/www.tapasmagazine.es\/#organization","name":"Tapas Magazine","url":"https:\/\/www.tapasmagazine.es\/","logo":{"@type":"ImageObject","inLanguage":"en-US","@id":"https:\/\/www.tapasmagazine.es\/#\/schema\/logo\/image\/","url":"https:\/\/www.tapasmagazine.es\/wp-content\/uploads\/2018\/01\/logo.png","contentUrl":"https:\/\/www.tapasmagazine.es\/wp-content\/uploads\/2018\/01\/logo.png","width":180,"height":60,"caption":"Tapas Magazine"},"image":{"@id":"https:\/\/www.tapasmagazine.es\/#\/schema\/logo\/image\/"},"sameAs":["https:\/\/www.facebook.com\/tapasmagazine","https:\/\/x.com\/TapasMagazine","https:\/\/www.instagram.com\/tapasmagazine\/","https:\/\/www.linkedin.com\/company\/tapas-magazine","https:\/\/es.pinterest.com\/tapasmagazine\/","https:\/\/www.youtube.com\/channel\/UCEyxneAaACuR0lfDagrWjjg?sub_confirmation=1"]},{"@type":"Person","@id":"https:\/\/www.tapasmagazine.es\/#\/schema\/person\/dddb3bce6f98f2124c204b901d74a14b","name":"Tapas \/ EP","url":"https:\/\/www.tapasmagazine.es\/en\/author\/tapasep\/"}]}},"_links":{"self":[{"href":"https:\/\/www.tapasmagazine.es\/en\/wp-json\/wp\/v2\/posts\/176080","targetHints":{"allow":["GET"]}}],"collection":[{"href":"https:\/\/www.tapasmagazine.es\/en\/wp-json\/wp\/v2\/posts"}],"about":[{"href":"https:\/\/www.tapasmagazine.es\/en\/wp-json\/wp\/v2\/types\/post"}],"author":[{"embeddable":true,"href":"https:\/\/www.tapasmagazine.es\/en\/wp-json\/wp\/v2\/users\/277"}],"replies":[{"embeddable":true,"href":"https:\/\/www.tapasmagazine.es\/en\/wp-json\/wp\/v2\/comments?post=176080"}],"version-history":[{"count":2,"href":"https:\/\/www.tapasmagazine.es\/en\/wp-json\/wp\/v2\/posts\/176080\/revisions"}],"predecessor-version":[{"id":176279,"href":"https:\/\/www.tapasmagazine.es\/en\/wp-json\/wp\/v2\/posts\/176080\/revisions\/176279"}],"wp:featuredmedia":[{"embeddable":true,"href":"https:\/\/www.tapasmagazine.es\/en\/wp-json\/wp\/v2\/media\/176277"}],"wp:attachment":[{"href":"https:\/\/www.tapasmagazine.es\/en\/wp-json\/wp\/v2\/media?parent=176080"}],"wp:term":[{"taxonomy":"category","embeddable":true,"href":"https:\/\/www.tapasmagazine.es\/en\/wp-json\/wp\/v2\/categories?post=176080"},{"taxonomy":"post_tag","embeddable":true,"href":"https:\/\/www.tapasmagazine.es\/en\/wp-json\/wp\/v2\/tags?post=176080"}],"curies":[{"name":"wp","href":"https:\/\/api.w.org\/{rel}","templated":true}]}}