{"id":176054,"date":"2023-02-22T17:50:04","date_gmt":"2023-02-22T16:50:04","guid":{"rendered":"https:\/\/www.tapasmagazine.es\/?p=176054"},"modified":"2023-02-22T18:11:57","modified_gmt":"2023-02-22T17:11:57","slug":"economia-cooperativas-agro-alimentarias-pide-rebajar-el-iva-reducido-al-hueso-de-aceituna-como-al-resto-de-las-biomasas","status":"publish","type":"post","link":"https:\/\/www.tapasmagazine.es\/en\/economia-cooperativas-agro-alimentarias-pide-rebajar-el-iva-reducido-al-hueso-de-aceituna-como-al-resto-de-las-biomasas\/","title":{"rendered":"Econom\u00eda.-Cooperativas Agro-alimentarias pide rebajar el IVA reducido al hueso de aceituna como al resto de las biomasas"},"content":{"rendered":"<p>Cooperativas Agro-alimentarias de Espa\u00f1a ha reclamado al Ministerio de Hacienda que se aplique el IVA reducido al hueso de aceituna como se ha aplicado al resto de las biomasas, seg\u00fan informan en un comunicado.<\/p>\n<p>   En concreto, cooperativas ha se\u00f1alado que el hueso de aceituna es una biomasa de &#8220;excelente calidad y con un alto rendimiento&#8221;, por encima del promedio del resto de biomasas, equivalente al de astillas y pellets, tal y como establece el IDAE en su estudio sobre Poderes Calor\u00edficos<br \/>\nInferiores (PCI) de las principales fuentes energ\u00e9ticas de 2020. Adem\u00e1s, est\u00e1 incluido en la directiva europea de fomento del uso de energ\u00eda procedente de fuentes renovables.<\/p>\n<p>   Sin embargo, este subproducto no ha sido incluido en la normativa que reduce el tipo del IVA al 5% hasta diciembre de este a\u00f1o, y que se ha<br \/>\naplicado a importaciones y adquisiciones intracomunitarias de gas natural, briquetas y &#8216;pellets&#8217; procedentes de la biomasa y a la madera para le\u00f1a.<\/p>\n<p>   &#8220;Desde Cooperativas Agro-alimentarias de Espa\u00f1a hemos solicitado a la direcci\u00f3n general de Tributos del Ministerio de Hacienda que modifique la normativa para incluir al hueso de aceituna dentro de los biocombustibles a los que le sea aplicable el tipo de IVA reducido con el objetivo de poner en valor e igualar sus opciones frente al resto de<br \/>\nbiomasas competitivas&#8221;, ha se\u00f1alado.<\/p>\n<p>   El hueso de aceituna es un biocombustible implantado en el mercado y cada vez tiene m\u00e1s importancia para usos t\u00e9rmicos, especialmente en el sector residencial y de servicios. Anualmente, se comercializan del orden de 320.000 toneladas de hueso, lo que contribuye de manera sustancial con la estrategia de econom\u00eda circular del sector ole\u00edcola.<\/p>\n","protected":false},"excerpt":{"rendered":"<p>Cooperativas Agro-alimentarias de Espa\u00f1a ha reclamado al Ministerio de Hacienda que se aplique el IVA reducido al hueso de aceituna como se ha aplicado al resto de las biomasas, seg\u00fan informan en un comunicado. En concreto, cooperativas ha se\u00f1alado que el hueso de aceituna es una biomasa de &#8220;excelente calidad y con un alto rendimiento&#8221;, [&hellip;]<\/p>\n","protected":false},"author":277,"featured_media":176057,"comment_status":"close","ping_status":"","sticky":false,"template":"single-feature.php","format":"standard","meta":{"_acf_changed":false,"footnotes":""},"categories":[15645],"tags":[],"class_list":["post-176054","post","type-post","status-publish","format-standard","has-post-thumbnail","hentry","category-ultima-hora","cat-15645-id"],"acf":[],"yoast_head":"<!-- This site is optimized with the Yoast SEO plugin v27.4 - https:\/\/yoast.com\/product\/yoast-seo-wordpress\/ -->\n<title>Econom\u00eda.-Cooperativas Agro-alimentarias pide rebajar el IVA reducido al hueso de aceituna como al resto de las biomasas - Tapas<\/title>\n<meta name=\"description\" content=\"Cooperativas Agro-alimentarias de Espa\u00f1a ha reclamado al Ministerio de Hacienda que se aplique el IVA reducido al hueso de aceituna como se ha aplicado al\" \/>\n<meta name=\"robots\" content=\"index, follow, max-snippet:-1, max-image-preview:large, max-video-preview:-1\" \/>\n<link rel=\"canonical\" href=\"https:\/\/www.tapasmagazine.es\/en\/economia-cooperativas-agro-alimentarias-pide-rebajar-el-iva-reducido-al-hueso-de-aceituna-como-al-resto-de-las-biomasas\/\" \/>\n<meta property=\"og:locale\" content=\"en_US\" \/>\n<meta property=\"og:type\" content=\"article\" \/>\n<meta property=\"og:title\" content=\"Econom\u00eda.-Cooperativas Agro-alimentarias pide rebajar el IVA reducido al hueso de aceituna como al resto de las biomasas - Tapas\" \/>\n<meta property=\"og:description\" content=\"Cooperativas Agro-alimentarias de Espa\u00f1a ha reclamado al Ministerio de Hacienda que se aplique el IVA reducido al hueso de aceituna como se ha aplicado al\" \/>\n<meta property=\"og:url\" content=\"https:\/\/www.tapasmagazine.es\/en\/economia-cooperativas-agro-alimentarias-pide-rebajar-el-iva-reducido-al-hueso-de-aceituna-como-al-resto-de-las-biomasas\/\" \/>\n<meta property=\"og:site_name\" content=\"Tapas\" \/>\n<meta property=\"article:publisher\" content=\"https:\/\/www.facebook.com\/tapasmagazine\" \/>\n<meta property=\"article:published_time\" content=\"2023-02-22T16:50:04+00:00\" \/>\n<meta property=\"article:modified_time\" content=\"2023-02-22T17:11:57+00:00\" \/>\n<meta property=\"og:image\" content=\"https:\/\/www.tapasmagazine.es\/wp-content\/uploads\/2023\/02\/fotonoticia_20230222175004_9999.jpg\" \/>\n\t<meta property=\"og:image:width\" content=\"800\" \/>\n\t<meta property=\"og:image:height\" content=\"600\" \/>\n\t<meta property=\"og:image:type\" content=\"image\/jpeg\" \/>\n<meta name=\"author\" content=\"Tapas \/ EP\" \/>\n<meta name=\"twitter:card\" content=\"summary_large_image\" \/>\n<meta name=\"twitter:creator\" content=\"@TapasMagazine\" \/>\n<meta name=\"twitter:site\" content=\"@TapasMagazine\" \/>\n<meta name=\"twitter:label1\" content=\"Written by\" \/>\n\t<meta name=\"twitter:data1\" content=\"Tapas \/ EP\" \/>\n\t<meta name=\"twitter:label2\" content=\"Est. reading time\" \/>\n\t<meta name=\"twitter:data2\" content=\"1 minute\" \/>\n<script type=\"application\/ld+json\" class=\"yoast-schema-graph\">{\"@context\":\"https:\\\/\\\/schema.org\",\"@graph\":[{\"@type\":\"Article\",\"@id\":\"https:\\\/\\\/www.tapasmagazine.es\\\/en\\\/economia-cooperativas-agro-alimentarias-pide-rebajar-el-iva-reducido-al-hueso-de-aceituna-como-al-resto-de-las-biomasas\\\/#article\",\"isPartOf\":{\"@id\":\"https:\\\/\\\/www.tapasmagazine.es\\\/en\\\/economia-cooperativas-agro-alimentarias-pide-rebajar-el-iva-reducido-al-hueso-de-aceituna-como-al-resto-de-las-biomasas\\\/\"},\"author\":{\"name\":\"Tapas \\\/ EP\",\"@id\":\"https:\\\/\\\/www.tapasmagazine.es\\\/#\\\/schema\\\/person\\\/dddb3bce6f98f2124c204b901d74a14b\"},\"headline\":\"Econom\u00eda.-Cooperativas Agro-alimentarias pide rebajar el IVA reducido al hueso de aceituna como al resto de las biomasas\",\"datePublished\":\"2023-02-22T16:50:04+00:00\",\"dateModified\":\"2023-02-22T17:11:57+00:00\",\"mainEntityOfPage\":{\"@id\":\"https:\\\/\\\/www.tapasmagazine.es\\\/en\\\/economia-cooperativas-agro-alimentarias-pide-rebajar-el-iva-reducido-al-hueso-de-aceituna-como-al-resto-de-las-biomasas\\\/\"},\"wordCount\":303,\"publisher\":{\"@id\":\"https:\\\/\\\/www.tapasmagazine.es\\\/#organization\"},\"image\":{\"@id\":\"https:\\\/\\\/www.tapasmagazine.es\\\/en\\\/economia-cooperativas-agro-alimentarias-pide-rebajar-el-iva-reducido-al-hueso-de-aceituna-como-al-resto-de-las-biomasas\\\/#primaryimage\"},\"thumbnailUrl\":\"https:\\\/\\\/www.tapasmagazine.es\\\/wp-content\\\/uploads\\\/2023\\\/02\\\/fotonoticia_20230222175004_9999.jpg\",\"articleSection\":[\"\u00daltima hora\"],\"inLanguage\":\"en-US\"},{\"@type\":\"WebPage\",\"@id\":\"https:\\\/\\\/www.tapasmagazine.es\\\/en\\\/economia-cooperativas-agro-alimentarias-pide-rebajar-el-iva-reducido-al-hueso-de-aceituna-como-al-resto-de-las-biomasas\\\/\",\"url\":\"https:\\\/\\\/www.tapasmagazine.es\\\/en\\\/economia-cooperativas-agro-alimentarias-pide-rebajar-el-iva-reducido-al-hueso-de-aceituna-como-al-resto-de-las-biomasas\\\/\",\"name\":\"Econom\u00eda.-Cooperativas Agro-alimentarias pide rebajar el IVA reducido al hueso de aceituna como al resto de las biomasas - Tapas\",\"isPartOf\":{\"@id\":\"https:\\\/\\\/www.tapasmagazine.es\\\/#website\"},\"primaryImageOfPage\":{\"@id\":\"https:\\\/\\\/www.tapasmagazine.es\\\/en\\\/economia-cooperativas-agro-alimentarias-pide-rebajar-el-iva-reducido-al-hueso-de-aceituna-como-al-resto-de-las-biomasas\\\/#primaryimage\"},\"image\":{\"@id\":\"https:\\\/\\\/www.tapasmagazine.es\\\/en\\\/economia-cooperativas-agro-alimentarias-pide-rebajar-el-iva-reducido-al-hueso-de-aceituna-como-al-resto-de-las-biomasas\\\/#primaryimage\"},\"thumbnailUrl\":\"https:\\\/\\\/www.tapasmagazine.es\\\/wp-content\\\/uploads\\\/2023\\\/02\\\/fotonoticia_20230222175004_9999.jpg\",\"datePublished\":\"2023-02-22T16:50:04+00:00\",\"dateModified\":\"2023-02-22T17:11:57+00:00\",\"description\":\"Cooperativas Agro-alimentarias de Espa\u00f1a ha reclamado al Ministerio de Hacienda que se aplique el IVA reducido al hueso de aceituna como se ha aplicado al\",\"breadcrumb\":{\"@id\":\"https:\\\/\\\/www.tapasmagazine.es\\\/en\\\/economia-cooperativas-agro-alimentarias-pide-rebajar-el-iva-reducido-al-hueso-de-aceituna-como-al-resto-de-las-biomasas\\\/#breadcrumb\"},\"inLanguage\":\"en-US\",\"potentialAction\":[{\"@type\":\"ReadAction\",\"target\":[\"https:\\\/\\\/www.tapasmagazine.es\\\/en\\\/economia-cooperativas-agro-alimentarias-pide-rebajar-el-iva-reducido-al-hueso-de-aceituna-como-al-resto-de-las-biomasas\\\/\"]}]},{\"@type\":\"ImageObject\",\"inLanguage\":\"en-US\",\"@id\":\"https:\\\/\\\/www.tapasmagazine.es\\\/en\\\/economia-cooperativas-agro-alimentarias-pide-rebajar-el-iva-reducido-al-hueso-de-aceituna-como-al-resto-de-las-biomasas\\\/#primaryimage\",\"url\":\"https:\\\/\\\/www.tapasmagazine.es\\\/wp-content\\\/uploads\\\/2023\\\/02\\\/fotonoticia_20230222175004_9999.jpg\",\"contentUrl\":\"https:\\\/\\\/www.tapasmagazine.es\\\/wp-content\\\/uploads\\\/2023\\\/02\\\/fotonoticia_20230222175004_9999.jpg\",\"width\":800,\"height\":600},{\"@type\":\"BreadcrumbList\",\"@id\":\"https:\\\/\\\/www.tapasmagazine.es\\\/en\\\/economia-cooperativas-agro-alimentarias-pide-rebajar-el-iva-reducido-al-hueso-de-aceituna-como-al-resto-de-las-biomasas\\\/#breadcrumb\",\"itemListElement\":[{\"@type\":\"ListItem\",\"position\":1,\"name\":\"Portada\",\"item\":\"https:\\\/\\\/www.tapasmagazine.es\\\/\"},{\"@type\":\"ListItem\",\"position\":2,\"name\":\"Sin categorizar\",\"item\":\"https:\\\/\\\/www.tapasmagazine.es\\\/categorias\\\/sin-categorizar\\\/\"},{\"@type\":\"ListItem\",\"position\":3,\"name\":\"Econom\u00eda.-Cooperativas Agro-alimentarias pide rebajar el IVA reducido al hueso de aceituna como al resto de las biomasas\"}]},{\"@type\":\"WebSite\",\"@id\":\"https:\\\/\\\/www.tapasmagazine.es\\\/#website\",\"url\":\"https:\\\/\\\/www.tapasmagazine.es\\\/\",\"name\":\"Tapas\",\"description\":\"\u00d1am \u00d1am Lifestyle. La vida a bocados. Premio Nacional de Gastronom\u00eda 2016.\",\"publisher\":{\"@id\":\"https:\\\/\\\/www.tapasmagazine.es\\\/#organization\"},\"potentialAction\":[{\"@type\":\"SearchAction\",\"target\":{\"@type\":\"EntryPoint\",\"urlTemplate\":\"https:\\\/\\\/www.tapasmagazine.es\\\/?s={search_term_string}\"},\"query-input\":{\"@type\":\"PropertyValueSpecification\",\"valueRequired\":true,\"valueName\":\"search_term_string\"}}],\"inLanguage\":\"en-US\"},{\"@type\":\"Organization\",\"@id\":\"https:\\\/\\\/www.tapasmagazine.es\\\/#organization\",\"name\":\"Tapas Magazine\",\"url\":\"https:\\\/\\\/www.tapasmagazine.es\\\/\",\"logo\":{\"@type\":\"ImageObject\",\"inLanguage\":\"en-US\",\"@id\":\"https:\\\/\\\/www.tapasmagazine.es\\\/#\\\/schema\\\/logo\\\/image\\\/\",\"url\":\"https:\\\/\\\/www.tapasmagazine.es\\\/wp-content\\\/uploads\\\/2018\\\/01\\\/logo.png\",\"contentUrl\":\"https:\\\/\\\/www.tapasmagazine.es\\\/wp-content\\\/uploads\\\/2018\\\/01\\\/logo.png\",\"width\":180,\"height\":60,\"caption\":\"Tapas Magazine\"},\"image\":{\"@id\":\"https:\\\/\\\/www.tapasmagazine.es\\\/#\\\/schema\\\/logo\\\/image\\\/\"},\"sameAs\":[\"https:\\\/\\\/www.facebook.com\\\/tapasmagazine\",\"https:\\\/\\\/x.com\\\/TapasMagazine\",\"https:\\\/\\\/www.instagram.com\\\/tapasmagazine\\\/\",\"https:\\\/\\\/www.linkedin.com\\\/company\\\/tapas-magazine\",\"https:\\\/\\\/es.pinterest.com\\\/tapasmagazine\\\/\",\"https:\\\/\\\/www.youtube.com\\\/channel\\\/UCEyxneAaACuR0lfDagrWjjg?sub_confirmation=1\"]},{\"@type\":\"Person\",\"@id\":\"https:\\\/\\\/www.tapasmagazine.es\\\/#\\\/schema\\\/person\\\/dddb3bce6f98f2124c204b901d74a14b\",\"name\":\"Tapas \\\/ EP\",\"url\":\"https:\\\/\\\/www.tapasmagazine.es\\\/en\\\/author\\\/tapasep\\\/\"}]}<\/script>\n<!-- \/ Yoast SEO plugin. -->","yoast_head_json":{"title":"Econom\u00eda.-Cooperativas Agro-alimentarias pide rebajar el IVA reducido al hueso de aceituna como al resto de las biomasas - Tapas","description":"Cooperativas Agro-alimentarias de Espa\u00f1a ha reclamado al Ministerio de Hacienda que se aplique el IVA reducido al hueso de aceituna como se ha aplicado al","robots":{"index":"index","follow":"follow","max-snippet":"max-snippet:-1","max-image-preview":"max-image-preview:large","max-video-preview":"max-video-preview:-1"},"canonical":"https:\/\/www.tapasmagazine.es\/en\/economia-cooperativas-agro-alimentarias-pide-rebajar-el-iva-reducido-al-hueso-de-aceituna-como-al-resto-de-las-biomasas\/","og_locale":"en_US","og_type":"article","og_title":"Econom\u00eda.-Cooperativas Agro-alimentarias pide rebajar el IVA reducido al hueso de aceituna como al resto de las biomasas - Tapas","og_description":"Cooperativas Agro-alimentarias de Espa\u00f1a ha reclamado al Ministerio de Hacienda que se aplique el IVA reducido al hueso de aceituna como se ha aplicado al","og_url":"https:\/\/www.tapasmagazine.es\/en\/economia-cooperativas-agro-alimentarias-pide-rebajar-el-iva-reducido-al-hueso-de-aceituna-como-al-resto-de-las-biomasas\/","og_site_name":"Tapas","article_publisher":"https:\/\/www.facebook.com\/tapasmagazine","article_published_time":"2023-02-22T16:50:04+00:00","article_modified_time":"2023-02-22T17:11:57+00:00","og_image":[{"width":800,"height":600,"url":"https:\/\/www.tapasmagazine.es\/wp-content\/uploads\/2023\/02\/fotonoticia_20230222175004_9999.jpg","type":"image\/jpeg"}],"author":"Tapas \/ EP","twitter_card":"summary_large_image","twitter_creator":"@TapasMagazine","twitter_site":"@TapasMagazine","twitter_misc":{"Written by":"Tapas \/ EP","Est. reading time":"1 minute"},"schema":{"@context":"https:\/\/schema.org","@graph":[{"@type":"Article","@id":"https:\/\/www.tapasmagazine.es\/en\/economia-cooperativas-agro-alimentarias-pide-rebajar-el-iva-reducido-al-hueso-de-aceituna-como-al-resto-de-las-biomasas\/#article","isPartOf":{"@id":"https:\/\/www.tapasmagazine.es\/en\/economia-cooperativas-agro-alimentarias-pide-rebajar-el-iva-reducido-al-hueso-de-aceituna-como-al-resto-de-las-biomasas\/"},"author":{"name":"Tapas \/ EP","@id":"https:\/\/www.tapasmagazine.es\/#\/schema\/person\/dddb3bce6f98f2124c204b901d74a14b"},"headline":"Econom\u00eda.-Cooperativas Agro-alimentarias pide rebajar el IVA reducido al hueso de aceituna como al resto de las biomasas","datePublished":"2023-02-22T16:50:04+00:00","dateModified":"2023-02-22T17:11:57+00:00","mainEntityOfPage":{"@id":"https:\/\/www.tapasmagazine.es\/en\/economia-cooperativas-agro-alimentarias-pide-rebajar-el-iva-reducido-al-hueso-de-aceituna-como-al-resto-de-las-biomasas\/"},"wordCount":303,"publisher":{"@id":"https:\/\/www.tapasmagazine.es\/#organization"},"image":{"@id":"https:\/\/www.tapasmagazine.es\/en\/economia-cooperativas-agro-alimentarias-pide-rebajar-el-iva-reducido-al-hueso-de-aceituna-como-al-resto-de-las-biomasas\/#primaryimage"},"thumbnailUrl":"https:\/\/www.tapasmagazine.es\/wp-content\/uploads\/2023\/02\/fotonoticia_20230222175004_9999.jpg","articleSection":["\u00daltima hora"],"inLanguage":"en-US"},{"@type":"WebPage","@id":"https:\/\/www.tapasmagazine.es\/en\/economia-cooperativas-agro-alimentarias-pide-rebajar-el-iva-reducido-al-hueso-de-aceituna-como-al-resto-de-las-biomasas\/","url":"https:\/\/www.tapasmagazine.es\/en\/economia-cooperativas-agro-alimentarias-pide-rebajar-el-iva-reducido-al-hueso-de-aceituna-como-al-resto-de-las-biomasas\/","name":"Econom\u00eda.-Cooperativas Agro-alimentarias pide rebajar el IVA reducido al hueso de aceituna como al resto de las biomasas - Tapas","isPartOf":{"@id":"https:\/\/www.tapasmagazine.es\/#website"},"primaryImageOfPage":{"@id":"https:\/\/www.tapasmagazine.es\/en\/economia-cooperativas-agro-alimentarias-pide-rebajar-el-iva-reducido-al-hueso-de-aceituna-como-al-resto-de-las-biomasas\/#primaryimage"},"image":{"@id":"https:\/\/www.tapasmagazine.es\/en\/economia-cooperativas-agro-alimentarias-pide-rebajar-el-iva-reducido-al-hueso-de-aceituna-como-al-resto-de-las-biomasas\/#primaryimage"},"thumbnailUrl":"https:\/\/www.tapasmagazine.es\/wp-content\/uploads\/2023\/02\/fotonoticia_20230222175004_9999.jpg","datePublished":"2023-02-22T16:50:04+00:00","dateModified":"2023-02-22T17:11:57+00:00","description":"Cooperativas Agro-alimentarias de Espa\u00f1a ha reclamado al Ministerio de Hacienda que se aplique el IVA reducido al hueso de aceituna como se ha aplicado al","breadcrumb":{"@id":"https:\/\/www.tapasmagazine.es\/en\/economia-cooperativas-agro-alimentarias-pide-rebajar-el-iva-reducido-al-hueso-de-aceituna-como-al-resto-de-las-biomasas\/#breadcrumb"},"inLanguage":"en-US","potentialAction":[{"@type":"ReadAction","target":["https:\/\/www.tapasmagazine.es\/en\/economia-cooperativas-agro-alimentarias-pide-rebajar-el-iva-reducido-al-hueso-de-aceituna-como-al-resto-de-las-biomasas\/"]}]},{"@type":"ImageObject","inLanguage":"en-US","@id":"https:\/\/www.tapasmagazine.es\/en\/economia-cooperativas-agro-alimentarias-pide-rebajar-el-iva-reducido-al-hueso-de-aceituna-como-al-resto-de-las-biomasas\/#primaryimage","url":"https:\/\/www.tapasmagazine.es\/wp-content\/uploads\/2023\/02\/fotonoticia_20230222175004_9999.jpg","contentUrl":"https:\/\/www.tapasmagazine.es\/wp-content\/uploads\/2023\/02\/fotonoticia_20230222175004_9999.jpg","width":800,"height":600},{"@type":"BreadcrumbList","@id":"https:\/\/www.tapasmagazine.es\/en\/economia-cooperativas-agro-alimentarias-pide-rebajar-el-iva-reducido-al-hueso-de-aceituna-como-al-resto-de-las-biomasas\/#breadcrumb","itemListElement":[{"@type":"ListItem","position":1,"name":"Portada","item":"https:\/\/www.tapasmagazine.es\/"},{"@type":"ListItem","position":2,"name":"Sin categorizar","item":"https:\/\/www.tapasmagazine.es\/categorias\/sin-categorizar\/"},{"@type":"ListItem","position":3,"name":"Econom\u00eda.-Cooperativas Agro-alimentarias pide rebajar el IVA reducido al hueso de aceituna como al resto de las biomasas"}]},{"@type":"WebSite","@id":"https:\/\/www.tapasmagazine.es\/#website","url":"https:\/\/www.tapasmagazine.es\/","name":"Tapas","description":"\u00d1am \u00d1am Lifestyle. La vida a bocados. Premio Nacional de Gastronom\u00eda 2016.","publisher":{"@id":"https:\/\/www.tapasmagazine.es\/#organization"},"potentialAction":[{"@type":"SearchAction","target":{"@type":"EntryPoint","urlTemplate":"https:\/\/www.tapasmagazine.es\/?s={search_term_string}"},"query-input":{"@type":"PropertyValueSpecification","valueRequired":true,"valueName":"search_term_string"}}],"inLanguage":"en-US"},{"@type":"Organization","@id":"https:\/\/www.tapasmagazine.es\/#organization","name":"Tapas Magazine","url":"https:\/\/www.tapasmagazine.es\/","logo":{"@type":"ImageObject","inLanguage":"en-US","@id":"https:\/\/www.tapasmagazine.es\/#\/schema\/logo\/image\/","url":"https:\/\/www.tapasmagazine.es\/wp-content\/uploads\/2018\/01\/logo.png","contentUrl":"https:\/\/www.tapasmagazine.es\/wp-content\/uploads\/2018\/01\/logo.png","width":180,"height":60,"caption":"Tapas Magazine"},"image":{"@id":"https:\/\/www.tapasmagazine.es\/#\/schema\/logo\/image\/"},"sameAs":["https:\/\/www.facebook.com\/tapasmagazine","https:\/\/x.com\/TapasMagazine","https:\/\/www.instagram.com\/tapasmagazine\/","https:\/\/www.linkedin.com\/company\/tapas-magazine","https:\/\/es.pinterest.com\/tapasmagazine\/","https:\/\/www.youtube.com\/channel\/UCEyxneAaACuR0lfDagrWjjg?sub_confirmation=1"]},{"@type":"Person","@id":"https:\/\/www.tapasmagazine.es\/#\/schema\/person\/dddb3bce6f98f2124c204b901d74a14b","name":"Tapas \/ EP","url":"https:\/\/www.tapasmagazine.es\/en\/author\/tapasep\/"}]}},"_links":{"self":[{"href":"https:\/\/www.tapasmagazine.es\/en\/wp-json\/wp\/v2\/posts\/176054","targetHints":{"allow":["GET"]}}],"collection":[{"href":"https:\/\/www.tapasmagazine.es\/en\/wp-json\/wp\/v2\/posts"}],"about":[{"href":"https:\/\/www.tapasmagazine.es\/en\/wp-json\/wp\/v2\/types\/post"}],"author":[{"embeddable":true,"href":"https:\/\/www.tapasmagazine.es\/en\/wp-json\/wp\/v2\/users\/277"}],"replies":[{"embeddable":true,"href":"https:\/\/www.tapasmagazine.es\/en\/wp-json\/wp\/v2\/comments?post=176054"}],"version-history":[{"count":1,"href":"https:\/\/www.tapasmagazine.es\/en\/wp-json\/wp\/v2\/posts\/176054\/revisions"}],"predecessor-version":[{"id":176055,"href":"https:\/\/www.tapasmagazine.es\/en\/wp-json\/wp\/v2\/posts\/176054\/revisions\/176055"}],"wp:featuredmedia":[{"embeddable":true,"href":"https:\/\/www.tapasmagazine.es\/en\/wp-json\/wp\/v2\/media\/176057"}],"wp:attachment":[{"href":"https:\/\/www.tapasmagazine.es\/en\/wp-json\/wp\/v2\/media?parent=176054"}],"wp:term":[{"taxonomy":"category","embeddable":true,"href":"https:\/\/www.tapasmagazine.es\/en\/wp-json\/wp\/v2\/categories?post=176054"},{"taxonomy":"post_tag","embeddable":true,"href":"https:\/\/www.tapasmagazine.es\/en\/wp-json\/wp\/v2\/tags?post=176054"}],"curies":[{"name":"wp","href":"https:\/\/api.w.org\/{rel}","templated":true}]}}