{"id":176037,"date":"2023-02-22T17:38:42","date_gmt":"2023-02-22T16:38:42","guid":{"rendered":"https:\/\/www.tapasmagazine.es\/?p=176037"},"modified":"2023-02-22T17:42:00","modified_gmt":"2023-02-22T16:42:00","slug":"economia-goiko-abrira-en-septiembre-su-flagship-en-madrid-coincidiendo-con-su-decimo-aniversario","status":"publish","type":"post","link":"https:\/\/www.tapasmagazine.es\/en\/economia-goiko-abrira-en-septiembre-su-flagship-en-madrid-coincidiendo-con-su-decimo-aniversario\/","title":{"rendered":"Econom\u00eda.- Goiko abrir\u00e1 en septiembre su &#8216;flagship&#8217; en Madrid coincidiendo con su d\u00e9cimo aniversario"},"content":{"rendered":"<p>La cadena de hamburguesas gourmet Goiko celebra su d\u00e9cimo aniversario con la apertura de su primera &#8216;flagship&#8217; en la Puerta del Sol de Madrid, seg\u00fan ha informado en un comunicado.<\/p>\n<p>   En concreto, la ense\u00f1a, que naci\u00f3 en 2013 de la mano de Andoni Goicoechea, abre su primera &#8216;flagship store&#8217; junto a la emblem\u00e1tica tienda de Apple. Este nuevo restaurante ser\u00e1 el m\u00e1s grande hasta la fecha del grupo y contar\u00e1 con 700 metros cuadrados de superficie repartidos en dos alturas.<\/p>\n<p>   El fundador de Goiko, Andoni Goicoechea, ha celebrado esta apertura. &#8220;Madrid nos vio nacer en un local diminuto, de apenas 30 sillas y con muebles de Ikea. Esta gran apertura en Sol, diez a\u00f1os despu\u00e9s, es un sue\u00f1o cumplido para todo el equipo y se lo debemos a nuestros clientes. Cocinaremos junto al Oso y el Madro\u00f1o, el anuncio de T\u00edo Pepe y el m\u00edtico reloj de las campanadas. Este es el kil\u00f3metro cero de la capital<br \/>\nm\u00e1s bella del mundo y, ahora, tambi\u00e9n, de la sede de nuestra &#8216;flagship'&#8221;, ha se\u00f1alado  <\/p>\n<p>   Goiko cuenta ya con 104 restaurantes en Espa\u00f1a y tres en Francia e impulsar\u00e1 su expansi\u00f3n en 2023 con nuevas aperturas tras la inaugurada a principios de febrero en Lugo, ciudad donde todav\u00eda no hab\u00eda ning\u00fan restaurante de la marca, y pr\u00f3ximamente abrir\u00e1 en Granada.<\/p>\n<p>   La compa\u00f1\u00eda tambi\u00e9n prev\u00e9 aperturas internacionales, as\u00ed el pr\u00f3ximo 24 de febrero abrir\u00e1 su primer restaurante en Francia fuera de Par\u00eds, esta vez, en Lyon. As\u00ed, prev\u00e9 alcanzar, por lo menos, los 12 nuevos establecimientos en 2023.<\/p>\n<p>   Goiko tambi\u00e9n est\u00e1 desarrollando diferentes l\u00edneas de negocio, como &#8216;Goikocina&#8217;, su gama de productos para el hogar, y la flota de &#8216;foodtrucks&#8217; Las Bestias, que estar\u00e1n presentes en m\u00e1s de 40 eventos y festivales este a\u00f1o.<\/p>\n","protected":false},"excerpt":{"rendered":"<p>La cadena de hamburguesas gourmet Goiko celebra su d\u00e9cimo aniversario con la apertura de su primera &#8216;flagship&#8217; en la Puerta del Sol de Madrid, seg\u00fan ha informado en un comunicado. En concreto, la ense\u00f1a, que naci\u00f3 en 2013 de la mano de Andoni Goicoechea, abre su primera &#8216;flagship store&#8217; junto a la emblem\u00e1tica tienda de [&hellip;]<\/p>\n","protected":false},"author":277,"featured_media":176039,"comment_status":"close","ping_status":"","sticky":false,"template":"single-feature.php","format":"standard","meta":{"_acf_changed":false,"footnotes":""},"categories":[15645],"tags":[],"class_list":["post-176037","post","type-post","status-publish","format-standard","has-post-thumbnail","hentry","category-ultima-hora","cat-15645-id"],"acf":[],"yoast_head":"<!-- This site is optimized with the Yoast SEO plugin v27.4 - https:\/\/yoast.com\/product\/yoast-seo-wordpress\/ -->\n<title>Econom\u00eda.- Goiko abrir\u00e1 en septiembre su &#039;flagship&#039; en Madrid coincidiendo con su d\u00e9cimo aniversario - Tapas<\/title>\n<meta name=\"description\" content=\"La cadena de hamburguesas gourmet Goiko celebra su d\u00e9cimo aniversario con la apertura de su primera &#039;flagship&#039; en la Puerta del Sol de Madrid, seg\u00fan ha\" \/>\n<meta name=\"robots\" content=\"index, follow, max-snippet:-1, max-image-preview:large, max-video-preview:-1\" \/>\n<link rel=\"canonical\" href=\"https:\/\/www.tapasmagazine.es\/en\/economia-goiko-abrira-en-septiembre-su-flagship-en-madrid-coincidiendo-con-su-decimo-aniversario\/\" \/>\n<meta property=\"og:locale\" content=\"en_US\" \/>\n<meta property=\"og:type\" content=\"article\" \/>\n<meta property=\"og:title\" content=\"Econom\u00eda.- Goiko abrir\u00e1 en septiembre su &#039;flagship&#039; en Madrid coincidiendo con su d\u00e9cimo aniversario - Tapas\" \/>\n<meta property=\"og:description\" content=\"La cadena de hamburguesas gourmet Goiko celebra su d\u00e9cimo aniversario con la apertura de su primera &#039;flagship&#039; en la Puerta del Sol de Madrid, seg\u00fan ha\" \/>\n<meta property=\"og:url\" content=\"https:\/\/www.tapasmagazine.es\/en\/economia-goiko-abrira-en-septiembre-su-flagship-en-madrid-coincidiendo-con-su-decimo-aniversario\/\" \/>\n<meta property=\"og:site_name\" content=\"Tapas\" \/>\n<meta property=\"article:publisher\" content=\"https:\/\/www.facebook.com\/tapasmagazine\" \/>\n<meta property=\"article:published_time\" content=\"2023-02-22T16:38:42+00:00\" \/>\n<meta property=\"article:modified_time\" content=\"2023-02-22T16:42:00+00:00\" \/>\n<meta property=\"og:image\" content=\"https:\/\/www.tapasmagazine.es\/wp-content\/uploads\/2023\/02\/fotonoticia_20230222173842_9999-scaled.jpg\" \/>\n\t<meta property=\"og:image:width\" content=\"2560\" \/>\n\t<meta property=\"og:image:height\" content=\"1707\" \/>\n\t<meta property=\"og:image:type\" content=\"image\/jpeg\" \/>\n<meta name=\"author\" content=\"Tapas \/ EP\" \/>\n<meta name=\"twitter:card\" content=\"summary_large_image\" \/>\n<meta name=\"twitter:creator\" content=\"@TapasMagazine\" \/>\n<meta name=\"twitter:site\" content=\"@TapasMagazine\" \/>\n<meta name=\"twitter:label1\" content=\"Written by\" \/>\n\t<meta name=\"twitter:data1\" content=\"Tapas \/ EP\" \/>\n\t<meta name=\"twitter:label2\" content=\"Est. reading time\" \/>\n\t<meta name=\"twitter:data2\" content=\"2 minutes\" \/>\n<script type=\"application\/ld+json\" class=\"yoast-schema-graph\">{\"@context\":\"https:\\\/\\\/schema.org\",\"@graph\":[{\"@type\":\"Article\",\"@id\":\"https:\\\/\\\/www.tapasmagazine.es\\\/en\\\/economia-goiko-abrira-en-septiembre-su-flagship-en-madrid-coincidiendo-con-su-decimo-aniversario\\\/#article\",\"isPartOf\":{\"@id\":\"https:\\\/\\\/www.tapasmagazine.es\\\/en\\\/economia-goiko-abrira-en-septiembre-su-flagship-en-madrid-coincidiendo-con-su-decimo-aniversario\\\/\"},\"author\":{\"name\":\"Tapas \\\/ EP\",\"@id\":\"https:\\\/\\\/www.tapasmagazine.es\\\/#\\\/schema\\\/person\\\/dddb3bce6f98f2124c204b901d74a14b\"},\"headline\":\"Econom\u00eda.- Goiko abrir\u00e1 en septiembre su &#8216;flagship&#8217; en Madrid coincidiendo con su d\u00e9cimo aniversario\",\"datePublished\":\"2023-02-22T16:38:42+00:00\",\"dateModified\":\"2023-02-22T16:42:00+00:00\",\"mainEntityOfPage\":{\"@id\":\"https:\\\/\\\/www.tapasmagazine.es\\\/en\\\/economia-goiko-abrira-en-septiembre-su-flagship-en-madrid-coincidiendo-con-su-decimo-aniversario\\\/\"},\"wordCount\":328,\"publisher\":{\"@id\":\"https:\\\/\\\/www.tapasmagazine.es\\\/#organization\"},\"image\":{\"@id\":\"https:\\\/\\\/www.tapasmagazine.es\\\/en\\\/economia-goiko-abrira-en-septiembre-su-flagship-en-madrid-coincidiendo-con-su-decimo-aniversario\\\/#primaryimage\"},\"thumbnailUrl\":\"https:\\\/\\\/www.tapasmagazine.es\\\/wp-content\\\/uploads\\\/2023\\\/02\\\/fotonoticia_20230222173842_9999-scaled.jpg\",\"articleSection\":[\"\u00daltima hora\"],\"inLanguage\":\"en-US\"},{\"@type\":\"WebPage\",\"@id\":\"https:\\\/\\\/www.tapasmagazine.es\\\/en\\\/economia-goiko-abrira-en-septiembre-su-flagship-en-madrid-coincidiendo-con-su-decimo-aniversario\\\/\",\"url\":\"https:\\\/\\\/www.tapasmagazine.es\\\/en\\\/economia-goiko-abrira-en-septiembre-su-flagship-en-madrid-coincidiendo-con-su-decimo-aniversario\\\/\",\"name\":\"Econom\u00eda.- Goiko abrir\u00e1 en septiembre su 'flagship' en Madrid coincidiendo con su d\u00e9cimo aniversario - Tapas\",\"isPartOf\":{\"@id\":\"https:\\\/\\\/www.tapasmagazine.es\\\/#website\"},\"primaryImageOfPage\":{\"@id\":\"https:\\\/\\\/www.tapasmagazine.es\\\/en\\\/economia-goiko-abrira-en-septiembre-su-flagship-en-madrid-coincidiendo-con-su-decimo-aniversario\\\/#primaryimage\"},\"image\":{\"@id\":\"https:\\\/\\\/www.tapasmagazine.es\\\/en\\\/economia-goiko-abrira-en-septiembre-su-flagship-en-madrid-coincidiendo-con-su-decimo-aniversario\\\/#primaryimage\"},\"thumbnailUrl\":\"https:\\\/\\\/www.tapasmagazine.es\\\/wp-content\\\/uploads\\\/2023\\\/02\\\/fotonoticia_20230222173842_9999-scaled.jpg\",\"datePublished\":\"2023-02-22T16:38:42+00:00\",\"dateModified\":\"2023-02-22T16:42:00+00:00\",\"description\":\"La cadena de hamburguesas gourmet Goiko celebra su d\u00e9cimo aniversario con la apertura de su primera 'flagship' en la Puerta del Sol de Madrid, seg\u00fan ha\",\"breadcrumb\":{\"@id\":\"https:\\\/\\\/www.tapasmagazine.es\\\/en\\\/economia-goiko-abrira-en-septiembre-su-flagship-en-madrid-coincidiendo-con-su-decimo-aniversario\\\/#breadcrumb\"},\"inLanguage\":\"en-US\",\"potentialAction\":[{\"@type\":\"ReadAction\",\"target\":[\"https:\\\/\\\/www.tapasmagazine.es\\\/en\\\/economia-goiko-abrira-en-septiembre-su-flagship-en-madrid-coincidiendo-con-su-decimo-aniversario\\\/\"]}]},{\"@type\":\"ImageObject\",\"inLanguage\":\"en-US\",\"@id\":\"https:\\\/\\\/www.tapasmagazine.es\\\/en\\\/economia-goiko-abrira-en-septiembre-su-flagship-en-madrid-coincidiendo-con-su-decimo-aniversario\\\/#primaryimage\",\"url\":\"https:\\\/\\\/www.tapasmagazine.es\\\/wp-content\\\/uploads\\\/2023\\\/02\\\/fotonoticia_20230222173842_9999-scaled.jpg\",\"contentUrl\":\"https:\\\/\\\/www.tapasmagazine.es\\\/wp-content\\\/uploads\\\/2023\\\/02\\\/fotonoticia_20230222173842_9999-scaled.jpg\",\"width\":2560,\"height\":1707},{\"@type\":\"BreadcrumbList\",\"@id\":\"https:\\\/\\\/www.tapasmagazine.es\\\/en\\\/economia-goiko-abrira-en-septiembre-su-flagship-en-madrid-coincidiendo-con-su-decimo-aniversario\\\/#breadcrumb\",\"itemListElement\":[{\"@type\":\"ListItem\",\"position\":1,\"name\":\"Portada\",\"item\":\"https:\\\/\\\/www.tapasmagazine.es\\\/\"},{\"@type\":\"ListItem\",\"position\":2,\"name\":\"Sin categorizar\",\"item\":\"https:\\\/\\\/www.tapasmagazine.es\\\/categorias\\\/sin-categorizar\\\/\"},{\"@type\":\"ListItem\",\"position\":3,\"name\":\"Econom\u00eda.- Goiko abrir\u00e1 en septiembre su &#8216;flagship&#8217; en Madrid coincidiendo con su d\u00e9cimo aniversario\"}]},{\"@type\":\"WebSite\",\"@id\":\"https:\\\/\\\/www.tapasmagazine.es\\\/#website\",\"url\":\"https:\\\/\\\/www.tapasmagazine.es\\\/\",\"name\":\"Tapas\",\"description\":\"\u00d1am \u00d1am Lifestyle. La vida a bocados. Premio Nacional de Gastronom\u00eda 2016.\",\"publisher\":{\"@id\":\"https:\\\/\\\/www.tapasmagazine.es\\\/#organization\"},\"potentialAction\":[{\"@type\":\"SearchAction\",\"target\":{\"@type\":\"EntryPoint\",\"urlTemplate\":\"https:\\\/\\\/www.tapasmagazine.es\\\/?s={search_term_string}\"},\"query-input\":{\"@type\":\"PropertyValueSpecification\",\"valueRequired\":true,\"valueName\":\"search_term_string\"}}],\"inLanguage\":\"en-US\"},{\"@type\":\"Organization\",\"@id\":\"https:\\\/\\\/www.tapasmagazine.es\\\/#organization\",\"name\":\"Tapas Magazine\",\"url\":\"https:\\\/\\\/www.tapasmagazine.es\\\/\",\"logo\":{\"@type\":\"ImageObject\",\"inLanguage\":\"en-US\",\"@id\":\"https:\\\/\\\/www.tapasmagazine.es\\\/#\\\/schema\\\/logo\\\/image\\\/\",\"url\":\"https:\\\/\\\/www.tapasmagazine.es\\\/wp-content\\\/uploads\\\/2018\\\/01\\\/logo.png\",\"contentUrl\":\"https:\\\/\\\/www.tapasmagazine.es\\\/wp-content\\\/uploads\\\/2018\\\/01\\\/logo.png\",\"width\":180,\"height\":60,\"caption\":\"Tapas Magazine\"},\"image\":{\"@id\":\"https:\\\/\\\/www.tapasmagazine.es\\\/#\\\/schema\\\/logo\\\/image\\\/\"},\"sameAs\":[\"https:\\\/\\\/www.facebook.com\\\/tapasmagazine\",\"https:\\\/\\\/x.com\\\/TapasMagazine\",\"https:\\\/\\\/www.instagram.com\\\/tapasmagazine\\\/\",\"https:\\\/\\\/www.linkedin.com\\\/company\\\/tapas-magazine\",\"https:\\\/\\\/es.pinterest.com\\\/tapasmagazine\\\/\",\"https:\\\/\\\/www.youtube.com\\\/channel\\\/UCEyxneAaACuR0lfDagrWjjg?sub_confirmation=1\"]},{\"@type\":\"Person\",\"@id\":\"https:\\\/\\\/www.tapasmagazine.es\\\/#\\\/schema\\\/person\\\/dddb3bce6f98f2124c204b901d74a14b\",\"name\":\"Tapas \\\/ EP\",\"url\":\"https:\\\/\\\/www.tapasmagazine.es\\\/en\\\/author\\\/tapasep\\\/\"}]}<\/script>\n<!-- \/ Yoast SEO plugin. -->","yoast_head_json":{"title":"Econom\u00eda.- Goiko abrir\u00e1 en septiembre su 'flagship' en Madrid coincidiendo con su d\u00e9cimo aniversario - Tapas","description":"La cadena de hamburguesas gourmet Goiko celebra su d\u00e9cimo aniversario con la apertura de su primera 'flagship' en la Puerta del Sol de Madrid, seg\u00fan ha","robots":{"index":"index","follow":"follow","max-snippet":"max-snippet:-1","max-image-preview":"max-image-preview:large","max-video-preview":"max-video-preview:-1"},"canonical":"https:\/\/www.tapasmagazine.es\/en\/economia-goiko-abrira-en-septiembre-su-flagship-en-madrid-coincidiendo-con-su-decimo-aniversario\/","og_locale":"en_US","og_type":"article","og_title":"Econom\u00eda.- Goiko abrir\u00e1 en septiembre su 'flagship' en Madrid coincidiendo con su d\u00e9cimo aniversario - Tapas","og_description":"La cadena de hamburguesas gourmet Goiko celebra su d\u00e9cimo aniversario con la apertura de su primera 'flagship' en la Puerta del Sol de Madrid, seg\u00fan ha","og_url":"https:\/\/www.tapasmagazine.es\/en\/economia-goiko-abrira-en-septiembre-su-flagship-en-madrid-coincidiendo-con-su-decimo-aniversario\/","og_site_name":"Tapas","article_publisher":"https:\/\/www.facebook.com\/tapasmagazine","article_published_time":"2023-02-22T16:38:42+00:00","article_modified_time":"2023-02-22T16:42:00+00:00","og_image":[{"width":2560,"height":1707,"url":"https:\/\/www.tapasmagazine.es\/wp-content\/uploads\/2023\/02\/fotonoticia_20230222173842_9999-scaled.jpg","type":"image\/jpeg"}],"author":"Tapas \/ EP","twitter_card":"summary_large_image","twitter_creator":"@TapasMagazine","twitter_site":"@TapasMagazine","twitter_misc":{"Written by":"Tapas \/ EP","Est. reading time":"2 minutes"},"schema":{"@context":"https:\/\/schema.org","@graph":[{"@type":"Article","@id":"https:\/\/www.tapasmagazine.es\/en\/economia-goiko-abrira-en-septiembre-su-flagship-en-madrid-coincidiendo-con-su-decimo-aniversario\/#article","isPartOf":{"@id":"https:\/\/www.tapasmagazine.es\/en\/economia-goiko-abrira-en-septiembre-su-flagship-en-madrid-coincidiendo-con-su-decimo-aniversario\/"},"author":{"name":"Tapas \/ EP","@id":"https:\/\/www.tapasmagazine.es\/#\/schema\/person\/dddb3bce6f98f2124c204b901d74a14b"},"headline":"Econom\u00eda.- Goiko abrir\u00e1 en septiembre su &#8216;flagship&#8217; en Madrid coincidiendo con su d\u00e9cimo aniversario","datePublished":"2023-02-22T16:38:42+00:00","dateModified":"2023-02-22T16:42:00+00:00","mainEntityOfPage":{"@id":"https:\/\/www.tapasmagazine.es\/en\/economia-goiko-abrira-en-septiembre-su-flagship-en-madrid-coincidiendo-con-su-decimo-aniversario\/"},"wordCount":328,"publisher":{"@id":"https:\/\/www.tapasmagazine.es\/#organization"},"image":{"@id":"https:\/\/www.tapasmagazine.es\/en\/economia-goiko-abrira-en-septiembre-su-flagship-en-madrid-coincidiendo-con-su-decimo-aniversario\/#primaryimage"},"thumbnailUrl":"https:\/\/www.tapasmagazine.es\/wp-content\/uploads\/2023\/02\/fotonoticia_20230222173842_9999-scaled.jpg","articleSection":["\u00daltima hora"],"inLanguage":"en-US"},{"@type":"WebPage","@id":"https:\/\/www.tapasmagazine.es\/en\/economia-goiko-abrira-en-septiembre-su-flagship-en-madrid-coincidiendo-con-su-decimo-aniversario\/","url":"https:\/\/www.tapasmagazine.es\/en\/economia-goiko-abrira-en-septiembre-su-flagship-en-madrid-coincidiendo-con-su-decimo-aniversario\/","name":"Econom\u00eda.- Goiko abrir\u00e1 en septiembre su 'flagship' en Madrid coincidiendo con su d\u00e9cimo aniversario - Tapas","isPartOf":{"@id":"https:\/\/www.tapasmagazine.es\/#website"},"primaryImageOfPage":{"@id":"https:\/\/www.tapasmagazine.es\/en\/economia-goiko-abrira-en-septiembre-su-flagship-en-madrid-coincidiendo-con-su-decimo-aniversario\/#primaryimage"},"image":{"@id":"https:\/\/www.tapasmagazine.es\/en\/economia-goiko-abrira-en-septiembre-su-flagship-en-madrid-coincidiendo-con-su-decimo-aniversario\/#primaryimage"},"thumbnailUrl":"https:\/\/www.tapasmagazine.es\/wp-content\/uploads\/2023\/02\/fotonoticia_20230222173842_9999-scaled.jpg","datePublished":"2023-02-22T16:38:42+00:00","dateModified":"2023-02-22T16:42:00+00:00","description":"La cadena de hamburguesas gourmet Goiko celebra su d\u00e9cimo aniversario con la apertura de su primera 'flagship' en la Puerta del Sol de Madrid, seg\u00fan ha","breadcrumb":{"@id":"https:\/\/www.tapasmagazine.es\/en\/economia-goiko-abrira-en-septiembre-su-flagship-en-madrid-coincidiendo-con-su-decimo-aniversario\/#breadcrumb"},"inLanguage":"en-US","potentialAction":[{"@type":"ReadAction","target":["https:\/\/www.tapasmagazine.es\/en\/economia-goiko-abrira-en-septiembre-su-flagship-en-madrid-coincidiendo-con-su-decimo-aniversario\/"]}]},{"@type":"ImageObject","inLanguage":"en-US","@id":"https:\/\/www.tapasmagazine.es\/en\/economia-goiko-abrira-en-septiembre-su-flagship-en-madrid-coincidiendo-con-su-decimo-aniversario\/#primaryimage","url":"https:\/\/www.tapasmagazine.es\/wp-content\/uploads\/2023\/02\/fotonoticia_20230222173842_9999-scaled.jpg","contentUrl":"https:\/\/www.tapasmagazine.es\/wp-content\/uploads\/2023\/02\/fotonoticia_20230222173842_9999-scaled.jpg","width":2560,"height":1707},{"@type":"BreadcrumbList","@id":"https:\/\/www.tapasmagazine.es\/en\/economia-goiko-abrira-en-septiembre-su-flagship-en-madrid-coincidiendo-con-su-decimo-aniversario\/#breadcrumb","itemListElement":[{"@type":"ListItem","position":1,"name":"Portada","item":"https:\/\/www.tapasmagazine.es\/"},{"@type":"ListItem","position":2,"name":"Sin categorizar","item":"https:\/\/www.tapasmagazine.es\/categorias\/sin-categorizar\/"},{"@type":"ListItem","position":3,"name":"Econom\u00eda.- Goiko abrir\u00e1 en septiembre su &#8216;flagship&#8217; en Madrid coincidiendo con su d\u00e9cimo aniversario"}]},{"@type":"WebSite","@id":"https:\/\/www.tapasmagazine.es\/#website","url":"https:\/\/www.tapasmagazine.es\/","name":"Tapas","description":"\u00d1am \u00d1am Lifestyle. La vida a bocados. Premio Nacional de Gastronom\u00eda 2016.","publisher":{"@id":"https:\/\/www.tapasmagazine.es\/#organization"},"potentialAction":[{"@type":"SearchAction","target":{"@type":"EntryPoint","urlTemplate":"https:\/\/www.tapasmagazine.es\/?s={search_term_string}"},"query-input":{"@type":"PropertyValueSpecification","valueRequired":true,"valueName":"search_term_string"}}],"inLanguage":"en-US"},{"@type":"Organization","@id":"https:\/\/www.tapasmagazine.es\/#organization","name":"Tapas Magazine","url":"https:\/\/www.tapasmagazine.es\/","logo":{"@type":"ImageObject","inLanguage":"en-US","@id":"https:\/\/www.tapasmagazine.es\/#\/schema\/logo\/image\/","url":"https:\/\/www.tapasmagazine.es\/wp-content\/uploads\/2018\/01\/logo.png","contentUrl":"https:\/\/www.tapasmagazine.es\/wp-content\/uploads\/2018\/01\/logo.png","width":180,"height":60,"caption":"Tapas Magazine"},"image":{"@id":"https:\/\/www.tapasmagazine.es\/#\/schema\/logo\/image\/"},"sameAs":["https:\/\/www.facebook.com\/tapasmagazine","https:\/\/x.com\/TapasMagazine","https:\/\/www.instagram.com\/tapasmagazine\/","https:\/\/www.linkedin.com\/company\/tapas-magazine","https:\/\/es.pinterest.com\/tapasmagazine\/","https:\/\/www.youtube.com\/channel\/UCEyxneAaACuR0lfDagrWjjg?sub_confirmation=1"]},{"@type":"Person","@id":"https:\/\/www.tapasmagazine.es\/#\/schema\/person\/dddb3bce6f98f2124c204b901d74a14b","name":"Tapas \/ EP","url":"https:\/\/www.tapasmagazine.es\/en\/author\/tapasep\/"}]}},"_links":{"self":[{"href":"https:\/\/www.tapasmagazine.es\/en\/wp-json\/wp\/v2\/posts\/176037","targetHints":{"allow":["GET"]}}],"collection":[{"href":"https:\/\/www.tapasmagazine.es\/en\/wp-json\/wp\/v2\/posts"}],"about":[{"href":"https:\/\/www.tapasmagazine.es\/en\/wp-json\/wp\/v2\/types\/post"}],"author":[{"embeddable":true,"href":"https:\/\/www.tapasmagazine.es\/en\/wp-json\/wp\/v2\/users\/277"}],"replies":[{"embeddable":true,"href":"https:\/\/www.tapasmagazine.es\/en\/wp-json\/wp\/v2\/comments?post=176037"}],"version-history":[{"count":1,"href":"https:\/\/www.tapasmagazine.es\/en\/wp-json\/wp\/v2\/posts\/176037\/revisions"}],"predecessor-version":[{"id":176038,"href":"https:\/\/www.tapasmagazine.es\/en\/wp-json\/wp\/v2\/posts\/176037\/revisions\/176038"}],"wp:featuredmedia":[{"embeddable":true,"href":"https:\/\/www.tapasmagazine.es\/en\/wp-json\/wp\/v2\/media\/176039"}],"wp:attachment":[{"href":"https:\/\/www.tapasmagazine.es\/en\/wp-json\/wp\/v2\/media?parent=176037"}],"wp:term":[{"taxonomy":"category","embeddable":true,"href":"https:\/\/www.tapasmagazine.es\/en\/wp-json\/wp\/v2\/categories?post=176037"},{"taxonomy":"post_tag","embeddable":true,"href":"https:\/\/www.tapasmagazine.es\/en\/wp-json\/wp\/v2\/tags?post=176037"}],"curies":[{"name":"wp","href":"https:\/\/api.w.org\/{rel}","templated":true}]}}