{"id":175985,"date":"2023-02-22T15:16:00","date_gmt":"2023-02-22T14:16:00","guid":{"rendered":"https:\/\/www.tapasmagazine.es\/?p=175985"},"modified":"2023-02-22T15:42:40","modified_gmt":"2023-02-22T14:42:40","slug":"economia-planas-advierte-de-que-agricultores-y-ganaderos-serian-los-paganos-de-la-medida-de-topar-los-precios","status":"publish","type":"post","link":"https:\/\/www.tapasmagazine.es\/en\/economia-planas-advierte-de-que-agricultores-y-ganaderos-serian-los-paganos-de-la-medida-de-topar-los-precios\/","title":{"rendered":"Econom\u00eda.- Planas advierte de que agricultores y ganaderos ser\u00edan los &#8220;paganos&#8221; de la medida de topar los precios"},"content":{"rendered":"<p>El ministro de Agricultura, Pesca y Alimentaci\u00f3n, Luis Planas, ha recordado a la vicepresidenta segunda del Gobierno y ministra de Trabajo, Yolanda D\u00edaz, que su propuesta de fijar los precios de los productos de alimentaci\u00f3n no es legal y no resolver\u00eda el problema, ya que los &#8220;paganos&#8221; de esa medida ser\u00edan los agricultores, ganaderos y los peque\u00f1os productores industriales.<\/p>\n<p>   &#8220;Ni el Tratado de la UE ni la Constituci\u00f3n espa\u00f1ola permiten topar los precios y tampoco lo es desde un punto de vista pr\u00e1ctico. Los que promueven estas medidas las sugieren de buena fe, pero sin pensarlo mucho y sin pensar en las consecuencias&#8221;, ha asegurado Planas durante la clausura de la II Jornada de Econom\u00eda Circular, organizada por elDiario.es.<\/p>\n<p>   El titular de Agricultura ha advertido que de adoptarse esa medida los perjudicados ser\u00eda el eslab\u00f3n m\u00e1s d\u00e9bil de la cadena alimentaria. &#8220;Esto supone que alguien va a pagar la diferencia, si al final de la cadena se van a topar los precios, ya sea la industria o el sector primario ver\u00e1n disminuidos sus ingresos&#8221;, ha recalcado.<\/p>\n<p>   &#8220;El pagano ser\u00eda sin duda el agricultor, el ganadero y los peque\u00f1os productores industriales y adem\u00e1s esta medida no resolver\u00eda ning\u00fan problema&#8221;, ha zanjado.<\/p>\n<p>   El titular de Agricultura ha reiterado que la realidad del sector agroalimentario es diferente a otros sectores, donde s\u00ed se han limitado precios, porque son &#8220;mercados muy regulados&#8221; como el energ\u00e9tico. &#8220;Para esta complejidad no hay una soluci\u00f3n sencilla ni una barita m\u00e1gica, por lo que las medidas del Gobierno son las adecuadas&#8221;, ha subrayado.<\/p>\n<p>   &#8220;El Gobierno ha hecho un esfuerzo y en enero se ha reducido el interanual ya en tres d\u00e9cimas. Hemos conseguido en un a\u00f1o donde hay una alta inflaci\u00f3n, limitar ese crecimiento&#8221;, ha indicado.<\/p>\n<p>   De esta forma, el titular de Agricultura ha recordado que el pasado lunes en la reuni\u00f3n del Observatorio de la Cadena Alimentaria, en la que estaban presentes todos los eslabones de la cadena, pidi\u00f3 a todos trasladar la bajada de los costes a los precios. &#8220;El lunes ped\u00ed un esfuerzo para trasladar esa disminuci\u00f3n de costes en los precios efectivos en cada eslab\u00f3n de la cadena&#8221;, ha recalcado.<\/p>\n","protected":false},"excerpt":{"rendered":"<p>El ministro de Agricultura, Pesca y Alimentaci\u00f3n, Luis Planas, ha recordado a la vicepresidenta segunda del Gobierno y ministra de Trabajo, Yolanda D\u00edaz, que su propuesta de fijar los precios de los productos de alimentaci\u00f3n no es legal y no resolver\u00eda el problema, ya que los &#8220;paganos&#8221; de esa medida ser\u00edan los agricultores, ganaderos y [&hellip;]<\/p>\n","protected":false},"author":277,"featured_media":175987,"comment_status":"close","ping_status":"","sticky":false,"template":"single-feature.php","format":"standard","meta":{"_acf_changed":false,"footnotes":""},"categories":[15645],"tags":[],"class_list":["post-175985","post","type-post","status-publish","format-standard","has-post-thumbnail","hentry","category-ultima-hora","cat-15645-id"],"acf":[],"yoast_head":"<!-- This site is optimized with the Yoast SEO plugin v27.5 - https:\/\/yoast.com\/product\/yoast-seo-wordpress\/ -->\n<title>Econom\u00eda.- Planas advierte de que agricultores y ganaderos ser\u00edan los &quot;paganos&quot; de la medida de topar los precios - Tapas<\/title>\n<meta name=\"description\" content=\"El ministro de Agricultura, Pesca y Alimentaci\u00f3n, Luis Planas, ha recordado a la vicepresidenta segunda del Gobierno y ministra de Trabajo, Yolanda D\u00edaz,\" \/>\n<meta name=\"robots\" content=\"index, follow, max-snippet:-1, max-image-preview:large, max-video-preview:-1\" \/>\n<link rel=\"canonical\" href=\"https:\/\/www.tapasmagazine.es\/en\/economia-planas-advierte-de-que-agricultores-y-ganaderos-serian-los-paganos-de-la-medida-de-topar-los-precios\/\" \/>\n<meta property=\"og:locale\" content=\"en_US\" \/>\n<meta property=\"og:type\" content=\"article\" \/>\n<meta property=\"og:title\" content=\"Econom\u00eda.- Planas advierte de que agricultores y ganaderos ser\u00edan los &quot;paganos&quot; de la medida de topar los precios - Tapas\" \/>\n<meta property=\"og:description\" content=\"El ministro de Agricultura, Pesca y Alimentaci\u00f3n, Luis Planas, ha recordado a la vicepresidenta segunda del Gobierno y ministra de Trabajo, Yolanda D\u00edaz,\" \/>\n<meta property=\"og:url\" content=\"https:\/\/www.tapasmagazine.es\/en\/economia-planas-advierte-de-que-agricultores-y-ganaderos-serian-los-paganos-de-la-medida-de-topar-los-precios\/\" \/>\n<meta property=\"og:site_name\" content=\"Tapas\" \/>\n<meta property=\"article:publisher\" content=\"https:\/\/www.facebook.com\/tapasmagazine\" \/>\n<meta property=\"article:published_time\" content=\"2023-02-22T14:16:00+00:00\" \/>\n<meta property=\"article:modified_time\" content=\"2023-02-22T14:42:40+00:00\" \/>\n<meta property=\"og:image\" content=\"https:\/\/www.tapasmagazine.es\/wp-content\/uploads\/2023\/02\/fotonoticia_20230222151600_9999-scaled.jpg\" \/>\n\t<meta property=\"og:image:width\" content=\"2560\" \/>\n\t<meta property=\"og:image:height\" content=\"1707\" \/>\n\t<meta property=\"og:image:type\" content=\"image\/jpeg\" \/>\n<meta name=\"author\" content=\"Tapas \/ EP\" \/>\n<meta name=\"twitter:card\" content=\"summary_large_image\" \/>\n<meta name=\"twitter:creator\" content=\"@TapasMagazine\" \/>\n<meta name=\"twitter:site\" content=\"@TapasMagazine\" \/>\n<meta name=\"twitter:label1\" content=\"Written by\" \/>\n\t<meta name=\"twitter:data1\" content=\"Tapas \/ EP\" \/>\n\t<meta name=\"twitter:label2\" content=\"Est. reading time\" \/>\n\t<meta name=\"twitter:data2\" content=\"2 minutes\" \/>\n<script type=\"application\/ld+json\" class=\"yoast-schema-graph\">{\"@context\":\"https:\\\/\\\/schema.org\",\"@graph\":[{\"@type\":\"Article\",\"@id\":\"https:\\\/\\\/www.tapasmagazine.es\\\/en\\\/economia-planas-advierte-de-que-agricultores-y-ganaderos-serian-los-paganos-de-la-medida-de-topar-los-precios\\\/#article\",\"isPartOf\":{\"@id\":\"https:\\\/\\\/www.tapasmagazine.es\\\/en\\\/economia-planas-advierte-de-que-agricultores-y-ganaderos-serian-los-paganos-de-la-medida-de-topar-los-precios\\\/\"},\"author\":{\"name\":\"Tapas \\\/ EP\",\"@id\":\"https:\\\/\\\/www.tapasmagazine.es\\\/#\\\/schema\\\/person\\\/dddb3bce6f98f2124c204b901d74a14b\"},\"headline\":\"Econom\u00eda.- Planas advierte de que agricultores y ganaderos ser\u00edan los &#8220;paganos&#8221; de la medida de topar los precios\",\"datePublished\":\"2023-02-22T14:16:00+00:00\",\"dateModified\":\"2023-02-22T14:42:40+00:00\",\"mainEntityOfPage\":{\"@id\":\"https:\\\/\\\/www.tapasmagazine.es\\\/en\\\/economia-planas-advierte-de-que-agricultores-y-ganaderos-serian-los-paganos-de-la-medida-de-topar-los-precios\\\/\"},\"wordCount\":407,\"publisher\":{\"@id\":\"https:\\\/\\\/www.tapasmagazine.es\\\/#organization\"},\"image\":{\"@id\":\"https:\\\/\\\/www.tapasmagazine.es\\\/en\\\/economia-planas-advierte-de-que-agricultores-y-ganaderos-serian-los-paganos-de-la-medida-de-topar-los-precios\\\/#primaryimage\"},\"thumbnailUrl\":\"https:\\\/\\\/www.tapasmagazine.es\\\/wp-content\\\/uploads\\\/2023\\\/02\\\/fotonoticia_20230222151600_9999-scaled.jpg\",\"articleSection\":[\"\u00daltima hora\"],\"inLanguage\":\"en-US\"},{\"@type\":\"WebPage\",\"@id\":\"https:\\\/\\\/www.tapasmagazine.es\\\/en\\\/economia-planas-advierte-de-que-agricultores-y-ganaderos-serian-los-paganos-de-la-medida-de-topar-los-precios\\\/\",\"url\":\"https:\\\/\\\/www.tapasmagazine.es\\\/en\\\/economia-planas-advierte-de-que-agricultores-y-ganaderos-serian-los-paganos-de-la-medida-de-topar-los-precios\\\/\",\"name\":\"Econom\u00eda.- Planas advierte de que agricultores y ganaderos ser\u00edan los \\\"paganos\\\" de la medida de topar los precios - Tapas\",\"isPartOf\":{\"@id\":\"https:\\\/\\\/www.tapasmagazine.es\\\/#website\"},\"primaryImageOfPage\":{\"@id\":\"https:\\\/\\\/www.tapasmagazine.es\\\/en\\\/economia-planas-advierte-de-que-agricultores-y-ganaderos-serian-los-paganos-de-la-medida-de-topar-los-precios\\\/#primaryimage\"},\"image\":{\"@id\":\"https:\\\/\\\/www.tapasmagazine.es\\\/en\\\/economia-planas-advierte-de-que-agricultores-y-ganaderos-serian-los-paganos-de-la-medida-de-topar-los-precios\\\/#primaryimage\"},\"thumbnailUrl\":\"https:\\\/\\\/www.tapasmagazine.es\\\/wp-content\\\/uploads\\\/2023\\\/02\\\/fotonoticia_20230222151600_9999-scaled.jpg\",\"datePublished\":\"2023-02-22T14:16:00+00:00\",\"dateModified\":\"2023-02-22T14:42:40+00:00\",\"description\":\"El ministro de Agricultura, Pesca y Alimentaci\u00f3n, Luis Planas, ha recordado a la vicepresidenta segunda del Gobierno y ministra de Trabajo, Yolanda D\u00edaz,\",\"breadcrumb\":{\"@id\":\"https:\\\/\\\/www.tapasmagazine.es\\\/en\\\/economia-planas-advierte-de-que-agricultores-y-ganaderos-serian-los-paganos-de-la-medida-de-topar-los-precios\\\/#breadcrumb\"},\"inLanguage\":\"en-US\",\"potentialAction\":[{\"@type\":\"ReadAction\",\"target\":[\"https:\\\/\\\/www.tapasmagazine.es\\\/en\\\/economia-planas-advierte-de-que-agricultores-y-ganaderos-serian-los-paganos-de-la-medida-de-topar-los-precios\\\/\"]}]},{\"@type\":\"ImageObject\",\"inLanguage\":\"en-US\",\"@id\":\"https:\\\/\\\/www.tapasmagazine.es\\\/en\\\/economia-planas-advierte-de-que-agricultores-y-ganaderos-serian-los-paganos-de-la-medida-de-topar-los-precios\\\/#primaryimage\",\"url\":\"https:\\\/\\\/www.tapasmagazine.es\\\/wp-content\\\/uploads\\\/2023\\\/02\\\/fotonoticia_20230222151600_9999-scaled.jpg\",\"contentUrl\":\"https:\\\/\\\/www.tapasmagazine.es\\\/wp-content\\\/uploads\\\/2023\\\/02\\\/fotonoticia_20230222151600_9999-scaled.jpg\",\"width\":2560,\"height\":1707},{\"@type\":\"BreadcrumbList\",\"@id\":\"https:\\\/\\\/www.tapasmagazine.es\\\/en\\\/economia-planas-advierte-de-que-agricultores-y-ganaderos-serian-los-paganos-de-la-medida-de-topar-los-precios\\\/#breadcrumb\",\"itemListElement\":[{\"@type\":\"ListItem\",\"position\":1,\"name\":\"Portada\",\"item\":\"https:\\\/\\\/www.tapasmagazine.es\\\/\"},{\"@type\":\"ListItem\",\"position\":2,\"name\":\"Sin categorizar\",\"item\":\"https:\\\/\\\/www.tapasmagazine.es\\\/categorias\\\/sin-categorizar\\\/\"},{\"@type\":\"ListItem\",\"position\":3,\"name\":\"Econom\u00eda.- Planas advierte de que agricultores y ganaderos ser\u00edan los \u00abpaganos\u00bb de la medida de topar los precios\"}]},{\"@type\":\"WebSite\",\"@id\":\"https:\\\/\\\/www.tapasmagazine.es\\\/#website\",\"url\":\"https:\\\/\\\/www.tapasmagazine.es\\\/\",\"name\":\"Tapas\",\"description\":\"\u00d1am \u00d1am Lifestyle. La vida a bocados. Premio Nacional de Gastronom\u00eda 2016.\",\"publisher\":{\"@id\":\"https:\\\/\\\/www.tapasmagazine.es\\\/#organization\"},\"potentialAction\":[{\"@type\":\"SearchAction\",\"target\":{\"@type\":\"EntryPoint\",\"urlTemplate\":\"https:\\\/\\\/www.tapasmagazine.es\\\/?s={search_term_string}\"},\"query-input\":{\"@type\":\"PropertyValueSpecification\",\"valueRequired\":true,\"valueName\":\"search_term_string\"}}],\"inLanguage\":\"en-US\"},{\"@type\":\"Organization\",\"@id\":\"https:\\\/\\\/www.tapasmagazine.es\\\/#organization\",\"name\":\"Tapas Magazine\",\"url\":\"https:\\\/\\\/www.tapasmagazine.es\\\/\",\"logo\":{\"@type\":\"ImageObject\",\"inLanguage\":\"en-US\",\"@id\":\"https:\\\/\\\/www.tapasmagazine.es\\\/#\\\/schema\\\/logo\\\/image\\\/\",\"url\":\"https:\\\/\\\/www.tapasmagazine.es\\\/wp-content\\\/uploads\\\/2018\\\/01\\\/logo.png\",\"contentUrl\":\"https:\\\/\\\/www.tapasmagazine.es\\\/wp-content\\\/uploads\\\/2018\\\/01\\\/logo.png\",\"width\":180,\"height\":60,\"caption\":\"Tapas Magazine\"},\"image\":{\"@id\":\"https:\\\/\\\/www.tapasmagazine.es\\\/#\\\/schema\\\/logo\\\/image\\\/\"},\"sameAs\":[\"https:\\\/\\\/www.facebook.com\\\/tapasmagazine\",\"https:\\\/\\\/x.com\\\/TapasMagazine\",\"https:\\\/\\\/www.instagram.com\\\/tapasmagazine\\\/\",\"https:\\\/\\\/www.linkedin.com\\\/company\\\/tapas-magazine\",\"https:\\\/\\\/es.pinterest.com\\\/tapasmagazine\\\/\",\"https:\\\/\\\/www.youtube.com\\\/channel\\\/UCEyxneAaACuR0lfDagrWjjg?sub_confirmation=1\"]},{\"@type\":\"Person\",\"@id\":\"https:\\\/\\\/www.tapasmagazine.es\\\/#\\\/schema\\\/person\\\/dddb3bce6f98f2124c204b901d74a14b\",\"name\":\"Tapas \\\/ EP\",\"url\":\"https:\\\/\\\/www.tapasmagazine.es\\\/en\\\/author\\\/tapasep\\\/\"}]}<\/script>\n<!-- \/ Yoast SEO plugin. -->","yoast_head_json":{"title":"Econom\u00eda.- Planas advierte de que agricultores y ganaderos ser\u00edan los \"paganos\" de la medida de topar los precios - Tapas","description":"El ministro de Agricultura, Pesca y Alimentaci\u00f3n, Luis Planas, ha recordado a la vicepresidenta segunda del Gobierno y ministra de Trabajo, Yolanda D\u00edaz,","robots":{"index":"index","follow":"follow","max-snippet":"max-snippet:-1","max-image-preview":"max-image-preview:large","max-video-preview":"max-video-preview:-1"},"canonical":"https:\/\/www.tapasmagazine.es\/en\/economia-planas-advierte-de-que-agricultores-y-ganaderos-serian-los-paganos-de-la-medida-de-topar-los-precios\/","og_locale":"en_US","og_type":"article","og_title":"Econom\u00eda.- Planas advierte de que agricultores y ganaderos ser\u00edan los \"paganos\" de la medida de topar los precios - Tapas","og_description":"El ministro de Agricultura, Pesca y Alimentaci\u00f3n, Luis Planas, ha recordado a la vicepresidenta segunda del Gobierno y ministra de Trabajo, Yolanda D\u00edaz,","og_url":"https:\/\/www.tapasmagazine.es\/en\/economia-planas-advierte-de-que-agricultores-y-ganaderos-serian-los-paganos-de-la-medida-de-topar-los-precios\/","og_site_name":"Tapas","article_publisher":"https:\/\/www.facebook.com\/tapasmagazine","article_published_time":"2023-02-22T14:16:00+00:00","article_modified_time":"2023-02-22T14:42:40+00:00","og_image":[{"width":2560,"height":1707,"url":"https:\/\/www.tapasmagazine.es\/wp-content\/uploads\/2023\/02\/fotonoticia_20230222151600_9999-scaled.jpg","type":"image\/jpeg"}],"author":"Tapas \/ EP","twitter_card":"summary_large_image","twitter_creator":"@TapasMagazine","twitter_site":"@TapasMagazine","twitter_misc":{"Written by":"Tapas \/ EP","Est. reading time":"2 minutes"},"schema":{"@context":"https:\/\/schema.org","@graph":[{"@type":"Article","@id":"https:\/\/www.tapasmagazine.es\/en\/economia-planas-advierte-de-que-agricultores-y-ganaderos-serian-los-paganos-de-la-medida-de-topar-los-precios\/#article","isPartOf":{"@id":"https:\/\/www.tapasmagazine.es\/en\/economia-planas-advierte-de-que-agricultores-y-ganaderos-serian-los-paganos-de-la-medida-de-topar-los-precios\/"},"author":{"name":"Tapas \/ EP","@id":"https:\/\/www.tapasmagazine.es\/#\/schema\/person\/dddb3bce6f98f2124c204b901d74a14b"},"headline":"Econom\u00eda.- Planas advierte de que agricultores y ganaderos ser\u00edan los &#8220;paganos&#8221; de la medida de topar los precios","datePublished":"2023-02-22T14:16:00+00:00","dateModified":"2023-02-22T14:42:40+00:00","mainEntityOfPage":{"@id":"https:\/\/www.tapasmagazine.es\/en\/economia-planas-advierte-de-que-agricultores-y-ganaderos-serian-los-paganos-de-la-medida-de-topar-los-precios\/"},"wordCount":407,"publisher":{"@id":"https:\/\/www.tapasmagazine.es\/#organization"},"image":{"@id":"https:\/\/www.tapasmagazine.es\/en\/economia-planas-advierte-de-que-agricultores-y-ganaderos-serian-los-paganos-de-la-medida-de-topar-los-precios\/#primaryimage"},"thumbnailUrl":"https:\/\/www.tapasmagazine.es\/wp-content\/uploads\/2023\/02\/fotonoticia_20230222151600_9999-scaled.jpg","articleSection":["\u00daltima hora"],"inLanguage":"en-US"},{"@type":"WebPage","@id":"https:\/\/www.tapasmagazine.es\/en\/economia-planas-advierte-de-que-agricultores-y-ganaderos-serian-los-paganos-de-la-medida-de-topar-los-precios\/","url":"https:\/\/www.tapasmagazine.es\/en\/economia-planas-advierte-de-que-agricultores-y-ganaderos-serian-los-paganos-de-la-medida-de-topar-los-precios\/","name":"Econom\u00eda.- Planas advierte de que agricultores y ganaderos ser\u00edan los \"paganos\" de la medida de topar los precios - Tapas","isPartOf":{"@id":"https:\/\/www.tapasmagazine.es\/#website"},"primaryImageOfPage":{"@id":"https:\/\/www.tapasmagazine.es\/en\/economia-planas-advierte-de-que-agricultores-y-ganaderos-serian-los-paganos-de-la-medida-de-topar-los-precios\/#primaryimage"},"image":{"@id":"https:\/\/www.tapasmagazine.es\/en\/economia-planas-advierte-de-que-agricultores-y-ganaderos-serian-los-paganos-de-la-medida-de-topar-los-precios\/#primaryimage"},"thumbnailUrl":"https:\/\/www.tapasmagazine.es\/wp-content\/uploads\/2023\/02\/fotonoticia_20230222151600_9999-scaled.jpg","datePublished":"2023-02-22T14:16:00+00:00","dateModified":"2023-02-22T14:42:40+00:00","description":"El ministro de Agricultura, Pesca y Alimentaci\u00f3n, Luis Planas, ha recordado a la vicepresidenta segunda del Gobierno y ministra de Trabajo, Yolanda D\u00edaz,","breadcrumb":{"@id":"https:\/\/www.tapasmagazine.es\/en\/economia-planas-advierte-de-que-agricultores-y-ganaderos-serian-los-paganos-de-la-medida-de-topar-los-precios\/#breadcrumb"},"inLanguage":"en-US","potentialAction":[{"@type":"ReadAction","target":["https:\/\/www.tapasmagazine.es\/en\/economia-planas-advierte-de-que-agricultores-y-ganaderos-serian-los-paganos-de-la-medida-de-topar-los-precios\/"]}]},{"@type":"ImageObject","inLanguage":"en-US","@id":"https:\/\/www.tapasmagazine.es\/en\/economia-planas-advierte-de-que-agricultores-y-ganaderos-serian-los-paganos-de-la-medida-de-topar-los-precios\/#primaryimage","url":"https:\/\/www.tapasmagazine.es\/wp-content\/uploads\/2023\/02\/fotonoticia_20230222151600_9999-scaled.jpg","contentUrl":"https:\/\/www.tapasmagazine.es\/wp-content\/uploads\/2023\/02\/fotonoticia_20230222151600_9999-scaled.jpg","width":2560,"height":1707},{"@type":"BreadcrumbList","@id":"https:\/\/www.tapasmagazine.es\/en\/economia-planas-advierte-de-que-agricultores-y-ganaderos-serian-los-paganos-de-la-medida-de-topar-los-precios\/#breadcrumb","itemListElement":[{"@type":"ListItem","position":1,"name":"Portada","item":"https:\/\/www.tapasmagazine.es\/"},{"@type":"ListItem","position":2,"name":"Sin categorizar","item":"https:\/\/www.tapasmagazine.es\/categorias\/sin-categorizar\/"},{"@type":"ListItem","position":3,"name":"Econom\u00eda.- Planas advierte de que agricultores y ganaderos ser\u00edan los \u00abpaganos\u00bb de la medida de topar los precios"}]},{"@type":"WebSite","@id":"https:\/\/www.tapasmagazine.es\/#website","url":"https:\/\/www.tapasmagazine.es\/","name":"Tapas","description":"\u00d1am \u00d1am Lifestyle. La vida a bocados. Premio Nacional de Gastronom\u00eda 2016.","publisher":{"@id":"https:\/\/www.tapasmagazine.es\/#organization"},"potentialAction":[{"@type":"SearchAction","target":{"@type":"EntryPoint","urlTemplate":"https:\/\/www.tapasmagazine.es\/?s={search_term_string}"},"query-input":{"@type":"PropertyValueSpecification","valueRequired":true,"valueName":"search_term_string"}}],"inLanguage":"en-US"},{"@type":"Organization","@id":"https:\/\/www.tapasmagazine.es\/#organization","name":"Tapas Magazine","url":"https:\/\/www.tapasmagazine.es\/","logo":{"@type":"ImageObject","inLanguage":"en-US","@id":"https:\/\/www.tapasmagazine.es\/#\/schema\/logo\/image\/","url":"https:\/\/www.tapasmagazine.es\/wp-content\/uploads\/2018\/01\/logo.png","contentUrl":"https:\/\/www.tapasmagazine.es\/wp-content\/uploads\/2018\/01\/logo.png","width":180,"height":60,"caption":"Tapas Magazine"},"image":{"@id":"https:\/\/www.tapasmagazine.es\/#\/schema\/logo\/image\/"},"sameAs":["https:\/\/www.facebook.com\/tapasmagazine","https:\/\/x.com\/TapasMagazine","https:\/\/www.instagram.com\/tapasmagazine\/","https:\/\/www.linkedin.com\/company\/tapas-magazine","https:\/\/es.pinterest.com\/tapasmagazine\/","https:\/\/www.youtube.com\/channel\/UCEyxneAaACuR0lfDagrWjjg?sub_confirmation=1"]},{"@type":"Person","@id":"https:\/\/www.tapasmagazine.es\/#\/schema\/person\/dddb3bce6f98f2124c204b901d74a14b","name":"Tapas \/ EP","url":"https:\/\/www.tapasmagazine.es\/en\/author\/tapasep\/"}]}},"_links":{"self":[{"href":"https:\/\/www.tapasmagazine.es\/en\/wp-json\/wp\/v2\/posts\/175985","targetHints":{"allow":["GET"]}}],"collection":[{"href":"https:\/\/www.tapasmagazine.es\/en\/wp-json\/wp\/v2\/posts"}],"about":[{"href":"https:\/\/www.tapasmagazine.es\/en\/wp-json\/wp\/v2\/types\/post"}],"author":[{"embeddable":true,"href":"https:\/\/www.tapasmagazine.es\/en\/wp-json\/wp\/v2\/users\/277"}],"replies":[{"embeddable":true,"href":"https:\/\/www.tapasmagazine.es\/en\/wp-json\/wp\/v2\/comments?post=175985"}],"version-history":[{"count":1,"href":"https:\/\/www.tapasmagazine.es\/en\/wp-json\/wp\/v2\/posts\/175985\/revisions"}],"predecessor-version":[{"id":175986,"href":"https:\/\/www.tapasmagazine.es\/en\/wp-json\/wp\/v2\/posts\/175985\/revisions\/175986"}],"wp:featuredmedia":[{"embeddable":true,"href":"https:\/\/www.tapasmagazine.es\/en\/wp-json\/wp\/v2\/media\/175987"}],"wp:attachment":[{"href":"https:\/\/www.tapasmagazine.es\/en\/wp-json\/wp\/v2\/media?parent=175985"}],"wp:term":[{"taxonomy":"category","embeddable":true,"href":"https:\/\/www.tapasmagazine.es\/en\/wp-json\/wp\/v2\/categories?post=175985"},{"taxonomy":"post_tag","embeddable":true,"href":"https:\/\/www.tapasmagazine.es\/en\/wp-json\/wp\/v2\/tags?post=175985"}],"curies":[{"name":"wp","href":"https:\/\/api.w.org\/{rel}","templated":true}]}}