{"id":175947,"date":"2023-02-22T12:47:57","date_gmt":"2023-02-22T11:47:57","guid":{"rendered":"https:\/\/www.tapasmagazine.es\/?p=175947"},"modified":"2023-02-22T13:12:15","modified_gmt":"2023-02-22T12:12:15","slug":"economia-el-sector-pesquero-lamenta-que-la-politica-pesquera-comun-no-se-adapte-ni-responda-a-los-retos-de-la-actividad","status":"publish","type":"post","link":"https:\/\/www.tapasmagazine.es\/en\/economia-el-sector-pesquero-lamenta-que-la-politica-pesquera-comun-no-se-adapte-ni-responda-a-los-retos-de-la-actividad\/","title":{"rendered":"Econom\u00eda.-El sector pesquero lamenta que la Pol\u00edtica Pesquera Com\u00fan no se adapte ni responda a los retos de la actividad"},"content":{"rendered":"<p>Los pescadores europeos, agrupados en Europ\u00eache, organizaci\u00f3n de<br \/>\nla que forma parte la Confederaci\u00f3n Espa\u00f1ola de Pesca (Cepesca), consideran que la Pol\u00edtica Pesquera Com\u00fan (PPC), con una antig\u00fcedad de 40 a\u00f1os y reformada hace 10 a\u00f1os, no responde a las prioridades de la actividad pesquera europea y dispone de herramientas &#8216;obsoletas&#8217; para enfrentar los retos globales actuales.<\/p>\n<p>   En concreto, los pescadores consideran que la PPC fue dise\u00f1ada<br \/>\npara un escenario anterior a la pandemia de Covid-19, la crisis energ\u00e9tica, el Brexit o la recuperaci\u00f3n de las poblaciones de peces de la Uni\u00f3n Europea (UE), por lo que exigen &#8220;activar maquinarias legislativas urgentemente&#8221;, para lo que es necesario identificar las lagunas y carencias de las actuales herramientas pol\u00edticas como paso necesario para tomar las decisiones correctas.<\/p>\n<p>   As\u00ed valora el sector el paquete de medidas de la Comisi\u00f3n Europea hecho p\u00fablico ayer, que consta de cuatro documentos principales: una evaluaci\u00f3n de la PPC, una evaluaci\u00f3n de la Organizaci\u00f3n Com\u00fan de Mercados de los productos de la pesca y la acuicultura, un plan de acci\u00f3n para proteger y restaurar los ecosistemas marinos para una pesca sostenible y resiliente y una estrategia para la transici\u00f3n energ\u00e9tica del sector pesquero de la UE.<\/p>\n<p>   Seg\u00fan Europ\u00eache, la PPC ha sido &#8220;extremadamente eficaz&#8221; en la recuperaci\u00f3n de las poblaciones de peces, pero no puede ser solo una herramienta para la protecci\u00f3n de las poblaciones de peces.<\/p>\n<p>   A juicio de los pescadores, debe ser m\u00e1s amplia para resolver los nuevos retos geopol\u00edticos, clim\u00e1ticos y de gobernanza y lamenta que no haga referencia a preocupaciones, tales como el cambio clim\u00e1tico,<br \/>\nel Brexit, el Pacto Verde o la crisis energ\u00e9tica.<\/p>\n<p>   Tampoco creen que aborda las repercusiones del creciente n\u00famero de<br \/>\n\u00e1reas marinas protegidas, la expansi\u00f3n masiva de los emplazamientos de energ\u00edas renovables en el mar, la seguridad alimentaria y la transici\u00f3n energ\u00e9tica.<\/p>\n<p>   Europ\u00eache alude adem\u00e1s a la necesidad de reformar pol\u00edticas mal concebidas como la obligaci\u00f3n de desembarque o de abordar la dimensi\u00f3n<br \/>\nsocial de la pesca.<\/p>\n<p>   Los pescadores europeos recuerdan que la UE depende cada vez m\u00e1s de los productos del mar importados de terceros pa\u00edses (70% del consumo total), al tiempo que se reduce su capacidad pesquera (20.000 buques pesqueros menos que en 2008) y pierde acceso a caladeros de terceros<br \/>\npa\u00edses.<\/p>\n<p>   &#8220;Antes de ponerse en marcha planes de acci\u00f3n que reduzcan a\u00fan m\u00e1s la producci\u00f3n pesquera de la UE, debe haber una visi\u00f3n estrat\u00e9gica sobre la futura gobernanza y gesti\u00f3n de los oc\u00e9anos. Da la sensaci\u00f3n de que la Comisi\u00f3n est\u00e1 poniendo el carro delante de los caballos&#8221;, ha indicado el presidente de Europ\u00eache, Javier Garat.<\/p>\n<p>   Los pescadores europeos recuerdan al comisario de Pesca de la UE, Virginijus Sinkevicius, su compromiso de mantener el equilibrio entre los tres pilares de la sostenibilidad, no solo la dimensi\u00f3n medioambiental, y de colmar las lagunas de la dimensi\u00f3n social de la PPC. En este sentido, el sector habr\u00eda esperado una acci\u00f3n en\u00e9rgica para desarrollar pol\u00edticas pesqueras en esa direcci\u00f3n, como la redefinici\u00f3n de la capacidad pesquera para permitir la mejora de las condiciones de trabajo, la seguridad y la eficiencia energ\u00e9tica.<\/p>\n<p>   &#8220;En la pesca hemos llegado a un punto en el que protecci\u00f3n es<br \/>\nsin\u00f3nimo de exclusi\u00f3n e intentar convertir nuestros mares en santuarios marinos impactar\u00eda de forma notable en la deforestaci\u00f3n y p\u00e9rdida de biodiversidad en tierra&#8221;, ha lamentado Garat.<\/p>\n<p>ADVIERTE DEL IMPACTO EN LA PESCA DE FONDO<\/p>\n<p>   Por otra parte, el plan de la Comisi\u00f3n Europea para eliminar gradualmente las artes m\u00f3viles de fondo en el 30% de las aguas de la UE supone el cumplimiento de los peores temores del sector pesquero europeo.<\/p>\n<p>   A su juicio, este plan pone en riesgo el 25% de la producci\u00f3n pesquera de la UE y la supervivencia de 7.000 buques que, adem\u00e1s de aportar el 25% de los desembarques europeos, generan el 38% de los ingresos totales de la flota de la UE.<\/p>\n<p>   &#8220;Esta pol\u00edtica devastar\u00e1 comunidades pesqueras enteras de la Uni\u00f3n. Pero habr\u00e1 un claro beneficiario: los arrastreros de fondo no<br \/>\npertenecientes a la UE. Estos buques aumentar\u00e1n la exportaci\u00f3n de productos del mar a la UE para llenar el vac\u00edo dejado por la flota de los pa\u00edses miembros y sin enfrentar ninguna de estas prohibiciones&#8221;, ha asegurado el presidente de la Alianza Europea de Pesca de Fondo (EBFA) y miembro de la Junta Directiva de Cepesca, Iv\u00e1n L\u00f3pez Van der Veen.<\/p>\n","protected":false},"excerpt":{"rendered":"<p>Los pescadores europeos, agrupados en Europ\u00eache, organizaci\u00f3n de la que forma parte la Confederaci\u00f3n Espa\u00f1ola de Pesca (Cepesca), consideran que la Pol\u00edtica Pesquera Com\u00fan (PPC), con una antig\u00fcedad de 40 a\u00f1os y reformada hace 10 a\u00f1os, no responde a las prioridades de la actividad pesquera europea y dispone de herramientas &#8216;obsoletas&#8217; para enfrentar los retos [&hellip;]<\/p>\n","protected":false},"author":277,"featured_media":175949,"comment_status":"close","ping_status":"","sticky":false,"template":"single-feature.php","format":"standard","meta":{"_acf_changed":false,"footnotes":""},"categories":[15645],"tags":[],"class_list":["post-175947","post","type-post","status-publish","format-standard","has-post-thumbnail","hentry","category-ultima-hora","cat-15645-id"],"acf":[],"yoast_head":"<!-- This site is optimized with the Yoast SEO plugin v27.5 - https:\/\/yoast.com\/product\/yoast-seo-wordpress\/ -->\n<title>Econom\u00eda.-El sector pesquero lamenta que la Pol\u00edtica Pesquera Com\u00fan no se adapte ni responda a los retos de la actividad - Tapas<\/title>\n<meta name=\"description\" content=\"Los pescadores europeos, agrupados en Europ\u00eache, organizaci\u00f3n de la que forma parte la Confederaci\u00f3n Espa\u00f1ola de Pesca (Cepesca), consideran que la\" \/>\n<meta name=\"robots\" content=\"index, follow, max-snippet:-1, max-image-preview:large, max-video-preview:-1\" \/>\n<link rel=\"canonical\" href=\"https:\/\/www.tapasmagazine.es\/en\/economia-el-sector-pesquero-lamenta-que-la-politica-pesquera-comun-no-se-adapte-ni-responda-a-los-retos-de-la-actividad\/\" \/>\n<meta property=\"og:locale\" content=\"en_US\" \/>\n<meta property=\"og:type\" content=\"article\" \/>\n<meta property=\"og:title\" content=\"Econom\u00eda.-El sector pesquero lamenta que la Pol\u00edtica Pesquera Com\u00fan no se adapte ni responda a los retos de la actividad - Tapas\" \/>\n<meta property=\"og:description\" content=\"Los pescadores europeos, agrupados en Europ\u00eache, organizaci\u00f3n de la que forma parte la Confederaci\u00f3n Espa\u00f1ola de Pesca (Cepesca), consideran que la\" \/>\n<meta property=\"og:url\" content=\"https:\/\/www.tapasmagazine.es\/en\/economia-el-sector-pesquero-lamenta-que-la-politica-pesquera-comun-no-se-adapte-ni-responda-a-los-retos-de-la-actividad\/\" \/>\n<meta property=\"og:site_name\" content=\"Tapas\" \/>\n<meta property=\"article:publisher\" content=\"https:\/\/www.facebook.com\/tapasmagazine\" \/>\n<meta property=\"article:published_time\" content=\"2023-02-22T11:47:57+00:00\" \/>\n<meta property=\"article:modified_time\" content=\"2023-02-22T12:12:15+00:00\" \/>\n<meta property=\"og:image\" content=\"https:\/\/www.tapasmagazine.es\/wp-content\/uploads\/2023\/02\/fotonoticia_20230222124757_9999-scaled.jpg\" \/>\n\t<meta property=\"og:image:width\" content=\"2560\" \/>\n\t<meta property=\"og:image:height\" content=\"1745\" \/>\n\t<meta property=\"og:image:type\" content=\"image\/jpeg\" \/>\n<meta name=\"author\" content=\"Tapas \/ EP\" \/>\n<meta name=\"twitter:card\" content=\"summary_large_image\" \/>\n<meta name=\"twitter:creator\" content=\"@TapasMagazine\" \/>\n<meta name=\"twitter:site\" content=\"@TapasMagazine\" \/>\n<meta name=\"twitter:label1\" content=\"Written by\" \/>\n\t<meta name=\"twitter:data1\" content=\"Tapas \/ EP\" \/>\n\t<meta name=\"twitter:label2\" content=\"Est. reading time\" \/>\n\t<meta name=\"twitter:data2\" content=\"4 minutes\" \/>\n<script type=\"application\/ld+json\" class=\"yoast-schema-graph\">{\"@context\":\"https:\\\/\\\/schema.org\",\"@graph\":[{\"@type\":\"Article\",\"@id\":\"https:\\\/\\\/www.tapasmagazine.es\\\/en\\\/economia-el-sector-pesquero-lamenta-que-la-politica-pesquera-comun-no-se-adapte-ni-responda-a-los-retos-de-la-actividad\\\/#article\",\"isPartOf\":{\"@id\":\"https:\\\/\\\/www.tapasmagazine.es\\\/en\\\/economia-el-sector-pesquero-lamenta-que-la-politica-pesquera-comun-no-se-adapte-ni-responda-a-los-retos-de-la-actividad\\\/\"},\"author\":{\"name\":\"Tapas \\\/ EP\",\"@id\":\"https:\\\/\\\/www.tapasmagazine.es\\\/#\\\/schema\\\/person\\\/dddb3bce6f98f2124c204b901d74a14b\"},\"headline\":\"Econom\u00eda.-El sector pesquero lamenta que la Pol\u00edtica Pesquera Com\u00fan no se adapte ni responda a los retos de la actividad\",\"datePublished\":\"2023-02-22T11:47:57+00:00\",\"dateModified\":\"2023-02-22T12:12:15+00:00\",\"mainEntityOfPage\":{\"@id\":\"https:\\\/\\\/www.tapasmagazine.es\\\/en\\\/economia-el-sector-pesquero-lamenta-que-la-politica-pesquera-comun-no-se-adapte-ni-responda-a-los-retos-de-la-actividad\\\/\"},\"wordCount\":819,\"publisher\":{\"@id\":\"https:\\\/\\\/www.tapasmagazine.es\\\/#organization\"},\"image\":{\"@id\":\"https:\\\/\\\/www.tapasmagazine.es\\\/en\\\/economia-el-sector-pesquero-lamenta-que-la-politica-pesquera-comun-no-se-adapte-ni-responda-a-los-retos-de-la-actividad\\\/#primaryimage\"},\"thumbnailUrl\":\"https:\\\/\\\/www.tapasmagazine.es\\\/wp-content\\\/uploads\\\/2023\\\/02\\\/fotonoticia_20230222124757_9999-scaled.jpg\",\"articleSection\":[\"\u00daltima hora\"],\"inLanguage\":\"en-US\"},{\"@type\":\"WebPage\",\"@id\":\"https:\\\/\\\/www.tapasmagazine.es\\\/en\\\/economia-el-sector-pesquero-lamenta-que-la-politica-pesquera-comun-no-se-adapte-ni-responda-a-los-retos-de-la-actividad\\\/\",\"url\":\"https:\\\/\\\/www.tapasmagazine.es\\\/en\\\/economia-el-sector-pesquero-lamenta-que-la-politica-pesquera-comun-no-se-adapte-ni-responda-a-los-retos-de-la-actividad\\\/\",\"name\":\"Econom\u00eda.-El sector pesquero lamenta que la Pol\u00edtica Pesquera Com\u00fan no se adapte ni responda a los retos de la actividad - Tapas\",\"isPartOf\":{\"@id\":\"https:\\\/\\\/www.tapasmagazine.es\\\/#website\"},\"primaryImageOfPage\":{\"@id\":\"https:\\\/\\\/www.tapasmagazine.es\\\/en\\\/economia-el-sector-pesquero-lamenta-que-la-politica-pesquera-comun-no-se-adapte-ni-responda-a-los-retos-de-la-actividad\\\/#primaryimage\"},\"image\":{\"@id\":\"https:\\\/\\\/www.tapasmagazine.es\\\/en\\\/economia-el-sector-pesquero-lamenta-que-la-politica-pesquera-comun-no-se-adapte-ni-responda-a-los-retos-de-la-actividad\\\/#primaryimage\"},\"thumbnailUrl\":\"https:\\\/\\\/www.tapasmagazine.es\\\/wp-content\\\/uploads\\\/2023\\\/02\\\/fotonoticia_20230222124757_9999-scaled.jpg\",\"datePublished\":\"2023-02-22T11:47:57+00:00\",\"dateModified\":\"2023-02-22T12:12:15+00:00\",\"description\":\"Los pescadores europeos, agrupados en Europ\u00eache, organizaci\u00f3n de la que forma parte la Confederaci\u00f3n Espa\u00f1ola de Pesca (Cepesca), consideran que la\",\"breadcrumb\":{\"@id\":\"https:\\\/\\\/www.tapasmagazine.es\\\/en\\\/economia-el-sector-pesquero-lamenta-que-la-politica-pesquera-comun-no-se-adapte-ni-responda-a-los-retos-de-la-actividad\\\/#breadcrumb\"},\"inLanguage\":\"en-US\",\"potentialAction\":[{\"@type\":\"ReadAction\",\"target\":[\"https:\\\/\\\/www.tapasmagazine.es\\\/en\\\/economia-el-sector-pesquero-lamenta-que-la-politica-pesquera-comun-no-se-adapte-ni-responda-a-los-retos-de-la-actividad\\\/\"]}]},{\"@type\":\"ImageObject\",\"inLanguage\":\"en-US\",\"@id\":\"https:\\\/\\\/www.tapasmagazine.es\\\/en\\\/economia-el-sector-pesquero-lamenta-que-la-politica-pesquera-comun-no-se-adapte-ni-responda-a-los-retos-de-la-actividad\\\/#primaryimage\",\"url\":\"https:\\\/\\\/www.tapasmagazine.es\\\/wp-content\\\/uploads\\\/2023\\\/02\\\/fotonoticia_20230222124757_9999-scaled.jpg\",\"contentUrl\":\"https:\\\/\\\/www.tapasmagazine.es\\\/wp-content\\\/uploads\\\/2023\\\/02\\\/fotonoticia_20230222124757_9999-scaled.jpg\",\"width\":2560,\"height\":1745},{\"@type\":\"BreadcrumbList\",\"@id\":\"https:\\\/\\\/www.tapasmagazine.es\\\/en\\\/economia-el-sector-pesquero-lamenta-que-la-politica-pesquera-comun-no-se-adapte-ni-responda-a-los-retos-de-la-actividad\\\/#breadcrumb\",\"itemListElement\":[{\"@type\":\"ListItem\",\"position\":1,\"name\":\"Portada\",\"item\":\"https:\\\/\\\/www.tapasmagazine.es\\\/\"},{\"@type\":\"ListItem\",\"position\":2,\"name\":\"Sin categorizar\",\"item\":\"https:\\\/\\\/www.tapasmagazine.es\\\/categorias\\\/sin-categorizar\\\/\"},{\"@type\":\"ListItem\",\"position\":3,\"name\":\"Econom\u00eda.-El sector pesquero lamenta que la Pol\u00edtica Pesquera Com\u00fan no se adapte ni responda a los retos de la actividad\"}]},{\"@type\":\"WebSite\",\"@id\":\"https:\\\/\\\/www.tapasmagazine.es\\\/#website\",\"url\":\"https:\\\/\\\/www.tapasmagazine.es\\\/\",\"name\":\"Tapas\",\"description\":\"\u00d1am \u00d1am Lifestyle. La vida a bocados. Premio Nacional de Gastronom\u00eda 2016.\",\"publisher\":{\"@id\":\"https:\\\/\\\/www.tapasmagazine.es\\\/#organization\"},\"potentialAction\":[{\"@type\":\"SearchAction\",\"target\":{\"@type\":\"EntryPoint\",\"urlTemplate\":\"https:\\\/\\\/www.tapasmagazine.es\\\/?s={search_term_string}\"},\"query-input\":{\"@type\":\"PropertyValueSpecification\",\"valueRequired\":true,\"valueName\":\"search_term_string\"}}],\"inLanguage\":\"en-US\"},{\"@type\":\"Organization\",\"@id\":\"https:\\\/\\\/www.tapasmagazine.es\\\/#organization\",\"name\":\"Tapas Magazine\",\"url\":\"https:\\\/\\\/www.tapasmagazine.es\\\/\",\"logo\":{\"@type\":\"ImageObject\",\"inLanguage\":\"en-US\",\"@id\":\"https:\\\/\\\/www.tapasmagazine.es\\\/#\\\/schema\\\/logo\\\/image\\\/\",\"url\":\"https:\\\/\\\/www.tapasmagazine.es\\\/wp-content\\\/uploads\\\/2018\\\/01\\\/logo.png\",\"contentUrl\":\"https:\\\/\\\/www.tapasmagazine.es\\\/wp-content\\\/uploads\\\/2018\\\/01\\\/logo.png\",\"width\":180,\"height\":60,\"caption\":\"Tapas Magazine\"},\"image\":{\"@id\":\"https:\\\/\\\/www.tapasmagazine.es\\\/#\\\/schema\\\/logo\\\/image\\\/\"},\"sameAs\":[\"https:\\\/\\\/www.facebook.com\\\/tapasmagazine\",\"https:\\\/\\\/x.com\\\/TapasMagazine\",\"https:\\\/\\\/www.instagram.com\\\/tapasmagazine\\\/\",\"https:\\\/\\\/www.linkedin.com\\\/company\\\/tapas-magazine\",\"https:\\\/\\\/es.pinterest.com\\\/tapasmagazine\\\/\",\"https:\\\/\\\/www.youtube.com\\\/channel\\\/UCEyxneAaACuR0lfDagrWjjg?sub_confirmation=1\"]},{\"@type\":\"Person\",\"@id\":\"https:\\\/\\\/www.tapasmagazine.es\\\/#\\\/schema\\\/person\\\/dddb3bce6f98f2124c204b901d74a14b\",\"name\":\"Tapas \\\/ EP\",\"url\":\"https:\\\/\\\/www.tapasmagazine.es\\\/en\\\/author\\\/tapasep\\\/\"}]}<\/script>\n<!-- \/ Yoast SEO plugin. -->","yoast_head_json":{"title":"Econom\u00eda.-El sector pesquero lamenta que la Pol\u00edtica Pesquera Com\u00fan no se adapte ni responda a los retos de la actividad - Tapas","description":"Los pescadores europeos, agrupados en Europ\u00eache, organizaci\u00f3n de la que forma parte la Confederaci\u00f3n Espa\u00f1ola de Pesca (Cepesca), consideran que la","robots":{"index":"index","follow":"follow","max-snippet":"max-snippet:-1","max-image-preview":"max-image-preview:large","max-video-preview":"max-video-preview:-1"},"canonical":"https:\/\/www.tapasmagazine.es\/en\/economia-el-sector-pesquero-lamenta-que-la-politica-pesquera-comun-no-se-adapte-ni-responda-a-los-retos-de-la-actividad\/","og_locale":"en_US","og_type":"article","og_title":"Econom\u00eda.-El sector pesquero lamenta que la Pol\u00edtica Pesquera Com\u00fan no se adapte ni responda a los retos de la actividad - Tapas","og_description":"Los pescadores europeos, agrupados en Europ\u00eache, organizaci\u00f3n de la que forma parte la Confederaci\u00f3n Espa\u00f1ola de Pesca (Cepesca), consideran que la","og_url":"https:\/\/www.tapasmagazine.es\/en\/economia-el-sector-pesquero-lamenta-que-la-politica-pesquera-comun-no-se-adapte-ni-responda-a-los-retos-de-la-actividad\/","og_site_name":"Tapas","article_publisher":"https:\/\/www.facebook.com\/tapasmagazine","article_published_time":"2023-02-22T11:47:57+00:00","article_modified_time":"2023-02-22T12:12:15+00:00","og_image":[{"width":2560,"height":1745,"url":"https:\/\/www.tapasmagazine.es\/wp-content\/uploads\/2023\/02\/fotonoticia_20230222124757_9999-scaled.jpg","type":"image\/jpeg"}],"author":"Tapas \/ EP","twitter_card":"summary_large_image","twitter_creator":"@TapasMagazine","twitter_site":"@TapasMagazine","twitter_misc":{"Written by":"Tapas \/ EP","Est. reading time":"4 minutes"},"schema":{"@context":"https:\/\/schema.org","@graph":[{"@type":"Article","@id":"https:\/\/www.tapasmagazine.es\/en\/economia-el-sector-pesquero-lamenta-que-la-politica-pesquera-comun-no-se-adapte-ni-responda-a-los-retos-de-la-actividad\/#article","isPartOf":{"@id":"https:\/\/www.tapasmagazine.es\/en\/economia-el-sector-pesquero-lamenta-que-la-politica-pesquera-comun-no-se-adapte-ni-responda-a-los-retos-de-la-actividad\/"},"author":{"name":"Tapas \/ EP","@id":"https:\/\/www.tapasmagazine.es\/#\/schema\/person\/dddb3bce6f98f2124c204b901d74a14b"},"headline":"Econom\u00eda.-El sector pesquero lamenta que la Pol\u00edtica Pesquera Com\u00fan no se adapte ni responda a los retos de la actividad","datePublished":"2023-02-22T11:47:57+00:00","dateModified":"2023-02-22T12:12:15+00:00","mainEntityOfPage":{"@id":"https:\/\/www.tapasmagazine.es\/en\/economia-el-sector-pesquero-lamenta-que-la-politica-pesquera-comun-no-se-adapte-ni-responda-a-los-retos-de-la-actividad\/"},"wordCount":819,"publisher":{"@id":"https:\/\/www.tapasmagazine.es\/#organization"},"image":{"@id":"https:\/\/www.tapasmagazine.es\/en\/economia-el-sector-pesquero-lamenta-que-la-politica-pesquera-comun-no-se-adapte-ni-responda-a-los-retos-de-la-actividad\/#primaryimage"},"thumbnailUrl":"https:\/\/www.tapasmagazine.es\/wp-content\/uploads\/2023\/02\/fotonoticia_20230222124757_9999-scaled.jpg","articleSection":["\u00daltima hora"],"inLanguage":"en-US"},{"@type":"WebPage","@id":"https:\/\/www.tapasmagazine.es\/en\/economia-el-sector-pesquero-lamenta-que-la-politica-pesquera-comun-no-se-adapte-ni-responda-a-los-retos-de-la-actividad\/","url":"https:\/\/www.tapasmagazine.es\/en\/economia-el-sector-pesquero-lamenta-que-la-politica-pesquera-comun-no-se-adapte-ni-responda-a-los-retos-de-la-actividad\/","name":"Econom\u00eda.-El sector pesquero lamenta que la Pol\u00edtica Pesquera Com\u00fan no se adapte ni responda a los retos de la actividad - Tapas","isPartOf":{"@id":"https:\/\/www.tapasmagazine.es\/#website"},"primaryImageOfPage":{"@id":"https:\/\/www.tapasmagazine.es\/en\/economia-el-sector-pesquero-lamenta-que-la-politica-pesquera-comun-no-se-adapte-ni-responda-a-los-retos-de-la-actividad\/#primaryimage"},"image":{"@id":"https:\/\/www.tapasmagazine.es\/en\/economia-el-sector-pesquero-lamenta-que-la-politica-pesquera-comun-no-se-adapte-ni-responda-a-los-retos-de-la-actividad\/#primaryimage"},"thumbnailUrl":"https:\/\/www.tapasmagazine.es\/wp-content\/uploads\/2023\/02\/fotonoticia_20230222124757_9999-scaled.jpg","datePublished":"2023-02-22T11:47:57+00:00","dateModified":"2023-02-22T12:12:15+00:00","description":"Los pescadores europeos, agrupados en Europ\u00eache, organizaci\u00f3n de la que forma parte la Confederaci\u00f3n Espa\u00f1ola de Pesca (Cepesca), consideran que la","breadcrumb":{"@id":"https:\/\/www.tapasmagazine.es\/en\/economia-el-sector-pesquero-lamenta-que-la-politica-pesquera-comun-no-se-adapte-ni-responda-a-los-retos-de-la-actividad\/#breadcrumb"},"inLanguage":"en-US","potentialAction":[{"@type":"ReadAction","target":["https:\/\/www.tapasmagazine.es\/en\/economia-el-sector-pesquero-lamenta-que-la-politica-pesquera-comun-no-se-adapte-ni-responda-a-los-retos-de-la-actividad\/"]}]},{"@type":"ImageObject","inLanguage":"en-US","@id":"https:\/\/www.tapasmagazine.es\/en\/economia-el-sector-pesquero-lamenta-que-la-politica-pesquera-comun-no-se-adapte-ni-responda-a-los-retos-de-la-actividad\/#primaryimage","url":"https:\/\/www.tapasmagazine.es\/wp-content\/uploads\/2023\/02\/fotonoticia_20230222124757_9999-scaled.jpg","contentUrl":"https:\/\/www.tapasmagazine.es\/wp-content\/uploads\/2023\/02\/fotonoticia_20230222124757_9999-scaled.jpg","width":2560,"height":1745},{"@type":"BreadcrumbList","@id":"https:\/\/www.tapasmagazine.es\/en\/economia-el-sector-pesquero-lamenta-que-la-politica-pesquera-comun-no-se-adapte-ni-responda-a-los-retos-de-la-actividad\/#breadcrumb","itemListElement":[{"@type":"ListItem","position":1,"name":"Portada","item":"https:\/\/www.tapasmagazine.es\/"},{"@type":"ListItem","position":2,"name":"Sin categorizar","item":"https:\/\/www.tapasmagazine.es\/categorias\/sin-categorizar\/"},{"@type":"ListItem","position":3,"name":"Econom\u00eda.-El sector pesquero lamenta que la Pol\u00edtica Pesquera Com\u00fan no se adapte ni responda a los retos de la actividad"}]},{"@type":"WebSite","@id":"https:\/\/www.tapasmagazine.es\/#website","url":"https:\/\/www.tapasmagazine.es\/","name":"Tapas","description":"\u00d1am \u00d1am Lifestyle. La vida a bocados. Premio Nacional de Gastronom\u00eda 2016.","publisher":{"@id":"https:\/\/www.tapasmagazine.es\/#organization"},"potentialAction":[{"@type":"SearchAction","target":{"@type":"EntryPoint","urlTemplate":"https:\/\/www.tapasmagazine.es\/?s={search_term_string}"},"query-input":{"@type":"PropertyValueSpecification","valueRequired":true,"valueName":"search_term_string"}}],"inLanguage":"en-US"},{"@type":"Organization","@id":"https:\/\/www.tapasmagazine.es\/#organization","name":"Tapas Magazine","url":"https:\/\/www.tapasmagazine.es\/","logo":{"@type":"ImageObject","inLanguage":"en-US","@id":"https:\/\/www.tapasmagazine.es\/#\/schema\/logo\/image\/","url":"https:\/\/www.tapasmagazine.es\/wp-content\/uploads\/2018\/01\/logo.png","contentUrl":"https:\/\/www.tapasmagazine.es\/wp-content\/uploads\/2018\/01\/logo.png","width":180,"height":60,"caption":"Tapas Magazine"},"image":{"@id":"https:\/\/www.tapasmagazine.es\/#\/schema\/logo\/image\/"},"sameAs":["https:\/\/www.facebook.com\/tapasmagazine","https:\/\/x.com\/TapasMagazine","https:\/\/www.instagram.com\/tapasmagazine\/","https:\/\/www.linkedin.com\/company\/tapas-magazine","https:\/\/es.pinterest.com\/tapasmagazine\/","https:\/\/www.youtube.com\/channel\/UCEyxneAaACuR0lfDagrWjjg?sub_confirmation=1"]},{"@type":"Person","@id":"https:\/\/www.tapasmagazine.es\/#\/schema\/person\/dddb3bce6f98f2124c204b901d74a14b","name":"Tapas \/ EP","url":"https:\/\/www.tapasmagazine.es\/en\/author\/tapasep\/"}]}},"_links":{"self":[{"href":"https:\/\/www.tapasmagazine.es\/en\/wp-json\/wp\/v2\/posts\/175947","targetHints":{"allow":["GET"]}}],"collection":[{"href":"https:\/\/www.tapasmagazine.es\/en\/wp-json\/wp\/v2\/posts"}],"about":[{"href":"https:\/\/www.tapasmagazine.es\/en\/wp-json\/wp\/v2\/types\/post"}],"author":[{"embeddable":true,"href":"https:\/\/www.tapasmagazine.es\/en\/wp-json\/wp\/v2\/users\/277"}],"replies":[{"embeddable":true,"href":"https:\/\/www.tapasmagazine.es\/en\/wp-json\/wp\/v2\/comments?post=175947"}],"version-history":[{"count":1,"href":"https:\/\/www.tapasmagazine.es\/en\/wp-json\/wp\/v2\/posts\/175947\/revisions"}],"predecessor-version":[{"id":175948,"href":"https:\/\/www.tapasmagazine.es\/en\/wp-json\/wp\/v2\/posts\/175947\/revisions\/175948"}],"wp:featuredmedia":[{"embeddable":true,"href":"https:\/\/www.tapasmagazine.es\/en\/wp-json\/wp\/v2\/media\/175949"}],"wp:attachment":[{"href":"https:\/\/www.tapasmagazine.es\/en\/wp-json\/wp\/v2\/media?parent=175947"}],"wp:term":[{"taxonomy":"category","embeddable":true,"href":"https:\/\/www.tapasmagazine.es\/en\/wp-json\/wp\/v2\/categories?post=175947"},{"taxonomy":"post_tag","embeddable":true,"href":"https:\/\/www.tapasmagazine.es\/en\/wp-json\/wp\/v2\/tags?post=175947"}],"curies":[{"name":"wp","href":"https:\/\/api.w.org\/{rel}","templated":true}]}}