{"id":175943,"date":"2023-02-22T13:04:06","date_gmt":"2023-02-22T12:04:06","guid":{"rendered":"https:\/\/www.tapasmagazine.es\/?p=175943"},"modified":"2023-02-22T13:12:12","modified_gmt":"2023-02-22T12:12:12","slug":"economia-bruselas-autoriza-el-uso-de-dos-cultivos-de-colza-y-soja-modificados-geneticamente-en-alimentos-y-piensos","status":"publish","type":"post","link":"https:\/\/www.tapasmagazine.es\/en\/economia-bruselas-autoriza-el-uso-de-dos-cultivos-de-colza-y-soja-modificados-geneticamente-en-alimentos-y-piensos\/","title":{"rendered":"Econom\u00eda.- Bruselas autoriza el uso de dos cultivos de colza y soja modificados gen\u00e9ticamente en alimentos y piensos"},"content":{"rendered":"<p>La Comisi\u00f3n Europea ha autorizado este mi\u00e9rcoles una colza oleaginosa modificada gen\u00e9ticamente y ha renovado la autorizaci\u00f3n de una soja modificada gen\u00e9ticamente para su uso en alimentos y piensos, aunque no permite su cultivo en la Uni\u00f3n Europea (UE).<\/p>\n<p>   Estos cultivos se han sometido a un procedimiento exhaustivo y riguroso que garantiza un alto nivel de protecci\u00f3n de la salud humana y animal y del medio ambiente, seg\u00fan ha informado el Ejecutivo comunitario.<\/p>\n<p>   La Autoridad Europea de Seguridad Alimentaria (EFSA) ha emitido una evaluaci\u00f3n cient\u00edfica favorable que concluye que estos organismos modificados gen\u00e9ticamente son tan seguros como sus hom\u00f3logos convencionales.<\/p>\n<p>   Sin embargo, los Estados miembro no alcanzaron una mayor\u00eda cualificada a favor o en contra de la autorizaci\u00f3n en el Comit\u00e9 Permanente ni en el posterior Comit\u00e9 de Apelaci\u00f3n.<\/p>\n<p>   En cualquier caso, las autorizaciones tienen una validez de 10 a\u00f1os y todos los productos elaborados a partir de estos cultivos modificados gen\u00e9ticamente estar\u00e1n sujetos a estrictas normas de etiquetado y trazabilidad de la UE.<\/p>\n","protected":false},"excerpt":{"rendered":"<p>La Comisi\u00f3n Europea ha autorizado este mi\u00e9rcoles una colza oleaginosa modificada gen\u00e9ticamente y ha renovado la autorizaci\u00f3n de una soja modificada gen\u00e9ticamente para su uso en alimentos y piensos, aunque no permite su cultivo en la Uni\u00f3n Europea (UE). Estos cultivos se han sometido a un procedimiento exhaustivo y riguroso que garantiza un alto nivel [&hellip;]<\/p>\n","protected":false},"author":277,"featured_media":175945,"comment_status":"close","ping_status":"","sticky":false,"template":"single-feature.php","format":"standard","meta":{"_acf_changed":false,"footnotes":""},"categories":[15645],"tags":[],"class_list":["post-175943","post","type-post","status-publish","format-standard","has-post-thumbnail","hentry","category-ultima-hora","cat-15645-id"],"acf":[],"yoast_head":"<!-- This site is optimized with the Yoast SEO plugin v27.5 - https:\/\/yoast.com\/product\/yoast-seo-wordpress\/ -->\n<title>Econom\u00eda.- Bruselas autoriza el uso de dos cultivos de colza y soja modificados gen\u00e9ticamente en alimentos y piensos - Tapas<\/title>\n<meta name=\"description\" content=\"La Comisi\u00f3n Europea ha autorizado este mi\u00e9rcoles una colza oleaginosa modificada gen\u00e9ticamente y ha renovado la autorizaci\u00f3n de una soja modificada\" \/>\n<meta name=\"robots\" content=\"index, follow, max-snippet:-1, max-image-preview:large, max-video-preview:-1\" \/>\n<link rel=\"canonical\" href=\"https:\/\/www.tapasmagazine.es\/en\/economia-bruselas-autoriza-el-uso-de-dos-cultivos-de-colza-y-soja-modificados-geneticamente-en-alimentos-y-piensos\/\" \/>\n<meta property=\"og:locale\" content=\"en_US\" \/>\n<meta property=\"og:type\" content=\"article\" \/>\n<meta property=\"og:title\" content=\"Econom\u00eda.- Bruselas autoriza el uso de dos cultivos de colza y soja modificados gen\u00e9ticamente en alimentos y piensos - Tapas\" \/>\n<meta property=\"og:description\" content=\"La Comisi\u00f3n Europea ha autorizado este mi\u00e9rcoles una colza oleaginosa modificada gen\u00e9ticamente y ha renovado la autorizaci\u00f3n de una soja modificada\" \/>\n<meta property=\"og:url\" content=\"https:\/\/www.tapasmagazine.es\/en\/economia-bruselas-autoriza-el-uso-de-dos-cultivos-de-colza-y-soja-modificados-geneticamente-en-alimentos-y-piensos\/\" \/>\n<meta property=\"og:site_name\" content=\"Tapas\" \/>\n<meta property=\"article:publisher\" content=\"https:\/\/www.facebook.com\/tapasmagazine\" \/>\n<meta property=\"article:published_time\" content=\"2023-02-22T12:04:06+00:00\" \/>\n<meta property=\"article:modified_time\" content=\"2023-02-22T12:12:12+00:00\" \/>\n<meta property=\"og:image\" content=\"https:\/\/www.tapasmagazine.es\/wp-content\/uploads\/2023\/02\/fotonoticia_20230222130406_9999.jpg\" \/>\n\t<meta property=\"og:image:width\" content=\"1600\" \/>\n\t<meta property=\"og:image:height\" content=\"1200\" \/>\n\t<meta property=\"og:image:type\" content=\"image\/jpeg\" \/>\n<meta name=\"author\" content=\"Tapas \/ EP\" \/>\n<meta name=\"twitter:card\" content=\"summary_large_image\" \/>\n<meta name=\"twitter:creator\" content=\"@TapasMagazine\" \/>\n<meta name=\"twitter:site\" content=\"@TapasMagazine\" \/>\n<meta name=\"twitter:label1\" content=\"Written by\" \/>\n\t<meta name=\"twitter:data1\" content=\"Tapas \/ EP\" \/>\n\t<meta name=\"twitter:label2\" content=\"Est. reading time\" \/>\n\t<meta name=\"twitter:data2\" content=\"1 minute\" \/>\n<script type=\"application\/ld+json\" class=\"yoast-schema-graph\">{\"@context\":\"https:\\\/\\\/schema.org\",\"@graph\":[{\"@type\":\"Article\",\"@id\":\"https:\\\/\\\/www.tapasmagazine.es\\\/en\\\/economia-bruselas-autoriza-el-uso-de-dos-cultivos-de-colza-y-soja-modificados-geneticamente-en-alimentos-y-piensos\\\/#article\",\"isPartOf\":{\"@id\":\"https:\\\/\\\/www.tapasmagazine.es\\\/en\\\/economia-bruselas-autoriza-el-uso-de-dos-cultivos-de-colza-y-soja-modificados-geneticamente-en-alimentos-y-piensos\\\/\"},\"author\":{\"name\":\"Tapas \\\/ EP\",\"@id\":\"https:\\\/\\\/www.tapasmagazine.es\\\/#\\\/schema\\\/person\\\/dddb3bce6f98f2124c204b901d74a14b\"},\"headline\":\"Econom\u00eda.- Bruselas autoriza el uso de dos cultivos de colza y soja modificados gen\u00e9ticamente en alimentos y piensos\",\"datePublished\":\"2023-02-22T12:04:06+00:00\",\"dateModified\":\"2023-02-22T12:12:12+00:00\",\"mainEntityOfPage\":{\"@id\":\"https:\\\/\\\/www.tapasmagazine.es\\\/en\\\/economia-bruselas-autoriza-el-uso-de-dos-cultivos-de-colza-y-soja-modificados-geneticamente-en-alimentos-y-piensos\\\/\"},\"wordCount\":202,\"publisher\":{\"@id\":\"https:\\\/\\\/www.tapasmagazine.es\\\/#organization\"},\"image\":{\"@id\":\"https:\\\/\\\/www.tapasmagazine.es\\\/en\\\/economia-bruselas-autoriza-el-uso-de-dos-cultivos-de-colza-y-soja-modificados-geneticamente-en-alimentos-y-piensos\\\/#primaryimage\"},\"thumbnailUrl\":\"https:\\\/\\\/www.tapasmagazine.es\\\/wp-content\\\/uploads\\\/2023\\\/02\\\/fotonoticia_20230222130406_9999.jpg\",\"articleSection\":[\"\u00daltima hora\"],\"inLanguage\":\"en-US\"},{\"@type\":\"WebPage\",\"@id\":\"https:\\\/\\\/www.tapasmagazine.es\\\/en\\\/economia-bruselas-autoriza-el-uso-de-dos-cultivos-de-colza-y-soja-modificados-geneticamente-en-alimentos-y-piensos\\\/\",\"url\":\"https:\\\/\\\/www.tapasmagazine.es\\\/en\\\/economia-bruselas-autoriza-el-uso-de-dos-cultivos-de-colza-y-soja-modificados-geneticamente-en-alimentos-y-piensos\\\/\",\"name\":\"Econom\u00eda.- Bruselas autoriza el uso de dos cultivos de colza y soja modificados gen\u00e9ticamente en alimentos y piensos - Tapas\",\"isPartOf\":{\"@id\":\"https:\\\/\\\/www.tapasmagazine.es\\\/#website\"},\"primaryImageOfPage\":{\"@id\":\"https:\\\/\\\/www.tapasmagazine.es\\\/en\\\/economia-bruselas-autoriza-el-uso-de-dos-cultivos-de-colza-y-soja-modificados-geneticamente-en-alimentos-y-piensos\\\/#primaryimage\"},\"image\":{\"@id\":\"https:\\\/\\\/www.tapasmagazine.es\\\/en\\\/economia-bruselas-autoriza-el-uso-de-dos-cultivos-de-colza-y-soja-modificados-geneticamente-en-alimentos-y-piensos\\\/#primaryimage\"},\"thumbnailUrl\":\"https:\\\/\\\/www.tapasmagazine.es\\\/wp-content\\\/uploads\\\/2023\\\/02\\\/fotonoticia_20230222130406_9999.jpg\",\"datePublished\":\"2023-02-22T12:04:06+00:00\",\"dateModified\":\"2023-02-22T12:12:12+00:00\",\"description\":\"La Comisi\u00f3n Europea ha autorizado este mi\u00e9rcoles una colza oleaginosa modificada gen\u00e9ticamente y ha renovado la autorizaci\u00f3n de una soja modificada\",\"breadcrumb\":{\"@id\":\"https:\\\/\\\/www.tapasmagazine.es\\\/en\\\/economia-bruselas-autoriza-el-uso-de-dos-cultivos-de-colza-y-soja-modificados-geneticamente-en-alimentos-y-piensos\\\/#breadcrumb\"},\"inLanguage\":\"en-US\",\"potentialAction\":[{\"@type\":\"ReadAction\",\"target\":[\"https:\\\/\\\/www.tapasmagazine.es\\\/en\\\/economia-bruselas-autoriza-el-uso-de-dos-cultivos-de-colza-y-soja-modificados-geneticamente-en-alimentos-y-piensos\\\/\"]}]},{\"@type\":\"ImageObject\",\"inLanguage\":\"en-US\",\"@id\":\"https:\\\/\\\/www.tapasmagazine.es\\\/en\\\/economia-bruselas-autoriza-el-uso-de-dos-cultivos-de-colza-y-soja-modificados-geneticamente-en-alimentos-y-piensos\\\/#primaryimage\",\"url\":\"https:\\\/\\\/www.tapasmagazine.es\\\/wp-content\\\/uploads\\\/2023\\\/02\\\/fotonoticia_20230222130406_9999.jpg\",\"contentUrl\":\"https:\\\/\\\/www.tapasmagazine.es\\\/wp-content\\\/uploads\\\/2023\\\/02\\\/fotonoticia_20230222130406_9999.jpg\",\"width\":1600,\"height\":1200},{\"@type\":\"BreadcrumbList\",\"@id\":\"https:\\\/\\\/www.tapasmagazine.es\\\/en\\\/economia-bruselas-autoriza-el-uso-de-dos-cultivos-de-colza-y-soja-modificados-geneticamente-en-alimentos-y-piensos\\\/#breadcrumb\",\"itemListElement\":[{\"@type\":\"ListItem\",\"position\":1,\"name\":\"Portada\",\"item\":\"https:\\\/\\\/www.tapasmagazine.es\\\/\"},{\"@type\":\"ListItem\",\"position\":2,\"name\":\"Sin categorizar\",\"item\":\"https:\\\/\\\/www.tapasmagazine.es\\\/categorias\\\/sin-categorizar\\\/\"},{\"@type\":\"ListItem\",\"position\":3,\"name\":\"Econom\u00eda.- Bruselas autoriza el uso de dos cultivos de colza y soja modificados gen\u00e9ticamente en alimentos y piensos\"}]},{\"@type\":\"WebSite\",\"@id\":\"https:\\\/\\\/www.tapasmagazine.es\\\/#website\",\"url\":\"https:\\\/\\\/www.tapasmagazine.es\\\/\",\"name\":\"Tapas\",\"description\":\"\u00d1am \u00d1am Lifestyle. La vida a bocados. Premio Nacional de Gastronom\u00eda 2016.\",\"publisher\":{\"@id\":\"https:\\\/\\\/www.tapasmagazine.es\\\/#organization\"},\"potentialAction\":[{\"@type\":\"SearchAction\",\"target\":{\"@type\":\"EntryPoint\",\"urlTemplate\":\"https:\\\/\\\/www.tapasmagazine.es\\\/?s={search_term_string}\"},\"query-input\":{\"@type\":\"PropertyValueSpecification\",\"valueRequired\":true,\"valueName\":\"search_term_string\"}}],\"inLanguage\":\"en-US\"},{\"@type\":\"Organization\",\"@id\":\"https:\\\/\\\/www.tapasmagazine.es\\\/#organization\",\"name\":\"Tapas Magazine\",\"url\":\"https:\\\/\\\/www.tapasmagazine.es\\\/\",\"logo\":{\"@type\":\"ImageObject\",\"inLanguage\":\"en-US\",\"@id\":\"https:\\\/\\\/www.tapasmagazine.es\\\/#\\\/schema\\\/logo\\\/image\\\/\",\"url\":\"https:\\\/\\\/www.tapasmagazine.es\\\/wp-content\\\/uploads\\\/2018\\\/01\\\/logo.png\",\"contentUrl\":\"https:\\\/\\\/www.tapasmagazine.es\\\/wp-content\\\/uploads\\\/2018\\\/01\\\/logo.png\",\"width\":180,\"height\":60,\"caption\":\"Tapas Magazine\"},\"image\":{\"@id\":\"https:\\\/\\\/www.tapasmagazine.es\\\/#\\\/schema\\\/logo\\\/image\\\/\"},\"sameAs\":[\"https:\\\/\\\/www.facebook.com\\\/tapasmagazine\",\"https:\\\/\\\/x.com\\\/TapasMagazine\",\"https:\\\/\\\/www.instagram.com\\\/tapasmagazine\\\/\",\"https:\\\/\\\/www.linkedin.com\\\/company\\\/tapas-magazine\",\"https:\\\/\\\/es.pinterest.com\\\/tapasmagazine\\\/\",\"https:\\\/\\\/www.youtube.com\\\/channel\\\/UCEyxneAaACuR0lfDagrWjjg?sub_confirmation=1\"]},{\"@type\":\"Person\",\"@id\":\"https:\\\/\\\/www.tapasmagazine.es\\\/#\\\/schema\\\/person\\\/dddb3bce6f98f2124c204b901d74a14b\",\"name\":\"Tapas \\\/ EP\",\"url\":\"https:\\\/\\\/www.tapasmagazine.es\\\/en\\\/author\\\/tapasep\\\/\"}]}<\/script>\n<!-- \/ Yoast SEO plugin. -->","yoast_head_json":{"title":"Econom\u00eda.- Bruselas autoriza el uso de dos cultivos de colza y soja modificados gen\u00e9ticamente en alimentos y piensos - Tapas","description":"La Comisi\u00f3n Europea ha autorizado este mi\u00e9rcoles una colza oleaginosa modificada gen\u00e9ticamente y ha renovado la autorizaci\u00f3n de una soja modificada","robots":{"index":"index","follow":"follow","max-snippet":"max-snippet:-1","max-image-preview":"max-image-preview:large","max-video-preview":"max-video-preview:-1"},"canonical":"https:\/\/www.tapasmagazine.es\/en\/economia-bruselas-autoriza-el-uso-de-dos-cultivos-de-colza-y-soja-modificados-geneticamente-en-alimentos-y-piensos\/","og_locale":"en_US","og_type":"article","og_title":"Econom\u00eda.- Bruselas autoriza el uso de dos cultivos de colza y soja modificados gen\u00e9ticamente en alimentos y piensos - Tapas","og_description":"La Comisi\u00f3n Europea ha autorizado este mi\u00e9rcoles una colza oleaginosa modificada gen\u00e9ticamente y ha renovado la autorizaci\u00f3n de una soja modificada","og_url":"https:\/\/www.tapasmagazine.es\/en\/economia-bruselas-autoriza-el-uso-de-dos-cultivos-de-colza-y-soja-modificados-geneticamente-en-alimentos-y-piensos\/","og_site_name":"Tapas","article_publisher":"https:\/\/www.facebook.com\/tapasmagazine","article_published_time":"2023-02-22T12:04:06+00:00","article_modified_time":"2023-02-22T12:12:12+00:00","og_image":[{"width":1600,"height":1200,"url":"https:\/\/www.tapasmagazine.es\/wp-content\/uploads\/2023\/02\/fotonoticia_20230222130406_9999.jpg","type":"image\/jpeg"}],"author":"Tapas \/ EP","twitter_card":"summary_large_image","twitter_creator":"@TapasMagazine","twitter_site":"@TapasMagazine","twitter_misc":{"Written by":"Tapas \/ EP","Est. reading time":"1 minute"},"schema":{"@context":"https:\/\/schema.org","@graph":[{"@type":"Article","@id":"https:\/\/www.tapasmagazine.es\/en\/economia-bruselas-autoriza-el-uso-de-dos-cultivos-de-colza-y-soja-modificados-geneticamente-en-alimentos-y-piensos\/#article","isPartOf":{"@id":"https:\/\/www.tapasmagazine.es\/en\/economia-bruselas-autoriza-el-uso-de-dos-cultivos-de-colza-y-soja-modificados-geneticamente-en-alimentos-y-piensos\/"},"author":{"name":"Tapas \/ EP","@id":"https:\/\/www.tapasmagazine.es\/#\/schema\/person\/dddb3bce6f98f2124c204b901d74a14b"},"headline":"Econom\u00eda.- Bruselas autoriza el uso de dos cultivos de colza y soja modificados gen\u00e9ticamente en alimentos y piensos","datePublished":"2023-02-22T12:04:06+00:00","dateModified":"2023-02-22T12:12:12+00:00","mainEntityOfPage":{"@id":"https:\/\/www.tapasmagazine.es\/en\/economia-bruselas-autoriza-el-uso-de-dos-cultivos-de-colza-y-soja-modificados-geneticamente-en-alimentos-y-piensos\/"},"wordCount":202,"publisher":{"@id":"https:\/\/www.tapasmagazine.es\/#organization"},"image":{"@id":"https:\/\/www.tapasmagazine.es\/en\/economia-bruselas-autoriza-el-uso-de-dos-cultivos-de-colza-y-soja-modificados-geneticamente-en-alimentos-y-piensos\/#primaryimage"},"thumbnailUrl":"https:\/\/www.tapasmagazine.es\/wp-content\/uploads\/2023\/02\/fotonoticia_20230222130406_9999.jpg","articleSection":["\u00daltima hora"],"inLanguage":"en-US"},{"@type":"WebPage","@id":"https:\/\/www.tapasmagazine.es\/en\/economia-bruselas-autoriza-el-uso-de-dos-cultivos-de-colza-y-soja-modificados-geneticamente-en-alimentos-y-piensos\/","url":"https:\/\/www.tapasmagazine.es\/en\/economia-bruselas-autoriza-el-uso-de-dos-cultivos-de-colza-y-soja-modificados-geneticamente-en-alimentos-y-piensos\/","name":"Econom\u00eda.- Bruselas autoriza el uso de dos cultivos de colza y soja modificados gen\u00e9ticamente en alimentos y piensos - Tapas","isPartOf":{"@id":"https:\/\/www.tapasmagazine.es\/#website"},"primaryImageOfPage":{"@id":"https:\/\/www.tapasmagazine.es\/en\/economia-bruselas-autoriza-el-uso-de-dos-cultivos-de-colza-y-soja-modificados-geneticamente-en-alimentos-y-piensos\/#primaryimage"},"image":{"@id":"https:\/\/www.tapasmagazine.es\/en\/economia-bruselas-autoriza-el-uso-de-dos-cultivos-de-colza-y-soja-modificados-geneticamente-en-alimentos-y-piensos\/#primaryimage"},"thumbnailUrl":"https:\/\/www.tapasmagazine.es\/wp-content\/uploads\/2023\/02\/fotonoticia_20230222130406_9999.jpg","datePublished":"2023-02-22T12:04:06+00:00","dateModified":"2023-02-22T12:12:12+00:00","description":"La Comisi\u00f3n Europea ha autorizado este mi\u00e9rcoles una colza oleaginosa modificada gen\u00e9ticamente y ha renovado la autorizaci\u00f3n de una soja modificada","breadcrumb":{"@id":"https:\/\/www.tapasmagazine.es\/en\/economia-bruselas-autoriza-el-uso-de-dos-cultivos-de-colza-y-soja-modificados-geneticamente-en-alimentos-y-piensos\/#breadcrumb"},"inLanguage":"en-US","potentialAction":[{"@type":"ReadAction","target":["https:\/\/www.tapasmagazine.es\/en\/economia-bruselas-autoriza-el-uso-de-dos-cultivos-de-colza-y-soja-modificados-geneticamente-en-alimentos-y-piensos\/"]}]},{"@type":"ImageObject","inLanguage":"en-US","@id":"https:\/\/www.tapasmagazine.es\/en\/economia-bruselas-autoriza-el-uso-de-dos-cultivos-de-colza-y-soja-modificados-geneticamente-en-alimentos-y-piensos\/#primaryimage","url":"https:\/\/www.tapasmagazine.es\/wp-content\/uploads\/2023\/02\/fotonoticia_20230222130406_9999.jpg","contentUrl":"https:\/\/www.tapasmagazine.es\/wp-content\/uploads\/2023\/02\/fotonoticia_20230222130406_9999.jpg","width":1600,"height":1200},{"@type":"BreadcrumbList","@id":"https:\/\/www.tapasmagazine.es\/en\/economia-bruselas-autoriza-el-uso-de-dos-cultivos-de-colza-y-soja-modificados-geneticamente-en-alimentos-y-piensos\/#breadcrumb","itemListElement":[{"@type":"ListItem","position":1,"name":"Portada","item":"https:\/\/www.tapasmagazine.es\/"},{"@type":"ListItem","position":2,"name":"Sin categorizar","item":"https:\/\/www.tapasmagazine.es\/categorias\/sin-categorizar\/"},{"@type":"ListItem","position":3,"name":"Econom\u00eda.- Bruselas autoriza el uso de dos cultivos de colza y soja modificados gen\u00e9ticamente en alimentos y piensos"}]},{"@type":"WebSite","@id":"https:\/\/www.tapasmagazine.es\/#website","url":"https:\/\/www.tapasmagazine.es\/","name":"Tapas","description":"\u00d1am \u00d1am Lifestyle. La vida a bocados. Premio Nacional de Gastronom\u00eda 2016.","publisher":{"@id":"https:\/\/www.tapasmagazine.es\/#organization"},"potentialAction":[{"@type":"SearchAction","target":{"@type":"EntryPoint","urlTemplate":"https:\/\/www.tapasmagazine.es\/?s={search_term_string}"},"query-input":{"@type":"PropertyValueSpecification","valueRequired":true,"valueName":"search_term_string"}}],"inLanguage":"en-US"},{"@type":"Organization","@id":"https:\/\/www.tapasmagazine.es\/#organization","name":"Tapas Magazine","url":"https:\/\/www.tapasmagazine.es\/","logo":{"@type":"ImageObject","inLanguage":"en-US","@id":"https:\/\/www.tapasmagazine.es\/#\/schema\/logo\/image\/","url":"https:\/\/www.tapasmagazine.es\/wp-content\/uploads\/2018\/01\/logo.png","contentUrl":"https:\/\/www.tapasmagazine.es\/wp-content\/uploads\/2018\/01\/logo.png","width":180,"height":60,"caption":"Tapas Magazine"},"image":{"@id":"https:\/\/www.tapasmagazine.es\/#\/schema\/logo\/image\/"},"sameAs":["https:\/\/www.facebook.com\/tapasmagazine","https:\/\/x.com\/TapasMagazine","https:\/\/www.instagram.com\/tapasmagazine\/","https:\/\/www.linkedin.com\/company\/tapas-magazine","https:\/\/es.pinterest.com\/tapasmagazine\/","https:\/\/www.youtube.com\/channel\/UCEyxneAaACuR0lfDagrWjjg?sub_confirmation=1"]},{"@type":"Person","@id":"https:\/\/www.tapasmagazine.es\/#\/schema\/person\/dddb3bce6f98f2124c204b901d74a14b","name":"Tapas \/ EP","url":"https:\/\/www.tapasmagazine.es\/en\/author\/tapasep\/"}]}},"_links":{"self":[{"href":"https:\/\/www.tapasmagazine.es\/en\/wp-json\/wp\/v2\/posts\/175943","targetHints":{"allow":["GET"]}}],"collection":[{"href":"https:\/\/www.tapasmagazine.es\/en\/wp-json\/wp\/v2\/posts"}],"about":[{"href":"https:\/\/www.tapasmagazine.es\/en\/wp-json\/wp\/v2\/types\/post"}],"author":[{"embeddable":true,"href":"https:\/\/www.tapasmagazine.es\/en\/wp-json\/wp\/v2\/users\/277"}],"replies":[{"embeddable":true,"href":"https:\/\/www.tapasmagazine.es\/en\/wp-json\/wp\/v2\/comments?post=175943"}],"version-history":[{"count":1,"href":"https:\/\/www.tapasmagazine.es\/en\/wp-json\/wp\/v2\/posts\/175943\/revisions"}],"predecessor-version":[{"id":175944,"href":"https:\/\/www.tapasmagazine.es\/en\/wp-json\/wp\/v2\/posts\/175943\/revisions\/175944"}],"wp:featuredmedia":[{"embeddable":true,"href":"https:\/\/www.tapasmagazine.es\/en\/wp-json\/wp\/v2\/media\/175945"}],"wp:attachment":[{"href":"https:\/\/www.tapasmagazine.es\/en\/wp-json\/wp\/v2\/media?parent=175943"}],"wp:term":[{"taxonomy":"category","embeddable":true,"href":"https:\/\/www.tapasmagazine.es\/en\/wp-json\/wp\/v2\/categories?post=175943"},{"taxonomy":"post_tag","embeddable":true,"href":"https:\/\/www.tapasmagazine.es\/en\/wp-json\/wp\/v2\/tags?post=175943"}],"curies":[{"name":"wp","href":"https:\/\/api.w.org\/{rel}","templated":true}]}}