{"id":175935,"date":"2023-02-22T12:18:44","date_gmt":"2023-02-22T11:18:44","guid":{"rendered":"https:\/\/www.tapasmagazine.es\/?p=175935"},"modified":"2023-02-22T12:42:35","modified_gmt":"2023-02-22T11:42:35","slug":"economia-entrecanales-domecq-e-hijos-refuerza-su-portafolio-con-la-distribucion-de-los-vinos-sudafricanos-de-vilafonte","status":"publish","type":"post","link":"https:\/\/www.tapasmagazine.es\/en\/economia-entrecanales-domecq-e-hijos-refuerza-su-portafolio-con-la-distribucion-de-los-vinos-sudafricanos-de-vilafonte\/","title":{"rendered":"Econom\u00eda.- Entrecanales Domecq e Hijos refuerza su portafolio con la distribuci\u00f3n de los vinos sudafricanos de Vilafont\u00e9"},"content":{"rendered":"<p>Entrecanales Domecq e Hijos refuerza su portafolio de vinos con la alianza con la bodega sudafricana Vilafont\u00e9, fortaleciendo as\u00ed su  cartera de vinos internacionales, seg\u00fan ha informado en un comunicado.<\/p>\n<p>   En concreto, la bodega sudafricana desembarca en el mercado espa\u00f1ol de la mano de Entrecanales Domecq e Hijos y con tres propuestas que a\u00fanan el estilo del viejo mundo con el car\u00e1cter, pureza y refinamiento que le otorga esa tierra: Seriously Old Dirt by Vilafont\u00e9, Series M y Series C.<\/p>\n<p>   Vilafont\u00e9 es el sue\u00f1o de tres viticultores con s\u00f3lidas trayectorias en bodegas de California y Sud\u00e1frica: Mike Ratcliffe, Zelma Long y Phil Freese. &#8220;\u00c9ramos conscientes de que la riqueza de los ancestrales suelos de Sud\u00e1frica, donde todo gira en torno a la tierra, y nuestra confianza en el proyecto nos permitir\u00eda crear vinos de elegante complejidad, estructura y longevidad&#8221;, ha se\u00f1alado Mike Ratcliffe.<\/p>\n<p>   De esta forma, Entrecanales Domecq e Hijos se ha convertido en el distribuidor en exclusiva de Vilafont\u00e9 en Espa\u00f1a. &#8220;La b\u00fasqueda de la excelencia que marca la ruta de Entrecanales Domecq e Hijos requiere cultivar alianzas con productores internacionales que nos permitan acercar a nuestros clientes vinos honestos con historia propia&#8221;, ha se\u00f1alado el presidente del grupo, Gonzalo Entrecanales.<\/p>\n<p>   Los vi\u00f1edos sudafricanos se encuentran ubicados en los ancestrales suelos de Stellenbosch y que es la base para el cultivo de las variedades de cabernet sauvignon, cabernet franc, merlot y malbec, coupage de los vinos de Vilafont\u00e9.<\/p>\n<p>   Entrecanales Domecq e Hijos cuenta con vi\u00f1edos y bodegas circunscritos a las Denominaciones de Origen m\u00e1s prestigiosas de Espa\u00f1a como Rioja, Ribera del Duero, Rueda, Toro y Valdeorras, y con m\u00e1s de 400 hect\u00e1reas en propiedad. As\u00ed en su portafolio tiene vinos como Cosme Palacio, Secreto, Caser\u00edo de Due\u00f1as, Finca Anzil y El Aeronauta.<\/p>\n","protected":false},"excerpt":{"rendered":"<p>Entrecanales Domecq e Hijos refuerza su portafolio de vinos con la alianza con la bodega sudafricana Vilafont\u00e9, fortaleciendo as\u00ed su cartera de vinos internacionales, seg\u00fan ha informado en un comunicado. En concreto, la bodega sudafricana desembarca en el mercado espa\u00f1ol de la mano de Entrecanales Domecq e Hijos y con tres propuestas que a\u00fanan el [&hellip;]<\/p>\n","protected":false},"author":277,"featured_media":175937,"comment_status":"close","ping_status":"","sticky":false,"template":"single-feature.php","format":"standard","meta":{"_acf_changed":false,"footnotes":""},"categories":[15645],"tags":[],"class_list":["post-175935","post","type-post","status-publish","format-standard","has-post-thumbnail","hentry","category-ultima-hora","cat-15645-id"],"acf":[],"yoast_head":"<!-- This site is optimized with the Yoast SEO plugin v27.5 - https:\/\/yoast.com\/product\/yoast-seo-wordpress\/ -->\n<title>Econom\u00eda.- Entrecanales Domecq e Hijos refuerza su portafolio con la distribuci\u00f3n de los vinos sudafricanos de Vilafont\u00e9 - Tapas<\/title>\n<meta name=\"description\" content=\"Entrecanales Domecq e Hijos refuerza su portafolio de vinos con la alianza con la bodega sudafricana Vilafont\u00e9, fortaleciendo as\u00ed su cartera de vinos\" \/>\n<meta name=\"robots\" content=\"index, follow, max-snippet:-1, max-image-preview:large, max-video-preview:-1\" \/>\n<link rel=\"canonical\" href=\"https:\/\/www.tapasmagazine.es\/en\/economia-entrecanales-domecq-e-hijos-refuerza-su-portafolio-con-la-distribucion-de-los-vinos-sudafricanos-de-vilafonte\/\" \/>\n<meta property=\"og:locale\" content=\"en_US\" \/>\n<meta property=\"og:type\" content=\"article\" \/>\n<meta property=\"og:title\" content=\"Econom\u00eda.- Entrecanales Domecq e Hijos refuerza su portafolio con la distribuci\u00f3n de los vinos sudafricanos de Vilafont\u00e9 - Tapas\" \/>\n<meta property=\"og:description\" content=\"Entrecanales Domecq e Hijos refuerza su portafolio de vinos con la alianza con la bodega sudafricana Vilafont\u00e9, fortaleciendo as\u00ed su cartera de vinos\" \/>\n<meta property=\"og:url\" content=\"https:\/\/www.tapasmagazine.es\/en\/economia-entrecanales-domecq-e-hijos-refuerza-su-portafolio-con-la-distribucion-de-los-vinos-sudafricanos-de-vilafonte\/\" \/>\n<meta property=\"og:site_name\" content=\"Tapas\" \/>\n<meta property=\"article:publisher\" content=\"https:\/\/www.facebook.com\/tapasmagazine\" \/>\n<meta property=\"article:published_time\" content=\"2023-02-22T11:18:44+00:00\" \/>\n<meta property=\"article:modified_time\" content=\"2023-02-22T11:42:35+00:00\" \/>\n<meta property=\"og:image\" content=\"https:\/\/www.tapasmagazine.es\/wp-content\/uploads\/2023\/02\/fotonoticia_20230222121844_9999.jpg\" \/>\n\t<meta property=\"og:image:width\" content=\"1800\" \/>\n\t<meta property=\"og:image:height\" content=\"1200\" \/>\n\t<meta property=\"og:image:type\" content=\"image\/jpeg\" \/>\n<meta name=\"author\" content=\"Tapas \/ EP\" \/>\n<meta name=\"twitter:card\" content=\"summary_large_image\" \/>\n<meta name=\"twitter:creator\" content=\"@TapasMagazine\" \/>\n<meta name=\"twitter:site\" content=\"@TapasMagazine\" \/>\n<meta name=\"twitter:label1\" content=\"Written by\" \/>\n\t<meta name=\"twitter:data1\" content=\"Tapas \/ EP\" \/>\n\t<meta name=\"twitter:label2\" content=\"Est. reading time\" \/>\n\t<meta name=\"twitter:data2\" content=\"2 minutes\" \/>\n<script type=\"application\/ld+json\" class=\"yoast-schema-graph\">{\"@context\":\"https:\\\/\\\/schema.org\",\"@graph\":[{\"@type\":\"Article\",\"@id\":\"https:\\\/\\\/www.tapasmagazine.es\\\/en\\\/economia-entrecanales-domecq-e-hijos-refuerza-su-portafolio-con-la-distribucion-de-los-vinos-sudafricanos-de-vilafonte\\\/#article\",\"isPartOf\":{\"@id\":\"https:\\\/\\\/www.tapasmagazine.es\\\/en\\\/economia-entrecanales-domecq-e-hijos-refuerza-su-portafolio-con-la-distribucion-de-los-vinos-sudafricanos-de-vilafonte\\\/\"},\"author\":{\"name\":\"Tapas \\\/ EP\",\"@id\":\"https:\\\/\\\/www.tapasmagazine.es\\\/#\\\/schema\\\/person\\\/dddb3bce6f98f2124c204b901d74a14b\"},\"headline\":\"Econom\u00eda.- Entrecanales Domecq e Hijos refuerza su portafolio con la distribuci\u00f3n de los vinos sudafricanos de Vilafont\u00e9\",\"datePublished\":\"2023-02-22T11:18:44+00:00\",\"dateModified\":\"2023-02-22T11:42:35+00:00\",\"mainEntityOfPage\":{\"@id\":\"https:\\\/\\\/www.tapasmagazine.es\\\/en\\\/economia-entrecanales-domecq-e-hijos-refuerza-su-portafolio-con-la-distribucion-de-los-vinos-sudafricanos-de-vilafonte\\\/\"},\"wordCount\":333,\"publisher\":{\"@id\":\"https:\\\/\\\/www.tapasmagazine.es\\\/#organization\"},\"image\":{\"@id\":\"https:\\\/\\\/www.tapasmagazine.es\\\/en\\\/economia-entrecanales-domecq-e-hijos-refuerza-su-portafolio-con-la-distribucion-de-los-vinos-sudafricanos-de-vilafonte\\\/#primaryimage\"},\"thumbnailUrl\":\"https:\\\/\\\/www.tapasmagazine.es\\\/wp-content\\\/uploads\\\/2023\\\/02\\\/fotonoticia_20230222121844_9999.jpg\",\"articleSection\":[\"\u00daltima hora\"],\"inLanguage\":\"en-US\"},{\"@type\":\"WebPage\",\"@id\":\"https:\\\/\\\/www.tapasmagazine.es\\\/en\\\/economia-entrecanales-domecq-e-hijos-refuerza-su-portafolio-con-la-distribucion-de-los-vinos-sudafricanos-de-vilafonte\\\/\",\"url\":\"https:\\\/\\\/www.tapasmagazine.es\\\/en\\\/economia-entrecanales-domecq-e-hijos-refuerza-su-portafolio-con-la-distribucion-de-los-vinos-sudafricanos-de-vilafonte\\\/\",\"name\":\"Econom\u00eda.- Entrecanales Domecq e Hijos refuerza su portafolio con la distribuci\u00f3n de los vinos sudafricanos de Vilafont\u00e9 - Tapas\",\"isPartOf\":{\"@id\":\"https:\\\/\\\/www.tapasmagazine.es\\\/#website\"},\"primaryImageOfPage\":{\"@id\":\"https:\\\/\\\/www.tapasmagazine.es\\\/en\\\/economia-entrecanales-domecq-e-hijos-refuerza-su-portafolio-con-la-distribucion-de-los-vinos-sudafricanos-de-vilafonte\\\/#primaryimage\"},\"image\":{\"@id\":\"https:\\\/\\\/www.tapasmagazine.es\\\/en\\\/economia-entrecanales-domecq-e-hijos-refuerza-su-portafolio-con-la-distribucion-de-los-vinos-sudafricanos-de-vilafonte\\\/#primaryimage\"},\"thumbnailUrl\":\"https:\\\/\\\/www.tapasmagazine.es\\\/wp-content\\\/uploads\\\/2023\\\/02\\\/fotonoticia_20230222121844_9999.jpg\",\"datePublished\":\"2023-02-22T11:18:44+00:00\",\"dateModified\":\"2023-02-22T11:42:35+00:00\",\"description\":\"Entrecanales Domecq e Hijos refuerza su portafolio de vinos con la alianza con la bodega sudafricana Vilafont\u00e9, fortaleciendo as\u00ed su cartera de vinos\",\"breadcrumb\":{\"@id\":\"https:\\\/\\\/www.tapasmagazine.es\\\/en\\\/economia-entrecanales-domecq-e-hijos-refuerza-su-portafolio-con-la-distribucion-de-los-vinos-sudafricanos-de-vilafonte\\\/#breadcrumb\"},\"inLanguage\":\"en-US\",\"potentialAction\":[{\"@type\":\"ReadAction\",\"target\":[\"https:\\\/\\\/www.tapasmagazine.es\\\/en\\\/economia-entrecanales-domecq-e-hijos-refuerza-su-portafolio-con-la-distribucion-de-los-vinos-sudafricanos-de-vilafonte\\\/\"]}]},{\"@type\":\"ImageObject\",\"inLanguage\":\"en-US\",\"@id\":\"https:\\\/\\\/www.tapasmagazine.es\\\/en\\\/economia-entrecanales-domecq-e-hijos-refuerza-su-portafolio-con-la-distribucion-de-los-vinos-sudafricanos-de-vilafonte\\\/#primaryimage\",\"url\":\"https:\\\/\\\/www.tapasmagazine.es\\\/wp-content\\\/uploads\\\/2023\\\/02\\\/fotonoticia_20230222121844_9999.jpg\",\"contentUrl\":\"https:\\\/\\\/www.tapasmagazine.es\\\/wp-content\\\/uploads\\\/2023\\\/02\\\/fotonoticia_20230222121844_9999.jpg\",\"width\":1800,\"height\":1200},{\"@type\":\"BreadcrumbList\",\"@id\":\"https:\\\/\\\/www.tapasmagazine.es\\\/en\\\/economia-entrecanales-domecq-e-hijos-refuerza-su-portafolio-con-la-distribucion-de-los-vinos-sudafricanos-de-vilafonte\\\/#breadcrumb\",\"itemListElement\":[{\"@type\":\"ListItem\",\"position\":1,\"name\":\"Portada\",\"item\":\"https:\\\/\\\/www.tapasmagazine.es\\\/\"},{\"@type\":\"ListItem\",\"position\":2,\"name\":\"Sin categorizar\",\"item\":\"https:\\\/\\\/www.tapasmagazine.es\\\/categorias\\\/sin-categorizar\\\/\"},{\"@type\":\"ListItem\",\"position\":3,\"name\":\"Econom\u00eda.- Entrecanales Domecq e Hijos refuerza su portafolio con la distribuci\u00f3n de los vinos sudafricanos de Vilafont\u00e9\"}]},{\"@type\":\"WebSite\",\"@id\":\"https:\\\/\\\/www.tapasmagazine.es\\\/#website\",\"url\":\"https:\\\/\\\/www.tapasmagazine.es\\\/\",\"name\":\"Tapas\",\"description\":\"\u00d1am \u00d1am Lifestyle. La vida a bocados. Premio Nacional de Gastronom\u00eda 2016.\",\"publisher\":{\"@id\":\"https:\\\/\\\/www.tapasmagazine.es\\\/#organization\"},\"potentialAction\":[{\"@type\":\"SearchAction\",\"target\":{\"@type\":\"EntryPoint\",\"urlTemplate\":\"https:\\\/\\\/www.tapasmagazine.es\\\/?s={search_term_string}\"},\"query-input\":{\"@type\":\"PropertyValueSpecification\",\"valueRequired\":true,\"valueName\":\"search_term_string\"}}],\"inLanguage\":\"en-US\"},{\"@type\":\"Organization\",\"@id\":\"https:\\\/\\\/www.tapasmagazine.es\\\/#organization\",\"name\":\"Tapas Magazine\",\"url\":\"https:\\\/\\\/www.tapasmagazine.es\\\/\",\"logo\":{\"@type\":\"ImageObject\",\"inLanguage\":\"en-US\",\"@id\":\"https:\\\/\\\/www.tapasmagazine.es\\\/#\\\/schema\\\/logo\\\/image\\\/\",\"url\":\"https:\\\/\\\/www.tapasmagazine.es\\\/wp-content\\\/uploads\\\/2018\\\/01\\\/logo.png\",\"contentUrl\":\"https:\\\/\\\/www.tapasmagazine.es\\\/wp-content\\\/uploads\\\/2018\\\/01\\\/logo.png\",\"width\":180,\"height\":60,\"caption\":\"Tapas Magazine\"},\"image\":{\"@id\":\"https:\\\/\\\/www.tapasmagazine.es\\\/#\\\/schema\\\/logo\\\/image\\\/\"},\"sameAs\":[\"https:\\\/\\\/www.facebook.com\\\/tapasmagazine\",\"https:\\\/\\\/x.com\\\/TapasMagazine\",\"https:\\\/\\\/www.instagram.com\\\/tapasmagazine\\\/\",\"https:\\\/\\\/www.linkedin.com\\\/company\\\/tapas-magazine\",\"https:\\\/\\\/es.pinterest.com\\\/tapasmagazine\\\/\",\"https:\\\/\\\/www.youtube.com\\\/channel\\\/UCEyxneAaACuR0lfDagrWjjg?sub_confirmation=1\"]},{\"@type\":\"Person\",\"@id\":\"https:\\\/\\\/www.tapasmagazine.es\\\/#\\\/schema\\\/person\\\/dddb3bce6f98f2124c204b901d74a14b\",\"name\":\"Tapas \\\/ EP\",\"url\":\"https:\\\/\\\/www.tapasmagazine.es\\\/en\\\/author\\\/tapasep\\\/\"}]}<\/script>\n<!-- \/ Yoast SEO plugin. -->","yoast_head_json":{"title":"Econom\u00eda.- Entrecanales Domecq e Hijos refuerza su portafolio con la distribuci\u00f3n de los vinos sudafricanos de Vilafont\u00e9 - Tapas","description":"Entrecanales Domecq e Hijos refuerza su portafolio de vinos con la alianza con la bodega sudafricana Vilafont\u00e9, fortaleciendo as\u00ed su cartera de vinos","robots":{"index":"index","follow":"follow","max-snippet":"max-snippet:-1","max-image-preview":"max-image-preview:large","max-video-preview":"max-video-preview:-1"},"canonical":"https:\/\/www.tapasmagazine.es\/en\/economia-entrecanales-domecq-e-hijos-refuerza-su-portafolio-con-la-distribucion-de-los-vinos-sudafricanos-de-vilafonte\/","og_locale":"en_US","og_type":"article","og_title":"Econom\u00eda.- Entrecanales Domecq e Hijos refuerza su portafolio con la distribuci\u00f3n de los vinos sudafricanos de Vilafont\u00e9 - Tapas","og_description":"Entrecanales Domecq e Hijos refuerza su portafolio de vinos con la alianza con la bodega sudafricana Vilafont\u00e9, fortaleciendo as\u00ed su cartera de vinos","og_url":"https:\/\/www.tapasmagazine.es\/en\/economia-entrecanales-domecq-e-hijos-refuerza-su-portafolio-con-la-distribucion-de-los-vinos-sudafricanos-de-vilafonte\/","og_site_name":"Tapas","article_publisher":"https:\/\/www.facebook.com\/tapasmagazine","article_published_time":"2023-02-22T11:18:44+00:00","article_modified_time":"2023-02-22T11:42:35+00:00","og_image":[{"width":1800,"height":1200,"url":"https:\/\/www.tapasmagazine.es\/wp-content\/uploads\/2023\/02\/fotonoticia_20230222121844_9999.jpg","type":"image\/jpeg"}],"author":"Tapas \/ EP","twitter_card":"summary_large_image","twitter_creator":"@TapasMagazine","twitter_site":"@TapasMagazine","twitter_misc":{"Written by":"Tapas \/ EP","Est. reading time":"2 minutes"},"schema":{"@context":"https:\/\/schema.org","@graph":[{"@type":"Article","@id":"https:\/\/www.tapasmagazine.es\/en\/economia-entrecanales-domecq-e-hijos-refuerza-su-portafolio-con-la-distribucion-de-los-vinos-sudafricanos-de-vilafonte\/#article","isPartOf":{"@id":"https:\/\/www.tapasmagazine.es\/en\/economia-entrecanales-domecq-e-hijos-refuerza-su-portafolio-con-la-distribucion-de-los-vinos-sudafricanos-de-vilafonte\/"},"author":{"name":"Tapas \/ EP","@id":"https:\/\/www.tapasmagazine.es\/#\/schema\/person\/dddb3bce6f98f2124c204b901d74a14b"},"headline":"Econom\u00eda.- Entrecanales Domecq e Hijos refuerza su portafolio con la distribuci\u00f3n de los vinos sudafricanos de Vilafont\u00e9","datePublished":"2023-02-22T11:18:44+00:00","dateModified":"2023-02-22T11:42:35+00:00","mainEntityOfPage":{"@id":"https:\/\/www.tapasmagazine.es\/en\/economia-entrecanales-domecq-e-hijos-refuerza-su-portafolio-con-la-distribucion-de-los-vinos-sudafricanos-de-vilafonte\/"},"wordCount":333,"publisher":{"@id":"https:\/\/www.tapasmagazine.es\/#organization"},"image":{"@id":"https:\/\/www.tapasmagazine.es\/en\/economia-entrecanales-domecq-e-hijos-refuerza-su-portafolio-con-la-distribucion-de-los-vinos-sudafricanos-de-vilafonte\/#primaryimage"},"thumbnailUrl":"https:\/\/www.tapasmagazine.es\/wp-content\/uploads\/2023\/02\/fotonoticia_20230222121844_9999.jpg","articleSection":["\u00daltima hora"],"inLanguage":"en-US"},{"@type":"WebPage","@id":"https:\/\/www.tapasmagazine.es\/en\/economia-entrecanales-domecq-e-hijos-refuerza-su-portafolio-con-la-distribucion-de-los-vinos-sudafricanos-de-vilafonte\/","url":"https:\/\/www.tapasmagazine.es\/en\/economia-entrecanales-domecq-e-hijos-refuerza-su-portafolio-con-la-distribucion-de-los-vinos-sudafricanos-de-vilafonte\/","name":"Econom\u00eda.- Entrecanales Domecq e Hijos refuerza su portafolio con la distribuci\u00f3n de los vinos sudafricanos de Vilafont\u00e9 - Tapas","isPartOf":{"@id":"https:\/\/www.tapasmagazine.es\/#website"},"primaryImageOfPage":{"@id":"https:\/\/www.tapasmagazine.es\/en\/economia-entrecanales-domecq-e-hijos-refuerza-su-portafolio-con-la-distribucion-de-los-vinos-sudafricanos-de-vilafonte\/#primaryimage"},"image":{"@id":"https:\/\/www.tapasmagazine.es\/en\/economia-entrecanales-domecq-e-hijos-refuerza-su-portafolio-con-la-distribucion-de-los-vinos-sudafricanos-de-vilafonte\/#primaryimage"},"thumbnailUrl":"https:\/\/www.tapasmagazine.es\/wp-content\/uploads\/2023\/02\/fotonoticia_20230222121844_9999.jpg","datePublished":"2023-02-22T11:18:44+00:00","dateModified":"2023-02-22T11:42:35+00:00","description":"Entrecanales Domecq e Hijos refuerza su portafolio de vinos con la alianza con la bodega sudafricana Vilafont\u00e9, fortaleciendo as\u00ed su cartera de vinos","breadcrumb":{"@id":"https:\/\/www.tapasmagazine.es\/en\/economia-entrecanales-domecq-e-hijos-refuerza-su-portafolio-con-la-distribucion-de-los-vinos-sudafricanos-de-vilafonte\/#breadcrumb"},"inLanguage":"en-US","potentialAction":[{"@type":"ReadAction","target":["https:\/\/www.tapasmagazine.es\/en\/economia-entrecanales-domecq-e-hijos-refuerza-su-portafolio-con-la-distribucion-de-los-vinos-sudafricanos-de-vilafonte\/"]}]},{"@type":"ImageObject","inLanguage":"en-US","@id":"https:\/\/www.tapasmagazine.es\/en\/economia-entrecanales-domecq-e-hijos-refuerza-su-portafolio-con-la-distribucion-de-los-vinos-sudafricanos-de-vilafonte\/#primaryimage","url":"https:\/\/www.tapasmagazine.es\/wp-content\/uploads\/2023\/02\/fotonoticia_20230222121844_9999.jpg","contentUrl":"https:\/\/www.tapasmagazine.es\/wp-content\/uploads\/2023\/02\/fotonoticia_20230222121844_9999.jpg","width":1800,"height":1200},{"@type":"BreadcrumbList","@id":"https:\/\/www.tapasmagazine.es\/en\/economia-entrecanales-domecq-e-hijos-refuerza-su-portafolio-con-la-distribucion-de-los-vinos-sudafricanos-de-vilafonte\/#breadcrumb","itemListElement":[{"@type":"ListItem","position":1,"name":"Portada","item":"https:\/\/www.tapasmagazine.es\/"},{"@type":"ListItem","position":2,"name":"Sin categorizar","item":"https:\/\/www.tapasmagazine.es\/categorias\/sin-categorizar\/"},{"@type":"ListItem","position":3,"name":"Econom\u00eda.- Entrecanales Domecq e Hijos refuerza su portafolio con la distribuci\u00f3n de los vinos sudafricanos de Vilafont\u00e9"}]},{"@type":"WebSite","@id":"https:\/\/www.tapasmagazine.es\/#website","url":"https:\/\/www.tapasmagazine.es\/","name":"Tapas","description":"\u00d1am \u00d1am Lifestyle. La vida a bocados. Premio Nacional de Gastronom\u00eda 2016.","publisher":{"@id":"https:\/\/www.tapasmagazine.es\/#organization"},"potentialAction":[{"@type":"SearchAction","target":{"@type":"EntryPoint","urlTemplate":"https:\/\/www.tapasmagazine.es\/?s={search_term_string}"},"query-input":{"@type":"PropertyValueSpecification","valueRequired":true,"valueName":"search_term_string"}}],"inLanguage":"en-US"},{"@type":"Organization","@id":"https:\/\/www.tapasmagazine.es\/#organization","name":"Tapas Magazine","url":"https:\/\/www.tapasmagazine.es\/","logo":{"@type":"ImageObject","inLanguage":"en-US","@id":"https:\/\/www.tapasmagazine.es\/#\/schema\/logo\/image\/","url":"https:\/\/www.tapasmagazine.es\/wp-content\/uploads\/2018\/01\/logo.png","contentUrl":"https:\/\/www.tapasmagazine.es\/wp-content\/uploads\/2018\/01\/logo.png","width":180,"height":60,"caption":"Tapas Magazine"},"image":{"@id":"https:\/\/www.tapasmagazine.es\/#\/schema\/logo\/image\/"},"sameAs":["https:\/\/www.facebook.com\/tapasmagazine","https:\/\/x.com\/TapasMagazine","https:\/\/www.instagram.com\/tapasmagazine\/","https:\/\/www.linkedin.com\/company\/tapas-magazine","https:\/\/es.pinterest.com\/tapasmagazine\/","https:\/\/www.youtube.com\/channel\/UCEyxneAaACuR0lfDagrWjjg?sub_confirmation=1"]},{"@type":"Person","@id":"https:\/\/www.tapasmagazine.es\/#\/schema\/person\/dddb3bce6f98f2124c204b901d74a14b","name":"Tapas \/ EP","url":"https:\/\/www.tapasmagazine.es\/en\/author\/tapasep\/"}]}},"_links":{"self":[{"href":"https:\/\/www.tapasmagazine.es\/en\/wp-json\/wp\/v2\/posts\/175935","targetHints":{"allow":["GET"]}}],"collection":[{"href":"https:\/\/www.tapasmagazine.es\/en\/wp-json\/wp\/v2\/posts"}],"about":[{"href":"https:\/\/www.tapasmagazine.es\/en\/wp-json\/wp\/v2\/types\/post"}],"author":[{"embeddable":true,"href":"https:\/\/www.tapasmagazine.es\/en\/wp-json\/wp\/v2\/users\/277"}],"replies":[{"embeddable":true,"href":"https:\/\/www.tapasmagazine.es\/en\/wp-json\/wp\/v2\/comments?post=175935"}],"version-history":[{"count":1,"href":"https:\/\/www.tapasmagazine.es\/en\/wp-json\/wp\/v2\/posts\/175935\/revisions"}],"predecessor-version":[{"id":175936,"href":"https:\/\/www.tapasmagazine.es\/en\/wp-json\/wp\/v2\/posts\/175935\/revisions\/175936"}],"wp:featuredmedia":[{"embeddable":true,"href":"https:\/\/www.tapasmagazine.es\/en\/wp-json\/wp\/v2\/media\/175937"}],"wp:attachment":[{"href":"https:\/\/www.tapasmagazine.es\/en\/wp-json\/wp\/v2\/media?parent=175935"}],"wp:term":[{"taxonomy":"category","embeddable":true,"href":"https:\/\/www.tapasmagazine.es\/en\/wp-json\/wp\/v2\/categories?post=175935"},{"taxonomy":"post_tag","embeddable":true,"href":"https:\/\/www.tapasmagazine.es\/en\/wp-json\/wp\/v2\/tags?post=175935"}],"curies":[{"name":"wp","href":"https:\/\/api.w.org\/{rel}","templated":true}]}}