{"id":175915,"date":"2023-02-22T11:28:24","date_gmt":"2023-02-22T10:28:24","guid":{"rendered":"https:\/\/www.tapasmagazine.es\/?p=175915"},"modified":"2023-02-22T11:41:58","modified_gmt":"2023-02-22T10:41:58","slug":"economia-los-supermercados-consideran-inaplicable-la-medida-propuesta-de-diaz-de-topar-los-precios-de-alimentacion","status":"publish","type":"post","link":"https:\/\/www.tapasmagazine.es\/en\/economia-los-supermercados-consideran-inaplicable-la-medida-propuesta-de-diaz-de-topar-los-precios-de-alimentacion\/","title":{"rendered":"Econom\u00eda.- Los supermercados consideran &#8220;inaplicable&#8221; la medida propuesta de D\u00edaz de topar los precios de alimentaci\u00f3n"},"content":{"rendered":"<p>Los supermercados consideran &#8220;inaplicable&#8221; la medida propuesta por la vicepresidenta segunda del Gobierno y ministra de Trabajo, Yolanda D\u00edaz, de aplicar la Ley del Comercio Minorista para fijar los precios de los productos de alimentaci\u00f3n, ya que creen que ser\u00eda &#8220;muy mala&#8221; para el sector productor.<\/p>\n<p>   &#8220;Es una idea que est\u00e1 encima de la mesa de la vicepresidena Yolanda D\u00edaz desde septiembre. Se trata de una Ley que se ha aplicado en algunas ocasiones como para establecer el precio \u00fanico de las mascarillas, pero el sector alimentario es muy complejo y sinceramente la veo inaplicable&#8221;, ha asegurado el director general de Asedas, Ignacio Garc\u00eda Magarzo, en declaraciones al canal &#8217;24 horas&#8217; de RTVE, que recoge Europa Press.<\/p>\n<p>   El directivo de la patronal de supermercados, que tiene entre sus asociados a Mercadona, Lidl, Coviran o Dia, entre otros, ha se\u00f1alado que ser\u00eda &#8220;muy complicado&#8221; establecer qu\u00e9 productos limitar el precio. &#8220;Lo ha explicado el Gobierno, que eso ser\u00eda muy malo para el sector. Somos de los primeros productores de alimentos del mundo y principales exportadores. Fijar unos l\u00edmites de precios probablemente les condenar\u00eda a problemas de rentabilidad y abastecimiento no solo a los distribuidores sino tambi\u00e9n a los productores&#8221;, ha se\u00f1alado.<\/p>\n<p>   Cuestionado si los supermercados estar\u00edan dispuestos a negociar una cesta b\u00e1sica de compra, Garc\u00eda Magarzo ha explicado que los precios de la alimentaci\u00f3n &#8220;subieron mucho m\u00e1s tarde que el IPC porque la competencia hizo que los m\u00e1rgenes de toda la cadana soportara un incremento de costes muy importante&#8221;. &#8220;La buena noticia es que esos factores que tensaban al alza los precios est\u00e1n bajando&#8221;, ha recordado.<\/p>\n<p>   Por otro lado, ha lamentado que se hable de oligopolio en el sector de la distribuci\u00f3n. &#8220;No solo no lo hay, sino que la competencia es mucho mayor que en otros pa\u00edses europeos, gracias a que hay una menor concentraci\u00f3n y m\u00e1s empresas entre las que elegir. En Espa\u00f1a, tenemos cadenas regionales, que tienen un peso importante, de \u00e1mbito nacional e internacionales, y el 40% del comercio de productos frescos en manos del comercio tradicional y mercados&#8221;, ha explicado.<\/p>\n<p>   &#8220;El sector est\u00e1 muy repartido y en ning\u00fan caso se puede hablar de  oligopolios. Las autoridades de Competencia han explicado que aqu\u00ed hay m\u00e1s competencia y eso permite una capacidad de elecci\u00f3n de los consumidores y asegura que los precios se forman de una manera eficiente&#8221;, ha recalcado.<\/p>\n<p>   Por eso, el director general de Asedas ha recordado que en Espa\u00f1a lo que existe es un &#8220;grave problema de costes&#8221; y que \u00e9sta es la &#8220;misma cadena alimentaria que ha mantenido los precios de la alimentaci\u00f3n estables en los \u00faltimos 20 a\u00f1os&#8221;.<\/p>\n","protected":false},"excerpt":{"rendered":"<p>Los supermercados consideran &#8220;inaplicable&#8221; la medida propuesta por la vicepresidenta segunda del Gobierno y ministra de Trabajo, Yolanda D\u00edaz, de aplicar la Ley del Comercio Minorista para fijar los precios de los productos de alimentaci\u00f3n, ya que creen que ser\u00eda &#8220;muy mala&#8221; para el sector productor. &#8220;Es una idea que est\u00e1 encima de la mesa [&hellip;]<\/p>\n","protected":false},"author":277,"featured_media":175917,"comment_status":"close","ping_status":"","sticky":false,"template":"single-feature.php","format":"standard","meta":{"_acf_changed":false,"footnotes":""},"categories":[15645],"tags":[],"class_list":["post-175915","post","type-post","status-publish","format-standard","has-post-thumbnail","hentry","category-ultima-hora","cat-15645-id"],"acf":[],"yoast_head":"<!-- This site is optimized with the Yoast SEO plugin v27.4 - https:\/\/yoast.com\/product\/yoast-seo-wordpress\/ -->\n<title>Econom\u00eda.- Los supermercados consideran &quot;inaplicable&quot; la medida propuesta de D\u00edaz de topar los precios de alimentaci\u00f3n - Tapas<\/title>\n<meta name=\"description\" content=\"Los supermercados consideran &quot;inaplicable&quot; la medida propuesta por la vicepresidenta segunda del Gobierno y ministra de Trabajo, Yolanda D\u00edaz, de aplicar\" \/>\n<meta name=\"robots\" content=\"index, follow, max-snippet:-1, max-image-preview:large, max-video-preview:-1\" \/>\n<link rel=\"canonical\" href=\"https:\/\/www.tapasmagazine.es\/en\/economia-los-supermercados-consideran-inaplicable-la-medida-propuesta-de-diaz-de-topar-los-precios-de-alimentacion\/\" \/>\n<meta property=\"og:locale\" content=\"en_US\" \/>\n<meta property=\"og:type\" content=\"article\" \/>\n<meta property=\"og:title\" content=\"Econom\u00eda.- Los supermercados consideran &quot;inaplicable&quot; la medida propuesta de D\u00edaz de topar los precios de alimentaci\u00f3n - Tapas\" \/>\n<meta property=\"og:description\" content=\"Los supermercados consideran &quot;inaplicable&quot; la medida propuesta por la vicepresidenta segunda del Gobierno y ministra de Trabajo, Yolanda D\u00edaz, de aplicar\" \/>\n<meta property=\"og:url\" content=\"https:\/\/www.tapasmagazine.es\/en\/economia-los-supermercados-consideran-inaplicable-la-medida-propuesta-de-diaz-de-topar-los-precios-de-alimentacion\/\" \/>\n<meta property=\"og:site_name\" content=\"Tapas\" \/>\n<meta property=\"article:publisher\" content=\"https:\/\/www.facebook.com\/tapasmagazine\" \/>\n<meta property=\"article:published_time\" content=\"2023-02-22T10:28:24+00:00\" \/>\n<meta property=\"article:modified_time\" content=\"2023-02-22T10:41:58+00:00\" \/>\n<meta property=\"og:image\" content=\"https:\/\/www.tapasmagazine.es\/wp-content\/uploads\/2023\/02\/fotonoticia_20230222112824_9999-scaled.jpg\" \/>\n\t<meta property=\"og:image:width\" content=\"2560\" \/>\n\t<meta property=\"og:image:height\" content=\"1707\" \/>\n\t<meta property=\"og:image:type\" content=\"image\/jpeg\" \/>\n<meta name=\"author\" content=\"Tapas \/ EP\" \/>\n<meta name=\"twitter:card\" content=\"summary_large_image\" \/>\n<meta name=\"twitter:creator\" content=\"@TapasMagazine\" \/>\n<meta name=\"twitter:site\" content=\"@TapasMagazine\" \/>\n<meta name=\"twitter:label1\" content=\"Written by\" \/>\n\t<meta name=\"twitter:data1\" content=\"Tapas \/ EP\" \/>\n\t<meta name=\"twitter:label2\" content=\"Est. reading time\" \/>\n\t<meta name=\"twitter:data2\" content=\"2 minutes\" \/>\n<script type=\"application\/ld+json\" class=\"yoast-schema-graph\">{\"@context\":\"https:\\\/\\\/schema.org\",\"@graph\":[{\"@type\":\"Article\",\"@id\":\"https:\\\/\\\/www.tapasmagazine.es\\\/en\\\/economia-los-supermercados-consideran-inaplicable-la-medida-propuesta-de-diaz-de-topar-los-precios-de-alimentacion\\\/#article\",\"isPartOf\":{\"@id\":\"https:\\\/\\\/www.tapasmagazine.es\\\/en\\\/economia-los-supermercados-consideran-inaplicable-la-medida-propuesta-de-diaz-de-topar-los-precios-de-alimentacion\\\/\"},\"author\":{\"name\":\"Tapas \\\/ EP\",\"@id\":\"https:\\\/\\\/www.tapasmagazine.es\\\/#\\\/schema\\\/person\\\/dddb3bce6f98f2124c204b901d74a14b\"},\"headline\":\"Econom\u00eda.- Los supermercados consideran &#8220;inaplicable&#8221; la medida propuesta de D\u00edaz de topar los precios de alimentaci\u00f3n\",\"datePublished\":\"2023-02-22T10:28:24+00:00\",\"dateModified\":\"2023-02-22T10:41:58+00:00\",\"mainEntityOfPage\":{\"@id\":\"https:\\\/\\\/www.tapasmagazine.es\\\/en\\\/economia-los-supermercados-consideran-inaplicable-la-medida-propuesta-de-diaz-de-topar-los-precios-de-alimentacion\\\/\"},\"wordCount\":482,\"publisher\":{\"@id\":\"https:\\\/\\\/www.tapasmagazine.es\\\/#organization\"},\"image\":{\"@id\":\"https:\\\/\\\/www.tapasmagazine.es\\\/en\\\/economia-los-supermercados-consideran-inaplicable-la-medida-propuesta-de-diaz-de-topar-los-precios-de-alimentacion\\\/#primaryimage\"},\"thumbnailUrl\":\"https:\\\/\\\/www.tapasmagazine.es\\\/wp-content\\\/uploads\\\/2023\\\/02\\\/fotonoticia_20230222112824_9999-scaled.jpg\",\"articleSection\":[\"\u00daltima hora\"],\"inLanguage\":\"en-US\"},{\"@type\":\"WebPage\",\"@id\":\"https:\\\/\\\/www.tapasmagazine.es\\\/en\\\/economia-los-supermercados-consideran-inaplicable-la-medida-propuesta-de-diaz-de-topar-los-precios-de-alimentacion\\\/\",\"url\":\"https:\\\/\\\/www.tapasmagazine.es\\\/en\\\/economia-los-supermercados-consideran-inaplicable-la-medida-propuesta-de-diaz-de-topar-los-precios-de-alimentacion\\\/\",\"name\":\"Econom\u00eda.- Los supermercados consideran \\\"inaplicable\\\" la medida propuesta de D\u00edaz de topar los precios de alimentaci\u00f3n - Tapas\",\"isPartOf\":{\"@id\":\"https:\\\/\\\/www.tapasmagazine.es\\\/#website\"},\"primaryImageOfPage\":{\"@id\":\"https:\\\/\\\/www.tapasmagazine.es\\\/en\\\/economia-los-supermercados-consideran-inaplicable-la-medida-propuesta-de-diaz-de-topar-los-precios-de-alimentacion\\\/#primaryimage\"},\"image\":{\"@id\":\"https:\\\/\\\/www.tapasmagazine.es\\\/en\\\/economia-los-supermercados-consideran-inaplicable-la-medida-propuesta-de-diaz-de-topar-los-precios-de-alimentacion\\\/#primaryimage\"},\"thumbnailUrl\":\"https:\\\/\\\/www.tapasmagazine.es\\\/wp-content\\\/uploads\\\/2023\\\/02\\\/fotonoticia_20230222112824_9999-scaled.jpg\",\"datePublished\":\"2023-02-22T10:28:24+00:00\",\"dateModified\":\"2023-02-22T10:41:58+00:00\",\"description\":\"Los supermercados consideran \\\"inaplicable\\\" la medida propuesta por la vicepresidenta segunda del Gobierno y ministra de Trabajo, Yolanda D\u00edaz, de aplicar\",\"breadcrumb\":{\"@id\":\"https:\\\/\\\/www.tapasmagazine.es\\\/en\\\/economia-los-supermercados-consideran-inaplicable-la-medida-propuesta-de-diaz-de-topar-los-precios-de-alimentacion\\\/#breadcrumb\"},\"inLanguage\":\"en-US\",\"potentialAction\":[{\"@type\":\"ReadAction\",\"target\":[\"https:\\\/\\\/www.tapasmagazine.es\\\/en\\\/economia-los-supermercados-consideran-inaplicable-la-medida-propuesta-de-diaz-de-topar-los-precios-de-alimentacion\\\/\"]}]},{\"@type\":\"ImageObject\",\"inLanguage\":\"en-US\",\"@id\":\"https:\\\/\\\/www.tapasmagazine.es\\\/en\\\/economia-los-supermercados-consideran-inaplicable-la-medida-propuesta-de-diaz-de-topar-los-precios-de-alimentacion\\\/#primaryimage\",\"url\":\"https:\\\/\\\/www.tapasmagazine.es\\\/wp-content\\\/uploads\\\/2023\\\/02\\\/fotonoticia_20230222112824_9999-scaled.jpg\",\"contentUrl\":\"https:\\\/\\\/www.tapasmagazine.es\\\/wp-content\\\/uploads\\\/2023\\\/02\\\/fotonoticia_20230222112824_9999-scaled.jpg\",\"width\":2560,\"height\":1707},{\"@type\":\"BreadcrumbList\",\"@id\":\"https:\\\/\\\/www.tapasmagazine.es\\\/en\\\/economia-los-supermercados-consideran-inaplicable-la-medida-propuesta-de-diaz-de-topar-los-precios-de-alimentacion\\\/#breadcrumb\",\"itemListElement\":[{\"@type\":\"ListItem\",\"position\":1,\"name\":\"Portada\",\"item\":\"https:\\\/\\\/www.tapasmagazine.es\\\/\"},{\"@type\":\"ListItem\",\"position\":2,\"name\":\"Sin categorizar\",\"item\":\"https:\\\/\\\/www.tapasmagazine.es\\\/categorias\\\/sin-categorizar\\\/\"},{\"@type\":\"ListItem\",\"position\":3,\"name\":\"Econom\u00eda.- Los supermercados consideran \u00abinaplicable\u00bb la medida propuesta de D\u00edaz de topar los precios de alimentaci\u00f3n\"}]},{\"@type\":\"WebSite\",\"@id\":\"https:\\\/\\\/www.tapasmagazine.es\\\/#website\",\"url\":\"https:\\\/\\\/www.tapasmagazine.es\\\/\",\"name\":\"Tapas\",\"description\":\"\u00d1am \u00d1am Lifestyle. La vida a bocados. Premio Nacional de Gastronom\u00eda 2016.\",\"publisher\":{\"@id\":\"https:\\\/\\\/www.tapasmagazine.es\\\/#organization\"},\"potentialAction\":[{\"@type\":\"SearchAction\",\"target\":{\"@type\":\"EntryPoint\",\"urlTemplate\":\"https:\\\/\\\/www.tapasmagazine.es\\\/?s={search_term_string}\"},\"query-input\":{\"@type\":\"PropertyValueSpecification\",\"valueRequired\":true,\"valueName\":\"search_term_string\"}}],\"inLanguage\":\"en-US\"},{\"@type\":\"Organization\",\"@id\":\"https:\\\/\\\/www.tapasmagazine.es\\\/#organization\",\"name\":\"Tapas Magazine\",\"url\":\"https:\\\/\\\/www.tapasmagazine.es\\\/\",\"logo\":{\"@type\":\"ImageObject\",\"inLanguage\":\"en-US\",\"@id\":\"https:\\\/\\\/www.tapasmagazine.es\\\/#\\\/schema\\\/logo\\\/image\\\/\",\"url\":\"https:\\\/\\\/www.tapasmagazine.es\\\/wp-content\\\/uploads\\\/2018\\\/01\\\/logo.png\",\"contentUrl\":\"https:\\\/\\\/www.tapasmagazine.es\\\/wp-content\\\/uploads\\\/2018\\\/01\\\/logo.png\",\"width\":180,\"height\":60,\"caption\":\"Tapas Magazine\"},\"image\":{\"@id\":\"https:\\\/\\\/www.tapasmagazine.es\\\/#\\\/schema\\\/logo\\\/image\\\/\"},\"sameAs\":[\"https:\\\/\\\/www.facebook.com\\\/tapasmagazine\",\"https:\\\/\\\/x.com\\\/TapasMagazine\",\"https:\\\/\\\/www.instagram.com\\\/tapasmagazine\\\/\",\"https:\\\/\\\/www.linkedin.com\\\/company\\\/tapas-magazine\",\"https:\\\/\\\/es.pinterest.com\\\/tapasmagazine\\\/\",\"https:\\\/\\\/www.youtube.com\\\/channel\\\/UCEyxneAaACuR0lfDagrWjjg?sub_confirmation=1\"]},{\"@type\":\"Person\",\"@id\":\"https:\\\/\\\/www.tapasmagazine.es\\\/#\\\/schema\\\/person\\\/dddb3bce6f98f2124c204b901d74a14b\",\"name\":\"Tapas \\\/ EP\",\"url\":\"https:\\\/\\\/www.tapasmagazine.es\\\/en\\\/author\\\/tapasep\\\/\"}]}<\/script>\n<!-- \/ Yoast SEO plugin. -->","yoast_head_json":{"title":"Econom\u00eda.- Los supermercados consideran \"inaplicable\" la medida propuesta de D\u00edaz de topar los precios de alimentaci\u00f3n - Tapas","description":"Los supermercados consideran \"inaplicable\" la medida propuesta por la vicepresidenta segunda del Gobierno y ministra de Trabajo, Yolanda D\u00edaz, de aplicar","robots":{"index":"index","follow":"follow","max-snippet":"max-snippet:-1","max-image-preview":"max-image-preview:large","max-video-preview":"max-video-preview:-1"},"canonical":"https:\/\/www.tapasmagazine.es\/en\/economia-los-supermercados-consideran-inaplicable-la-medida-propuesta-de-diaz-de-topar-los-precios-de-alimentacion\/","og_locale":"en_US","og_type":"article","og_title":"Econom\u00eda.- Los supermercados consideran \"inaplicable\" la medida propuesta de D\u00edaz de topar los precios de alimentaci\u00f3n - Tapas","og_description":"Los supermercados consideran \"inaplicable\" la medida propuesta por la vicepresidenta segunda del Gobierno y ministra de Trabajo, Yolanda D\u00edaz, de aplicar","og_url":"https:\/\/www.tapasmagazine.es\/en\/economia-los-supermercados-consideran-inaplicable-la-medida-propuesta-de-diaz-de-topar-los-precios-de-alimentacion\/","og_site_name":"Tapas","article_publisher":"https:\/\/www.facebook.com\/tapasmagazine","article_published_time":"2023-02-22T10:28:24+00:00","article_modified_time":"2023-02-22T10:41:58+00:00","og_image":[{"width":2560,"height":1707,"url":"https:\/\/www.tapasmagazine.es\/wp-content\/uploads\/2023\/02\/fotonoticia_20230222112824_9999-scaled.jpg","type":"image\/jpeg"}],"author":"Tapas \/ EP","twitter_card":"summary_large_image","twitter_creator":"@TapasMagazine","twitter_site":"@TapasMagazine","twitter_misc":{"Written by":"Tapas \/ EP","Est. reading time":"2 minutes"},"schema":{"@context":"https:\/\/schema.org","@graph":[{"@type":"Article","@id":"https:\/\/www.tapasmagazine.es\/en\/economia-los-supermercados-consideran-inaplicable-la-medida-propuesta-de-diaz-de-topar-los-precios-de-alimentacion\/#article","isPartOf":{"@id":"https:\/\/www.tapasmagazine.es\/en\/economia-los-supermercados-consideran-inaplicable-la-medida-propuesta-de-diaz-de-topar-los-precios-de-alimentacion\/"},"author":{"name":"Tapas \/ EP","@id":"https:\/\/www.tapasmagazine.es\/#\/schema\/person\/dddb3bce6f98f2124c204b901d74a14b"},"headline":"Econom\u00eda.- Los supermercados consideran &#8220;inaplicable&#8221; la medida propuesta de D\u00edaz de topar los precios de alimentaci\u00f3n","datePublished":"2023-02-22T10:28:24+00:00","dateModified":"2023-02-22T10:41:58+00:00","mainEntityOfPage":{"@id":"https:\/\/www.tapasmagazine.es\/en\/economia-los-supermercados-consideran-inaplicable-la-medida-propuesta-de-diaz-de-topar-los-precios-de-alimentacion\/"},"wordCount":482,"publisher":{"@id":"https:\/\/www.tapasmagazine.es\/#organization"},"image":{"@id":"https:\/\/www.tapasmagazine.es\/en\/economia-los-supermercados-consideran-inaplicable-la-medida-propuesta-de-diaz-de-topar-los-precios-de-alimentacion\/#primaryimage"},"thumbnailUrl":"https:\/\/www.tapasmagazine.es\/wp-content\/uploads\/2023\/02\/fotonoticia_20230222112824_9999-scaled.jpg","articleSection":["\u00daltima hora"],"inLanguage":"en-US"},{"@type":"WebPage","@id":"https:\/\/www.tapasmagazine.es\/en\/economia-los-supermercados-consideran-inaplicable-la-medida-propuesta-de-diaz-de-topar-los-precios-de-alimentacion\/","url":"https:\/\/www.tapasmagazine.es\/en\/economia-los-supermercados-consideran-inaplicable-la-medida-propuesta-de-diaz-de-topar-los-precios-de-alimentacion\/","name":"Econom\u00eda.- Los supermercados consideran \"inaplicable\" la medida propuesta de D\u00edaz de topar los precios de alimentaci\u00f3n - Tapas","isPartOf":{"@id":"https:\/\/www.tapasmagazine.es\/#website"},"primaryImageOfPage":{"@id":"https:\/\/www.tapasmagazine.es\/en\/economia-los-supermercados-consideran-inaplicable-la-medida-propuesta-de-diaz-de-topar-los-precios-de-alimentacion\/#primaryimage"},"image":{"@id":"https:\/\/www.tapasmagazine.es\/en\/economia-los-supermercados-consideran-inaplicable-la-medida-propuesta-de-diaz-de-topar-los-precios-de-alimentacion\/#primaryimage"},"thumbnailUrl":"https:\/\/www.tapasmagazine.es\/wp-content\/uploads\/2023\/02\/fotonoticia_20230222112824_9999-scaled.jpg","datePublished":"2023-02-22T10:28:24+00:00","dateModified":"2023-02-22T10:41:58+00:00","description":"Los supermercados consideran \"inaplicable\" la medida propuesta por la vicepresidenta segunda del Gobierno y ministra de Trabajo, Yolanda D\u00edaz, de aplicar","breadcrumb":{"@id":"https:\/\/www.tapasmagazine.es\/en\/economia-los-supermercados-consideran-inaplicable-la-medida-propuesta-de-diaz-de-topar-los-precios-de-alimentacion\/#breadcrumb"},"inLanguage":"en-US","potentialAction":[{"@type":"ReadAction","target":["https:\/\/www.tapasmagazine.es\/en\/economia-los-supermercados-consideran-inaplicable-la-medida-propuesta-de-diaz-de-topar-los-precios-de-alimentacion\/"]}]},{"@type":"ImageObject","inLanguage":"en-US","@id":"https:\/\/www.tapasmagazine.es\/en\/economia-los-supermercados-consideran-inaplicable-la-medida-propuesta-de-diaz-de-topar-los-precios-de-alimentacion\/#primaryimage","url":"https:\/\/www.tapasmagazine.es\/wp-content\/uploads\/2023\/02\/fotonoticia_20230222112824_9999-scaled.jpg","contentUrl":"https:\/\/www.tapasmagazine.es\/wp-content\/uploads\/2023\/02\/fotonoticia_20230222112824_9999-scaled.jpg","width":2560,"height":1707},{"@type":"BreadcrumbList","@id":"https:\/\/www.tapasmagazine.es\/en\/economia-los-supermercados-consideran-inaplicable-la-medida-propuesta-de-diaz-de-topar-los-precios-de-alimentacion\/#breadcrumb","itemListElement":[{"@type":"ListItem","position":1,"name":"Portada","item":"https:\/\/www.tapasmagazine.es\/"},{"@type":"ListItem","position":2,"name":"Sin categorizar","item":"https:\/\/www.tapasmagazine.es\/categorias\/sin-categorizar\/"},{"@type":"ListItem","position":3,"name":"Econom\u00eda.- Los supermercados consideran \u00abinaplicable\u00bb la medida propuesta de D\u00edaz de topar los precios de alimentaci\u00f3n"}]},{"@type":"WebSite","@id":"https:\/\/www.tapasmagazine.es\/#website","url":"https:\/\/www.tapasmagazine.es\/","name":"Tapas","description":"\u00d1am \u00d1am Lifestyle. La vida a bocados. Premio Nacional de Gastronom\u00eda 2016.","publisher":{"@id":"https:\/\/www.tapasmagazine.es\/#organization"},"potentialAction":[{"@type":"SearchAction","target":{"@type":"EntryPoint","urlTemplate":"https:\/\/www.tapasmagazine.es\/?s={search_term_string}"},"query-input":{"@type":"PropertyValueSpecification","valueRequired":true,"valueName":"search_term_string"}}],"inLanguage":"en-US"},{"@type":"Organization","@id":"https:\/\/www.tapasmagazine.es\/#organization","name":"Tapas Magazine","url":"https:\/\/www.tapasmagazine.es\/","logo":{"@type":"ImageObject","inLanguage":"en-US","@id":"https:\/\/www.tapasmagazine.es\/#\/schema\/logo\/image\/","url":"https:\/\/www.tapasmagazine.es\/wp-content\/uploads\/2018\/01\/logo.png","contentUrl":"https:\/\/www.tapasmagazine.es\/wp-content\/uploads\/2018\/01\/logo.png","width":180,"height":60,"caption":"Tapas Magazine"},"image":{"@id":"https:\/\/www.tapasmagazine.es\/#\/schema\/logo\/image\/"},"sameAs":["https:\/\/www.facebook.com\/tapasmagazine","https:\/\/x.com\/TapasMagazine","https:\/\/www.instagram.com\/tapasmagazine\/","https:\/\/www.linkedin.com\/company\/tapas-magazine","https:\/\/es.pinterest.com\/tapasmagazine\/","https:\/\/www.youtube.com\/channel\/UCEyxneAaACuR0lfDagrWjjg?sub_confirmation=1"]},{"@type":"Person","@id":"https:\/\/www.tapasmagazine.es\/#\/schema\/person\/dddb3bce6f98f2124c204b901d74a14b","name":"Tapas \/ EP","url":"https:\/\/www.tapasmagazine.es\/en\/author\/tapasep\/"}]}},"_links":{"self":[{"href":"https:\/\/www.tapasmagazine.es\/en\/wp-json\/wp\/v2\/posts\/175915","targetHints":{"allow":["GET"]}}],"collection":[{"href":"https:\/\/www.tapasmagazine.es\/en\/wp-json\/wp\/v2\/posts"}],"about":[{"href":"https:\/\/www.tapasmagazine.es\/en\/wp-json\/wp\/v2\/types\/post"}],"author":[{"embeddable":true,"href":"https:\/\/www.tapasmagazine.es\/en\/wp-json\/wp\/v2\/users\/277"}],"replies":[{"embeddable":true,"href":"https:\/\/www.tapasmagazine.es\/en\/wp-json\/wp\/v2\/comments?post=175915"}],"version-history":[{"count":1,"href":"https:\/\/www.tapasmagazine.es\/en\/wp-json\/wp\/v2\/posts\/175915\/revisions"}],"predecessor-version":[{"id":175916,"href":"https:\/\/www.tapasmagazine.es\/en\/wp-json\/wp\/v2\/posts\/175915\/revisions\/175916"}],"wp:featuredmedia":[{"embeddable":true,"href":"https:\/\/www.tapasmagazine.es\/en\/wp-json\/wp\/v2\/media\/175917"}],"wp:attachment":[{"href":"https:\/\/www.tapasmagazine.es\/en\/wp-json\/wp\/v2\/media?parent=175915"}],"wp:term":[{"taxonomy":"category","embeddable":true,"href":"https:\/\/www.tapasmagazine.es\/en\/wp-json\/wp\/v2\/categories?post=175915"},{"taxonomy":"post_tag","embeddable":true,"href":"https:\/\/www.tapasmagazine.es\/en\/wp-json\/wp\/v2\/tags?post=175915"}],"curies":[{"name":"wp","href":"https:\/\/api.w.org\/{rel}","templated":true}]}}