{"id":175911,"date":"2023-02-22T11:37:49","date_gmt":"2023-02-22T10:37:49","guid":{"rendered":"https:\/\/www.tapasmagazine.es\/?p=175911"},"modified":"2023-02-22T11:41:55","modified_gmt":"2023-02-22T10:41:55","slug":"economia-el-comercio-de-ferreteria-y-bricolaje-crecio-un-106-en-2022-segun-aecoc","status":"publish","type":"post","link":"https:\/\/www.tapasmagazine.es\/en\/economia-el-comercio-de-ferreteria-y-bricolaje-crecio-un-106-en-2022-segun-aecoc\/","title":{"rendered":"Econom\u00eda.- El comercio de ferreter\u00eda y bricolaje creci\u00f3 un 10,6% en 2022, seg\u00fan Aecoc"},"content":{"rendered":"<p>La distribuci\u00f3n de la ferreter\u00eda y el bricolaje mantiene la buena senda iniciada tras la pandemia en t\u00e9rminos de venta y cerr\u00f3 el a\u00f1o 2022 con un crecimiento del 10,6% en su facturaci\u00f3n.<\/p>\n<p>   As\u00ed lo reflejan los datos del bar\u00f3metro sectorial de Aecoc, que indican que las grandes superficies especializadas registraron un incremento del 11,5% en su facturaci\u00f3n, mientras que los establecimientos tradicionales crecieron un 5,9%.<\/p>\n<p>   El bar\u00f3metro tambi\u00e9n muestra la buena evoluci\u00f3n desde el tercer trimestre de 2020, cuando se termin\u00f3 el cierre de los comercios decretado al inicio de la pandemia. Desde entonces, el sector registra un crecimiento cercano al doble d\u00edgito trimestre tras trimestre.<\/p>\n<p>   A pesar de las buenas cifras de facturaci\u00f3n, el contexto de crecimiento de los costes y contenci\u00f3n del consumo genera dudas sobre la evoluci\u00f3n del sector.<\/p>\n<p>   &#8220;La distribuci\u00f3n de la ferreter\u00eda y el bricolaje ha mostrado su resiliencia ante situaciones dif\u00edciles, como la crisis sanitaria o el actual escenario inflacionista.  Ahora, la ca\u00edda del ahorro de los hogares junto a la variabilidad de los costes de producci\u00f3n y el descenso en la concesi\u00f3n de hipotecas, con el efecto negativo que tiene en las reformas, son fuentes de incertidumbre sobre el futuro inmediato del sector&#8221;, ha explicado el presidente del Comit\u00e9 de Ferreter\u00eda y Bricolaje de Aecoc, Jaime Mendoza.<\/p>\n<p>   En su an\u00e1lisis de los resultados, el comit\u00e9 de AECOC considera el mantenimiento de los vol\u00famenes de compra como uno de los principales retos del sector.<\/p>\n<p>   A pesar del contexto de incertidumbre, Mendoza valora el posicionamiento logrado por la ferreter\u00eda y el bricolaje en los \u00faltimos a\u00f1os.<\/p>\n<p>   &#8220;Desde el inicio de la pandemia hemos estado al lado del consumidor en el proceso de mejorar sus hogares para trabajar, crear sus espacios de ocio y, en general, pasar m\u00e1s tiempo en casa. En este tiempo hemos demostrado que somos un sector esencial&#8221;, ha indicado.<\/p>\n","protected":false},"excerpt":{"rendered":"<p>La distribuci\u00f3n de la ferreter\u00eda y el bricolaje mantiene la buena senda iniciada tras la pandemia en t\u00e9rminos de venta y cerr\u00f3 el a\u00f1o 2022 con un crecimiento del 10,6% en su facturaci\u00f3n. As\u00ed lo reflejan los datos del bar\u00f3metro sectorial de Aecoc, que indican que las grandes superficies especializadas registraron un incremento del 11,5% [&hellip;]<\/p>\n","protected":false},"author":277,"featured_media":175913,"comment_status":"close","ping_status":"","sticky":false,"template":"single-feature.php","format":"standard","meta":{"_acf_changed":false,"footnotes":""},"categories":[15645],"tags":[],"class_list":["post-175911","post","type-post","status-publish","format-standard","has-post-thumbnail","hentry","category-ultima-hora","cat-15645-id"],"acf":[],"yoast_head":"<!-- This site is optimized with the Yoast SEO plugin v27.5 - https:\/\/yoast.com\/product\/yoast-seo-wordpress\/ -->\n<title>Econom\u00eda.- El comercio de ferreter\u00eda y bricolaje creci\u00f3 un 10,6% en 2022, seg\u00fan Aecoc - Tapas<\/title>\n<meta name=\"description\" content=\"La distribuci\u00f3n de la ferreter\u00eda y el bricolaje mantiene la buena senda iniciada tras la pandemia en t\u00e9rminos de venta y cerr\u00f3 el a\u00f1o 2022 con un\" \/>\n<meta name=\"robots\" content=\"index, follow, max-snippet:-1, max-image-preview:large, max-video-preview:-1\" \/>\n<link rel=\"canonical\" href=\"https:\/\/www.tapasmagazine.es\/en\/economia-el-comercio-de-ferreteria-y-bricolaje-crecio-un-106-en-2022-segun-aecoc\/\" \/>\n<meta property=\"og:locale\" content=\"en_US\" \/>\n<meta property=\"og:type\" content=\"article\" \/>\n<meta property=\"og:title\" content=\"Econom\u00eda.- El comercio de ferreter\u00eda y bricolaje creci\u00f3 un 10,6% en 2022, seg\u00fan Aecoc - Tapas\" \/>\n<meta property=\"og:description\" content=\"La distribuci\u00f3n de la ferreter\u00eda y el bricolaje mantiene la buena senda iniciada tras la pandemia en t\u00e9rminos de venta y cerr\u00f3 el a\u00f1o 2022 con un\" \/>\n<meta property=\"og:url\" content=\"https:\/\/www.tapasmagazine.es\/en\/economia-el-comercio-de-ferreteria-y-bricolaje-crecio-un-106-en-2022-segun-aecoc\/\" \/>\n<meta property=\"og:site_name\" content=\"Tapas\" \/>\n<meta property=\"article:publisher\" content=\"https:\/\/www.facebook.com\/tapasmagazine\" \/>\n<meta property=\"article:published_time\" content=\"2023-02-22T10:37:49+00:00\" \/>\n<meta property=\"article:modified_time\" content=\"2023-02-22T10:41:55+00:00\" \/>\n<meta property=\"og:image\" content=\"https:\/\/www.tapasmagazine.es\/wp-content\/uploads\/2023\/02\/fotonoticia_20230222113749_9999.jpg\" \/>\n\t<meta property=\"og:image:width\" content=\"1024\" \/>\n\t<meta property=\"og:image:height\" content=\"678\" \/>\n\t<meta property=\"og:image:type\" content=\"image\/jpeg\" \/>\n<meta name=\"author\" content=\"Tapas \/ EP\" \/>\n<meta name=\"twitter:card\" content=\"summary_large_image\" \/>\n<meta name=\"twitter:creator\" content=\"@TapasMagazine\" \/>\n<meta name=\"twitter:site\" content=\"@TapasMagazine\" \/>\n<meta name=\"twitter:label1\" content=\"Written by\" \/>\n\t<meta name=\"twitter:data1\" content=\"Tapas \/ EP\" \/>\n\t<meta name=\"twitter:label2\" content=\"Est. reading time\" \/>\n\t<meta name=\"twitter:data2\" content=\"2 minutes\" \/>\n<script type=\"application\/ld+json\" class=\"yoast-schema-graph\">{\"@context\":\"https:\\\/\\\/schema.org\",\"@graph\":[{\"@type\":\"Article\",\"@id\":\"https:\\\/\\\/www.tapasmagazine.es\\\/en\\\/economia-el-comercio-de-ferreteria-y-bricolaje-crecio-un-106-en-2022-segun-aecoc\\\/#article\",\"isPartOf\":{\"@id\":\"https:\\\/\\\/www.tapasmagazine.es\\\/en\\\/economia-el-comercio-de-ferreteria-y-bricolaje-crecio-un-106-en-2022-segun-aecoc\\\/\"},\"author\":{\"name\":\"Tapas \\\/ EP\",\"@id\":\"https:\\\/\\\/www.tapasmagazine.es\\\/#\\\/schema\\\/person\\\/dddb3bce6f98f2124c204b901d74a14b\"},\"headline\":\"Econom\u00eda.- El comercio de ferreter\u00eda y bricolaje creci\u00f3 un 10,6% en 2022, seg\u00fan Aecoc\",\"datePublished\":\"2023-02-22T10:37:49+00:00\",\"dateModified\":\"2023-02-22T10:41:55+00:00\",\"mainEntityOfPage\":{\"@id\":\"https:\\\/\\\/www.tapasmagazine.es\\\/en\\\/economia-el-comercio-de-ferreteria-y-bricolaje-crecio-un-106-en-2022-segun-aecoc\\\/\"},\"wordCount\":345,\"publisher\":{\"@id\":\"https:\\\/\\\/www.tapasmagazine.es\\\/#organization\"},\"image\":{\"@id\":\"https:\\\/\\\/www.tapasmagazine.es\\\/en\\\/economia-el-comercio-de-ferreteria-y-bricolaje-crecio-un-106-en-2022-segun-aecoc\\\/#primaryimage\"},\"thumbnailUrl\":\"https:\\\/\\\/www.tapasmagazine.es\\\/wp-content\\\/uploads\\\/2023\\\/02\\\/fotonoticia_20230222113749_9999.jpg\",\"articleSection\":[\"\u00daltima hora\"],\"inLanguage\":\"en-US\"},{\"@type\":\"WebPage\",\"@id\":\"https:\\\/\\\/www.tapasmagazine.es\\\/en\\\/economia-el-comercio-de-ferreteria-y-bricolaje-crecio-un-106-en-2022-segun-aecoc\\\/\",\"url\":\"https:\\\/\\\/www.tapasmagazine.es\\\/en\\\/economia-el-comercio-de-ferreteria-y-bricolaje-crecio-un-106-en-2022-segun-aecoc\\\/\",\"name\":\"Econom\u00eda.- El comercio de ferreter\u00eda y bricolaje creci\u00f3 un 10,6% en 2022, seg\u00fan Aecoc - Tapas\",\"isPartOf\":{\"@id\":\"https:\\\/\\\/www.tapasmagazine.es\\\/#website\"},\"primaryImageOfPage\":{\"@id\":\"https:\\\/\\\/www.tapasmagazine.es\\\/en\\\/economia-el-comercio-de-ferreteria-y-bricolaje-crecio-un-106-en-2022-segun-aecoc\\\/#primaryimage\"},\"image\":{\"@id\":\"https:\\\/\\\/www.tapasmagazine.es\\\/en\\\/economia-el-comercio-de-ferreteria-y-bricolaje-crecio-un-106-en-2022-segun-aecoc\\\/#primaryimage\"},\"thumbnailUrl\":\"https:\\\/\\\/www.tapasmagazine.es\\\/wp-content\\\/uploads\\\/2023\\\/02\\\/fotonoticia_20230222113749_9999.jpg\",\"datePublished\":\"2023-02-22T10:37:49+00:00\",\"dateModified\":\"2023-02-22T10:41:55+00:00\",\"description\":\"La distribuci\u00f3n de la ferreter\u00eda y el bricolaje mantiene la buena senda iniciada tras la pandemia en t\u00e9rminos de venta y cerr\u00f3 el a\u00f1o 2022 con un\",\"breadcrumb\":{\"@id\":\"https:\\\/\\\/www.tapasmagazine.es\\\/en\\\/economia-el-comercio-de-ferreteria-y-bricolaje-crecio-un-106-en-2022-segun-aecoc\\\/#breadcrumb\"},\"inLanguage\":\"en-US\",\"potentialAction\":[{\"@type\":\"ReadAction\",\"target\":[\"https:\\\/\\\/www.tapasmagazine.es\\\/en\\\/economia-el-comercio-de-ferreteria-y-bricolaje-crecio-un-106-en-2022-segun-aecoc\\\/\"]}]},{\"@type\":\"ImageObject\",\"inLanguage\":\"en-US\",\"@id\":\"https:\\\/\\\/www.tapasmagazine.es\\\/en\\\/economia-el-comercio-de-ferreteria-y-bricolaje-crecio-un-106-en-2022-segun-aecoc\\\/#primaryimage\",\"url\":\"https:\\\/\\\/www.tapasmagazine.es\\\/wp-content\\\/uploads\\\/2023\\\/02\\\/fotonoticia_20230222113749_9999.jpg\",\"contentUrl\":\"https:\\\/\\\/www.tapasmagazine.es\\\/wp-content\\\/uploads\\\/2023\\\/02\\\/fotonoticia_20230222113749_9999.jpg\",\"width\":1024,\"height\":678},{\"@type\":\"BreadcrumbList\",\"@id\":\"https:\\\/\\\/www.tapasmagazine.es\\\/en\\\/economia-el-comercio-de-ferreteria-y-bricolaje-crecio-un-106-en-2022-segun-aecoc\\\/#breadcrumb\",\"itemListElement\":[{\"@type\":\"ListItem\",\"position\":1,\"name\":\"Portada\",\"item\":\"https:\\\/\\\/www.tapasmagazine.es\\\/\"},{\"@type\":\"ListItem\",\"position\":2,\"name\":\"Sin categorizar\",\"item\":\"https:\\\/\\\/www.tapasmagazine.es\\\/categorias\\\/sin-categorizar\\\/\"},{\"@type\":\"ListItem\",\"position\":3,\"name\":\"Econom\u00eda.- El comercio de ferreter\u00eda y bricolaje creci\u00f3 un 10,6% en 2022, seg\u00fan Aecoc\"}]},{\"@type\":\"WebSite\",\"@id\":\"https:\\\/\\\/www.tapasmagazine.es\\\/#website\",\"url\":\"https:\\\/\\\/www.tapasmagazine.es\\\/\",\"name\":\"Tapas\",\"description\":\"\u00d1am \u00d1am Lifestyle. La vida a bocados. Premio Nacional de Gastronom\u00eda 2016.\",\"publisher\":{\"@id\":\"https:\\\/\\\/www.tapasmagazine.es\\\/#organization\"},\"potentialAction\":[{\"@type\":\"SearchAction\",\"target\":{\"@type\":\"EntryPoint\",\"urlTemplate\":\"https:\\\/\\\/www.tapasmagazine.es\\\/?s={search_term_string}\"},\"query-input\":{\"@type\":\"PropertyValueSpecification\",\"valueRequired\":true,\"valueName\":\"search_term_string\"}}],\"inLanguage\":\"en-US\"},{\"@type\":\"Organization\",\"@id\":\"https:\\\/\\\/www.tapasmagazine.es\\\/#organization\",\"name\":\"Tapas Magazine\",\"url\":\"https:\\\/\\\/www.tapasmagazine.es\\\/\",\"logo\":{\"@type\":\"ImageObject\",\"inLanguage\":\"en-US\",\"@id\":\"https:\\\/\\\/www.tapasmagazine.es\\\/#\\\/schema\\\/logo\\\/image\\\/\",\"url\":\"https:\\\/\\\/www.tapasmagazine.es\\\/wp-content\\\/uploads\\\/2018\\\/01\\\/logo.png\",\"contentUrl\":\"https:\\\/\\\/www.tapasmagazine.es\\\/wp-content\\\/uploads\\\/2018\\\/01\\\/logo.png\",\"width\":180,\"height\":60,\"caption\":\"Tapas Magazine\"},\"image\":{\"@id\":\"https:\\\/\\\/www.tapasmagazine.es\\\/#\\\/schema\\\/logo\\\/image\\\/\"},\"sameAs\":[\"https:\\\/\\\/www.facebook.com\\\/tapasmagazine\",\"https:\\\/\\\/x.com\\\/TapasMagazine\",\"https:\\\/\\\/www.instagram.com\\\/tapasmagazine\\\/\",\"https:\\\/\\\/www.linkedin.com\\\/company\\\/tapas-magazine\",\"https:\\\/\\\/es.pinterest.com\\\/tapasmagazine\\\/\",\"https:\\\/\\\/www.youtube.com\\\/channel\\\/UCEyxneAaACuR0lfDagrWjjg?sub_confirmation=1\"]},{\"@type\":\"Person\",\"@id\":\"https:\\\/\\\/www.tapasmagazine.es\\\/#\\\/schema\\\/person\\\/dddb3bce6f98f2124c204b901d74a14b\",\"name\":\"Tapas \\\/ EP\",\"url\":\"https:\\\/\\\/www.tapasmagazine.es\\\/en\\\/author\\\/tapasep\\\/\"}]}<\/script>\n<!-- \/ Yoast SEO plugin. -->","yoast_head_json":{"title":"Econom\u00eda.- El comercio de ferreter\u00eda y bricolaje creci\u00f3 un 10,6% en 2022, seg\u00fan Aecoc - Tapas","description":"La distribuci\u00f3n de la ferreter\u00eda y el bricolaje mantiene la buena senda iniciada tras la pandemia en t\u00e9rminos de venta y cerr\u00f3 el a\u00f1o 2022 con un","robots":{"index":"index","follow":"follow","max-snippet":"max-snippet:-1","max-image-preview":"max-image-preview:large","max-video-preview":"max-video-preview:-1"},"canonical":"https:\/\/www.tapasmagazine.es\/en\/economia-el-comercio-de-ferreteria-y-bricolaje-crecio-un-106-en-2022-segun-aecoc\/","og_locale":"en_US","og_type":"article","og_title":"Econom\u00eda.- El comercio de ferreter\u00eda y bricolaje creci\u00f3 un 10,6% en 2022, seg\u00fan Aecoc - Tapas","og_description":"La distribuci\u00f3n de la ferreter\u00eda y el bricolaje mantiene la buena senda iniciada tras la pandemia en t\u00e9rminos de venta y cerr\u00f3 el a\u00f1o 2022 con un","og_url":"https:\/\/www.tapasmagazine.es\/en\/economia-el-comercio-de-ferreteria-y-bricolaje-crecio-un-106-en-2022-segun-aecoc\/","og_site_name":"Tapas","article_publisher":"https:\/\/www.facebook.com\/tapasmagazine","article_published_time":"2023-02-22T10:37:49+00:00","article_modified_time":"2023-02-22T10:41:55+00:00","og_image":[{"width":1024,"height":678,"url":"https:\/\/www.tapasmagazine.es\/wp-content\/uploads\/2023\/02\/fotonoticia_20230222113749_9999.jpg","type":"image\/jpeg"}],"author":"Tapas \/ EP","twitter_card":"summary_large_image","twitter_creator":"@TapasMagazine","twitter_site":"@TapasMagazine","twitter_misc":{"Written by":"Tapas \/ EP","Est. reading time":"2 minutes"},"schema":{"@context":"https:\/\/schema.org","@graph":[{"@type":"Article","@id":"https:\/\/www.tapasmagazine.es\/en\/economia-el-comercio-de-ferreteria-y-bricolaje-crecio-un-106-en-2022-segun-aecoc\/#article","isPartOf":{"@id":"https:\/\/www.tapasmagazine.es\/en\/economia-el-comercio-de-ferreteria-y-bricolaje-crecio-un-106-en-2022-segun-aecoc\/"},"author":{"name":"Tapas \/ EP","@id":"https:\/\/www.tapasmagazine.es\/#\/schema\/person\/dddb3bce6f98f2124c204b901d74a14b"},"headline":"Econom\u00eda.- El comercio de ferreter\u00eda y bricolaje creci\u00f3 un 10,6% en 2022, seg\u00fan Aecoc","datePublished":"2023-02-22T10:37:49+00:00","dateModified":"2023-02-22T10:41:55+00:00","mainEntityOfPage":{"@id":"https:\/\/www.tapasmagazine.es\/en\/economia-el-comercio-de-ferreteria-y-bricolaje-crecio-un-106-en-2022-segun-aecoc\/"},"wordCount":345,"publisher":{"@id":"https:\/\/www.tapasmagazine.es\/#organization"},"image":{"@id":"https:\/\/www.tapasmagazine.es\/en\/economia-el-comercio-de-ferreteria-y-bricolaje-crecio-un-106-en-2022-segun-aecoc\/#primaryimage"},"thumbnailUrl":"https:\/\/www.tapasmagazine.es\/wp-content\/uploads\/2023\/02\/fotonoticia_20230222113749_9999.jpg","articleSection":["\u00daltima hora"],"inLanguage":"en-US"},{"@type":"WebPage","@id":"https:\/\/www.tapasmagazine.es\/en\/economia-el-comercio-de-ferreteria-y-bricolaje-crecio-un-106-en-2022-segun-aecoc\/","url":"https:\/\/www.tapasmagazine.es\/en\/economia-el-comercio-de-ferreteria-y-bricolaje-crecio-un-106-en-2022-segun-aecoc\/","name":"Econom\u00eda.- El comercio de ferreter\u00eda y bricolaje creci\u00f3 un 10,6% en 2022, seg\u00fan Aecoc - Tapas","isPartOf":{"@id":"https:\/\/www.tapasmagazine.es\/#website"},"primaryImageOfPage":{"@id":"https:\/\/www.tapasmagazine.es\/en\/economia-el-comercio-de-ferreteria-y-bricolaje-crecio-un-106-en-2022-segun-aecoc\/#primaryimage"},"image":{"@id":"https:\/\/www.tapasmagazine.es\/en\/economia-el-comercio-de-ferreteria-y-bricolaje-crecio-un-106-en-2022-segun-aecoc\/#primaryimage"},"thumbnailUrl":"https:\/\/www.tapasmagazine.es\/wp-content\/uploads\/2023\/02\/fotonoticia_20230222113749_9999.jpg","datePublished":"2023-02-22T10:37:49+00:00","dateModified":"2023-02-22T10:41:55+00:00","description":"La distribuci\u00f3n de la ferreter\u00eda y el bricolaje mantiene la buena senda iniciada tras la pandemia en t\u00e9rminos de venta y cerr\u00f3 el a\u00f1o 2022 con un","breadcrumb":{"@id":"https:\/\/www.tapasmagazine.es\/en\/economia-el-comercio-de-ferreteria-y-bricolaje-crecio-un-106-en-2022-segun-aecoc\/#breadcrumb"},"inLanguage":"en-US","potentialAction":[{"@type":"ReadAction","target":["https:\/\/www.tapasmagazine.es\/en\/economia-el-comercio-de-ferreteria-y-bricolaje-crecio-un-106-en-2022-segun-aecoc\/"]}]},{"@type":"ImageObject","inLanguage":"en-US","@id":"https:\/\/www.tapasmagazine.es\/en\/economia-el-comercio-de-ferreteria-y-bricolaje-crecio-un-106-en-2022-segun-aecoc\/#primaryimage","url":"https:\/\/www.tapasmagazine.es\/wp-content\/uploads\/2023\/02\/fotonoticia_20230222113749_9999.jpg","contentUrl":"https:\/\/www.tapasmagazine.es\/wp-content\/uploads\/2023\/02\/fotonoticia_20230222113749_9999.jpg","width":1024,"height":678},{"@type":"BreadcrumbList","@id":"https:\/\/www.tapasmagazine.es\/en\/economia-el-comercio-de-ferreteria-y-bricolaje-crecio-un-106-en-2022-segun-aecoc\/#breadcrumb","itemListElement":[{"@type":"ListItem","position":1,"name":"Portada","item":"https:\/\/www.tapasmagazine.es\/"},{"@type":"ListItem","position":2,"name":"Sin categorizar","item":"https:\/\/www.tapasmagazine.es\/categorias\/sin-categorizar\/"},{"@type":"ListItem","position":3,"name":"Econom\u00eda.- El comercio de ferreter\u00eda y bricolaje creci\u00f3 un 10,6% en 2022, seg\u00fan Aecoc"}]},{"@type":"WebSite","@id":"https:\/\/www.tapasmagazine.es\/#website","url":"https:\/\/www.tapasmagazine.es\/","name":"Tapas","description":"\u00d1am \u00d1am Lifestyle. La vida a bocados. Premio Nacional de Gastronom\u00eda 2016.","publisher":{"@id":"https:\/\/www.tapasmagazine.es\/#organization"},"potentialAction":[{"@type":"SearchAction","target":{"@type":"EntryPoint","urlTemplate":"https:\/\/www.tapasmagazine.es\/?s={search_term_string}"},"query-input":{"@type":"PropertyValueSpecification","valueRequired":true,"valueName":"search_term_string"}}],"inLanguage":"en-US"},{"@type":"Organization","@id":"https:\/\/www.tapasmagazine.es\/#organization","name":"Tapas Magazine","url":"https:\/\/www.tapasmagazine.es\/","logo":{"@type":"ImageObject","inLanguage":"en-US","@id":"https:\/\/www.tapasmagazine.es\/#\/schema\/logo\/image\/","url":"https:\/\/www.tapasmagazine.es\/wp-content\/uploads\/2018\/01\/logo.png","contentUrl":"https:\/\/www.tapasmagazine.es\/wp-content\/uploads\/2018\/01\/logo.png","width":180,"height":60,"caption":"Tapas Magazine"},"image":{"@id":"https:\/\/www.tapasmagazine.es\/#\/schema\/logo\/image\/"},"sameAs":["https:\/\/www.facebook.com\/tapasmagazine","https:\/\/x.com\/TapasMagazine","https:\/\/www.instagram.com\/tapasmagazine\/","https:\/\/www.linkedin.com\/company\/tapas-magazine","https:\/\/es.pinterest.com\/tapasmagazine\/","https:\/\/www.youtube.com\/channel\/UCEyxneAaACuR0lfDagrWjjg?sub_confirmation=1"]},{"@type":"Person","@id":"https:\/\/www.tapasmagazine.es\/#\/schema\/person\/dddb3bce6f98f2124c204b901d74a14b","name":"Tapas \/ EP","url":"https:\/\/www.tapasmagazine.es\/en\/author\/tapasep\/"}]}},"_links":{"self":[{"href":"https:\/\/www.tapasmagazine.es\/en\/wp-json\/wp\/v2\/posts\/175911","targetHints":{"allow":["GET"]}}],"collection":[{"href":"https:\/\/www.tapasmagazine.es\/en\/wp-json\/wp\/v2\/posts"}],"about":[{"href":"https:\/\/www.tapasmagazine.es\/en\/wp-json\/wp\/v2\/types\/post"}],"author":[{"embeddable":true,"href":"https:\/\/www.tapasmagazine.es\/en\/wp-json\/wp\/v2\/users\/277"}],"replies":[{"embeddable":true,"href":"https:\/\/www.tapasmagazine.es\/en\/wp-json\/wp\/v2\/comments?post=175911"}],"version-history":[{"count":1,"href":"https:\/\/www.tapasmagazine.es\/en\/wp-json\/wp\/v2\/posts\/175911\/revisions"}],"predecessor-version":[{"id":175912,"href":"https:\/\/www.tapasmagazine.es\/en\/wp-json\/wp\/v2\/posts\/175911\/revisions\/175912"}],"wp:featuredmedia":[{"embeddable":true,"href":"https:\/\/www.tapasmagazine.es\/en\/wp-json\/wp\/v2\/media\/175913"}],"wp:attachment":[{"href":"https:\/\/www.tapasmagazine.es\/en\/wp-json\/wp\/v2\/media?parent=175911"}],"wp:term":[{"taxonomy":"category","embeddable":true,"href":"https:\/\/www.tapasmagazine.es\/en\/wp-json\/wp\/v2\/categories?post=175911"},{"taxonomy":"post_tag","embeddable":true,"href":"https:\/\/www.tapasmagazine.es\/en\/wp-json\/wp\/v2\/tags?post=175911"}],"curies":[{"name":"wp","href":"https:\/\/api.w.org\/{rel}","templated":true}]}}