{"id":175889,"date":"2023-02-22T10:14:37","date_gmt":"2023-02-22T09:14:37","guid":{"rendered":"https:\/\/www.tapasmagazine.es\/?p=175889"},"modified":"2023-02-22T10:41:59","modified_gmt":"2023-02-22T09:41:59","slug":"economia-cooperativas-piden-a-ce-que-reconsidere-sus-propuestas-de-regulacion-de-envases-para-frutas-y-hortalizas","status":"publish","type":"post","link":"https:\/\/www.tapasmagazine.es\/en\/economia-cooperativas-piden-a-ce-que-reconsidere-sus-propuestas-de-regulacion-de-envases-para-frutas-y-hortalizas\/","title":{"rendered":"Econom\u00eda.- Cooperativas piden a CE que reconsidere sus propuestas de regulaci\u00f3n de envases para frutas y hortalizas"},"content":{"rendered":"<p>Cooperativas Agro-alimentarias de Espa\u00f1a ha reclamado a la<br \/>\nComisi\u00f3n Europea que reconsidere sus propuestas de regulaci\u00f3n de productos fitosanitarios y envases para las frutas y hortalizas, seg\u00fan informa en un comunicado.<\/p>\n<p>   En concreto, el presidente del consejo sectorial de frutas y hortalizas de Cooperativas Agro-alimentarias de Espa\u00f1a, Juan Antonio Gonz\u00e1lez, ha realizado esta petici\u00f3n durante un encuentro con el director de Mercados Agrarios de la DG AGRI de la Comisi\u00f3n Europea, donde tambi\u00e9n participaban sus hom\u00f3logos de las organizaciones de<br \/>\ncooperativas del sector de las frutas y hortalizas, Felcoop de Francia, Confcooperative de Italia y las Cooperativas Agroalimentarias de B\u00e9lgica.<\/p>\n<p>   Gonz\u00e1lez ha trasladado su &#8220;preocupaci\u00f3n&#8221; por la prohibici\u00f3n del uso de envases en la comercializaci\u00f3n de las frutas y hortalizas. Esta medida supone una vuelta a la venta a granel de las frutas y hortalizas, cuya comercializaci\u00f3n depende en gran parte de su capacidad de diferenciaci\u00f3n y de aportar valor a\u00f1adido.<\/p>\n<p>   El presidente sectorial ha destacado el compromiso del sector hortofrut\u00edcola con la sostenibilidad de los envases y su gesti\u00f3n, como demuestra la innovaci\u00f3n que han llevado a cabo las cooperativas en la utilizaci\u00f3n de formatos y materiales ecol\u00f3gicos.<\/p>\n<p>   Para los representantes del sector resulta &#8220;inaudito y discriminatorio&#8221; que la Comisi\u00f3n la haya tomado principalmente con este producto y no con otros bienes de consumo u otros procesos que hacen un uso mucho m\u00e1s superfluo de los envases.<\/p>\n<p>   De esa forma, los representantes de los tres pa\u00edses han pedido que la Comisi\u00f3n reconsidere el Reglamento que ha presentado y que se fijen unos objetivos y calendarios realistas que tengan en cuenta la viabilidad<br \/>\necon\u00f3mica de los productores hortofrut\u00edcolas europeos.<\/p>\n<p>   Adem\u00e1s han solicitado a la Comisi\u00f3n que paralice las iniciativas de ciertos EEMM (Espa\u00f1a, Francia) que se han lanzado a regular este aspecto por su cuenta, con el riesgo de obstaculizaci\u00f3n de las transacciones comerciales dentro del mercado \u00fanico de la UE y fragment\u00e1ndolo y<br \/>\nprovocando ineficiencias.<\/p>\n<p>   Respecto a la propuesta de nueva normativa sobre el uso sostenible de fitosanitarios, las cooperativas trasladaron el impacto negativo de reducir el uso en un 50% para la producci\u00f3n en la UE exponiendo que el estudio de impacto que la Comisi\u00f3n realiz\u00f3 fue antes de la guerra en Ucrania sin tener en cuenta el contexto actual de inflaci\u00f3n y<br \/>\ndisrupci\u00f3n de los mercados.<\/p>\n<p>   Las tres organizaciones han recordado a la Comisi\u00f3n el agravio que supone que la UE solo imponga condiciones de producci\u00f3n sostenible a los productores europeos, pero se muestre muy permisiva con las producciones de terceros pa\u00edses lo cual perjudica gravemente a las explotaciones familiares europeas que asumen costes crecientes y pierden competitividad en el mercado comunitario frente a las producciones for\u00e1neas.<\/p>\n<p>   Por \u00faltimo, expusieron durante la reuni\u00f3n la situaci\u00f3n del sector y el mercado, en el contexto inflacionista y la presi\u00f3n a la baja del consumo, el incremento de costes a los que se enfrentan las cooperativas y sus socios, los diversos problemas (clim\u00e1ticos, fitosanitarios) que han sufrido las plantaciones \u00faltimamente y que han recortado las<br \/>\ncosechas, as\u00ed como la presi\u00f3n creciente de las importaciones de frutas y hortalizas desde terceros pa\u00edses.<\/p>\n<p>   Pese a los incrementos relativos en los precios de mercado para la<br \/>\nmayor\u00eda de las frutas y hortalizas, la rentabilidad de las explotaciones est\u00e1 muy debilitada en muchas producciones, algo que no se refleja en la observaci\u00f3n de los registros de las cotizaciones de las frutas y hortalizas.<\/p>\n","protected":false},"excerpt":{"rendered":"<p>Cooperativas Agro-alimentarias de Espa\u00f1a ha reclamado a la Comisi\u00f3n Europea que reconsidere sus propuestas de regulaci\u00f3n de productos fitosanitarios y envases para las frutas y hortalizas, seg\u00fan informa en un comunicado. En concreto, el presidente del consejo sectorial de frutas y hortalizas de Cooperativas Agro-alimentarias de Espa\u00f1a, Juan Antonio Gonz\u00e1lez, ha realizado esta petici\u00f3n durante [&hellip;]<\/p>\n","protected":false},"author":277,"featured_media":175891,"comment_status":"close","ping_status":"","sticky":false,"template":"single-feature.php","format":"standard","meta":{"_acf_changed":false,"footnotes":""},"categories":[15645],"tags":[],"class_list":["post-175889","post","type-post","status-publish","format-standard","has-post-thumbnail","hentry","category-ultima-hora","cat-15645-id"],"acf":[],"yoast_head":"<!-- This site is optimized with the Yoast SEO plugin v27.4 - https:\/\/yoast.com\/product\/yoast-seo-wordpress\/ -->\n<title>Econom\u00eda.- Cooperativas piden a CE que reconsidere sus propuestas de regulaci\u00f3n de envases para frutas y hortalizas - Tapas<\/title>\n<meta name=\"description\" content=\"Cooperativas Agro-alimentarias de Espa\u00f1a ha reclamado a la Comisi\u00f3n Europea que reconsidere sus propuestas de regulaci\u00f3n de productos fitosanitarios y\" \/>\n<meta name=\"robots\" content=\"index, follow, max-snippet:-1, max-image-preview:large, max-video-preview:-1\" \/>\n<link rel=\"canonical\" href=\"https:\/\/www.tapasmagazine.es\/en\/economia-cooperativas-piden-a-ce-que-reconsidere-sus-propuestas-de-regulacion-de-envases-para-frutas-y-hortalizas\/\" \/>\n<meta property=\"og:locale\" content=\"en_US\" \/>\n<meta property=\"og:type\" content=\"article\" \/>\n<meta property=\"og:title\" content=\"Econom\u00eda.- Cooperativas piden a CE que reconsidere sus propuestas de regulaci\u00f3n de envases para frutas y hortalizas - Tapas\" \/>\n<meta property=\"og:description\" content=\"Cooperativas Agro-alimentarias de Espa\u00f1a ha reclamado a la Comisi\u00f3n Europea que reconsidere sus propuestas de regulaci\u00f3n de productos fitosanitarios y\" \/>\n<meta property=\"og:url\" content=\"https:\/\/www.tapasmagazine.es\/en\/economia-cooperativas-piden-a-ce-que-reconsidere-sus-propuestas-de-regulacion-de-envases-para-frutas-y-hortalizas\/\" \/>\n<meta property=\"og:site_name\" content=\"Tapas\" \/>\n<meta property=\"article:publisher\" content=\"https:\/\/www.facebook.com\/tapasmagazine\" \/>\n<meta property=\"article:published_time\" content=\"2023-02-22T09:14:37+00:00\" \/>\n<meta property=\"article:modified_time\" content=\"2023-02-22T09:41:59+00:00\" \/>\n<meta property=\"og:image\" content=\"https:\/\/www.tapasmagazine.es\/wp-content\/uploads\/2023\/02\/fotonoticia_20230222101437_9999-scaled.jpg\" \/>\n\t<meta property=\"og:image:width\" content=\"2560\" \/>\n\t<meta property=\"og:image:height\" content=\"1707\" \/>\n\t<meta property=\"og:image:type\" content=\"image\/jpeg\" \/>\n<meta name=\"author\" content=\"Tapas \/ EP\" \/>\n<meta name=\"twitter:card\" content=\"summary_large_image\" \/>\n<meta name=\"twitter:creator\" content=\"@TapasMagazine\" \/>\n<meta name=\"twitter:site\" content=\"@TapasMagazine\" \/>\n<meta name=\"twitter:label1\" content=\"Written by\" \/>\n\t<meta name=\"twitter:data1\" content=\"Tapas \/ EP\" \/>\n\t<meta name=\"twitter:label2\" content=\"Est. reading time\" \/>\n\t<meta name=\"twitter:data2\" content=\"3 minutes\" \/>\n<script type=\"application\/ld+json\" class=\"yoast-schema-graph\">{\"@context\":\"https:\\\/\\\/schema.org\",\"@graph\":[{\"@type\":\"Article\",\"@id\":\"https:\\\/\\\/www.tapasmagazine.es\\\/en\\\/economia-cooperativas-piden-a-ce-que-reconsidere-sus-propuestas-de-regulacion-de-envases-para-frutas-y-hortalizas\\\/#article\",\"isPartOf\":{\"@id\":\"https:\\\/\\\/www.tapasmagazine.es\\\/en\\\/economia-cooperativas-piden-a-ce-que-reconsidere-sus-propuestas-de-regulacion-de-envases-para-frutas-y-hortalizas\\\/\"},\"author\":{\"name\":\"Tapas \\\/ EP\",\"@id\":\"https:\\\/\\\/www.tapasmagazine.es\\\/#\\\/schema\\\/person\\\/dddb3bce6f98f2124c204b901d74a14b\"},\"headline\":\"Econom\u00eda.- Cooperativas piden a CE que reconsidere sus propuestas de regulaci\u00f3n de envases para frutas y hortalizas\",\"datePublished\":\"2023-02-22T09:14:37+00:00\",\"dateModified\":\"2023-02-22T09:41:59+00:00\",\"mainEntityOfPage\":{\"@id\":\"https:\\\/\\\/www.tapasmagazine.es\\\/en\\\/economia-cooperativas-piden-a-ce-que-reconsidere-sus-propuestas-de-regulacion-de-envases-para-frutas-y-hortalizas\\\/\"},\"wordCount\":628,\"publisher\":{\"@id\":\"https:\\\/\\\/www.tapasmagazine.es\\\/#organization\"},\"image\":{\"@id\":\"https:\\\/\\\/www.tapasmagazine.es\\\/en\\\/economia-cooperativas-piden-a-ce-que-reconsidere-sus-propuestas-de-regulacion-de-envases-para-frutas-y-hortalizas\\\/#primaryimage\"},\"thumbnailUrl\":\"https:\\\/\\\/www.tapasmagazine.es\\\/wp-content\\\/uploads\\\/2023\\\/02\\\/fotonoticia_20230222101437_9999-scaled.jpg\",\"articleSection\":[\"\u00daltima hora\"],\"inLanguage\":\"en-US\"},{\"@type\":\"WebPage\",\"@id\":\"https:\\\/\\\/www.tapasmagazine.es\\\/en\\\/economia-cooperativas-piden-a-ce-que-reconsidere-sus-propuestas-de-regulacion-de-envases-para-frutas-y-hortalizas\\\/\",\"url\":\"https:\\\/\\\/www.tapasmagazine.es\\\/en\\\/economia-cooperativas-piden-a-ce-que-reconsidere-sus-propuestas-de-regulacion-de-envases-para-frutas-y-hortalizas\\\/\",\"name\":\"Econom\u00eda.- Cooperativas piden a CE que reconsidere sus propuestas de regulaci\u00f3n de envases para frutas y hortalizas - Tapas\",\"isPartOf\":{\"@id\":\"https:\\\/\\\/www.tapasmagazine.es\\\/#website\"},\"primaryImageOfPage\":{\"@id\":\"https:\\\/\\\/www.tapasmagazine.es\\\/en\\\/economia-cooperativas-piden-a-ce-que-reconsidere-sus-propuestas-de-regulacion-de-envases-para-frutas-y-hortalizas\\\/#primaryimage\"},\"image\":{\"@id\":\"https:\\\/\\\/www.tapasmagazine.es\\\/en\\\/economia-cooperativas-piden-a-ce-que-reconsidere-sus-propuestas-de-regulacion-de-envases-para-frutas-y-hortalizas\\\/#primaryimage\"},\"thumbnailUrl\":\"https:\\\/\\\/www.tapasmagazine.es\\\/wp-content\\\/uploads\\\/2023\\\/02\\\/fotonoticia_20230222101437_9999-scaled.jpg\",\"datePublished\":\"2023-02-22T09:14:37+00:00\",\"dateModified\":\"2023-02-22T09:41:59+00:00\",\"description\":\"Cooperativas Agro-alimentarias de Espa\u00f1a ha reclamado a la Comisi\u00f3n Europea que reconsidere sus propuestas de regulaci\u00f3n de productos fitosanitarios y\",\"breadcrumb\":{\"@id\":\"https:\\\/\\\/www.tapasmagazine.es\\\/en\\\/economia-cooperativas-piden-a-ce-que-reconsidere-sus-propuestas-de-regulacion-de-envases-para-frutas-y-hortalizas\\\/#breadcrumb\"},\"inLanguage\":\"en-US\",\"potentialAction\":[{\"@type\":\"ReadAction\",\"target\":[\"https:\\\/\\\/www.tapasmagazine.es\\\/en\\\/economia-cooperativas-piden-a-ce-que-reconsidere-sus-propuestas-de-regulacion-de-envases-para-frutas-y-hortalizas\\\/\"]}]},{\"@type\":\"ImageObject\",\"inLanguage\":\"en-US\",\"@id\":\"https:\\\/\\\/www.tapasmagazine.es\\\/en\\\/economia-cooperativas-piden-a-ce-que-reconsidere-sus-propuestas-de-regulacion-de-envases-para-frutas-y-hortalizas\\\/#primaryimage\",\"url\":\"https:\\\/\\\/www.tapasmagazine.es\\\/wp-content\\\/uploads\\\/2023\\\/02\\\/fotonoticia_20230222101437_9999-scaled.jpg\",\"contentUrl\":\"https:\\\/\\\/www.tapasmagazine.es\\\/wp-content\\\/uploads\\\/2023\\\/02\\\/fotonoticia_20230222101437_9999-scaled.jpg\",\"width\":2560,\"height\":1707},{\"@type\":\"BreadcrumbList\",\"@id\":\"https:\\\/\\\/www.tapasmagazine.es\\\/en\\\/economia-cooperativas-piden-a-ce-que-reconsidere-sus-propuestas-de-regulacion-de-envases-para-frutas-y-hortalizas\\\/#breadcrumb\",\"itemListElement\":[{\"@type\":\"ListItem\",\"position\":1,\"name\":\"Portada\",\"item\":\"https:\\\/\\\/www.tapasmagazine.es\\\/\"},{\"@type\":\"ListItem\",\"position\":2,\"name\":\"Sin categorizar\",\"item\":\"https:\\\/\\\/www.tapasmagazine.es\\\/categorias\\\/sin-categorizar\\\/\"},{\"@type\":\"ListItem\",\"position\":3,\"name\":\"Econom\u00eda.- Cooperativas piden a CE que reconsidere sus propuestas de regulaci\u00f3n de envases para frutas y hortalizas\"}]},{\"@type\":\"WebSite\",\"@id\":\"https:\\\/\\\/www.tapasmagazine.es\\\/#website\",\"url\":\"https:\\\/\\\/www.tapasmagazine.es\\\/\",\"name\":\"Tapas\",\"description\":\"\u00d1am \u00d1am Lifestyle. La vida a bocados. Premio Nacional de Gastronom\u00eda 2016.\",\"publisher\":{\"@id\":\"https:\\\/\\\/www.tapasmagazine.es\\\/#organization\"},\"potentialAction\":[{\"@type\":\"SearchAction\",\"target\":{\"@type\":\"EntryPoint\",\"urlTemplate\":\"https:\\\/\\\/www.tapasmagazine.es\\\/?s={search_term_string}\"},\"query-input\":{\"@type\":\"PropertyValueSpecification\",\"valueRequired\":true,\"valueName\":\"search_term_string\"}}],\"inLanguage\":\"en-US\"},{\"@type\":\"Organization\",\"@id\":\"https:\\\/\\\/www.tapasmagazine.es\\\/#organization\",\"name\":\"Tapas Magazine\",\"url\":\"https:\\\/\\\/www.tapasmagazine.es\\\/\",\"logo\":{\"@type\":\"ImageObject\",\"inLanguage\":\"en-US\",\"@id\":\"https:\\\/\\\/www.tapasmagazine.es\\\/#\\\/schema\\\/logo\\\/image\\\/\",\"url\":\"https:\\\/\\\/www.tapasmagazine.es\\\/wp-content\\\/uploads\\\/2018\\\/01\\\/logo.png\",\"contentUrl\":\"https:\\\/\\\/www.tapasmagazine.es\\\/wp-content\\\/uploads\\\/2018\\\/01\\\/logo.png\",\"width\":180,\"height\":60,\"caption\":\"Tapas Magazine\"},\"image\":{\"@id\":\"https:\\\/\\\/www.tapasmagazine.es\\\/#\\\/schema\\\/logo\\\/image\\\/\"},\"sameAs\":[\"https:\\\/\\\/www.facebook.com\\\/tapasmagazine\",\"https:\\\/\\\/x.com\\\/TapasMagazine\",\"https:\\\/\\\/www.instagram.com\\\/tapasmagazine\\\/\",\"https:\\\/\\\/www.linkedin.com\\\/company\\\/tapas-magazine\",\"https:\\\/\\\/es.pinterest.com\\\/tapasmagazine\\\/\",\"https:\\\/\\\/www.youtube.com\\\/channel\\\/UCEyxneAaACuR0lfDagrWjjg?sub_confirmation=1\"]},{\"@type\":\"Person\",\"@id\":\"https:\\\/\\\/www.tapasmagazine.es\\\/#\\\/schema\\\/person\\\/dddb3bce6f98f2124c204b901d74a14b\",\"name\":\"Tapas \\\/ EP\",\"url\":\"https:\\\/\\\/www.tapasmagazine.es\\\/en\\\/author\\\/tapasep\\\/\"}]}<\/script>\n<!-- \/ Yoast SEO plugin. -->","yoast_head_json":{"title":"Econom\u00eda.- Cooperativas piden a CE que reconsidere sus propuestas de regulaci\u00f3n de envases para frutas y hortalizas - Tapas","description":"Cooperativas Agro-alimentarias de Espa\u00f1a ha reclamado a la Comisi\u00f3n Europea que reconsidere sus propuestas de regulaci\u00f3n de productos fitosanitarios y","robots":{"index":"index","follow":"follow","max-snippet":"max-snippet:-1","max-image-preview":"max-image-preview:large","max-video-preview":"max-video-preview:-1"},"canonical":"https:\/\/www.tapasmagazine.es\/en\/economia-cooperativas-piden-a-ce-que-reconsidere-sus-propuestas-de-regulacion-de-envases-para-frutas-y-hortalizas\/","og_locale":"en_US","og_type":"article","og_title":"Econom\u00eda.- Cooperativas piden a CE que reconsidere sus propuestas de regulaci\u00f3n de envases para frutas y hortalizas - Tapas","og_description":"Cooperativas Agro-alimentarias de Espa\u00f1a ha reclamado a la Comisi\u00f3n Europea que reconsidere sus propuestas de regulaci\u00f3n de productos fitosanitarios y","og_url":"https:\/\/www.tapasmagazine.es\/en\/economia-cooperativas-piden-a-ce-que-reconsidere-sus-propuestas-de-regulacion-de-envases-para-frutas-y-hortalizas\/","og_site_name":"Tapas","article_publisher":"https:\/\/www.facebook.com\/tapasmagazine","article_published_time":"2023-02-22T09:14:37+00:00","article_modified_time":"2023-02-22T09:41:59+00:00","og_image":[{"width":2560,"height":1707,"url":"https:\/\/www.tapasmagazine.es\/wp-content\/uploads\/2023\/02\/fotonoticia_20230222101437_9999-scaled.jpg","type":"image\/jpeg"}],"author":"Tapas \/ EP","twitter_card":"summary_large_image","twitter_creator":"@TapasMagazine","twitter_site":"@TapasMagazine","twitter_misc":{"Written by":"Tapas \/ EP","Est. reading time":"3 minutes"},"schema":{"@context":"https:\/\/schema.org","@graph":[{"@type":"Article","@id":"https:\/\/www.tapasmagazine.es\/en\/economia-cooperativas-piden-a-ce-que-reconsidere-sus-propuestas-de-regulacion-de-envases-para-frutas-y-hortalizas\/#article","isPartOf":{"@id":"https:\/\/www.tapasmagazine.es\/en\/economia-cooperativas-piden-a-ce-que-reconsidere-sus-propuestas-de-regulacion-de-envases-para-frutas-y-hortalizas\/"},"author":{"name":"Tapas \/ EP","@id":"https:\/\/www.tapasmagazine.es\/#\/schema\/person\/dddb3bce6f98f2124c204b901d74a14b"},"headline":"Econom\u00eda.- Cooperativas piden a CE que reconsidere sus propuestas de regulaci\u00f3n de envases para frutas y hortalizas","datePublished":"2023-02-22T09:14:37+00:00","dateModified":"2023-02-22T09:41:59+00:00","mainEntityOfPage":{"@id":"https:\/\/www.tapasmagazine.es\/en\/economia-cooperativas-piden-a-ce-que-reconsidere-sus-propuestas-de-regulacion-de-envases-para-frutas-y-hortalizas\/"},"wordCount":628,"publisher":{"@id":"https:\/\/www.tapasmagazine.es\/#organization"},"image":{"@id":"https:\/\/www.tapasmagazine.es\/en\/economia-cooperativas-piden-a-ce-que-reconsidere-sus-propuestas-de-regulacion-de-envases-para-frutas-y-hortalizas\/#primaryimage"},"thumbnailUrl":"https:\/\/www.tapasmagazine.es\/wp-content\/uploads\/2023\/02\/fotonoticia_20230222101437_9999-scaled.jpg","articleSection":["\u00daltima hora"],"inLanguage":"en-US"},{"@type":"WebPage","@id":"https:\/\/www.tapasmagazine.es\/en\/economia-cooperativas-piden-a-ce-que-reconsidere-sus-propuestas-de-regulacion-de-envases-para-frutas-y-hortalizas\/","url":"https:\/\/www.tapasmagazine.es\/en\/economia-cooperativas-piden-a-ce-que-reconsidere-sus-propuestas-de-regulacion-de-envases-para-frutas-y-hortalizas\/","name":"Econom\u00eda.- Cooperativas piden a CE que reconsidere sus propuestas de regulaci\u00f3n de envases para frutas y hortalizas - Tapas","isPartOf":{"@id":"https:\/\/www.tapasmagazine.es\/#website"},"primaryImageOfPage":{"@id":"https:\/\/www.tapasmagazine.es\/en\/economia-cooperativas-piden-a-ce-que-reconsidere-sus-propuestas-de-regulacion-de-envases-para-frutas-y-hortalizas\/#primaryimage"},"image":{"@id":"https:\/\/www.tapasmagazine.es\/en\/economia-cooperativas-piden-a-ce-que-reconsidere-sus-propuestas-de-regulacion-de-envases-para-frutas-y-hortalizas\/#primaryimage"},"thumbnailUrl":"https:\/\/www.tapasmagazine.es\/wp-content\/uploads\/2023\/02\/fotonoticia_20230222101437_9999-scaled.jpg","datePublished":"2023-02-22T09:14:37+00:00","dateModified":"2023-02-22T09:41:59+00:00","description":"Cooperativas Agro-alimentarias de Espa\u00f1a ha reclamado a la Comisi\u00f3n Europea que reconsidere sus propuestas de regulaci\u00f3n de productos fitosanitarios y","breadcrumb":{"@id":"https:\/\/www.tapasmagazine.es\/en\/economia-cooperativas-piden-a-ce-que-reconsidere-sus-propuestas-de-regulacion-de-envases-para-frutas-y-hortalizas\/#breadcrumb"},"inLanguage":"en-US","potentialAction":[{"@type":"ReadAction","target":["https:\/\/www.tapasmagazine.es\/en\/economia-cooperativas-piden-a-ce-que-reconsidere-sus-propuestas-de-regulacion-de-envases-para-frutas-y-hortalizas\/"]}]},{"@type":"ImageObject","inLanguage":"en-US","@id":"https:\/\/www.tapasmagazine.es\/en\/economia-cooperativas-piden-a-ce-que-reconsidere-sus-propuestas-de-regulacion-de-envases-para-frutas-y-hortalizas\/#primaryimage","url":"https:\/\/www.tapasmagazine.es\/wp-content\/uploads\/2023\/02\/fotonoticia_20230222101437_9999-scaled.jpg","contentUrl":"https:\/\/www.tapasmagazine.es\/wp-content\/uploads\/2023\/02\/fotonoticia_20230222101437_9999-scaled.jpg","width":2560,"height":1707},{"@type":"BreadcrumbList","@id":"https:\/\/www.tapasmagazine.es\/en\/economia-cooperativas-piden-a-ce-que-reconsidere-sus-propuestas-de-regulacion-de-envases-para-frutas-y-hortalizas\/#breadcrumb","itemListElement":[{"@type":"ListItem","position":1,"name":"Portada","item":"https:\/\/www.tapasmagazine.es\/"},{"@type":"ListItem","position":2,"name":"Sin categorizar","item":"https:\/\/www.tapasmagazine.es\/categorias\/sin-categorizar\/"},{"@type":"ListItem","position":3,"name":"Econom\u00eda.- Cooperativas piden a CE que reconsidere sus propuestas de regulaci\u00f3n de envases para frutas y hortalizas"}]},{"@type":"WebSite","@id":"https:\/\/www.tapasmagazine.es\/#website","url":"https:\/\/www.tapasmagazine.es\/","name":"Tapas","description":"\u00d1am \u00d1am Lifestyle. La vida a bocados. Premio Nacional de Gastronom\u00eda 2016.","publisher":{"@id":"https:\/\/www.tapasmagazine.es\/#organization"},"potentialAction":[{"@type":"SearchAction","target":{"@type":"EntryPoint","urlTemplate":"https:\/\/www.tapasmagazine.es\/?s={search_term_string}"},"query-input":{"@type":"PropertyValueSpecification","valueRequired":true,"valueName":"search_term_string"}}],"inLanguage":"en-US"},{"@type":"Organization","@id":"https:\/\/www.tapasmagazine.es\/#organization","name":"Tapas Magazine","url":"https:\/\/www.tapasmagazine.es\/","logo":{"@type":"ImageObject","inLanguage":"en-US","@id":"https:\/\/www.tapasmagazine.es\/#\/schema\/logo\/image\/","url":"https:\/\/www.tapasmagazine.es\/wp-content\/uploads\/2018\/01\/logo.png","contentUrl":"https:\/\/www.tapasmagazine.es\/wp-content\/uploads\/2018\/01\/logo.png","width":180,"height":60,"caption":"Tapas Magazine"},"image":{"@id":"https:\/\/www.tapasmagazine.es\/#\/schema\/logo\/image\/"},"sameAs":["https:\/\/www.facebook.com\/tapasmagazine","https:\/\/x.com\/TapasMagazine","https:\/\/www.instagram.com\/tapasmagazine\/","https:\/\/www.linkedin.com\/company\/tapas-magazine","https:\/\/es.pinterest.com\/tapasmagazine\/","https:\/\/www.youtube.com\/channel\/UCEyxneAaACuR0lfDagrWjjg?sub_confirmation=1"]},{"@type":"Person","@id":"https:\/\/www.tapasmagazine.es\/#\/schema\/person\/dddb3bce6f98f2124c204b901d74a14b","name":"Tapas \/ EP","url":"https:\/\/www.tapasmagazine.es\/en\/author\/tapasep\/"}]}},"_links":{"self":[{"href":"https:\/\/www.tapasmagazine.es\/en\/wp-json\/wp\/v2\/posts\/175889","targetHints":{"allow":["GET"]}}],"collection":[{"href":"https:\/\/www.tapasmagazine.es\/en\/wp-json\/wp\/v2\/posts"}],"about":[{"href":"https:\/\/www.tapasmagazine.es\/en\/wp-json\/wp\/v2\/types\/post"}],"author":[{"embeddable":true,"href":"https:\/\/www.tapasmagazine.es\/en\/wp-json\/wp\/v2\/users\/277"}],"replies":[{"embeddable":true,"href":"https:\/\/www.tapasmagazine.es\/en\/wp-json\/wp\/v2\/comments?post=175889"}],"version-history":[{"count":1,"href":"https:\/\/www.tapasmagazine.es\/en\/wp-json\/wp\/v2\/posts\/175889\/revisions"}],"predecessor-version":[{"id":175890,"href":"https:\/\/www.tapasmagazine.es\/en\/wp-json\/wp\/v2\/posts\/175889\/revisions\/175890"}],"wp:featuredmedia":[{"embeddable":true,"href":"https:\/\/www.tapasmagazine.es\/en\/wp-json\/wp\/v2\/media\/175891"}],"wp:attachment":[{"href":"https:\/\/www.tapasmagazine.es\/en\/wp-json\/wp\/v2\/media?parent=175889"}],"wp:term":[{"taxonomy":"category","embeddable":true,"href":"https:\/\/www.tapasmagazine.es\/en\/wp-json\/wp\/v2\/categories?post=175889"},{"taxonomy":"post_tag","embeddable":true,"href":"https:\/\/www.tapasmagazine.es\/en\/wp-json\/wp\/v2\/tags?post=175889"}],"curies":[{"name":"wp","href":"https:\/\/api.w.org\/{rel}","templated":true}]}}