{"id":175830,"date":"2023-02-21T18:05:31","date_gmt":"2023-02-21T17:05:31","guid":{"rendered":"https:\/\/www.tapasmagazine.es\/?p=175830"},"modified":"2023-02-21T18:12:03","modified_gmt":"2023-02-21T17:12:03","slug":"economia-las-cofradias-critican-como-irreal-que-la-ce-fije-2024-para-que-eliminar-la-pesca-de-fondo-en-20-de-aguas","status":"publish","type":"post","link":"https:\/\/www.tapasmagazine.es\/en\/economia-las-cofradias-critican-como-irreal-que-la-ce-fije-2024-para-que-eliminar-la-pesca-de-fondo-en-20-de-aguas\/","title":{"rendered":"Econom\u00eda.- Las cofrad\u00edas critican como &#8220;irreal&#8221; que la CE fije 2024 para que eliminar la pesca de fondo en 20% de aguas"},"content":{"rendered":"<p>El presidente de la Federaci\u00f3n Nacional de las Cofrad\u00edas de Pescadores y patr\u00f3n mayor de Burela (Lugo), Basilio Otero, critica como &#8220;irreal&#8221; la intenci\u00f3n de la Comisi\u00f3n Europea de eliminar en marzo de 2024 la pesca de fondo en el 20% de las aguas de cada Estado miembro.<\/p>\n<p>   &#8220;No se puede tomar a un a\u00f1o vista decisiones de esa \u00edndole sin tener en cuenta la opini\u00f3n de los pescadores&#8221;, se ha quejado.<\/p>\n<p>   En declaraciones a Europa Press tras participar en un encuentro este martes con el comisario europeo de Medio Ambiente, Oc\u00e9anos y Pesca, Virginijus Sinkevicius, Otero ha explicado que le ha trasladado al representante de la UE que echa &#8220;en falta, como siempre, que se tenga en cuenta la opini\u00f3n de los pescadores&#8221;.<\/p>\n<p>   &#8220;No solamente se acaban los recursos pesqueros, tambi\u00e9n los humanos&#8221;, avisa, ya que &#8220;las decisiones que est\u00e1 tomando la administraci\u00f3n europea es para la reducci\u00f3n de flota, de esfuerzo pesquero&#8221;. Sin embargo, &#8220;va paralelamente un incremento de las importaciones, que curiosamente no cuidan lo que ellos pretenden cuidar: medio ambiente, sostenibilidad y aspectos sociales que en Europa est\u00e1n arraigados&#8221;. &#8220;Antes de comprar producto en China o en Rusia, debemos cuidar a los pescadores y a la gente que trabaja para poner pescado encima de la mesa&#8221;, opina.<\/p>\n<p>   As\u00ed, &#8220;igual que hacen consultas con otras acciones que abren a la sociedad civil&#8221;, la Comisi\u00f3n Europea &#8220;deber\u00eda abrir esto a los pescadores&#8221;.<\/p>\n<p>   Pese a ello, el representante de las cofrad\u00edas lamenta que el comisario de Medio Ambiente &#8220;sigue con su hoja de ruta&#8221;. As\u00ed, el sector pesquero le ha contestado que ellos son &#8220;los primeros interesados en la sostenibilidad&#8221;: &#8220;Porque de eso depende nuestras familias&#8221;. &#8220;Tenemos necesidad de tener un medio ambiente sostenible&#8221;, deja claro Otero, pero &#8220;sin perder puestos de trabajo, que es algo que no est\u00e1 cuidando la UE&#8221;.<\/p>\n<p>   &#8220;Tenemos que hacer mucha labor europea para explicarle a la gente c\u00f3mo se trabaja&#8221;, incide. &#8220;En Espa\u00f1a despu\u00e9s de cinco reuniones conseguimos que alguien entendiera c\u00f3mo funciona el tema del relevo generacional&#8221;, pone de ejemplo. &#8220;Si eso nos cost\u00f3 en Espa\u00f1a cinco reuniones, imagino que en Europa nos costar\u00e1 cinco, 10 \u00f3 15; estamos dispuestos a llevar a cabo las que haga falta&#8221;, agrega.<\/p>\n<p>ELIMINACI\u00d3N EN ZONAS PROTEGIDAS<\/p>\n<p>   La Comisi\u00f3n Europea ha presentado este martes su hoja de ruta para eliminar gradualmente la pesca de arrastre de todas las zonas marinas protegidas de la Uni\u00f3n Europea (UE) para 2030, un objetivo que requiere, como paso intermedio, que los Estados miembro detallen las zonas en las que este m\u00e9todo pueda dejar de usarse con medidas concretas para la gesti\u00f3n de al menos un 20% de sus zonas marinas, que deber\u00e1n estar definidas para marzo de 2024.<\/p>\n<p>   As\u00ed lo ha confirmado en rueda de prensa el comisario europeo de Medio Ambiente, Oc\u00e9anos y Pesca, Virginijus Sinkevicius, quien ha explicado que estas acciones pretenden restaurar los ecosistemas marinos y reducir el impacto de las actividades pesqueras en el medio ambiente marino.<\/p>\n<p>   El plan pretende reducir el impacto de la pesca en los fondos marinos dada su importancia como puntos calientes de la biodiversidad marina de la UE, por lo que la Comisi\u00f3n pide a los Estados miembro que propongan recomendaciones conjuntas y adopten medidas nacionales para eliminar gradualmente la pesca de fondo m\u00f3vil en todas las zonas protegidas, a m\u00e1s tardar, en 2030 y no permitirla en ninguna de nueva creaci\u00f3n.<\/p>\n<p>   Las primeras medidas deber\u00edan tomarse ya en marzo de 2024 para los lugares Natura 2000 de la Directiva sobre h\u00e1bitats que protegen los fondos marinos y las especies marinas.<\/p>\n<p>   Este paquete de pol\u00edticas mar\u00edtimas incluye cuatro documentos: una evaluaci\u00f3n de la Pol\u00edtica Pesquera Com\u00fan, una evaluaci\u00f3n de la organizaci\u00f3n com\u00fan de mercados de los productos de la pesca y la acuicultura, un Plan de Acci\u00f3n para proteger y restaurar los ecosistemas marinos para una pesca sostenible y resistente y una estrategia para la transici\u00f3n energ\u00e9tica del sector pesquero de la UE.<\/p>\n<p>   De forma paralela a la adopci\u00f3n de medidas y presentaci\u00f3n de recomendaciones, la Comisi\u00f3n espera que los Estados miembro preparen y publiquen hojas de ruta en las que describan las medidas que tienen previsto adoptar para aplicar el plan de acci\u00f3n.<\/p>\n<p>   Esta planificaci\u00f3n debe incluir, al menos, detalles sobre la identificaci\u00f3n de las zonas en las que debe prohibirse la pesca de arrastre, teniendo en cuenta los compromisos de los pa\u00edses de crear nuevas zonas marinas protegidas para 2030, as\u00ed como detalles sobre las flotas afectadas por las medidas en esas zonas.<\/p>\n<p>   Adem\u00e1s, para mediados de 2023, los pa\u00edses de la UE deber\u00e1n finalizar el l\u00edmite para la extensi\u00f3n m\u00e1xima admisible de lecho marino que puede perderse o verse afectada negativamente por la presi\u00f3n humana y tendr\u00e1n que adoptar &#8220;sin demora&#8221; medidas nacionales o, en su caso, presentar recomendaciones conjuntas para aplicar estos umbrales.<\/p>\n<p>   De este modo, la Uni\u00f3n Europea (UE) responde a los compromisos que asumi\u00f3 en el acuerdo alcanzado en la COP15 de Montreal (Canad\u00e1) sobre un nuevo marco mundial para la biodiversidad a partir, tambi\u00e9n, del compromiso de la Estrategia de Biodiversidad de la UE para 2030 de garantizar la protecci\u00f3n jur\u00eddica de sus mares con la ampliaci\u00f3n de las zonas marinas protegidas del 12% actual al 30%.<\/p>\n<p>   El paquete presentado por Bruselas tambi\u00e9n incluye la promoci\u00f3n de una transici\u00f3n energ\u00e9tica para ayudar al sector a adaptar sus buques y equipos, mejorar las condiciones de trabajo y avanzar hacia fuentes de energ\u00eda renovables y bajas en carbono. &#8220;Sabemos que se trata de una tarea ardua&#8221;, ha reconocido el comisario, por lo que ha avanzado que la transformaci\u00f3n ser\u00e1 gradual, al tiempo que ha garantizado el di\u00e1logo entre todas las comunidades para sentar las bases de un sector pesquero &#8220;rentable, sostenible y resiliente&#8221;.<\/p>\n<p>   Sin embargo, Sinkevicius ha aclarado que la Comisi\u00f3n no propone la prohibici\u00f3n, sino que pide a los Estados miembro que apliquen todas las medidas pertinentes antes de marzo de 2024, y solo entonces, cuando haya evaluado las medidas, podr\u00e1 presentar una propuesta legislativa, aunque para ello tendr\u00e1 que realizar una evaluaci\u00f3n de impacto en la que ha asegurado que se avanzar\u00e1 con &#8220;cautela&#8221; y respetando los principios sociales, econ\u00f3micos y medioambientales que garantizan la longevidad y la rentabilidad del sector pesquero.<\/p>\n<p>POSTURA DE LA XUNTA<\/p>\n<p>   Precisamente, el pasado lunes, el director xeral de Pesca, Antonio Basanta, se reuni\u00f3 con miembros del bufete de abogados J&#038;A Garrigues &#8211;con juristas especializados en derecho comunitario&#8211; y representantes de la Organizaci\u00f3n de Productores Pesqueros de Burela (OPP-7) para armar la estrategia de defensa de Galicia en el recurso contra el veto de Bruselas a la pesca de fondo en 87 \u00e1reas de aguas comunitarias.<\/p>\n<p>   El Ejecutivo gallego avanza as\u00ed en la l\u00ednea de trabajo marcada por los juristas especializados a los que solicit\u00f3 asesoramiento y que apuntaban que la mejor f\u00f3rmula de una regi\u00f3n para defender los intereses de su sector ante el reglamento aprobado por la Comisi\u00f3n Europea era acompa\u00f1ar como parte coadyuvante, puesto que la opci\u00f3n de iniciar una acci\u00f3n directa tendr\u00eda pocas posibilidades de prosperar.<\/p>\n<p>    Una vez que el recurso de la Organizaci\u00f3n de Productores Pesqueros de Burela ha salido publicado en el Diario Oficial de la Uni\u00f3n Europea (DOUE) &#8211;el pasado 6 de febrero&#8211;, la comunidad gallega tiene un plazo de seis semanas &#8211;hasta el 20 de marzo- para ejercer su potestad de actuar como parte coadyuvante. Precisamente, el Gobierno gallego explicaba que esta reuni\u00f3n se enmarca en el trabajo previo y de preparaci\u00f3n de la intervenci\u00f3n de la Xunta en el procedimiento iniciado por los armadores de la OPP-7 para tratar de anular el veto a la pesca de fondo.<\/p>\n","protected":false},"excerpt":{"rendered":"<p>El presidente de la Federaci\u00f3n Nacional de las Cofrad\u00edas de Pescadores y patr\u00f3n mayor de Burela (Lugo), Basilio Otero, critica como &#8220;irreal&#8221; la intenci\u00f3n de la Comisi\u00f3n Europea de eliminar en marzo de 2024 la pesca de fondo en el 20% de las aguas de cada Estado miembro. &#8220;No se puede tomar a un a\u00f1o [&hellip;]<\/p>\n","protected":false},"author":277,"featured_media":175832,"comment_status":"close","ping_status":"","sticky":false,"template":"single-feature.php","format":"standard","meta":{"_acf_changed":false,"footnotes":""},"categories":[15645],"tags":[],"class_list":["post-175830","post","type-post","status-publish","format-standard","has-post-thumbnail","hentry","category-ultima-hora","cat-15645-id"],"acf":[],"yoast_head":"<!-- This site is optimized with the Yoast SEO plugin v27.4 - https:\/\/yoast.com\/product\/yoast-seo-wordpress\/ -->\n<title>Econom\u00eda.- Las cofrad\u00edas critican como &quot;irreal&quot; que la CE fije 2024 para que eliminar la pesca de fondo en 20% de aguas - Tapas<\/title>\n<meta name=\"description\" content=\"El presidente de la Federaci\u00f3n Nacional de las Cofrad\u00edas de Pescadores y patr\u00f3n mayor de Burela (Lugo), Basilio Otero, critica como &quot;irreal&quot; la intenci\u00f3n\" \/>\n<meta name=\"robots\" content=\"index, follow, max-snippet:-1, max-image-preview:large, max-video-preview:-1\" \/>\n<link rel=\"canonical\" href=\"https:\/\/www.tapasmagazine.es\/en\/economia-las-cofradias-critican-como-irreal-que-la-ce-fije-2024-para-que-eliminar-la-pesca-de-fondo-en-20-de-aguas\/\" \/>\n<meta property=\"og:locale\" content=\"en_US\" \/>\n<meta property=\"og:type\" content=\"article\" \/>\n<meta property=\"og:title\" content=\"Econom\u00eda.- Las cofrad\u00edas critican como &quot;irreal&quot; que la CE fije 2024 para que eliminar la pesca de fondo en 20% de aguas - Tapas\" \/>\n<meta property=\"og:description\" content=\"El presidente de la Federaci\u00f3n Nacional de las Cofrad\u00edas de Pescadores y patr\u00f3n mayor de Burela (Lugo), Basilio Otero, critica como &quot;irreal&quot; la intenci\u00f3n\" \/>\n<meta property=\"og:url\" content=\"https:\/\/www.tapasmagazine.es\/en\/economia-las-cofradias-critican-como-irreal-que-la-ce-fije-2024-para-que-eliminar-la-pesca-de-fondo-en-20-de-aguas\/\" \/>\n<meta property=\"og:site_name\" content=\"Tapas\" \/>\n<meta property=\"article:publisher\" content=\"https:\/\/www.facebook.com\/tapasmagazine\" \/>\n<meta property=\"article:published_time\" content=\"2023-02-21T17:05:31+00:00\" \/>\n<meta property=\"article:modified_time\" content=\"2023-02-21T17:12:03+00:00\" \/>\n<meta property=\"og:image\" content=\"https:\/\/www.tapasmagazine.es\/wp-content\/uploads\/2023\/02\/fotonoticia_20230221180531_9999-scaled.jpg\" \/>\n\t<meta property=\"og:image:width\" content=\"2560\" \/>\n\t<meta property=\"og:image:height\" content=\"1707\" \/>\n\t<meta property=\"og:image:type\" content=\"image\/jpeg\" \/>\n<meta name=\"author\" content=\"Tapas \/ EP\" \/>\n<meta name=\"twitter:card\" content=\"summary_large_image\" \/>\n<meta name=\"twitter:creator\" content=\"@TapasMagazine\" \/>\n<meta name=\"twitter:site\" content=\"@TapasMagazine\" \/>\n<meta name=\"twitter:label1\" content=\"Written by\" \/>\n\t<meta name=\"twitter:data1\" content=\"Tapas \/ EP\" \/>\n\t<meta name=\"twitter:label2\" content=\"Est. reading time\" \/>\n\t<meta name=\"twitter:data2\" content=\"7 minutes\" \/>\n<script type=\"application\/ld+json\" class=\"yoast-schema-graph\">{\"@context\":\"https:\\\/\\\/schema.org\",\"@graph\":[{\"@type\":\"Article\",\"@id\":\"https:\\\/\\\/www.tapasmagazine.es\\\/en\\\/economia-las-cofradias-critican-como-irreal-que-la-ce-fije-2024-para-que-eliminar-la-pesca-de-fondo-en-20-de-aguas\\\/#article\",\"isPartOf\":{\"@id\":\"https:\\\/\\\/www.tapasmagazine.es\\\/en\\\/economia-las-cofradias-critican-como-irreal-que-la-ce-fije-2024-para-que-eliminar-la-pesca-de-fondo-en-20-de-aguas\\\/\"},\"author\":{\"name\":\"Tapas \\\/ EP\",\"@id\":\"https:\\\/\\\/www.tapasmagazine.es\\\/#\\\/schema\\\/person\\\/dddb3bce6f98f2124c204b901d74a14b\"},\"headline\":\"Econom\u00eda.- Las cofrad\u00edas critican como &#8220;irreal&#8221; que la CE fije 2024 para que eliminar la pesca de fondo en 20% de aguas\",\"datePublished\":\"2023-02-21T17:05:31+00:00\",\"dateModified\":\"2023-02-21T17:12:03+00:00\",\"mainEntityOfPage\":{\"@id\":\"https:\\\/\\\/www.tapasmagazine.es\\\/en\\\/economia-las-cofradias-critican-como-irreal-que-la-ce-fije-2024-para-que-eliminar-la-pesca-de-fondo-en-20-de-aguas\\\/\"},\"wordCount\":1352,\"publisher\":{\"@id\":\"https:\\\/\\\/www.tapasmagazine.es\\\/#organization\"},\"image\":{\"@id\":\"https:\\\/\\\/www.tapasmagazine.es\\\/en\\\/economia-las-cofradias-critican-como-irreal-que-la-ce-fije-2024-para-que-eliminar-la-pesca-de-fondo-en-20-de-aguas\\\/#primaryimage\"},\"thumbnailUrl\":\"https:\\\/\\\/www.tapasmagazine.es\\\/wp-content\\\/uploads\\\/2023\\\/02\\\/fotonoticia_20230221180531_9999-scaled.jpg\",\"articleSection\":[\"\u00daltima hora\"],\"inLanguage\":\"en-US\"},{\"@type\":\"WebPage\",\"@id\":\"https:\\\/\\\/www.tapasmagazine.es\\\/en\\\/economia-las-cofradias-critican-como-irreal-que-la-ce-fije-2024-para-que-eliminar-la-pesca-de-fondo-en-20-de-aguas\\\/\",\"url\":\"https:\\\/\\\/www.tapasmagazine.es\\\/en\\\/economia-las-cofradias-critican-como-irreal-que-la-ce-fije-2024-para-que-eliminar-la-pesca-de-fondo-en-20-de-aguas\\\/\",\"name\":\"Econom\u00eda.- Las cofrad\u00edas critican como \\\"irreal\\\" que la CE fije 2024 para que eliminar la pesca de fondo en 20% de aguas - Tapas\",\"isPartOf\":{\"@id\":\"https:\\\/\\\/www.tapasmagazine.es\\\/#website\"},\"primaryImageOfPage\":{\"@id\":\"https:\\\/\\\/www.tapasmagazine.es\\\/en\\\/economia-las-cofradias-critican-como-irreal-que-la-ce-fije-2024-para-que-eliminar-la-pesca-de-fondo-en-20-de-aguas\\\/#primaryimage\"},\"image\":{\"@id\":\"https:\\\/\\\/www.tapasmagazine.es\\\/en\\\/economia-las-cofradias-critican-como-irreal-que-la-ce-fije-2024-para-que-eliminar-la-pesca-de-fondo-en-20-de-aguas\\\/#primaryimage\"},\"thumbnailUrl\":\"https:\\\/\\\/www.tapasmagazine.es\\\/wp-content\\\/uploads\\\/2023\\\/02\\\/fotonoticia_20230221180531_9999-scaled.jpg\",\"datePublished\":\"2023-02-21T17:05:31+00:00\",\"dateModified\":\"2023-02-21T17:12:03+00:00\",\"description\":\"El presidente de la Federaci\u00f3n Nacional de las Cofrad\u00edas de Pescadores y patr\u00f3n mayor de Burela (Lugo), Basilio Otero, critica como \\\"irreal\\\" la intenci\u00f3n\",\"breadcrumb\":{\"@id\":\"https:\\\/\\\/www.tapasmagazine.es\\\/en\\\/economia-las-cofradias-critican-como-irreal-que-la-ce-fije-2024-para-que-eliminar-la-pesca-de-fondo-en-20-de-aguas\\\/#breadcrumb\"},\"inLanguage\":\"en-US\",\"potentialAction\":[{\"@type\":\"ReadAction\",\"target\":[\"https:\\\/\\\/www.tapasmagazine.es\\\/en\\\/economia-las-cofradias-critican-como-irreal-que-la-ce-fije-2024-para-que-eliminar-la-pesca-de-fondo-en-20-de-aguas\\\/\"]}]},{\"@type\":\"ImageObject\",\"inLanguage\":\"en-US\",\"@id\":\"https:\\\/\\\/www.tapasmagazine.es\\\/en\\\/economia-las-cofradias-critican-como-irreal-que-la-ce-fije-2024-para-que-eliminar-la-pesca-de-fondo-en-20-de-aguas\\\/#primaryimage\",\"url\":\"https:\\\/\\\/www.tapasmagazine.es\\\/wp-content\\\/uploads\\\/2023\\\/02\\\/fotonoticia_20230221180531_9999-scaled.jpg\",\"contentUrl\":\"https:\\\/\\\/www.tapasmagazine.es\\\/wp-content\\\/uploads\\\/2023\\\/02\\\/fotonoticia_20230221180531_9999-scaled.jpg\",\"width\":2560,\"height\":1707},{\"@type\":\"BreadcrumbList\",\"@id\":\"https:\\\/\\\/www.tapasmagazine.es\\\/en\\\/economia-las-cofradias-critican-como-irreal-que-la-ce-fije-2024-para-que-eliminar-la-pesca-de-fondo-en-20-de-aguas\\\/#breadcrumb\",\"itemListElement\":[{\"@type\":\"ListItem\",\"position\":1,\"name\":\"Portada\",\"item\":\"https:\\\/\\\/www.tapasmagazine.es\\\/\"},{\"@type\":\"ListItem\",\"position\":2,\"name\":\"Sin categorizar\",\"item\":\"https:\\\/\\\/www.tapasmagazine.es\\\/categorias\\\/sin-categorizar\\\/\"},{\"@type\":\"ListItem\",\"position\":3,\"name\":\"Econom\u00eda.- Las cofrad\u00edas critican como \u00abirreal\u00bb que la CE fije 2024 para que eliminar la pesca de fondo en 20% de aguas\"}]},{\"@type\":\"WebSite\",\"@id\":\"https:\\\/\\\/www.tapasmagazine.es\\\/#website\",\"url\":\"https:\\\/\\\/www.tapasmagazine.es\\\/\",\"name\":\"Tapas\",\"description\":\"\u00d1am \u00d1am Lifestyle. La vida a bocados. Premio Nacional de Gastronom\u00eda 2016.\",\"publisher\":{\"@id\":\"https:\\\/\\\/www.tapasmagazine.es\\\/#organization\"},\"potentialAction\":[{\"@type\":\"SearchAction\",\"target\":{\"@type\":\"EntryPoint\",\"urlTemplate\":\"https:\\\/\\\/www.tapasmagazine.es\\\/?s={search_term_string}\"},\"query-input\":{\"@type\":\"PropertyValueSpecification\",\"valueRequired\":true,\"valueName\":\"search_term_string\"}}],\"inLanguage\":\"en-US\"},{\"@type\":\"Organization\",\"@id\":\"https:\\\/\\\/www.tapasmagazine.es\\\/#organization\",\"name\":\"Tapas Magazine\",\"url\":\"https:\\\/\\\/www.tapasmagazine.es\\\/\",\"logo\":{\"@type\":\"ImageObject\",\"inLanguage\":\"en-US\",\"@id\":\"https:\\\/\\\/www.tapasmagazine.es\\\/#\\\/schema\\\/logo\\\/image\\\/\",\"url\":\"https:\\\/\\\/www.tapasmagazine.es\\\/wp-content\\\/uploads\\\/2018\\\/01\\\/logo.png\",\"contentUrl\":\"https:\\\/\\\/www.tapasmagazine.es\\\/wp-content\\\/uploads\\\/2018\\\/01\\\/logo.png\",\"width\":180,\"height\":60,\"caption\":\"Tapas Magazine\"},\"image\":{\"@id\":\"https:\\\/\\\/www.tapasmagazine.es\\\/#\\\/schema\\\/logo\\\/image\\\/\"},\"sameAs\":[\"https:\\\/\\\/www.facebook.com\\\/tapasmagazine\",\"https:\\\/\\\/x.com\\\/TapasMagazine\",\"https:\\\/\\\/www.instagram.com\\\/tapasmagazine\\\/\",\"https:\\\/\\\/www.linkedin.com\\\/company\\\/tapas-magazine\",\"https:\\\/\\\/es.pinterest.com\\\/tapasmagazine\\\/\",\"https:\\\/\\\/www.youtube.com\\\/channel\\\/UCEyxneAaACuR0lfDagrWjjg?sub_confirmation=1\"]},{\"@type\":\"Person\",\"@id\":\"https:\\\/\\\/www.tapasmagazine.es\\\/#\\\/schema\\\/person\\\/dddb3bce6f98f2124c204b901d74a14b\",\"name\":\"Tapas \\\/ EP\",\"url\":\"https:\\\/\\\/www.tapasmagazine.es\\\/en\\\/author\\\/tapasep\\\/\"}]}<\/script>\n<!-- \/ Yoast SEO plugin. -->","yoast_head_json":{"title":"Econom\u00eda.- Las cofrad\u00edas critican como \"irreal\" que la CE fije 2024 para que eliminar la pesca de fondo en 20% de aguas - Tapas","description":"El presidente de la Federaci\u00f3n Nacional de las Cofrad\u00edas de Pescadores y patr\u00f3n mayor de Burela (Lugo), Basilio Otero, critica como \"irreal\" la intenci\u00f3n","robots":{"index":"index","follow":"follow","max-snippet":"max-snippet:-1","max-image-preview":"max-image-preview:large","max-video-preview":"max-video-preview:-1"},"canonical":"https:\/\/www.tapasmagazine.es\/en\/economia-las-cofradias-critican-como-irreal-que-la-ce-fije-2024-para-que-eliminar-la-pesca-de-fondo-en-20-de-aguas\/","og_locale":"en_US","og_type":"article","og_title":"Econom\u00eda.- Las cofrad\u00edas critican como \"irreal\" que la CE fije 2024 para que eliminar la pesca de fondo en 20% de aguas - Tapas","og_description":"El presidente de la Federaci\u00f3n Nacional de las Cofrad\u00edas de Pescadores y patr\u00f3n mayor de Burela (Lugo), Basilio Otero, critica como \"irreal\" la intenci\u00f3n","og_url":"https:\/\/www.tapasmagazine.es\/en\/economia-las-cofradias-critican-como-irreal-que-la-ce-fije-2024-para-que-eliminar-la-pesca-de-fondo-en-20-de-aguas\/","og_site_name":"Tapas","article_publisher":"https:\/\/www.facebook.com\/tapasmagazine","article_published_time":"2023-02-21T17:05:31+00:00","article_modified_time":"2023-02-21T17:12:03+00:00","og_image":[{"width":2560,"height":1707,"url":"https:\/\/www.tapasmagazine.es\/wp-content\/uploads\/2023\/02\/fotonoticia_20230221180531_9999-scaled.jpg","type":"image\/jpeg"}],"author":"Tapas \/ EP","twitter_card":"summary_large_image","twitter_creator":"@TapasMagazine","twitter_site":"@TapasMagazine","twitter_misc":{"Written by":"Tapas \/ EP","Est. reading time":"7 minutes"},"schema":{"@context":"https:\/\/schema.org","@graph":[{"@type":"Article","@id":"https:\/\/www.tapasmagazine.es\/en\/economia-las-cofradias-critican-como-irreal-que-la-ce-fije-2024-para-que-eliminar-la-pesca-de-fondo-en-20-de-aguas\/#article","isPartOf":{"@id":"https:\/\/www.tapasmagazine.es\/en\/economia-las-cofradias-critican-como-irreal-que-la-ce-fije-2024-para-que-eliminar-la-pesca-de-fondo-en-20-de-aguas\/"},"author":{"name":"Tapas \/ EP","@id":"https:\/\/www.tapasmagazine.es\/#\/schema\/person\/dddb3bce6f98f2124c204b901d74a14b"},"headline":"Econom\u00eda.- Las cofrad\u00edas critican como &#8220;irreal&#8221; que la CE fije 2024 para que eliminar la pesca de fondo en 20% de aguas","datePublished":"2023-02-21T17:05:31+00:00","dateModified":"2023-02-21T17:12:03+00:00","mainEntityOfPage":{"@id":"https:\/\/www.tapasmagazine.es\/en\/economia-las-cofradias-critican-como-irreal-que-la-ce-fije-2024-para-que-eliminar-la-pesca-de-fondo-en-20-de-aguas\/"},"wordCount":1352,"publisher":{"@id":"https:\/\/www.tapasmagazine.es\/#organization"},"image":{"@id":"https:\/\/www.tapasmagazine.es\/en\/economia-las-cofradias-critican-como-irreal-que-la-ce-fije-2024-para-que-eliminar-la-pesca-de-fondo-en-20-de-aguas\/#primaryimage"},"thumbnailUrl":"https:\/\/www.tapasmagazine.es\/wp-content\/uploads\/2023\/02\/fotonoticia_20230221180531_9999-scaled.jpg","articleSection":["\u00daltima hora"],"inLanguage":"en-US"},{"@type":"WebPage","@id":"https:\/\/www.tapasmagazine.es\/en\/economia-las-cofradias-critican-como-irreal-que-la-ce-fije-2024-para-que-eliminar-la-pesca-de-fondo-en-20-de-aguas\/","url":"https:\/\/www.tapasmagazine.es\/en\/economia-las-cofradias-critican-como-irreal-que-la-ce-fije-2024-para-que-eliminar-la-pesca-de-fondo-en-20-de-aguas\/","name":"Econom\u00eda.- Las cofrad\u00edas critican como \"irreal\" que la CE fije 2024 para que eliminar la pesca de fondo en 20% de aguas - Tapas","isPartOf":{"@id":"https:\/\/www.tapasmagazine.es\/#website"},"primaryImageOfPage":{"@id":"https:\/\/www.tapasmagazine.es\/en\/economia-las-cofradias-critican-como-irreal-que-la-ce-fije-2024-para-que-eliminar-la-pesca-de-fondo-en-20-de-aguas\/#primaryimage"},"image":{"@id":"https:\/\/www.tapasmagazine.es\/en\/economia-las-cofradias-critican-como-irreal-que-la-ce-fije-2024-para-que-eliminar-la-pesca-de-fondo-en-20-de-aguas\/#primaryimage"},"thumbnailUrl":"https:\/\/www.tapasmagazine.es\/wp-content\/uploads\/2023\/02\/fotonoticia_20230221180531_9999-scaled.jpg","datePublished":"2023-02-21T17:05:31+00:00","dateModified":"2023-02-21T17:12:03+00:00","description":"El presidente de la Federaci\u00f3n Nacional de las Cofrad\u00edas de Pescadores y patr\u00f3n mayor de Burela (Lugo), Basilio Otero, critica como \"irreal\" la intenci\u00f3n","breadcrumb":{"@id":"https:\/\/www.tapasmagazine.es\/en\/economia-las-cofradias-critican-como-irreal-que-la-ce-fije-2024-para-que-eliminar-la-pesca-de-fondo-en-20-de-aguas\/#breadcrumb"},"inLanguage":"en-US","potentialAction":[{"@type":"ReadAction","target":["https:\/\/www.tapasmagazine.es\/en\/economia-las-cofradias-critican-como-irreal-que-la-ce-fije-2024-para-que-eliminar-la-pesca-de-fondo-en-20-de-aguas\/"]}]},{"@type":"ImageObject","inLanguage":"en-US","@id":"https:\/\/www.tapasmagazine.es\/en\/economia-las-cofradias-critican-como-irreal-que-la-ce-fije-2024-para-que-eliminar-la-pesca-de-fondo-en-20-de-aguas\/#primaryimage","url":"https:\/\/www.tapasmagazine.es\/wp-content\/uploads\/2023\/02\/fotonoticia_20230221180531_9999-scaled.jpg","contentUrl":"https:\/\/www.tapasmagazine.es\/wp-content\/uploads\/2023\/02\/fotonoticia_20230221180531_9999-scaled.jpg","width":2560,"height":1707},{"@type":"BreadcrumbList","@id":"https:\/\/www.tapasmagazine.es\/en\/economia-las-cofradias-critican-como-irreal-que-la-ce-fije-2024-para-que-eliminar-la-pesca-de-fondo-en-20-de-aguas\/#breadcrumb","itemListElement":[{"@type":"ListItem","position":1,"name":"Portada","item":"https:\/\/www.tapasmagazine.es\/"},{"@type":"ListItem","position":2,"name":"Sin categorizar","item":"https:\/\/www.tapasmagazine.es\/categorias\/sin-categorizar\/"},{"@type":"ListItem","position":3,"name":"Econom\u00eda.- Las cofrad\u00edas critican como \u00abirreal\u00bb que la CE fije 2024 para que eliminar la pesca de fondo en 20% de aguas"}]},{"@type":"WebSite","@id":"https:\/\/www.tapasmagazine.es\/#website","url":"https:\/\/www.tapasmagazine.es\/","name":"Tapas","description":"\u00d1am \u00d1am Lifestyle. La vida a bocados. Premio Nacional de Gastronom\u00eda 2016.","publisher":{"@id":"https:\/\/www.tapasmagazine.es\/#organization"},"potentialAction":[{"@type":"SearchAction","target":{"@type":"EntryPoint","urlTemplate":"https:\/\/www.tapasmagazine.es\/?s={search_term_string}"},"query-input":{"@type":"PropertyValueSpecification","valueRequired":true,"valueName":"search_term_string"}}],"inLanguage":"en-US"},{"@type":"Organization","@id":"https:\/\/www.tapasmagazine.es\/#organization","name":"Tapas Magazine","url":"https:\/\/www.tapasmagazine.es\/","logo":{"@type":"ImageObject","inLanguage":"en-US","@id":"https:\/\/www.tapasmagazine.es\/#\/schema\/logo\/image\/","url":"https:\/\/www.tapasmagazine.es\/wp-content\/uploads\/2018\/01\/logo.png","contentUrl":"https:\/\/www.tapasmagazine.es\/wp-content\/uploads\/2018\/01\/logo.png","width":180,"height":60,"caption":"Tapas Magazine"},"image":{"@id":"https:\/\/www.tapasmagazine.es\/#\/schema\/logo\/image\/"},"sameAs":["https:\/\/www.facebook.com\/tapasmagazine","https:\/\/x.com\/TapasMagazine","https:\/\/www.instagram.com\/tapasmagazine\/","https:\/\/www.linkedin.com\/company\/tapas-magazine","https:\/\/es.pinterest.com\/tapasmagazine\/","https:\/\/www.youtube.com\/channel\/UCEyxneAaACuR0lfDagrWjjg?sub_confirmation=1"]},{"@type":"Person","@id":"https:\/\/www.tapasmagazine.es\/#\/schema\/person\/dddb3bce6f98f2124c204b901d74a14b","name":"Tapas \/ EP","url":"https:\/\/www.tapasmagazine.es\/en\/author\/tapasep\/"}]}},"_links":{"self":[{"href":"https:\/\/www.tapasmagazine.es\/en\/wp-json\/wp\/v2\/posts\/175830","targetHints":{"allow":["GET"]}}],"collection":[{"href":"https:\/\/www.tapasmagazine.es\/en\/wp-json\/wp\/v2\/posts"}],"about":[{"href":"https:\/\/www.tapasmagazine.es\/en\/wp-json\/wp\/v2\/types\/post"}],"author":[{"embeddable":true,"href":"https:\/\/www.tapasmagazine.es\/en\/wp-json\/wp\/v2\/users\/277"}],"replies":[{"embeddable":true,"href":"https:\/\/www.tapasmagazine.es\/en\/wp-json\/wp\/v2\/comments?post=175830"}],"version-history":[{"count":1,"href":"https:\/\/www.tapasmagazine.es\/en\/wp-json\/wp\/v2\/posts\/175830\/revisions"}],"predecessor-version":[{"id":175831,"href":"https:\/\/www.tapasmagazine.es\/en\/wp-json\/wp\/v2\/posts\/175830\/revisions\/175831"}],"wp:featuredmedia":[{"embeddable":true,"href":"https:\/\/www.tapasmagazine.es\/en\/wp-json\/wp\/v2\/media\/175832"}],"wp:attachment":[{"href":"https:\/\/www.tapasmagazine.es\/en\/wp-json\/wp\/v2\/media?parent=175830"}],"wp:term":[{"taxonomy":"category","embeddable":true,"href":"https:\/\/www.tapasmagazine.es\/en\/wp-json\/wp\/v2\/categories?post=175830"},{"taxonomy":"post_tag","embeddable":true,"href":"https:\/\/www.tapasmagazine.es\/en\/wp-json\/wp\/v2\/tags?post=175830"}],"curies":[{"name":"wp","href":"https:\/\/api.w.org\/{rel}","templated":true}]}}