{"id":175822,"date":"2023-02-21T16:23:11","date_gmt":"2023-02-21T15:23:11","guid":{"rendered":"https:\/\/www.tapasmagazine.es\/?p=175822"},"modified":"2023-02-21T16:42:36","modified_gmt":"2023-02-21T15:42:36","slug":"economia-diaz-ve-insuficiente-la-posicion-de-planas-y-pide-intervenir-ante-el-oligopolio-de-los-grandes-supermercados","status":"publish","type":"post","link":"https:\/\/www.tapasmagazine.es\/en\/economia-diaz-ve-insuficiente-la-posicion-de-planas-y-pide-intervenir-ante-el-oligopolio-de-los-grandes-supermercados\/","title":{"rendered":"Econom\u00eda.-D\u00edaz ve insuficiente la posici\u00f3n de Planas y pide intervenir ante el &#8220;oligopolio&#8221; de los grandes supermercados"},"content":{"rendered":"<p>La vicepresidenta segunda, Yolanda D\u00edaz, ha considerado &#8220;insuficiente&#8221; la posici\u00f3n del ministro de Agricultura, Luis Planas, sobre el precio de los alimentos y ha reivindicado actuar sobre los m\u00e1rgenes empresariales de los grandes supermercados para abaratar los precios, dado que este mercado se comporta como un &#8220;oligopolio&#8221;.<\/p>\n<p>   En este sentido y al igual que ha se\u00f1alado tambi\u00e9n el portavoz de Unidas Podemos en el Congreso, Pablo Echenique, hay una diferencia en el seno del Gobierno a la hora de reaccionar ante el alza de la cesta de la compra.<\/p>\n<p>   Momentos antes de intervenir en la clausura del foro &#8216;La Movilidad de Tod@s&#8217; que organiza la Asociaci\u00f3n Espa\u00f1ola de Fabricantes de Autom\u00f3viles y Camiones (Anfac), la titular de Trabajo ha demandado que el Gobierno debe actuar m\u00e1s all\u00e1 de la bajada del IVA a determinados alimentos.<\/p>\n<p>   De esta forma, ha reivindicado, como ha hecho a trav\u00e9s de las redes sociales, que la Ley de Comercio minorista permite intervenir m\u00e1rgenes empresariales en productos de primera necesidad, que ahora son excepcionalmente &#8220;superlativos&#8221;, ante situaciones excepcionales, como una inflaci\u00f3n del 15,3% en los alimentos que hace &#8220;imposible&#8221; garantizar una alimentaci\u00f3n sana y de calidad a muchas personas.<\/p>\n<p>   De hecho, D\u00edaz ha indicado que cinco grandes supermercados se reparten m\u00e1s del 50% de la cuota de mercado y que eso constituye un &#8220;oligopolio&#8221;, algo que conlleva &#8220;much\u00edsimos riesgos&#8221;. Por tanto, ha dicho que es &#8220;clara&#8221; y que el Gobierno debe situarse al lado &#8220;de la mayor\u00eda social&#8221; y no de los grandes supermercados.<\/p>\n<p>PEDRO S\u00c1NCHEZ ES EL QUE MARCA LA POSICI\u00d3N DEL GOBIERNO<\/p>\n<p>   Cuestionada por la diferencia de criterio respecto a Planas, quien esta ma\u00f1ana ha asegurado que las grandes empresas de distribuci\u00f3n no se est\u00e1n &#8220;forrando&#8221; con los precios, la vicepresidenta ha indicado que el Gobierno no tiene una posici\u00f3n &#8220;un\u00edvoca&#8221; en esta materia y que hay diferentes visiones, todas respetables, sobre la forma de reaccionar ante el alza de la cesta de la compra.<\/p>\n<p>   Por tanto, ha dejado claro que en &#8220;nombre de todo el Gobierno&#8221; habla el presidente, Pedro S\u00e1nchez, y que cuando se pronuncie sobre el precio de los alimentos, avanzar\u00e1n porque los adversarios pol\u00edticos del Ejecutivo no tienen ninguna propuesta para esta materia.<\/p>\n<p>ECHENIQUE: NO PEDIMOS A LA GENTE BUSCARAN OTRA GASOLINERA<\/p>\n<p>   Por su parte, Echenique ha comparecido en rueda de prensa y ha admitido con sinceridad  y respecto que discrepan con la posici\u00f3n de Planas, que ante el alza de precios le pide a la gente paciencia y que busque supermercados con precios m\u00e1s competitivos.<\/p>\n<p>   El dirigente morado ha replicado que la soluci\u00f3n es intervenir en un mercado que se comporta con un oligopolio, donde por ejemplo Mercadona tiene una alta cuota de mercado, y que el a\u00f1o pasado con altos precios de energ\u00eda o carburantes, no le pidieron a los ciudadanos que buscaran otra gasolinera o empresa energ\u00e9tica, sino que toparon el precio del gas y subvencionaron el precio de los combustibles.<\/p>\n<p>   Por tanto, en este caso la v\u00eda m\u00e1s factible para abaratar los alimentos es por un lado fijar un tope a los precios o bonificar, como han propuesto, un 14% el precio de la cesta b\u00e1sica de la compra.<\/p>\n","protected":false},"excerpt":{"rendered":"<p>La vicepresidenta segunda, Yolanda D\u00edaz, ha considerado &#8220;insuficiente&#8221; la posici\u00f3n del ministro de Agricultura, Luis Planas, sobre el precio de los alimentos y ha reivindicado actuar sobre los m\u00e1rgenes empresariales de los grandes supermercados para abaratar los precios, dado que este mercado se comporta como un &#8220;oligopolio&#8221;. En este sentido y al igual que ha [&hellip;]<\/p>\n","protected":false},"author":277,"featured_media":175824,"comment_status":"close","ping_status":"","sticky":false,"template":"single-feature.php","format":"standard","meta":{"_acf_changed":false,"footnotes":""},"categories":[15645],"tags":[],"class_list":["post-175822","post","type-post","status-publish","format-standard","has-post-thumbnail","hentry","category-ultima-hora","cat-15645-id"],"acf":[],"yoast_head":"<!-- This site is optimized with the Yoast SEO plugin v27.4 - https:\/\/yoast.com\/product\/yoast-seo-wordpress\/ -->\n<title>Econom\u00eda.-D\u00edaz ve insuficiente la posici\u00f3n de Planas y pide intervenir ante el &quot;oligopolio&quot; de los grandes supermercados - Tapas<\/title>\n<meta name=\"description\" content=\"La vicepresidenta segunda, Yolanda D\u00edaz, ha considerado &quot;insuficiente&quot; la posici\u00f3n del ministro de Agricultura, Luis Planas, sobre el precio de los\" \/>\n<meta name=\"robots\" content=\"index, follow, max-snippet:-1, max-image-preview:large, max-video-preview:-1\" \/>\n<link rel=\"canonical\" href=\"https:\/\/www.tapasmagazine.es\/en\/economia-diaz-ve-insuficiente-la-posicion-de-planas-y-pide-intervenir-ante-el-oligopolio-de-los-grandes-supermercados\/\" \/>\n<meta property=\"og:locale\" content=\"en_US\" \/>\n<meta property=\"og:type\" content=\"article\" \/>\n<meta property=\"og:title\" content=\"Econom\u00eda.-D\u00edaz ve insuficiente la posici\u00f3n de Planas y pide intervenir ante el &quot;oligopolio&quot; de los grandes supermercados - Tapas\" \/>\n<meta property=\"og:description\" content=\"La vicepresidenta segunda, Yolanda D\u00edaz, ha considerado &quot;insuficiente&quot; la posici\u00f3n del ministro de Agricultura, Luis Planas, sobre el precio de los\" \/>\n<meta property=\"og:url\" content=\"https:\/\/www.tapasmagazine.es\/en\/economia-diaz-ve-insuficiente-la-posicion-de-planas-y-pide-intervenir-ante-el-oligopolio-de-los-grandes-supermercados\/\" \/>\n<meta property=\"og:site_name\" content=\"Tapas\" \/>\n<meta property=\"article:publisher\" content=\"https:\/\/www.facebook.com\/tapasmagazine\" \/>\n<meta property=\"article:published_time\" content=\"2023-02-21T15:23:11+00:00\" \/>\n<meta property=\"article:modified_time\" content=\"2023-02-21T15:42:36+00:00\" \/>\n<meta property=\"og:image\" content=\"https:\/\/www.tapasmagazine.es\/wp-content\/uploads\/2023\/02\/fotonoticia_20230221162311_9999-scaled.jpg\" \/>\n\t<meta property=\"og:image:width\" content=\"2560\" \/>\n\t<meta property=\"og:image:height\" content=\"2537\" \/>\n\t<meta property=\"og:image:type\" content=\"image\/jpeg\" \/>\n<meta name=\"author\" content=\"Tapas \/ EP\" \/>\n<meta name=\"twitter:card\" content=\"summary_large_image\" \/>\n<meta name=\"twitter:creator\" content=\"@TapasMagazine\" \/>\n<meta name=\"twitter:site\" content=\"@TapasMagazine\" \/>\n<meta name=\"twitter:label1\" content=\"Written by\" \/>\n\t<meta name=\"twitter:data1\" content=\"Tapas \/ EP\" \/>\n\t<meta name=\"twitter:label2\" content=\"Est. reading time\" \/>\n\t<meta name=\"twitter:data2\" content=\"3 minutes\" \/>\n<script type=\"application\/ld+json\" class=\"yoast-schema-graph\">{\"@context\":\"https:\\\/\\\/schema.org\",\"@graph\":[{\"@type\":\"Article\",\"@id\":\"https:\\\/\\\/www.tapasmagazine.es\\\/en\\\/economia-diaz-ve-insuficiente-la-posicion-de-planas-y-pide-intervenir-ante-el-oligopolio-de-los-grandes-supermercados\\\/#article\",\"isPartOf\":{\"@id\":\"https:\\\/\\\/www.tapasmagazine.es\\\/en\\\/economia-diaz-ve-insuficiente-la-posicion-de-planas-y-pide-intervenir-ante-el-oligopolio-de-los-grandes-supermercados\\\/\"},\"author\":{\"name\":\"Tapas \\\/ EP\",\"@id\":\"https:\\\/\\\/www.tapasmagazine.es\\\/#\\\/schema\\\/person\\\/dddb3bce6f98f2124c204b901d74a14b\"},\"headline\":\"Econom\u00eda.-D\u00edaz ve insuficiente la posici\u00f3n de Planas y pide intervenir ante el &#8220;oligopolio&#8221; de los grandes supermercados\",\"datePublished\":\"2023-02-21T15:23:11+00:00\",\"dateModified\":\"2023-02-21T15:42:36+00:00\",\"mainEntityOfPage\":{\"@id\":\"https:\\\/\\\/www.tapasmagazine.es\\\/en\\\/economia-diaz-ve-insuficiente-la-posicion-de-planas-y-pide-intervenir-ante-el-oligopolio-de-los-grandes-supermercados\\\/\"},\"wordCount\":578,\"publisher\":{\"@id\":\"https:\\\/\\\/www.tapasmagazine.es\\\/#organization\"},\"image\":{\"@id\":\"https:\\\/\\\/www.tapasmagazine.es\\\/en\\\/economia-diaz-ve-insuficiente-la-posicion-de-planas-y-pide-intervenir-ante-el-oligopolio-de-los-grandes-supermercados\\\/#primaryimage\"},\"thumbnailUrl\":\"https:\\\/\\\/www.tapasmagazine.es\\\/wp-content\\\/uploads\\\/2023\\\/02\\\/fotonoticia_20230221162311_9999-scaled.jpg\",\"articleSection\":[\"\u00daltima hora\"],\"inLanguage\":\"en-US\"},{\"@type\":\"WebPage\",\"@id\":\"https:\\\/\\\/www.tapasmagazine.es\\\/en\\\/economia-diaz-ve-insuficiente-la-posicion-de-planas-y-pide-intervenir-ante-el-oligopolio-de-los-grandes-supermercados\\\/\",\"url\":\"https:\\\/\\\/www.tapasmagazine.es\\\/en\\\/economia-diaz-ve-insuficiente-la-posicion-de-planas-y-pide-intervenir-ante-el-oligopolio-de-los-grandes-supermercados\\\/\",\"name\":\"Econom\u00eda.-D\u00edaz ve insuficiente la posici\u00f3n de Planas y pide intervenir ante el \\\"oligopolio\\\" de los grandes supermercados - Tapas\",\"isPartOf\":{\"@id\":\"https:\\\/\\\/www.tapasmagazine.es\\\/#website\"},\"primaryImageOfPage\":{\"@id\":\"https:\\\/\\\/www.tapasmagazine.es\\\/en\\\/economia-diaz-ve-insuficiente-la-posicion-de-planas-y-pide-intervenir-ante-el-oligopolio-de-los-grandes-supermercados\\\/#primaryimage\"},\"image\":{\"@id\":\"https:\\\/\\\/www.tapasmagazine.es\\\/en\\\/economia-diaz-ve-insuficiente-la-posicion-de-planas-y-pide-intervenir-ante-el-oligopolio-de-los-grandes-supermercados\\\/#primaryimage\"},\"thumbnailUrl\":\"https:\\\/\\\/www.tapasmagazine.es\\\/wp-content\\\/uploads\\\/2023\\\/02\\\/fotonoticia_20230221162311_9999-scaled.jpg\",\"datePublished\":\"2023-02-21T15:23:11+00:00\",\"dateModified\":\"2023-02-21T15:42:36+00:00\",\"description\":\"La vicepresidenta segunda, Yolanda D\u00edaz, ha considerado \\\"insuficiente\\\" la posici\u00f3n del ministro de Agricultura, Luis Planas, sobre el precio de los\",\"breadcrumb\":{\"@id\":\"https:\\\/\\\/www.tapasmagazine.es\\\/en\\\/economia-diaz-ve-insuficiente-la-posicion-de-planas-y-pide-intervenir-ante-el-oligopolio-de-los-grandes-supermercados\\\/#breadcrumb\"},\"inLanguage\":\"en-US\",\"potentialAction\":[{\"@type\":\"ReadAction\",\"target\":[\"https:\\\/\\\/www.tapasmagazine.es\\\/en\\\/economia-diaz-ve-insuficiente-la-posicion-de-planas-y-pide-intervenir-ante-el-oligopolio-de-los-grandes-supermercados\\\/\"]}]},{\"@type\":\"ImageObject\",\"inLanguage\":\"en-US\",\"@id\":\"https:\\\/\\\/www.tapasmagazine.es\\\/en\\\/economia-diaz-ve-insuficiente-la-posicion-de-planas-y-pide-intervenir-ante-el-oligopolio-de-los-grandes-supermercados\\\/#primaryimage\",\"url\":\"https:\\\/\\\/www.tapasmagazine.es\\\/wp-content\\\/uploads\\\/2023\\\/02\\\/fotonoticia_20230221162311_9999-scaled.jpg\",\"contentUrl\":\"https:\\\/\\\/www.tapasmagazine.es\\\/wp-content\\\/uploads\\\/2023\\\/02\\\/fotonoticia_20230221162311_9999-scaled.jpg\",\"width\":2560,\"height\":2537},{\"@type\":\"BreadcrumbList\",\"@id\":\"https:\\\/\\\/www.tapasmagazine.es\\\/en\\\/economia-diaz-ve-insuficiente-la-posicion-de-planas-y-pide-intervenir-ante-el-oligopolio-de-los-grandes-supermercados\\\/#breadcrumb\",\"itemListElement\":[{\"@type\":\"ListItem\",\"position\":1,\"name\":\"Portada\",\"item\":\"https:\\\/\\\/www.tapasmagazine.es\\\/\"},{\"@type\":\"ListItem\",\"position\":2,\"name\":\"Sin categorizar\",\"item\":\"https:\\\/\\\/www.tapasmagazine.es\\\/categorias\\\/sin-categorizar\\\/\"},{\"@type\":\"ListItem\",\"position\":3,\"name\":\"Econom\u00eda.-D\u00edaz ve insuficiente la posici\u00f3n de Planas y pide intervenir ante el \u00aboligopolio\u00bb de los grandes supermercados\"}]},{\"@type\":\"WebSite\",\"@id\":\"https:\\\/\\\/www.tapasmagazine.es\\\/#website\",\"url\":\"https:\\\/\\\/www.tapasmagazine.es\\\/\",\"name\":\"Tapas\",\"description\":\"\u00d1am \u00d1am Lifestyle. La vida a bocados. Premio Nacional de Gastronom\u00eda 2016.\",\"publisher\":{\"@id\":\"https:\\\/\\\/www.tapasmagazine.es\\\/#organization\"},\"potentialAction\":[{\"@type\":\"SearchAction\",\"target\":{\"@type\":\"EntryPoint\",\"urlTemplate\":\"https:\\\/\\\/www.tapasmagazine.es\\\/?s={search_term_string}\"},\"query-input\":{\"@type\":\"PropertyValueSpecification\",\"valueRequired\":true,\"valueName\":\"search_term_string\"}}],\"inLanguage\":\"en-US\"},{\"@type\":\"Organization\",\"@id\":\"https:\\\/\\\/www.tapasmagazine.es\\\/#organization\",\"name\":\"Tapas Magazine\",\"url\":\"https:\\\/\\\/www.tapasmagazine.es\\\/\",\"logo\":{\"@type\":\"ImageObject\",\"inLanguage\":\"en-US\",\"@id\":\"https:\\\/\\\/www.tapasmagazine.es\\\/#\\\/schema\\\/logo\\\/image\\\/\",\"url\":\"https:\\\/\\\/www.tapasmagazine.es\\\/wp-content\\\/uploads\\\/2018\\\/01\\\/logo.png\",\"contentUrl\":\"https:\\\/\\\/www.tapasmagazine.es\\\/wp-content\\\/uploads\\\/2018\\\/01\\\/logo.png\",\"width\":180,\"height\":60,\"caption\":\"Tapas Magazine\"},\"image\":{\"@id\":\"https:\\\/\\\/www.tapasmagazine.es\\\/#\\\/schema\\\/logo\\\/image\\\/\"},\"sameAs\":[\"https:\\\/\\\/www.facebook.com\\\/tapasmagazine\",\"https:\\\/\\\/x.com\\\/TapasMagazine\",\"https:\\\/\\\/www.instagram.com\\\/tapasmagazine\\\/\",\"https:\\\/\\\/www.linkedin.com\\\/company\\\/tapas-magazine\",\"https:\\\/\\\/es.pinterest.com\\\/tapasmagazine\\\/\",\"https:\\\/\\\/www.youtube.com\\\/channel\\\/UCEyxneAaACuR0lfDagrWjjg?sub_confirmation=1\"]},{\"@type\":\"Person\",\"@id\":\"https:\\\/\\\/www.tapasmagazine.es\\\/#\\\/schema\\\/person\\\/dddb3bce6f98f2124c204b901d74a14b\",\"name\":\"Tapas \\\/ EP\",\"url\":\"https:\\\/\\\/www.tapasmagazine.es\\\/en\\\/author\\\/tapasep\\\/\"}]}<\/script>\n<!-- \/ Yoast SEO plugin. -->","yoast_head_json":{"title":"Econom\u00eda.-D\u00edaz ve insuficiente la posici\u00f3n de Planas y pide intervenir ante el \"oligopolio\" de los grandes supermercados - Tapas","description":"La vicepresidenta segunda, Yolanda D\u00edaz, ha considerado \"insuficiente\" la posici\u00f3n del ministro de Agricultura, Luis Planas, sobre el precio de los","robots":{"index":"index","follow":"follow","max-snippet":"max-snippet:-1","max-image-preview":"max-image-preview:large","max-video-preview":"max-video-preview:-1"},"canonical":"https:\/\/www.tapasmagazine.es\/en\/economia-diaz-ve-insuficiente-la-posicion-de-planas-y-pide-intervenir-ante-el-oligopolio-de-los-grandes-supermercados\/","og_locale":"en_US","og_type":"article","og_title":"Econom\u00eda.-D\u00edaz ve insuficiente la posici\u00f3n de Planas y pide intervenir ante el \"oligopolio\" de los grandes supermercados - Tapas","og_description":"La vicepresidenta segunda, Yolanda D\u00edaz, ha considerado \"insuficiente\" la posici\u00f3n del ministro de Agricultura, Luis Planas, sobre el precio de los","og_url":"https:\/\/www.tapasmagazine.es\/en\/economia-diaz-ve-insuficiente-la-posicion-de-planas-y-pide-intervenir-ante-el-oligopolio-de-los-grandes-supermercados\/","og_site_name":"Tapas","article_publisher":"https:\/\/www.facebook.com\/tapasmagazine","article_published_time":"2023-02-21T15:23:11+00:00","article_modified_time":"2023-02-21T15:42:36+00:00","og_image":[{"width":2560,"height":2537,"url":"https:\/\/www.tapasmagazine.es\/wp-content\/uploads\/2023\/02\/fotonoticia_20230221162311_9999-scaled.jpg","type":"image\/jpeg"}],"author":"Tapas \/ EP","twitter_card":"summary_large_image","twitter_creator":"@TapasMagazine","twitter_site":"@TapasMagazine","twitter_misc":{"Written by":"Tapas \/ EP","Est. reading time":"3 minutes"},"schema":{"@context":"https:\/\/schema.org","@graph":[{"@type":"Article","@id":"https:\/\/www.tapasmagazine.es\/en\/economia-diaz-ve-insuficiente-la-posicion-de-planas-y-pide-intervenir-ante-el-oligopolio-de-los-grandes-supermercados\/#article","isPartOf":{"@id":"https:\/\/www.tapasmagazine.es\/en\/economia-diaz-ve-insuficiente-la-posicion-de-planas-y-pide-intervenir-ante-el-oligopolio-de-los-grandes-supermercados\/"},"author":{"name":"Tapas \/ EP","@id":"https:\/\/www.tapasmagazine.es\/#\/schema\/person\/dddb3bce6f98f2124c204b901d74a14b"},"headline":"Econom\u00eda.-D\u00edaz ve insuficiente la posici\u00f3n de Planas y pide intervenir ante el &#8220;oligopolio&#8221; de los grandes supermercados","datePublished":"2023-02-21T15:23:11+00:00","dateModified":"2023-02-21T15:42:36+00:00","mainEntityOfPage":{"@id":"https:\/\/www.tapasmagazine.es\/en\/economia-diaz-ve-insuficiente-la-posicion-de-planas-y-pide-intervenir-ante-el-oligopolio-de-los-grandes-supermercados\/"},"wordCount":578,"publisher":{"@id":"https:\/\/www.tapasmagazine.es\/#organization"},"image":{"@id":"https:\/\/www.tapasmagazine.es\/en\/economia-diaz-ve-insuficiente-la-posicion-de-planas-y-pide-intervenir-ante-el-oligopolio-de-los-grandes-supermercados\/#primaryimage"},"thumbnailUrl":"https:\/\/www.tapasmagazine.es\/wp-content\/uploads\/2023\/02\/fotonoticia_20230221162311_9999-scaled.jpg","articleSection":["\u00daltima hora"],"inLanguage":"en-US"},{"@type":"WebPage","@id":"https:\/\/www.tapasmagazine.es\/en\/economia-diaz-ve-insuficiente-la-posicion-de-planas-y-pide-intervenir-ante-el-oligopolio-de-los-grandes-supermercados\/","url":"https:\/\/www.tapasmagazine.es\/en\/economia-diaz-ve-insuficiente-la-posicion-de-planas-y-pide-intervenir-ante-el-oligopolio-de-los-grandes-supermercados\/","name":"Econom\u00eda.-D\u00edaz ve insuficiente la posici\u00f3n de Planas y pide intervenir ante el \"oligopolio\" de los grandes supermercados - Tapas","isPartOf":{"@id":"https:\/\/www.tapasmagazine.es\/#website"},"primaryImageOfPage":{"@id":"https:\/\/www.tapasmagazine.es\/en\/economia-diaz-ve-insuficiente-la-posicion-de-planas-y-pide-intervenir-ante-el-oligopolio-de-los-grandes-supermercados\/#primaryimage"},"image":{"@id":"https:\/\/www.tapasmagazine.es\/en\/economia-diaz-ve-insuficiente-la-posicion-de-planas-y-pide-intervenir-ante-el-oligopolio-de-los-grandes-supermercados\/#primaryimage"},"thumbnailUrl":"https:\/\/www.tapasmagazine.es\/wp-content\/uploads\/2023\/02\/fotonoticia_20230221162311_9999-scaled.jpg","datePublished":"2023-02-21T15:23:11+00:00","dateModified":"2023-02-21T15:42:36+00:00","description":"La vicepresidenta segunda, Yolanda D\u00edaz, ha considerado \"insuficiente\" la posici\u00f3n del ministro de Agricultura, Luis Planas, sobre el precio de los","breadcrumb":{"@id":"https:\/\/www.tapasmagazine.es\/en\/economia-diaz-ve-insuficiente-la-posicion-de-planas-y-pide-intervenir-ante-el-oligopolio-de-los-grandes-supermercados\/#breadcrumb"},"inLanguage":"en-US","potentialAction":[{"@type":"ReadAction","target":["https:\/\/www.tapasmagazine.es\/en\/economia-diaz-ve-insuficiente-la-posicion-de-planas-y-pide-intervenir-ante-el-oligopolio-de-los-grandes-supermercados\/"]}]},{"@type":"ImageObject","inLanguage":"en-US","@id":"https:\/\/www.tapasmagazine.es\/en\/economia-diaz-ve-insuficiente-la-posicion-de-planas-y-pide-intervenir-ante-el-oligopolio-de-los-grandes-supermercados\/#primaryimage","url":"https:\/\/www.tapasmagazine.es\/wp-content\/uploads\/2023\/02\/fotonoticia_20230221162311_9999-scaled.jpg","contentUrl":"https:\/\/www.tapasmagazine.es\/wp-content\/uploads\/2023\/02\/fotonoticia_20230221162311_9999-scaled.jpg","width":2560,"height":2537},{"@type":"BreadcrumbList","@id":"https:\/\/www.tapasmagazine.es\/en\/economia-diaz-ve-insuficiente-la-posicion-de-planas-y-pide-intervenir-ante-el-oligopolio-de-los-grandes-supermercados\/#breadcrumb","itemListElement":[{"@type":"ListItem","position":1,"name":"Portada","item":"https:\/\/www.tapasmagazine.es\/"},{"@type":"ListItem","position":2,"name":"Sin categorizar","item":"https:\/\/www.tapasmagazine.es\/categorias\/sin-categorizar\/"},{"@type":"ListItem","position":3,"name":"Econom\u00eda.-D\u00edaz ve insuficiente la posici\u00f3n de Planas y pide intervenir ante el \u00aboligopolio\u00bb de los grandes supermercados"}]},{"@type":"WebSite","@id":"https:\/\/www.tapasmagazine.es\/#website","url":"https:\/\/www.tapasmagazine.es\/","name":"Tapas","description":"\u00d1am \u00d1am Lifestyle. La vida a bocados. Premio Nacional de Gastronom\u00eda 2016.","publisher":{"@id":"https:\/\/www.tapasmagazine.es\/#organization"},"potentialAction":[{"@type":"SearchAction","target":{"@type":"EntryPoint","urlTemplate":"https:\/\/www.tapasmagazine.es\/?s={search_term_string}"},"query-input":{"@type":"PropertyValueSpecification","valueRequired":true,"valueName":"search_term_string"}}],"inLanguage":"en-US"},{"@type":"Organization","@id":"https:\/\/www.tapasmagazine.es\/#organization","name":"Tapas Magazine","url":"https:\/\/www.tapasmagazine.es\/","logo":{"@type":"ImageObject","inLanguage":"en-US","@id":"https:\/\/www.tapasmagazine.es\/#\/schema\/logo\/image\/","url":"https:\/\/www.tapasmagazine.es\/wp-content\/uploads\/2018\/01\/logo.png","contentUrl":"https:\/\/www.tapasmagazine.es\/wp-content\/uploads\/2018\/01\/logo.png","width":180,"height":60,"caption":"Tapas Magazine"},"image":{"@id":"https:\/\/www.tapasmagazine.es\/#\/schema\/logo\/image\/"},"sameAs":["https:\/\/www.facebook.com\/tapasmagazine","https:\/\/x.com\/TapasMagazine","https:\/\/www.instagram.com\/tapasmagazine\/","https:\/\/www.linkedin.com\/company\/tapas-magazine","https:\/\/es.pinterest.com\/tapasmagazine\/","https:\/\/www.youtube.com\/channel\/UCEyxneAaACuR0lfDagrWjjg?sub_confirmation=1"]},{"@type":"Person","@id":"https:\/\/www.tapasmagazine.es\/#\/schema\/person\/dddb3bce6f98f2124c204b901d74a14b","name":"Tapas \/ EP","url":"https:\/\/www.tapasmagazine.es\/en\/author\/tapasep\/"}]}},"_links":{"self":[{"href":"https:\/\/www.tapasmagazine.es\/en\/wp-json\/wp\/v2\/posts\/175822","targetHints":{"allow":["GET"]}}],"collection":[{"href":"https:\/\/www.tapasmagazine.es\/en\/wp-json\/wp\/v2\/posts"}],"about":[{"href":"https:\/\/www.tapasmagazine.es\/en\/wp-json\/wp\/v2\/types\/post"}],"author":[{"embeddable":true,"href":"https:\/\/www.tapasmagazine.es\/en\/wp-json\/wp\/v2\/users\/277"}],"replies":[{"embeddable":true,"href":"https:\/\/www.tapasmagazine.es\/en\/wp-json\/wp\/v2\/comments?post=175822"}],"version-history":[{"count":1,"href":"https:\/\/www.tapasmagazine.es\/en\/wp-json\/wp\/v2\/posts\/175822\/revisions"}],"predecessor-version":[{"id":175823,"href":"https:\/\/www.tapasmagazine.es\/en\/wp-json\/wp\/v2\/posts\/175822\/revisions\/175823"}],"wp:featuredmedia":[{"embeddable":true,"href":"https:\/\/www.tapasmagazine.es\/en\/wp-json\/wp\/v2\/media\/175824"}],"wp:attachment":[{"href":"https:\/\/www.tapasmagazine.es\/en\/wp-json\/wp\/v2\/media?parent=175822"}],"wp:term":[{"taxonomy":"category","embeddable":true,"href":"https:\/\/www.tapasmagazine.es\/en\/wp-json\/wp\/v2\/categories?post=175822"},{"taxonomy":"post_tag","embeddable":true,"href":"https:\/\/www.tapasmagazine.es\/en\/wp-json\/wp\/v2\/tags?post=175822"}],"curies":[{"name":"wp","href":"https:\/\/api.w.org\/{rel}","templated":true}]}}