{"id":175813,"date":"2023-02-21T14:52:36","date_gmt":"2023-02-21T13:52:36","guid":{"rendered":"https:\/\/www.tapasmagazine.es\/?p=175813"},"modified":"2023-02-21T15:12:02","modified_gmt":"2023-02-21T14:12:02","slug":"economia-gobierno-cree-que-se-esta-frenando-el-alza-de-los-precios-de-los-alimentos-y-descarta-un-impuesto-a-los-super","status":"publish","type":"post","link":"https:\/\/www.tapasmagazine.es\/en\/economia-gobierno-cree-que-se-esta-frenando-el-alza-de-los-precios-de-los-alimentos-y-descarta-un-impuesto-a-los-super\/","title":{"rendered":"Econom\u00eda.- Gobierno cree que se est\u00e1 frenando el alza de los precios de los alimentos y descarta un impuesto a los s\u00faper"},"content":{"rendered":"<p>El Gobierno cree que con las medidas adoptadas como la bajada del IVA a determinados alimentos se ha logrado el objetivo de &#8220;frenar&#8221; el alza de los precios de la alimentaci\u00f3n, al tiempo que ha descartado imponer un impuesto extraordinario a las empresas de la distribuci\u00f3n similar al de las el\u00e9ctricas y la banca.<\/p>\n<p>   &#8220;La bajada del IVA ha funcionado y ha permitido una bajada de los precios de la cesta de la compra b\u00e1sica&#8221;, ha asegurado la ministra de Hacienda y Funci\u00f3n P\u00fablica, Mar\u00eda Jes\u00fas Montero, en la rueda de prensa posterior al Consejo de Ministros.<\/p>\n<p>   Montero ha reiterado que se ha logrado &#8220;frenar&#8221; uno de los factores que m\u00e1s contribu\u00edan a subir los precios. &#8220;Lo importante era frenar el alza, que se pueda ir estabilizando y volver a los precios previos&#8221;, ha subrayado.<\/p>\n<p>   Respecto a la posibilidad de adoptar otras medidas, Montero ha recordado que el Gobierno est\u00e1 en &#8220;permanente evaluaci\u00f3n de las medidas&#8221; adoptadas ahora y de cara al futuro. &#8220;A todas las medidas hay que dar profundidad, dejarlas un rodaje en el tiempo para ver su impacto y ver c\u00f3mo se comporta la inflaci\u00f3n&#8221;, ha explicado.<\/p>\n<p>   Cuestionada por si estudian la posibilidad de imponer un impuesto a las empresas de la distribuci\u00f3n, la titular de Hacienda ha sido clara: &#8220;No tenemos ning\u00fan dato que nos permita afirmar que haya beneficios extraordinarios en otras empresas que no sean las energ\u00e9ticas y las de la banca, pero como siempre monitorizamos la situaci\u00f3n&#8221;.<\/p>\n<p>   &#8220;Este Gobierno aprob\u00f3 La ley de la Cadena Alimentaria para que no se produjera una falta de rentabilidad en los sectores m\u00e1s vulnerables de la cadena, habitualmente el sector primario. Medimos muy bien que cualquier medida en el sector de la alimentaci\u00f3n, ya sea fiscal o de ayudas, no tenga una repercusi\u00f3n no deseada en la cadena y que haya un reparto equitativo tambi\u00e9n de los esfuerzos&#8221;, ha reiterado la titular de Hacienda.<\/p>\n<p>    Por su parte, la ministra de Pol\u00edtica Territorial y portavoz del Gobierno, Isabel Rodr\u00edguez, ha reiterado que el Ejecutivo de Pedro S\u00e1nchez est\u00e1 adoptando las medidas necesarias para proteger a las familias espa\u00f1olas.<\/p>\n<p>   Rodr\u00edguez ha calificado de &#8220;muy importante&#8221; la reuni\u00f3n celebrada ayer del Observatorio de la Cadena Alimentaria, donde el ministro de Agricultura, Luis Planas, comparti\u00f3 un &#8220;an\u00e1lisis exhaustivo&#8221; de la situaci\u00f3n con los sectores afectados.<\/p>\n<p>   &#8220;A nivel global, el Gobierno hace un balance muy positivo de las medidas adoptadas para proteger a los ciudadanos. Estamos haciendo esfuerzos y estamos satisfechos con lo que se est\u00e1 haciendo&#8221;, ha recalcado.<\/p>\n<p>   Fuentes del Gobierno han explicado que la propuesta de Podemos, de bonificar un 14% el precio de los alimentos, genera &#8220;dificultades t\u00e9cnicas&#8221; en su aplicaci\u00f3n, dado lo atomizado que est\u00e1 el comercio minorista, al contrario de lo que suced\u00eda con las gasolineras, en manos de muchas menos distribuidoras.<\/p>\n<p>   Por ello, desde el Ejecutivo son partidarios de esperar a que transcurra el primer trimestre para ver c\u00f3mo ha funcionado la rebaja del IVA de los alimentos, y no descartan adoptar nuevas medidas o prorrogar las existentes m\u00e1s all\u00e1 del plazo previsto.<\/p>\n","protected":false},"excerpt":{"rendered":"<p>El Gobierno cree que con las medidas adoptadas como la bajada del IVA a determinados alimentos se ha logrado el objetivo de &#8220;frenar&#8221; el alza de los precios de la alimentaci\u00f3n, al tiempo que ha descartado imponer un impuesto extraordinario a las empresas de la distribuci\u00f3n similar al de las el\u00e9ctricas y la banca. &#8220;La [&hellip;]<\/p>\n","protected":false},"author":277,"featured_media":175815,"comment_status":"close","ping_status":"","sticky":false,"template":"single-feature.php","format":"standard","meta":{"_acf_changed":false,"footnotes":""},"categories":[15645],"tags":[],"class_list":["post-175813","post","type-post","status-publish","format-standard","has-post-thumbnail","hentry","category-ultima-hora","cat-15645-id"],"acf":[],"yoast_head":"<!-- This site is optimized with the Yoast SEO plugin v27.4 - https:\/\/yoast.com\/product\/yoast-seo-wordpress\/ -->\n<title>Econom\u00eda.- Gobierno cree que se est\u00e1 frenando el alza de los precios de los alimentos y descarta un impuesto a los s\u00faper - Tapas<\/title>\n<meta name=\"description\" content=\"El Gobierno cree que con las medidas adoptadas como la bajada del IVA a determinados alimentos se ha logrado el objetivo de &quot;frenar&quot; el alza de los\" \/>\n<meta name=\"robots\" content=\"index, follow, max-snippet:-1, max-image-preview:large, max-video-preview:-1\" \/>\n<link rel=\"canonical\" href=\"https:\/\/www.tapasmagazine.es\/en\/economia-gobierno-cree-que-se-esta-frenando-el-alza-de-los-precios-de-los-alimentos-y-descarta-un-impuesto-a-los-super\/\" \/>\n<meta property=\"og:locale\" content=\"en_US\" \/>\n<meta property=\"og:type\" content=\"article\" \/>\n<meta property=\"og:title\" content=\"Econom\u00eda.- Gobierno cree que se est\u00e1 frenando el alza de los precios de los alimentos y descarta un impuesto a los s\u00faper - Tapas\" \/>\n<meta property=\"og:description\" content=\"El Gobierno cree que con las medidas adoptadas como la bajada del IVA a determinados alimentos se ha logrado el objetivo de &quot;frenar&quot; el alza de los\" \/>\n<meta property=\"og:url\" content=\"https:\/\/www.tapasmagazine.es\/en\/economia-gobierno-cree-que-se-esta-frenando-el-alza-de-los-precios-de-los-alimentos-y-descarta-un-impuesto-a-los-super\/\" \/>\n<meta property=\"og:site_name\" content=\"Tapas\" \/>\n<meta property=\"article:publisher\" content=\"https:\/\/www.facebook.com\/tapasmagazine\" \/>\n<meta property=\"article:published_time\" content=\"2023-02-21T13:52:36+00:00\" \/>\n<meta property=\"article:modified_time\" content=\"2023-02-21T14:12:02+00:00\" \/>\n<meta property=\"og:image\" content=\"https:\/\/www.tapasmagazine.es\/wp-content\/uploads\/2023\/02\/fotonoticia_20230221145236_9999-scaled.jpg\" \/>\n\t<meta property=\"og:image:width\" content=\"2560\" \/>\n\t<meta property=\"og:image:height\" content=\"1706\" \/>\n\t<meta property=\"og:image:type\" content=\"image\/jpeg\" \/>\n<meta name=\"author\" content=\"Tapas \/ EP\" \/>\n<meta name=\"twitter:card\" content=\"summary_large_image\" \/>\n<meta name=\"twitter:creator\" content=\"@TapasMagazine\" \/>\n<meta name=\"twitter:site\" content=\"@TapasMagazine\" \/>\n<meta name=\"twitter:label1\" content=\"Written by\" \/>\n\t<meta name=\"twitter:data1\" content=\"Tapas \/ EP\" \/>\n\t<meta name=\"twitter:label2\" content=\"Est. reading time\" \/>\n\t<meta name=\"twitter:data2\" content=\"3 minutes\" \/>\n<script type=\"application\/ld+json\" class=\"yoast-schema-graph\">{\"@context\":\"https:\\\/\\\/schema.org\",\"@graph\":[{\"@type\":\"Article\",\"@id\":\"https:\\\/\\\/www.tapasmagazine.es\\\/en\\\/economia-gobierno-cree-que-se-esta-frenando-el-alza-de-los-precios-de-los-alimentos-y-descarta-un-impuesto-a-los-super\\\/#article\",\"isPartOf\":{\"@id\":\"https:\\\/\\\/www.tapasmagazine.es\\\/en\\\/economia-gobierno-cree-que-se-esta-frenando-el-alza-de-los-precios-de-los-alimentos-y-descarta-un-impuesto-a-los-super\\\/\"},\"author\":{\"name\":\"Tapas \\\/ EP\",\"@id\":\"https:\\\/\\\/www.tapasmagazine.es\\\/#\\\/schema\\\/person\\\/dddb3bce6f98f2124c204b901d74a14b\"},\"headline\":\"Econom\u00eda.- Gobierno cree que se est\u00e1 frenando el alza de los precios de los alimentos y descarta un impuesto a los s\u00faper\",\"datePublished\":\"2023-02-21T13:52:36+00:00\",\"dateModified\":\"2023-02-21T14:12:02+00:00\",\"mainEntityOfPage\":{\"@id\":\"https:\\\/\\\/www.tapasmagazine.es\\\/en\\\/economia-gobierno-cree-que-se-esta-frenando-el-alza-de-los-precios-de-los-alimentos-y-descarta-un-impuesto-a-los-super\\\/\"},\"wordCount\":565,\"publisher\":{\"@id\":\"https:\\\/\\\/www.tapasmagazine.es\\\/#organization\"},\"image\":{\"@id\":\"https:\\\/\\\/www.tapasmagazine.es\\\/en\\\/economia-gobierno-cree-que-se-esta-frenando-el-alza-de-los-precios-de-los-alimentos-y-descarta-un-impuesto-a-los-super\\\/#primaryimage\"},\"thumbnailUrl\":\"https:\\\/\\\/www.tapasmagazine.es\\\/wp-content\\\/uploads\\\/2023\\\/02\\\/fotonoticia_20230221145236_9999-scaled.jpg\",\"articleSection\":[\"\u00daltima hora\"],\"inLanguage\":\"en-US\"},{\"@type\":\"WebPage\",\"@id\":\"https:\\\/\\\/www.tapasmagazine.es\\\/en\\\/economia-gobierno-cree-que-se-esta-frenando-el-alza-de-los-precios-de-los-alimentos-y-descarta-un-impuesto-a-los-super\\\/\",\"url\":\"https:\\\/\\\/www.tapasmagazine.es\\\/en\\\/economia-gobierno-cree-que-se-esta-frenando-el-alza-de-los-precios-de-los-alimentos-y-descarta-un-impuesto-a-los-super\\\/\",\"name\":\"Econom\u00eda.- Gobierno cree que se est\u00e1 frenando el alza de los precios de los alimentos y descarta un impuesto a los s\u00faper - Tapas\",\"isPartOf\":{\"@id\":\"https:\\\/\\\/www.tapasmagazine.es\\\/#website\"},\"primaryImageOfPage\":{\"@id\":\"https:\\\/\\\/www.tapasmagazine.es\\\/en\\\/economia-gobierno-cree-que-se-esta-frenando-el-alza-de-los-precios-de-los-alimentos-y-descarta-un-impuesto-a-los-super\\\/#primaryimage\"},\"image\":{\"@id\":\"https:\\\/\\\/www.tapasmagazine.es\\\/en\\\/economia-gobierno-cree-que-se-esta-frenando-el-alza-de-los-precios-de-los-alimentos-y-descarta-un-impuesto-a-los-super\\\/#primaryimage\"},\"thumbnailUrl\":\"https:\\\/\\\/www.tapasmagazine.es\\\/wp-content\\\/uploads\\\/2023\\\/02\\\/fotonoticia_20230221145236_9999-scaled.jpg\",\"datePublished\":\"2023-02-21T13:52:36+00:00\",\"dateModified\":\"2023-02-21T14:12:02+00:00\",\"description\":\"El Gobierno cree que con las medidas adoptadas como la bajada del IVA a determinados alimentos se ha logrado el objetivo de \\\"frenar\\\" el alza de los\",\"breadcrumb\":{\"@id\":\"https:\\\/\\\/www.tapasmagazine.es\\\/en\\\/economia-gobierno-cree-que-se-esta-frenando-el-alza-de-los-precios-de-los-alimentos-y-descarta-un-impuesto-a-los-super\\\/#breadcrumb\"},\"inLanguage\":\"en-US\",\"potentialAction\":[{\"@type\":\"ReadAction\",\"target\":[\"https:\\\/\\\/www.tapasmagazine.es\\\/en\\\/economia-gobierno-cree-que-se-esta-frenando-el-alza-de-los-precios-de-los-alimentos-y-descarta-un-impuesto-a-los-super\\\/\"]}]},{\"@type\":\"ImageObject\",\"inLanguage\":\"en-US\",\"@id\":\"https:\\\/\\\/www.tapasmagazine.es\\\/en\\\/economia-gobierno-cree-que-se-esta-frenando-el-alza-de-los-precios-de-los-alimentos-y-descarta-un-impuesto-a-los-super\\\/#primaryimage\",\"url\":\"https:\\\/\\\/www.tapasmagazine.es\\\/wp-content\\\/uploads\\\/2023\\\/02\\\/fotonoticia_20230221145236_9999-scaled.jpg\",\"contentUrl\":\"https:\\\/\\\/www.tapasmagazine.es\\\/wp-content\\\/uploads\\\/2023\\\/02\\\/fotonoticia_20230221145236_9999-scaled.jpg\",\"width\":2560,\"height\":1706},{\"@type\":\"BreadcrumbList\",\"@id\":\"https:\\\/\\\/www.tapasmagazine.es\\\/en\\\/economia-gobierno-cree-que-se-esta-frenando-el-alza-de-los-precios-de-los-alimentos-y-descarta-un-impuesto-a-los-super\\\/#breadcrumb\",\"itemListElement\":[{\"@type\":\"ListItem\",\"position\":1,\"name\":\"Portada\",\"item\":\"https:\\\/\\\/www.tapasmagazine.es\\\/\"},{\"@type\":\"ListItem\",\"position\":2,\"name\":\"Sin categorizar\",\"item\":\"https:\\\/\\\/www.tapasmagazine.es\\\/categorias\\\/sin-categorizar\\\/\"},{\"@type\":\"ListItem\",\"position\":3,\"name\":\"Econom\u00eda.- Gobierno cree que se est\u00e1 frenando el alza de los precios de los alimentos y descarta un impuesto a los s\u00faper\"}]},{\"@type\":\"WebSite\",\"@id\":\"https:\\\/\\\/www.tapasmagazine.es\\\/#website\",\"url\":\"https:\\\/\\\/www.tapasmagazine.es\\\/\",\"name\":\"Tapas\",\"description\":\"\u00d1am \u00d1am Lifestyle. La vida a bocados. Premio Nacional de Gastronom\u00eda 2016.\",\"publisher\":{\"@id\":\"https:\\\/\\\/www.tapasmagazine.es\\\/#organization\"},\"potentialAction\":[{\"@type\":\"SearchAction\",\"target\":{\"@type\":\"EntryPoint\",\"urlTemplate\":\"https:\\\/\\\/www.tapasmagazine.es\\\/?s={search_term_string}\"},\"query-input\":{\"@type\":\"PropertyValueSpecification\",\"valueRequired\":true,\"valueName\":\"search_term_string\"}}],\"inLanguage\":\"en-US\"},{\"@type\":\"Organization\",\"@id\":\"https:\\\/\\\/www.tapasmagazine.es\\\/#organization\",\"name\":\"Tapas Magazine\",\"url\":\"https:\\\/\\\/www.tapasmagazine.es\\\/\",\"logo\":{\"@type\":\"ImageObject\",\"inLanguage\":\"en-US\",\"@id\":\"https:\\\/\\\/www.tapasmagazine.es\\\/#\\\/schema\\\/logo\\\/image\\\/\",\"url\":\"https:\\\/\\\/www.tapasmagazine.es\\\/wp-content\\\/uploads\\\/2018\\\/01\\\/logo.png\",\"contentUrl\":\"https:\\\/\\\/www.tapasmagazine.es\\\/wp-content\\\/uploads\\\/2018\\\/01\\\/logo.png\",\"width\":180,\"height\":60,\"caption\":\"Tapas Magazine\"},\"image\":{\"@id\":\"https:\\\/\\\/www.tapasmagazine.es\\\/#\\\/schema\\\/logo\\\/image\\\/\"},\"sameAs\":[\"https:\\\/\\\/www.facebook.com\\\/tapasmagazine\",\"https:\\\/\\\/x.com\\\/TapasMagazine\",\"https:\\\/\\\/www.instagram.com\\\/tapasmagazine\\\/\",\"https:\\\/\\\/www.linkedin.com\\\/company\\\/tapas-magazine\",\"https:\\\/\\\/es.pinterest.com\\\/tapasmagazine\\\/\",\"https:\\\/\\\/www.youtube.com\\\/channel\\\/UCEyxneAaACuR0lfDagrWjjg?sub_confirmation=1\"]},{\"@type\":\"Person\",\"@id\":\"https:\\\/\\\/www.tapasmagazine.es\\\/#\\\/schema\\\/person\\\/dddb3bce6f98f2124c204b901d74a14b\",\"name\":\"Tapas \\\/ EP\",\"url\":\"https:\\\/\\\/www.tapasmagazine.es\\\/en\\\/author\\\/tapasep\\\/\"}]}<\/script>\n<!-- \/ Yoast SEO plugin. -->","yoast_head_json":{"title":"Econom\u00eda.- Gobierno cree que se est\u00e1 frenando el alza de los precios de los alimentos y descarta un impuesto a los s\u00faper - Tapas","description":"El Gobierno cree que con las medidas adoptadas como la bajada del IVA a determinados alimentos se ha logrado el objetivo de \"frenar\" el alza de los","robots":{"index":"index","follow":"follow","max-snippet":"max-snippet:-1","max-image-preview":"max-image-preview:large","max-video-preview":"max-video-preview:-1"},"canonical":"https:\/\/www.tapasmagazine.es\/en\/economia-gobierno-cree-que-se-esta-frenando-el-alza-de-los-precios-de-los-alimentos-y-descarta-un-impuesto-a-los-super\/","og_locale":"en_US","og_type":"article","og_title":"Econom\u00eda.- Gobierno cree que se est\u00e1 frenando el alza de los precios de los alimentos y descarta un impuesto a los s\u00faper - Tapas","og_description":"El Gobierno cree que con las medidas adoptadas como la bajada del IVA a determinados alimentos se ha logrado el objetivo de \"frenar\" el alza de los","og_url":"https:\/\/www.tapasmagazine.es\/en\/economia-gobierno-cree-que-se-esta-frenando-el-alza-de-los-precios-de-los-alimentos-y-descarta-un-impuesto-a-los-super\/","og_site_name":"Tapas","article_publisher":"https:\/\/www.facebook.com\/tapasmagazine","article_published_time":"2023-02-21T13:52:36+00:00","article_modified_time":"2023-02-21T14:12:02+00:00","og_image":[{"width":2560,"height":1706,"url":"https:\/\/www.tapasmagazine.es\/wp-content\/uploads\/2023\/02\/fotonoticia_20230221145236_9999-scaled.jpg","type":"image\/jpeg"}],"author":"Tapas \/ EP","twitter_card":"summary_large_image","twitter_creator":"@TapasMagazine","twitter_site":"@TapasMagazine","twitter_misc":{"Written by":"Tapas \/ EP","Est. reading time":"3 minutes"},"schema":{"@context":"https:\/\/schema.org","@graph":[{"@type":"Article","@id":"https:\/\/www.tapasmagazine.es\/en\/economia-gobierno-cree-que-se-esta-frenando-el-alza-de-los-precios-de-los-alimentos-y-descarta-un-impuesto-a-los-super\/#article","isPartOf":{"@id":"https:\/\/www.tapasmagazine.es\/en\/economia-gobierno-cree-que-se-esta-frenando-el-alza-de-los-precios-de-los-alimentos-y-descarta-un-impuesto-a-los-super\/"},"author":{"name":"Tapas \/ EP","@id":"https:\/\/www.tapasmagazine.es\/#\/schema\/person\/dddb3bce6f98f2124c204b901d74a14b"},"headline":"Econom\u00eda.- Gobierno cree que se est\u00e1 frenando el alza de los precios de los alimentos y descarta un impuesto a los s\u00faper","datePublished":"2023-02-21T13:52:36+00:00","dateModified":"2023-02-21T14:12:02+00:00","mainEntityOfPage":{"@id":"https:\/\/www.tapasmagazine.es\/en\/economia-gobierno-cree-que-se-esta-frenando-el-alza-de-los-precios-de-los-alimentos-y-descarta-un-impuesto-a-los-super\/"},"wordCount":565,"publisher":{"@id":"https:\/\/www.tapasmagazine.es\/#organization"},"image":{"@id":"https:\/\/www.tapasmagazine.es\/en\/economia-gobierno-cree-que-se-esta-frenando-el-alza-de-los-precios-de-los-alimentos-y-descarta-un-impuesto-a-los-super\/#primaryimage"},"thumbnailUrl":"https:\/\/www.tapasmagazine.es\/wp-content\/uploads\/2023\/02\/fotonoticia_20230221145236_9999-scaled.jpg","articleSection":["\u00daltima hora"],"inLanguage":"en-US"},{"@type":"WebPage","@id":"https:\/\/www.tapasmagazine.es\/en\/economia-gobierno-cree-que-se-esta-frenando-el-alza-de-los-precios-de-los-alimentos-y-descarta-un-impuesto-a-los-super\/","url":"https:\/\/www.tapasmagazine.es\/en\/economia-gobierno-cree-que-se-esta-frenando-el-alza-de-los-precios-de-los-alimentos-y-descarta-un-impuesto-a-los-super\/","name":"Econom\u00eda.- Gobierno cree que se est\u00e1 frenando el alza de los precios de los alimentos y descarta un impuesto a los s\u00faper - Tapas","isPartOf":{"@id":"https:\/\/www.tapasmagazine.es\/#website"},"primaryImageOfPage":{"@id":"https:\/\/www.tapasmagazine.es\/en\/economia-gobierno-cree-que-se-esta-frenando-el-alza-de-los-precios-de-los-alimentos-y-descarta-un-impuesto-a-los-super\/#primaryimage"},"image":{"@id":"https:\/\/www.tapasmagazine.es\/en\/economia-gobierno-cree-que-se-esta-frenando-el-alza-de-los-precios-de-los-alimentos-y-descarta-un-impuesto-a-los-super\/#primaryimage"},"thumbnailUrl":"https:\/\/www.tapasmagazine.es\/wp-content\/uploads\/2023\/02\/fotonoticia_20230221145236_9999-scaled.jpg","datePublished":"2023-02-21T13:52:36+00:00","dateModified":"2023-02-21T14:12:02+00:00","description":"El Gobierno cree que con las medidas adoptadas como la bajada del IVA a determinados alimentos se ha logrado el objetivo de \"frenar\" el alza de los","breadcrumb":{"@id":"https:\/\/www.tapasmagazine.es\/en\/economia-gobierno-cree-que-se-esta-frenando-el-alza-de-los-precios-de-los-alimentos-y-descarta-un-impuesto-a-los-super\/#breadcrumb"},"inLanguage":"en-US","potentialAction":[{"@type":"ReadAction","target":["https:\/\/www.tapasmagazine.es\/en\/economia-gobierno-cree-que-se-esta-frenando-el-alza-de-los-precios-de-los-alimentos-y-descarta-un-impuesto-a-los-super\/"]}]},{"@type":"ImageObject","inLanguage":"en-US","@id":"https:\/\/www.tapasmagazine.es\/en\/economia-gobierno-cree-que-se-esta-frenando-el-alza-de-los-precios-de-los-alimentos-y-descarta-un-impuesto-a-los-super\/#primaryimage","url":"https:\/\/www.tapasmagazine.es\/wp-content\/uploads\/2023\/02\/fotonoticia_20230221145236_9999-scaled.jpg","contentUrl":"https:\/\/www.tapasmagazine.es\/wp-content\/uploads\/2023\/02\/fotonoticia_20230221145236_9999-scaled.jpg","width":2560,"height":1706},{"@type":"BreadcrumbList","@id":"https:\/\/www.tapasmagazine.es\/en\/economia-gobierno-cree-que-se-esta-frenando-el-alza-de-los-precios-de-los-alimentos-y-descarta-un-impuesto-a-los-super\/#breadcrumb","itemListElement":[{"@type":"ListItem","position":1,"name":"Portada","item":"https:\/\/www.tapasmagazine.es\/"},{"@type":"ListItem","position":2,"name":"Sin categorizar","item":"https:\/\/www.tapasmagazine.es\/categorias\/sin-categorizar\/"},{"@type":"ListItem","position":3,"name":"Econom\u00eda.- Gobierno cree que se est\u00e1 frenando el alza de los precios de los alimentos y descarta un impuesto a los s\u00faper"}]},{"@type":"WebSite","@id":"https:\/\/www.tapasmagazine.es\/#website","url":"https:\/\/www.tapasmagazine.es\/","name":"Tapas","description":"\u00d1am \u00d1am Lifestyle. La vida a bocados. Premio Nacional de Gastronom\u00eda 2016.","publisher":{"@id":"https:\/\/www.tapasmagazine.es\/#organization"},"potentialAction":[{"@type":"SearchAction","target":{"@type":"EntryPoint","urlTemplate":"https:\/\/www.tapasmagazine.es\/?s={search_term_string}"},"query-input":{"@type":"PropertyValueSpecification","valueRequired":true,"valueName":"search_term_string"}}],"inLanguage":"en-US"},{"@type":"Organization","@id":"https:\/\/www.tapasmagazine.es\/#organization","name":"Tapas Magazine","url":"https:\/\/www.tapasmagazine.es\/","logo":{"@type":"ImageObject","inLanguage":"en-US","@id":"https:\/\/www.tapasmagazine.es\/#\/schema\/logo\/image\/","url":"https:\/\/www.tapasmagazine.es\/wp-content\/uploads\/2018\/01\/logo.png","contentUrl":"https:\/\/www.tapasmagazine.es\/wp-content\/uploads\/2018\/01\/logo.png","width":180,"height":60,"caption":"Tapas Magazine"},"image":{"@id":"https:\/\/www.tapasmagazine.es\/#\/schema\/logo\/image\/"},"sameAs":["https:\/\/www.facebook.com\/tapasmagazine","https:\/\/x.com\/TapasMagazine","https:\/\/www.instagram.com\/tapasmagazine\/","https:\/\/www.linkedin.com\/company\/tapas-magazine","https:\/\/es.pinterest.com\/tapasmagazine\/","https:\/\/www.youtube.com\/channel\/UCEyxneAaACuR0lfDagrWjjg?sub_confirmation=1"]},{"@type":"Person","@id":"https:\/\/www.tapasmagazine.es\/#\/schema\/person\/dddb3bce6f98f2124c204b901d74a14b","name":"Tapas \/ EP","url":"https:\/\/www.tapasmagazine.es\/en\/author\/tapasep\/"}]}},"_links":{"self":[{"href":"https:\/\/www.tapasmagazine.es\/en\/wp-json\/wp\/v2\/posts\/175813","targetHints":{"allow":["GET"]}}],"collection":[{"href":"https:\/\/www.tapasmagazine.es\/en\/wp-json\/wp\/v2\/posts"}],"about":[{"href":"https:\/\/www.tapasmagazine.es\/en\/wp-json\/wp\/v2\/types\/post"}],"author":[{"embeddable":true,"href":"https:\/\/www.tapasmagazine.es\/en\/wp-json\/wp\/v2\/users\/277"}],"replies":[{"embeddable":true,"href":"https:\/\/www.tapasmagazine.es\/en\/wp-json\/wp\/v2\/comments?post=175813"}],"version-history":[{"count":1,"href":"https:\/\/www.tapasmagazine.es\/en\/wp-json\/wp\/v2\/posts\/175813\/revisions"}],"predecessor-version":[{"id":175814,"href":"https:\/\/www.tapasmagazine.es\/en\/wp-json\/wp\/v2\/posts\/175813\/revisions\/175814"}],"wp:featuredmedia":[{"embeddable":true,"href":"https:\/\/www.tapasmagazine.es\/en\/wp-json\/wp\/v2\/media\/175815"}],"wp:attachment":[{"href":"https:\/\/www.tapasmagazine.es\/en\/wp-json\/wp\/v2\/media?parent=175813"}],"wp:term":[{"taxonomy":"category","embeddable":true,"href":"https:\/\/www.tapasmagazine.es\/en\/wp-json\/wp\/v2\/categories?post=175813"},{"taxonomy":"post_tag","embeddable":true,"href":"https:\/\/www.tapasmagazine.es\/en\/wp-json\/wp\/v2\/tags?post=175813"}],"curies":[{"name":"wp","href":"https:\/\/api.w.org\/{rel}","templated":true}]}}