{"id":175056,"date":"2023-02-14T15:39:05","date_gmt":"2023-02-14T14:39:05","guid":{"rendered":"https:\/\/www.tapasmagazine.es\/?p=175056"},"modified":"2023-02-14T15:49:42","modified_gmt":"2023-02-14T14:49:42","slug":"the-resurgence-of-amaranto-armando-saldanhas-most-personal-project","status":"publish","type":"post","link":"https:\/\/www.tapasmagazine.es\/en\/the-resurgence-of-amaranto-armando-saldanhas-most-personal-project\/","title":{"rendered":"The resurgence of Amaranto, Armando Saldanha&#8217;s most personal project"},"content":{"rendered":"\n<p><strong><strong>Click\u00a0<a href=\"https:\/\/www.tapasmagazine.es\/el-resurgir-de-amaranto-el-proyecto-mas-personal-de-armando-saldanha\/\" target=\"_blank\" rel=\"noreferrer noopener\">here<\/a>\u00a0to read the Spanish version.<\/strong><\/strong><\/p>\n\n\n\n<p>More than 10 years have passed since Mexican chef <strong>Armando Saldanha closed his first Amaranto, <\/strong>a restaurant located in El Sauzal (Tenerife) that marked a before and after in terms of the Mexican-Canarian fusion food that was being prepared at the time. And although farewells are never pleasant, sometimes there are happy &#8220;endings&#8221;: the chef, who has lived in the Canary Islands for 25 years and trained with <strong>the Gamonal family, Sergi Arola, Paco Roncero and Phillipe Batet<\/strong>, has decided to recover his most personal project by reopening with Patricia Saenz (his partner) that Amaranto that was so much enjoyed by locals and foreigners alike.<\/p>\n\n\n\n<p>That is why the fans of those gastronomic formulas are in luck. <strong>The new restaurant has a new location<\/strong> (it is now in a rural area a few minutes from La Laguna, in Tegueste) and occupies an attractive traditional mansion with a terrace (made of stone and wood). And at his tables, Saldanha &#8220;osmotizes his native Mexico (Puebla), his apprenticeship in French cuisine and the inevitable creative fascination for the Canary Islands, configuring a colorful, personal and progressive culinary panorama&#8221;, as explained in the magazine 7Can\u00edbales by the gastronomic critic Xavier Agull\u00f3.<\/p>\n\n\n\n<p>All this translates, at least for the moment, into <strong>three different menus (there is no menu) (Mestizaje, Ra\u00edces and Saldanha)<\/strong> which include dishes such as brandade tartlet with coriander mojo; Iberian cheek with &#8216;manchamanteles&#8217; and mashed plantain and guava, maria cookie and yogurt; the pompano with fermented corn and chili sauce; the mini tuna and cilantro tartare tartare with chipotle mayonnaise, a classic of the first Amaranto; or the deconstructed Mar\u00eda Victoria lemon tart, made with lemon cream, maria cookie cream, meringue crumble and lemon ice cream.<\/p>\n\n\n\n<p>In short, the chef thus returns to his gastronomic origins thanks to his most personal and creative project. <strong>Congratulations.<\/strong><\/p>\n","protected":false},"excerpt":{"rendered":"<p>The Mexican chef, who has lived in the Canary Islands for 25 years, reopens his most personal project in Tenerife with his partner, Patricia S\u00e1enz, to return to his gastronomic origins.<\/p>\n","protected":false},"author":204,"featured_media":175054,"comment_status":"open","ping_status":"closed","sticky":false,"template":"single-feature.php","format":"standard","meta":{"_acf_changed":false,"footnotes":""},"categories":[15802],"tags":[16312,16313,15824],"class_list":["post-175056","post","type-post","status-publish","format-standard","has-post-thumbnail","hentry","category-news","tag-amaranto-en","tag-armando-saldanha-en","tag-gastronomia-en","cat-15802-id"],"acf":[],"yoast_head":"<!-- This site is optimized with the Yoast SEO plugin v27.4 - https:\/\/yoast.com\/product\/yoast-seo-wordpress\/ -->\n<title>The resurgence of Amaranto, Armando Saldanha&#039;s most personal project - Tapas<\/title>\n<meta name=\"description\" content=\"The Mexican chef, who has lived in the Canary Islands for 25 years, reopens his most personal project in Tenerife with his partner, Patricia S\u00e1enz, to return to his gastronomic origins.\" \/>\n<meta name=\"robots\" content=\"index, follow, max-snippet:-1, max-image-preview:large, max-video-preview:-1\" \/>\n<link rel=\"canonical\" href=\"https:\/\/www.tapasmagazine.es\/en\/the-resurgence-of-amaranto-armando-saldanhas-most-personal-project\/\" \/>\n<meta property=\"og:locale\" content=\"en_US\" \/>\n<meta property=\"og:type\" content=\"article\" \/>\n<meta property=\"og:title\" content=\"The resurgence of Amaranto, Armando Saldanha&#039;s most personal project - Tapas\" \/>\n<meta property=\"og:description\" content=\"The Mexican chef, who has lived in the Canary Islands for 25 years, reopens his most personal project in Tenerife with his partner, Patricia S\u00e1enz, to return to his gastronomic origins.\" \/>\n<meta property=\"og:url\" content=\"https:\/\/www.tapasmagazine.es\/en\/the-resurgence-of-amaranto-armando-saldanhas-most-personal-project\/\" \/>\n<meta property=\"og:site_name\" content=\"Tapas\" \/>\n<meta property=\"article:publisher\" content=\"https:\/\/www.facebook.com\/tapasmagazine\" \/>\n<meta property=\"article:published_time\" content=\"2023-02-14T14:39:05+00:00\" \/>\n<meta property=\"article:modified_time\" content=\"2023-02-14T14:49:42+00:00\" \/>\n<meta property=\"og:image\" content=\"https:\/\/www.tapasmagazine.es\/wp-content\/uploads\/2023\/02\/amaranto-Armando-Saldanha.jpg\" \/>\n\t<meta property=\"og:image:width\" content=\"1200\" \/>\n\t<meta property=\"og:image:height\" content=\"800\" \/>\n\t<meta property=\"og:image:type\" content=\"image\/jpeg\" \/>\n<meta name=\"author\" content=\"Luc\u00eda Perez\" \/>\n<meta name=\"twitter:card\" content=\"summary_large_image\" \/>\n<meta name=\"twitter:creator\" content=\"@TapasMagazine\" \/>\n<meta name=\"twitter:site\" content=\"@TapasMagazine\" \/>\n<meta name=\"twitter:label1\" content=\"Written by\" \/>\n\t<meta name=\"twitter:data1\" content=\"Luc\u00eda Perez\" \/>\n\t<meta name=\"twitter:label2\" content=\"Est. reading time\" \/>\n\t<meta name=\"twitter:data2\" content=\"2 minutes\" \/>\n<script type=\"application\/ld+json\" class=\"yoast-schema-graph\">{\"@context\":\"https:\\\/\\\/schema.org\",\"@graph\":[{\"@type\":\"Article\",\"@id\":\"https:\\\/\\\/www.tapasmagazine.es\\\/en\\\/the-resurgence-of-amaranto-armando-saldanhas-most-personal-project\\\/#article\",\"isPartOf\":{\"@id\":\"https:\\\/\\\/www.tapasmagazine.es\\\/en\\\/the-resurgence-of-amaranto-armando-saldanhas-most-personal-project\\\/\"},\"author\":{\"name\":\"Luc\u00eda Perez\",\"@id\":\"https:\\\/\\\/www.tapasmagazine.es\\\/#\\\/schema\\\/person\\\/8e1e36c1b1542437ac49a45d6decd481\"},\"headline\":\"The resurgence of Amaranto, Armando Saldanha&#8217;s most personal project\",\"datePublished\":\"2023-02-14T14:39:05+00:00\",\"dateModified\":\"2023-02-14T14:49:42+00:00\",\"mainEntityOfPage\":{\"@id\":\"https:\\\/\\\/www.tapasmagazine.es\\\/en\\\/the-resurgence-of-amaranto-armando-saldanhas-most-personal-project\\\/\"},\"wordCount\":321,\"commentCount\":0,\"publisher\":{\"@id\":\"https:\\\/\\\/www.tapasmagazine.es\\\/#organization\"},\"image\":{\"@id\":\"https:\\\/\\\/www.tapasmagazine.es\\\/en\\\/the-resurgence-of-amaranto-armando-saldanhas-most-personal-project\\\/#primaryimage\"},\"thumbnailUrl\":\"https:\\\/\\\/www.tapasmagazine.es\\\/wp-content\\\/uploads\\\/2023\\\/02\\\/amaranto-Armando-Saldanha.jpg\",\"keywords\":[\"Amaranto\",\"Armando Saldanha\",\"gastronom\u00eda\"],\"articleSection\":[\"News\"],\"inLanguage\":\"en-US\",\"potentialAction\":[{\"@type\":\"CommentAction\",\"name\":\"Comment\",\"target\":[\"https:\\\/\\\/www.tapasmagazine.es\\\/en\\\/the-resurgence-of-amaranto-armando-saldanhas-most-personal-project\\\/#respond\"]}]},{\"@type\":\"WebPage\",\"@id\":\"https:\\\/\\\/www.tapasmagazine.es\\\/en\\\/the-resurgence-of-amaranto-armando-saldanhas-most-personal-project\\\/\",\"url\":\"https:\\\/\\\/www.tapasmagazine.es\\\/en\\\/the-resurgence-of-amaranto-armando-saldanhas-most-personal-project\\\/\",\"name\":\"The resurgence of Amaranto, Armando Saldanha's most personal project - Tapas\",\"isPartOf\":{\"@id\":\"https:\\\/\\\/www.tapasmagazine.es\\\/#website\"},\"primaryImageOfPage\":{\"@id\":\"https:\\\/\\\/www.tapasmagazine.es\\\/en\\\/the-resurgence-of-amaranto-armando-saldanhas-most-personal-project\\\/#primaryimage\"},\"image\":{\"@id\":\"https:\\\/\\\/www.tapasmagazine.es\\\/en\\\/the-resurgence-of-amaranto-armando-saldanhas-most-personal-project\\\/#primaryimage\"},\"thumbnailUrl\":\"https:\\\/\\\/www.tapasmagazine.es\\\/wp-content\\\/uploads\\\/2023\\\/02\\\/amaranto-Armando-Saldanha.jpg\",\"datePublished\":\"2023-02-14T14:39:05+00:00\",\"dateModified\":\"2023-02-14T14:49:42+00:00\",\"description\":\"The Mexican chef, who has lived in the Canary Islands for 25 years, reopens his most personal project in Tenerife with his partner, Patricia S\u00e1enz, to return to his gastronomic origins.\",\"breadcrumb\":{\"@id\":\"https:\\\/\\\/www.tapasmagazine.es\\\/en\\\/the-resurgence-of-amaranto-armando-saldanhas-most-personal-project\\\/#breadcrumb\"},\"inLanguage\":\"en-US\",\"potentialAction\":[{\"@type\":\"ReadAction\",\"target\":[\"https:\\\/\\\/www.tapasmagazine.es\\\/en\\\/the-resurgence-of-amaranto-armando-saldanhas-most-personal-project\\\/\"]}]},{\"@type\":\"ImageObject\",\"inLanguage\":\"en-US\",\"@id\":\"https:\\\/\\\/www.tapasmagazine.es\\\/en\\\/the-resurgence-of-amaranto-armando-saldanhas-most-personal-project\\\/#primaryimage\",\"url\":\"https:\\\/\\\/www.tapasmagazine.es\\\/wp-content\\\/uploads\\\/2023\\\/02\\\/amaranto-Armando-Saldanha.jpg\",\"contentUrl\":\"https:\\\/\\\/www.tapasmagazine.es\\\/wp-content\\\/uploads\\\/2023\\\/02\\\/amaranto-Armando-Saldanha.jpg\",\"width\":1200,\"height\":800,\"caption\":\"amaranto-Armando-Saldanha\"},{\"@type\":\"BreadcrumbList\",\"@id\":\"https:\\\/\\\/www.tapasmagazine.es\\\/en\\\/the-resurgence-of-amaranto-armando-saldanhas-most-personal-project\\\/#breadcrumb\",\"itemListElement\":[{\"@type\":\"ListItem\",\"position\":1,\"name\":\"Portada\",\"item\":\"https:\\\/\\\/www.tapasmagazine.es\\\/\"},{\"@type\":\"ListItem\",\"position\":2,\"name\":\"News\",\"item\":\"https:\\\/\\\/www.tapasmagazine.es\\\/en\\\/categorias\\\/news\\\/\"},{\"@type\":\"ListItem\",\"position\":3,\"name\":\"The resurgence of Amaranto, Armando Saldanha&#8217;s most personal project\"}]},{\"@type\":\"WebSite\",\"@id\":\"https:\\\/\\\/www.tapasmagazine.es\\\/#website\",\"url\":\"https:\\\/\\\/www.tapasmagazine.es\\\/\",\"name\":\"Tapas\",\"description\":\"\u00d1am \u00d1am Lifestyle. La vida a bocados. Premio Nacional de Gastronom\u00eda 2016.\",\"publisher\":{\"@id\":\"https:\\\/\\\/www.tapasmagazine.es\\\/#organization\"},\"potentialAction\":[{\"@type\":\"SearchAction\",\"target\":{\"@type\":\"EntryPoint\",\"urlTemplate\":\"https:\\\/\\\/www.tapasmagazine.es\\\/?s={search_term_string}\"},\"query-input\":{\"@type\":\"PropertyValueSpecification\",\"valueRequired\":true,\"valueName\":\"search_term_string\"}}],\"inLanguage\":\"en-US\"},{\"@type\":\"Organization\",\"@id\":\"https:\\\/\\\/www.tapasmagazine.es\\\/#organization\",\"name\":\"Tapas Magazine\",\"url\":\"https:\\\/\\\/www.tapasmagazine.es\\\/\",\"logo\":{\"@type\":\"ImageObject\",\"inLanguage\":\"en-US\",\"@id\":\"https:\\\/\\\/www.tapasmagazine.es\\\/#\\\/schema\\\/logo\\\/image\\\/\",\"url\":\"https:\\\/\\\/www.tapasmagazine.es\\\/wp-content\\\/uploads\\\/2018\\\/01\\\/logo.png\",\"contentUrl\":\"https:\\\/\\\/www.tapasmagazine.es\\\/wp-content\\\/uploads\\\/2018\\\/01\\\/logo.png\",\"width\":180,\"height\":60,\"caption\":\"Tapas Magazine\"},\"image\":{\"@id\":\"https:\\\/\\\/www.tapasmagazine.es\\\/#\\\/schema\\\/logo\\\/image\\\/\"},\"sameAs\":[\"https:\\\/\\\/www.facebook.com\\\/tapasmagazine\",\"https:\\\/\\\/x.com\\\/TapasMagazine\",\"https:\\\/\\\/www.instagram.com\\\/tapasmagazine\\\/\",\"https:\\\/\\\/www.linkedin.com\\\/company\\\/tapas-magazine\",\"https:\\\/\\\/es.pinterest.com\\\/tapasmagazine\\\/\",\"https:\\\/\\\/www.youtube.com\\\/channel\\\/UCEyxneAaACuR0lfDagrWjjg?sub_confirmation=1\"]},{\"@type\":\"Person\",\"@id\":\"https:\\\/\\\/www.tapasmagazine.es\\\/#\\\/schema\\\/person\\\/8e1e36c1b1542437ac49a45d6decd481\",\"name\":\"Luc\u00eda Perez\",\"url\":\"https:\\\/\\\/www.tapasmagazine.es\\\/en\\\/author\\\/lucia-perez\\\/\"}]}<\/script>\n<!-- \/ Yoast SEO plugin. -->","yoast_head_json":{"title":"The resurgence of Amaranto, Armando Saldanha's most personal project - Tapas","description":"The Mexican chef, who has lived in the Canary Islands for 25 years, reopens his most personal project in Tenerife with his partner, Patricia S\u00e1enz, to return to his gastronomic origins.","robots":{"index":"index","follow":"follow","max-snippet":"max-snippet:-1","max-image-preview":"max-image-preview:large","max-video-preview":"max-video-preview:-1"},"canonical":"https:\/\/www.tapasmagazine.es\/en\/the-resurgence-of-amaranto-armando-saldanhas-most-personal-project\/","og_locale":"en_US","og_type":"article","og_title":"The resurgence of Amaranto, Armando Saldanha's most personal project - Tapas","og_description":"The Mexican chef, who has lived in the Canary Islands for 25 years, reopens his most personal project in Tenerife with his partner, Patricia S\u00e1enz, to return to his gastronomic origins.","og_url":"https:\/\/www.tapasmagazine.es\/en\/the-resurgence-of-amaranto-armando-saldanhas-most-personal-project\/","og_site_name":"Tapas","article_publisher":"https:\/\/www.facebook.com\/tapasmagazine","article_published_time":"2023-02-14T14:39:05+00:00","article_modified_time":"2023-02-14T14:49:42+00:00","og_image":[{"width":1200,"height":800,"url":"https:\/\/www.tapasmagazine.es\/wp-content\/uploads\/2023\/02\/amaranto-Armando-Saldanha.jpg","type":"image\/jpeg"}],"author":"Luc\u00eda Perez","twitter_card":"summary_large_image","twitter_creator":"@TapasMagazine","twitter_site":"@TapasMagazine","twitter_misc":{"Written by":"Luc\u00eda Perez","Est. reading time":"2 minutes"},"schema":{"@context":"https:\/\/schema.org","@graph":[{"@type":"Article","@id":"https:\/\/www.tapasmagazine.es\/en\/the-resurgence-of-amaranto-armando-saldanhas-most-personal-project\/#article","isPartOf":{"@id":"https:\/\/www.tapasmagazine.es\/en\/the-resurgence-of-amaranto-armando-saldanhas-most-personal-project\/"},"author":{"name":"Luc\u00eda Perez","@id":"https:\/\/www.tapasmagazine.es\/#\/schema\/person\/8e1e36c1b1542437ac49a45d6decd481"},"headline":"The resurgence of Amaranto, Armando Saldanha&#8217;s most personal project","datePublished":"2023-02-14T14:39:05+00:00","dateModified":"2023-02-14T14:49:42+00:00","mainEntityOfPage":{"@id":"https:\/\/www.tapasmagazine.es\/en\/the-resurgence-of-amaranto-armando-saldanhas-most-personal-project\/"},"wordCount":321,"commentCount":0,"publisher":{"@id":"https:\/\/www.tapasmagazine.es\/#organization"},"image":{"@id":"https:\/\/www.tapasmagazine.es\/en\/the-resurgence-of-amaranto-armando-saldanhas-most-personal-project\/#primaryimage"},"thumbnailUrl":"https:\/\/www.tapasmagazine.es\/wp-content\/uploads\/2023\/02\/amaranto-Armando-Saldanha.jpg","keywords":["Amaranto","Armando Saldanha","gastronom\u00eda"],"articleSection":["News"],"inLanguage":"en-US","potentialAction":[{"@type":"CommentAction","name":"Comment","target":["https:\/\/www.tapasmagazine.es\/en\/the-resurgence-of-amaranto-armando-saldanhas-most-personal-project\/#respond"]}]},{"@type":"WebPage","@id":"https:\/\/www.tapasmagazine.es\/en\/the-resurgence-of-amaranto-armando-saldanhas-most-personal-project\/","url":"https:\/\/www.tapasmagazine.es\/en\/the-resurgence-of-amaranto-armando-saldanhas-most-personal-project\/","name":"The resurgence of Amaranto, Armando Saldanha's most personal project - Tapas","isPartOf":{"@id":"https:\/\/www.tapasmagazine.es\/#website"},"primaryImageOfPage":{"@id":"https:\/\/www.tapasmagazine.es\/en\/the-resurgence-of-amaranto-armando-saldanhas-most-personal-project\/#primaryimage"},"image":{"@id":"https:\/\/www.tapasmagazine.es\/en\/the-resurgence-of-amaranto-armando-saldanhas-most-personal-project\/#primaryimage"},"thumbnailUrl":"https:\/\/www.tapasmagazine.es\/wp-content\/uploads\/2023\/02\/amaranto-Armando-Saldanha.jpg","datePublished":"2023-02-14T14:39:05+00:00","dateModified":"2023-02-14T14:49:42+00:00","description":"The Mexican chef, who has lived in the Canary Islands for 25 years, reopens his most personal project in Tenerife with his partner, Patricia S\u00e1enz, to return to his gastronomic origins.","breadcrumb":{"@id":"https:\/\/www.tapasmagazine.es\/en\/the-resurgence-of-amaranto-armando-saldanhas-most-personal-project\/#breadcrumb"},"inLanguage":"en-US","potentialAction":[{"@type":"ReadAction","target":["https:\/\/www.tapasmagazine.es\/en\/the-resurgence-of-amaranto-armando-saldanhas-most-personal-project\/"]}]},{"@type":"ImageObject","inLanguage":"en-US","@id":"https:\/\/www.tapasmagazine.es\/en\/the-resurgence-of-amaranto-armando-saldanhas-most-personal-project\/#primaryimage","url":"https:\/\/www.tapasmagazine.es\/wp-content\/uploads\/2023\/02\/amaranto-Armando-Saldanha.jpg","contentUrl":"https:\/\/www.tapasmagazine.es\/wp-content\/uploads\/2023\/02\/amaranto-Armando-Saldanha.jpg","width":1200,"height":800,"caption":"amaranto-Armando-Saldanha"},{"@type":"BreadcrumbList","@id":"https:\/\/www.tapasmagazine.es\/en\/the-resurgence-of-amaranto-armando-saldanhas-most-personal-project\/#breadcrumb","itemListElement":[{"@type":"ListItem","position":1,"name":"Portada","item":"https:\/\/www.tapasmagazine.es\/"},{"@type":"ListItem","position":2,"name":"News","item":"https:\/\/www.tapasmagazine.es\/en\/categorias\/news\/"},{"@type":"ListItem","position":3,"name":"The resurgence of Amaranto, Armando Saldanha&#8217;s most personal project"}]},{"@type":"WebSite","@id":"https:\/\/www.tapasmagazine.es\/#website","url":"https:\/\/www.tapasmagazine.es\/","name":"Tapas","description":"\u00d1am \u00d1am Lifestyle. La vida a bocados. Premio Nacional de Gastronom\u00eda 2016.","publisher":{"@id":"https:\/\/www.tapasmagazine.es\/#organization"},"potentialAction":[{"@type":"SearchAction","target":{"@type":"EntryPoint","urlTemplate":"https:\/\/www.tapasmagazine.es\/?s={search_term_string}"},"query-input":{"@type":"PropertyValueSpecification","valueRequired":true,"valueName":"search_term_string"}}],"inLanguage":"en-US"},{"@type":"Organization","@id":"https:\/\/www.tapasmagazine.es\/#organization","name":"Tapas Magazine","url":"https:\/\/www.tapasmagazine.es\/","logo":{"@type":"ImageObject","inLanguage":"en-US","@id":"https:\/\/www.tapasmagazine.es\/#\/schema\/logo\/image\/","url":"https:\/\/www.tapasmagazine.es\/wp-content\/uploads\/2018\/01\/logo.png","contentUrl":"https:\/\/www.tapasmagazine.es\/wp-content\/uploads\/2018\/01\/logo.png","width":180,"height":60,"caption":"Tapas Magazine"},"image":{"@id":"https:\/\/www.tapasmagazine.es\/#\/schema\/logo\/image\/"},"sameAs":["https:\/\/www.facebook.com\/tapasmagazine","https:\/\/x.com\/TapasMagazine","https:\/\/www.instagram.com\/tapasmagazine\/","https:\/\/www.linkedin.com\/company\/tapas-magazine","https:\/\/es.pinterest.com\/tapasmagazine\/","https:\/\/www.youtube.com\/channel\/UCEyxneAaACuR0lfDagrWjjg?sub_confirmation=1"]},{"@type":"Person","@id":"https:\/\/www.tapasmagazine.es\/#\/schema\/person\/8e1e36c1b1542437ac49a45d6decd481","name":"Luc\u00eda Perez","url":"https:\/\/www.tapasmagazine.es\/en\/author\/lucia-perez\/"}]}},"_links":{"self":[{"href":"https:\/\/www.tapasmagazine.es\/en\/wp-json\/wp\/v2\/posts\/175056","targetHints":{"allow":["GET"]}}],"collection":[{"href":"https:\/\/www.tapasmagazine.es\/en\/wp-json\/wp\/v2\/posts"}],"about":[{"href":"https:\/\/www.tapasmagazine.es\/en\/wp-json\/wp\/v2\/types\/post"}],"author":[{"embeddable":true,"href":"https:\/\/www.tapasmagazine.es\/en\/wp-json\/wp\/v2\/users\/204"}],"replies":[{"embeddable":true,"href":"https:\/\/www.tapasmagazine.es\/en\/wp-json\/wp\/v2\/comments?post=175056"}],"version-history":[{"count":3,"href":"https:\/\/www.tapasmagazine.es\/en\/wp-json\/wp\/v2\/posts\/175056\/revisions"}],"predecessor-version":[{"id":175070,"href":"https:\/\/www.tapasmagazine.es\/en\/wp-json\/wp\/v2\/posts\/175056\/revisions\/175070"}],"wp:featuredmedia":[{"embeddable":true,"href":"https:\/\/www.tapasmagazine.es\/en\/wp-json\/wp\/v2\/media\/175054"}],"wp:attachment":[{"href":"https:\/\/www.tapasmagazine.es\/en\/wp-json\/wp\/v2\/media?parent=175056"}],"wp:term":[{"taxonomy":"category","embeddable":true,"href":"https:\/\/www.tapasmagazine.es\/en\/wp-json\/wp\/v2\/categories?post=175056"},{"taxonomy":"post_tag","embeddable":true,"href":"https:\/\/www.tapasmagazine.es\/en\/wp-json\/wp\/v2\/tags?post=175056"}],"curies":[{"name":"wp","href":"https:\/\/api.w.org\/{rel}","templated":true}]}}