{"id":173663,"date":"2023-02-02T11:58:26","date_gmt":"2023-02-02T10:58:26","guid":{"rendered":"https:\/\/www.tapasmagazine.es\/?p=173663"},"modified":"2023-02-02T12:02:58","modified_gmt":"2023-02-02T11:02:58","slug":"how-jose-andres-responded-pablo-iglesias-oranges","status":"publish","type":"post","link":"https:\/\/www.tapasmagazine.es\/en\/how-jose-andres-responded-pablo-iglesias-oranges\/","title":{"rendered":"This is how Jos\u00e9 Andr\u00e9s responded to Pablo Iglesias&#8217; tweet about Mercadona oranges"},"content":{"rendered":"\n<p><strong>Click <a href=\"https:\/\/www.tapasmagazine.es\/respuesta-jose-andres-pablo-iglesias-naranjas\/\" target=\"_blank\" rel=\"noreferrer noopener\">here<\/a> to read the Spanish version.<\/strong><\/p>\n\n\n\n<p>The zascas through social networks are the order of the day. The latest case that has gone viral is Jos\u00e9 Andr\u00e9s&#8217; response to a controversial tweet by Pablo Iglesias against Mercadona. T<strong>he founder of Podemos published a photo with the label of a bag of oranges on which one could read the variety Naranja Valencia, but with South African origin, thus criticising the owner of Mercadona for not being in favour of Valencian producers<\/strong>.<\/p>\n\n\n\n<p>It didn&#8217;t take long for the controversy to erupt and, <strong>in just a few hours, the post had accumulated almost 17,000 &#8216;likes&#8217; and thousands of responses<\/strong>, including that of <strong>chef Jos\u00e9 Andr\u00e9s<\/strong>. The media chef was totally against this statement and responded with a &#8216;zasca&#8217;, as many users commented. The Asturian explained that <strong>&#8220;in the countryside, many fruits have seasons. Spanish oranges are not always available. And sometimes they are imported&#8221;. He also added a message of support for the Valencian businessman, saying that &#8220;what the businessman does is maintain jobs all year round\u2026 and create new ones&#8221;<\/strong>.<\/p>\n\n\n\n<figure class=\"wp-block-embed is-type-rich is-provider-twitter wp-block-embed-twitter\"><div class=\"wp-block-embed__wrapper\">\n<blockquote class=\"twitter-tweet\" data-width=\"550\" data-dnt=\"true\"><p lang=\"es\" dir=\"ltr\">Se\u00f1or Iglesias: En el campo, muchas frutas tienen temporadas. Naranjas Espa\u00f1olas no las hay siempre. Y a veces se importan. Lo que si que hace el Empresario es mantener puestos de trabajo todo el a\u00f1o\u2026y crear nuevos! Lea esto \ud83d\udc47\ud83c\udffc y comprenda! Un abrazo.\ud83c\udf4a\ud83c\udf4b <a href=\"https:\/\/t.co\/2u5Zmhgisg\">https:\/\/t.co\/2u5Zmhgisg<\/a><\/p>&mdash; Chef Jos\u00e9 Andr\u00e9s \ud83d\udd4a\ufe0f\ud83e\udd58\ud83c\udf73 (@chefjoseandres) <a href=\"https:\/\/twitter.com\/chefjoseandres\/status\/1620203300506439680?ref_src=twsrc%5Etfw\">January 30, 2023<\/a><\/blockquote><script async src=\"https:\/\/platform.twitter.com\/widgets.js\" charset=\"utf-8\"><\/script>\n<\/div><\/figure>\n\n\n\n<p>In addition, Jos\u00e9 Andr\u00e9s added a <a href=\"https:\/\/valenciafruits.com\/analisis-importaciones-espanyolas-citricos\/\" target=\"_blank\" rel=\"noreferrer noopener\">enlace<\/a> where a complete analysis of Spanish citrus imports could be consulted. His tweet received almost 3,000 &#8216;likes&#8217;.<\/p>\n\n\n\n<h2 class=\"wp-block-heading\">Mercadona already gave an explanation 4 years ago<\/h2>\n\n\n\n<p>Pablo Iglesias&#8217; reflection received as much criticism as support. Although many pointed out that it was an old photo, as the date 02\/09\/2021 could be read on the label. Other users also clarified that Naranja Valencia refers to a variety of this fruit, which is so called because it is inspired by the renowned orange of Valencian origin.<\/p>\n\n\n\n<p>In fact, four years ago, Mercadona&#8217;s own account responded to a user&#8217;s comments on whether its oranges came from countries such as Morocco, South Africa or Argentina. To which the company replied that they imported oranges &#8220;from September to the end of October, once we have exhausted the production volume of the domestic season, and there are no oranges in Spain during those months. For years, more than 90% of the oranges sold in Mercadona have been national&#8221;, the account concluded.<\/p>\n\n\n\n<figure class=\"wp-block-embed is-type-rich is-provider-twitter wp-block-embed-twitter\"><div class=\"wp-block-embed__wrapper\">\n<blockquote class=\"twitter-tweet\" data-width=\"550\" data-dnt=\"true\"><p lang=\"es\" dir=\"ltr\">Buenos d\u00edas, Jose. Importamos naranjas de septiembre a finales de octubre, una vez hemos agotado el volumen de producci\u00f3n de la campa\u00f1a nacional, y no habiendo en Espa\u00f1a en esos meses.Desde hace a\u00f1os m\u00e1s del 90% de naranjas que se comercializan en Mercadona nacionales. Saludos.<\/p>&mdash; Mercadona (@Mercadona) <a href=\"https:\/\/twitter.com\/Mercadona\/status\/1134420880388501504?ref_src=twsrc%5Etfw\">May 31, 2019<\/a><\/blockquote><script async src=\"https:\/\/platform.twitter.com\/widgets.js\" charset=\"utf-8\"><\/script>\n<\/div><\/figure>\n","protected":false},"excerpt":{"rendered":"<p>Click here to read the Spanish version. The zascas through social networks are the order of the day. The latest case that has gone viral is Jos\u00e9 Andr\u00e9s&#8217; response to a controversial tweet by Pablo Iglesias against Mercadona. The founder of Podemos published a photo with the label of a bag of oranges on which [&hellip;]<\/p>\n","protected":false},"author":249,"featured_media":173661,"comment_status":"open","ping_status":"closed","sticky":false,"template":"single-feature.php","format":"standard","meta":{"_acf_changed":false,"footnotes":""},"categories":[15802],"tags":[15905,15915],"class_list":["post-173663","post","type-post","status-publish","format-standard","has-post-thumbnail","hentry","category-news","tag-jose-andres-2-en","tag-jose-andres-en","cat-15802-id"],"acf":[],"yoast_head":"<!-- This site is optimized with the Yoast SEO plugin v27.4 - https:\/\/yoast.com\/product\/yoast-seo-wordpress\/ -->\n<title>This is how Jos\u00e9 Andr\u00e9s responded to Pablo Iglesias&#039; tweet about Mercadona oranges<\/title>\n<meta name=\"description\" content=\"The ex-leader of Podemos criticised the origin of Mercadona&#039;s oranges and this was the response given by the chef Jos\u00e9 Andr\u00e9s.\" \/>\n<meta name=\"robots\" content=\"index, follow, max-snippet:-1, max-image-preview:large, max-video-preview:-1\" \/>\n<link rel=\"canonical\" href=\"https:\/\/www.tapasmagazine.es\/en\/how-jose-andres-responded-pablo-iglesias-oranges\/\" \/>\n<meta property=\"og:locale\" content=\"en_US\" \/>\n<meta property=\"og:type\" content=\"article\" \/>\n<meta property=\"og:title\" content=\"This is how Jos\u00e9 Andr\u00e9s responded to Pablo Iglesias&#039; tweet about Mercadona oranges\" \/>\n<meta property=\"og:description\" content=\"The ex-leader of Podemos criticised the origin of Mercadona&#039;s oranges and this was the response given by the chef Jos\u00e9 Andr\u00e9s.\" \/>\n<meta property=\"og:url\" content=\"https:\/\/www.tapasmagazine.es\/en\/how-jose-andres-responded-pablo-iglesias-oranges\/\" \/>\n<meta property=\"og:site_name\" content=\"Tapas\" \/>\n<meta property=\"article:publisher\" content=\"https:\/\/www.facebook.com\/tapasmagazine\" \/>\n<meta property=\"article:published_time\" content=\"2023-02-02T10:58:26+00:00\" \/>\n<meta property=\"article:modified_time\" content=\"2023-02-02T11:02:58+00:00\" \/>\n<meta property=\"og:image\" content=\"https:\/\/www.tapasmagazine.es\/wp-content\/uploads\/2023\/02\/jose-andres-respuesta-pablo-iglesias-2.jpg\" \/>\n\t<meta property=\"og:image:width\" content=\"1200\" \/>\n\t<meta property=\"og:image:height\" content=\"675\" \/>\n\t<meta property=\"og:image:type\" content=\"image\/jpeg\" \/>\n<meta name=\"author\" content=\"TAPAS\" \/>\n<meta name=\"twitter:card\" content=\"summary_large_image\" \/>\n<meta name=\"twitter:creator\" content=\"@TapasMagazine\" \/>\n<meta name=\"twitter:site\" content=\"@TapasMagazine\" \/>\n<meta name=\"twitter:label1\" content=\"Written by\" \/>\n\t<meta name=\"twitter:data1\" content=\"TAPAS\" \/>\n\t<meta name=\"twitter:label2\" content=\"Est. reading time\" \/>\n\t<meta name=\"twitter:data2\" content=\"2 minutes\" \/>\n<script type=\"application\/ld+json\" class=\"yoast-schema-graph\">{\"@context\":\"https:\\\/\\\/schema.org\",\"@graph\":[{\"@type\":\"Article\",\"@id\":\"https:\\\/\\\/www.tapasmagazine.es\\\/en\\\/how-jose-andres-responded-pablo-iglesias-oranges\\\/#article\",\"isPartOf\":{\"@id\":\"https:\\\/\\\/www.tapasmagazine.es\\\/en\\\/how-jose-andres-responded-pablo-iglesias-oranges\\\/\"},\"author\":{\"name\":\"TAPAS\",\"@id\":\"https:\\\/\\\/www.tapasmagazine.es\\\/#\\\/schema\\\/person\\\/906ea2ea4697837608d99f4cc085cea3\"},\"headline\":\"This is how Jos\u00e9 Andr\u00e9s responded to Pablo Iglesias&#8217; tweet about Mercadona oranges\",\"datePublished\":\"2023-02-02T10:58:26+00:00\",\"dateModified\":\"2023-02-02T11:02:58+00:00\",\"mainEntityOfPage\":{\"@id\":\"https:\\\/\\\/www.tapasmagazine.es\\\/en\\\/how-jose-andres-responded-pablo-iglesias-oranges\\\/\"},\"wordCount\":390,\"commentCount\":0,\"publisher\":{\"@id\":\"https:\\\/\\\/www.tapasmagazine.es\\\/#organization\"},\"image\":{\"@id\":\"https:\\\/\\\/www.tapasmagazine.es\\\/en\\\/how-jose-andres-responded-pablo-iglesias-oranges\\\/#primaryimage\"},\"thumbnailUrl\":\"https:\\\/\\\/www.tapasmagazine.es\\\/wp-content\\\/uploads\\\/2023\\\/02\\\/jose-andres-respuesta-pablo-iglesias-2.jpg\",\"keywords\":[\"Jos\u00e9 Andr\u00e9s\",\"Jose Andr\u00e9s\"],\"articleSection\":[\"News\"],\"inLanguage\":\"en-US\",\"potentialAction\":[{\"@type\":\"CommentAction\",\"name\":\"Comment\",\"target\":[\"https:\\\/\\\/www.tapasmagazine.es\\\/en\\\/how-jose-andres-responded-pablo-iglesias-oranges\\\/#respond\"]}]},{\"@type\":\"WebPage\",\"@id\":\"https:\\\/\\\/www.tapasmagazine.es\\\/en\\\/how-jose-andres-responded-pablo-iglesias-oranges\\\/\",\"url\":\"https:\\\/\\\/www.tapasmagazine.es\\\/en\\\/how-jose-andres-responded-pablo-iglesias-oranges\\\/\",\"name\":\"This is how Jos\u00e9 Andr\u00e9s responded to Pablo Iglesias' tweet about Mercadona oranges\",\"isPartOf\":{\"@id\":\"https:\\\/\\\/www.tapasmagazine.es\\\/#website\"},\"primaryImageOfPage\":{\"@id\":\"https:\\\/\\\/www.tapasmagazine.es\\\/en\\\/how-jose-andres-responded-pablo-iglesias-oranges\\\/#primaryimage\"},\"image\":{\"@id\":\"https:\\\/\\\/www.tapasmagazine.es\\\/en\\\/how-jose-andres-responded-pablo-iglesias-oranges\\\/#primaryimage\"},\"thumbnailUrl\":\"https:\\\/\\\/www.tapasmagazine.es\\\/wp-content\\\/uploads\\\/2023\\\/02\\\/jose-andres-respuesta-pablo-iglesias-2.jpg\",\"datePublished\":\"2023-02-02T10:58:26+00:00\",\"dateModified\":\"2023-02-02T11:02:58+00:00\",\"description\":\"The ex-leader of Podemos criticised the origin of Mercadona's oranges and this was the response given by the chef Jos\u00e9 Andr\u00e9s.\",\"breadcrumb\":{\"@id\":\"https:\\\/\\\/www.tapasmagazine.es\\\/en\\\/how-jose-andres-responded-pablo-iglesias-oranges\\\/#breadcrumb\"},\"inLanguage\":\"en-US\",\"potentialAction\":[{\"@type\":\"ReadAction\",\"target\":[\"https:\\\/\\\/www.tapasmagazine.es\\\/en\\\/how-jose-andres-responded-pablo-iglesias-oranges\\\/\"]}]},{\"@type\":\"ImageObject\",\"inLanguage\":\"en-US\",\"@id\":\"https:\\\/\\\/www.tapasmagazine.es\\\/en\\\/how-jose-andres-responded-pablo-iglesias-oranges\\\/#primaryimage\",\"url\":\"https:\\\/\\\/www.tapasmagazine.es\\\/wp-content\\\/uploads\\\/2023\\\/02\\\/jose-andres-respuesta-pablo-iglesias-2.jpg\",\"contentUrl\":\"https:\\\/\\\/www.tapasmagazine.es\\\/wp-content\\\/uploads\\\/2023\\\/02\\\/jose-andres-respuesta-pablo-iglesias-2.jpg\",\"width\":1200,\"height\":675,\"caption\":\"Jos\u00e9 Andr\u00e9s responde a Pablo Iglesias.\"},{\"@type\":\"BreadcrumbList\",\"@id\":\"https:\\\/\\\/www.tapasmagazine.es\\\/en\\\/how-jose-andres-responded-pablo-iglesias-oranges\\\/#breadcrumb\",\"itemListElement\":[{\"@type\":\"ListItem\",\"position\":1,\"name\":\"Portada\",\"item\":\"https:\\\/\\\/www.tapasmagazine.es\\\/\"},{\"@type\":\"ListItem\",\"position\":2,\"name\":\"News\",\"item\":\"https:\\\/\\\/www.tapasmagazine.es\\\/en\\\/categorias\\\/news\\\/\"},{\"@type\":\"ListItem\",\"position\":3,\"name\":\"This is how Jos\u00e9 Andr\u00e9s responded to Pablo Iglesias&#8217; tweet about Mercadona oranges\"}]},{\"@type\":\"WebSite\",\"@id\":\"https:\\\/\\\/www.tapasmagazine.es\\\/#website\",\"url\":\"https:\\\/\\\/www.tapasmagazine.es\\\/\",\"name\":\"Tapas\",\"description\":\"\u00d1am \u00d1am Lifestyle. La vida a bocados. Premio Nacional de Gastronom\u00eda 2016.\",\"publisher\":{\"@id\":\"https:\\\/\\\/www.tapasmagazine.es\\\/#organization\"},\"potentialAction\":[{\"@type\":\"SearchAction\",\"target\":{\"@type\":\"EntryPoint\",\"urlTemplate\":\"https:\\\/\\\/www.tapasmagazine.es\\\/?s={search_term_string}\"},\"query-input\":{\"@type\":\"PropertyValueSpecification\",\"valueRequired\":true,\"valueName\":\"search_term_string\"}}],\"inLanguage\":\"en-US\"},{\"@type\":\"Organization\",\"@id\":\"https:\\\/\\\/www.tapasmagazine.es\\\/#organization\",\"name\":\"Tapas Magazine\",\"url\":\"https:\\\/\\\/www.tapasmagazine.es\\\/\",\"logo\":{\"@type\":\"ImageObject\",\"inLanguage\":\"en-US\",\"@id\":\"https:\\\/\\\/www.tapasmagazine.es\\\/#\\\/schema\\\/logo\\\/image\\\/\",\"url\":\"https:\\\/\\\/www.tapasmagazine.es\\\/wp-content\\\/uploads\\\/2018\\\/01\\\/logo.png\",\"contentUrl\":\"https:\\\/\\\/www.tapasmagazine.es\\\/wp-content\\\/uploads\\\/2018\\\/01\\\/logo.png\",\"width\":180,\"height\":60,\"caption\":\"Tapas Magazine\"},\"image\":{\"@id\":\"https:\\\/\\\/www.tapasmagazine.es\\\/#\\\/schema\\\/logo\\\/image\\\/\"},\"sameAs\":[\"https:\\\/\\\/www.facebook.com\\\/tapasmagazine\",\"https:\\\/\\\/x.com\\\/TapasMagazine\",\"https:\\\/\\\/www.instagram.com\\\/tapasmagazine\\\/\",\"https:\\\/\\\/www.linkedin.com\\\/company\\\/tapas-magazine\",\"https:\\\/\\\/es.pinterest.com\\\/tapasmagazine\\\/\",\"https:\\\/\\\/www.youtube.com\\\/channel\\\/UCEyxneAaACuR0lfDagrWjjg?sub_confirmation=1\"]},{\"@type\":\"Person\",\"@id\":\"https:\\\/\\\/www.tapasmagazine.es\\\/#\\\/schema\\\/person\\\/906ea2ea4697837608d99f4cc085cea3\",\"name\":\"TAPAS\",\"url\":\"https:\\\/\\\/www.tapasmagazine.es\\\/en\\\/author\\\/tapas\\\/\"}]}<\/script>\n<!-- \/ Yoast SEO plugin. -->","yoast_head_json":{"title":"This is how Jos\u00e9 Andr\u00e9s responded to Pablo Iglesias' tweet about Mercadona oranges","description":"The ex-leader of Podemos criticised the origin of Mercadona's oranges and this was the response given by the chef Jos\u00e9 Andr\u00e9s.","robots":{"index":"index","follow":"follow","max-snippet":"max-snippet:-1","max-image-preview":"max-image-preview:large","max-video-preview":"max-video-preview:-1"},"canonical":"https:\/\/www.tapasmagazine.es\/en\/how-jose-andres-responded-pablo-iglesias-oranges\/","og_locale":"en_US","og_type":"article","og_title":"This is how Jos\u00e9 Andr\u00e9s responded to Pablo Iglesias' tweet about Mercadona oranges","og_description":"The ex-leader of Podemos criticised the origin of Mercadona's oranges and this was the response given by the chef Jos\u00e9 Andr\u00e9s.","og_url":"https:\/\/www.tapasmagazine.es\/en\/how-jose-andres-responded-pablo-iglesias-oranges\/","og_site_name":"Tapas","article_publisher":"https:\/\/www.facebook.com\/tapasmagazine","article_published_time":"2023-02-02T10:58:26+00:00","article_modified_time":"2023-02-02T11:02:58+00:00","og_image":[{"width":1200,"height":675,"url":"https:\/\/www.tapasmagazine.es\/wp-content\/uploads\/2023\/02\/jose-andres-respuesta-pablo-iglesias-2.jpg","type":"image\/jpeg"}],"author":"TAPAS","twitter_card":"summary_large_image","twitter_creator":"@TapasMagazine","twitter_site":"@TapasMagazine","twitter_misc":{"Written by":"TAPAS","Est. reading time":"2 minutes"},"schema":{"@context":"https:\/\/schema.org","@graph":[{"@type":"Article","@id":"https:\/\/www.tapasmagazine.es\/en\/how-jose-andres-responded-pablo-iglesias-oranges\/#article","isPartOf":{"@id":"https:\/\/www.tapasmagazine.es\/en\/how-jose-andres-responded-pablo-iglesias-oranges\/"},"author":{"name":"TAPAS","@id":"https:\/\/www.tapasmagazine.es\/#\/schema\/person\/906ea2ea4697837608d99f4cc085cea3"},"headline":"This is how Jos\u00e9 Andr\u00e9s responded to Pablo Iglesias&#8217; tweet about Mercadona oranges","datePublished":"2023-02-02T10:58:26+00:00","dateModified":"2023-02-02T11:02:58+00:00","mainEntityOfPage":{"@id":"https:\/\/www.tapasmagazine.es\/en\/how-jose-andres-responded-pablo-iglesias-oranges\/"},"wordCount":390,"commentCount":0,"publisher":{"@id":"https:\/\/www.tapasmagazine.es\/#organization"},"image":{"@id":"https:\/\/www.tapasmagazine.es\/en\/how-jose-andres-responded-pablo-iglesias-oranges\/#primaryimage"},"thumbnailUrl":"https:\/\/www.tapasmagazine.es\/wp-content\/uploads\/2023\/02\/jose-andres-respuesta-pablo-iglesias-2.jpg","keywords":["Jos\u00e9 Andr\u00e9s","Jose Andr\u00e9s"],"articleSection":["News"],"inLanguage":"en-US","potentialAction":[{"@type":"CommentAction","name":"Comment","target":["https:\/\/www.tapasmagazine.es\/en\/how-jose-andres-responded-pablo-iglesias-oranges\/#respond"]}]},{"@type":"WebPage","@id":"https:\/\/www.tapasmagazine.es\/en\/how-jose-andres-responded-pablo-iglesias-oranges\/","url":"https:\/\/www.tapasmagazine.es\/en\/how-jose-andres-responded-pablo-iglesias-oranges\/","name":"This is how Jos\u00e9 Andr\u00e9s responded to Pablo Iglesias' tweet about Mercadona oranges","isPartOf":{"@id":"https:\/\/www.tapasmagazine.es\/#website"},"primaryImageOfPage":{"@id":"https:\/\/www.tapasmagazine.es\/en\/how-jose-andres-responded-pablo-iglesias-oranges\/#primaryimage"},"image":{"@id":"https:\/\/www.tapasmagazine.es\/en\/how-jose-andres-responded-pablo-iglesias-oranges\/#primaryimage"},"thumbnailUrl":"https:\/\/www.tapasmagazine.es\/wp-content\/uploads\/2023\/02\/jose-andres-respuesta-pablo-iglesias-2.jpg","datePublished":"2023-02-02T10:58:26+00:00","dateModified":"2023-02-02T11:02:58+00:00","description":"The ex-leader of Podemos criticised the origin of Mercadona's oranges and this was the response given by the chef Jos\u00e9 Andr\u00e9s.","breadcrumb":{"@id":"https:\/\/www.tapasmagazine.es\/en\/how-jose-andres-responded-pablo-iglesias-oranges\/#breadcrumb"},"inLanguage":"en-US","potentialAction":[{"@type":"ReadAction","target":["https:\/\/www.tapasmagazine.es\/en\/how-jose-andres-responded-pablo-iglesias-oranges\/"]}]},{"@type":"ImageObject","inLanguage":"en-US","@id":"https:\/\/www.tapasmagazine.es\/en\/how-jose-andres-responded-pablo-iglesias-oranges\/#primaryimage","url":"https:\/\/www.tapasmagazine.es\/wp-content\/uploads\/2023\/02\/jose-andres-respuesta-pablo-iglesias-2.jpg","contentUrl":"https:\/\/www.tapasmagazine.es\/wp-content\/uploads\/2023\/02\/jose-andres-respuesta-pablo-iglesias-2.jpg","width":1200,"height":675,"caption":"Jos\u00e9 Andr\u00e9s responde a Pablo Iglesias."},{"@type":"BreadcrumbList","@id":"https:\/\/www.tapasmagazine.es\/en\/how-jose-andres-responded-pablo-iglesias-oranges\/#breadcrumb","itemListElement":[{"@type":"ListItem","position":1,"name":"Portada","item":"https:\/\/www.tapasmagazine.es\/"},{"@type":"ListItem","position":2,"name":"News","item":"https:\/\/www.tapasmagazine.es\/en\/categorias\/news\/"},{"@type":"ListItem","position":3,"name":"This is how Jos\u00e9 Andr\u00e9s responded to Pablo Iglesias&#8217; tweet about Mercadona oranges"}]},{"@type":"WebSite","@id":"https:\/\/www.tapasmagazine.es\/#website","url":"https:\/\/www.tapasmagazine.es\/","name":"Tapas","description":"\u00d1am \u00d1am Lifestyle. La vida a bocados. Premio Nacional de Gastronom\u00eda 2016.","publisher":{"@id":"https:\/\/www.tapasmagazine.es\/#organization"},"potentialAction":[{"@type":"SearchAction","target":{"@type":"EntryPoint","urlTemplate":"https:\/\/www.tapasmagazine.es\/?s={search_term_string}"},"query-input":{"@type":"PropertyValueSpecification","valueRequired":true,"valueName":"search_term_string"}}],"inLanguage":"en-US"},{"@type":"Organization","@id":"https:\/\/www.tapasmagazine.es\/#organization","name":"Tapas Magazine","url":"https:\/\/www.tapasmagazine.es\/","logo":{"@type":"ImageObject","inLanguage":"en-US","@id":"https:\/\/www.tapasmagazine.es\/#\/schema\/logo\/image\/","url":"https:\/\/www.tapasmagazine.es\/wp-content\/uploads\/2018\/01\/logo.png","contentUrl":"https:\/\/www.tapasmagazine.es\/wp-content\/uploads\/2018\/01\/logo.png","width":180,"height":60,"caption":"Tapas Magazine"},"image":{"@id":"https:\/\/www.tapasmagazine.es\/#\/schema\/logo\/image\/"},"sameAs":["https:\/\/www.facebook.com\/tapasmagazine","https:\/\/x.com\/TapasMagazine","https:\/\/www.instagram.com\/tapasmagazine\/","https:\/\/www.linkedin.com\/company\/tapas-magazine","https:\/\/es.pinterest.com\/tapasmagazine\/","https:\/\/www.youtube.com\/channel\/UCEyxneAaACuR0lfDagrWjjg?sub_confirmation=1"]},{"@type":"Person","@id":"https:\/\/www.tapasmagazine.es\/#\/schema\/person\/906ea2ea4697837608d99f4cc085cea3","name":"TAPAS","url":"https:\/\/www.tapasmagazine.es\/en\/author\/tapas\/"}]}},"_links":{"self":[{"href":"https:\/\/www.tapasmagazine.es\/en\/wp-json\/wp\/v2\/posts\/173663","targetHints":{"allow":["GET"]}}],"collection":[{"href":"https:\/\/www.tapasmagazine.es\/en\/wp-json\/wp\/v2\/posts"}],"about":[{"href":"https:\/\/www.tapasmagazine.es\/en\/wp-json\/wp\/v2\/types\/post"}],"author":[{"embeddable":true,"href":"https:\/\/www.tapasmagazine.es\/en\/wp-json\/wp\/v2\/users\/249"}],"replies":[{"embeddable":true,"href":"https:\/\/www.tapasmagazine.es\/en\/wp-json\/wp\/v2\/comments?post=173663"}],"version-history":[{"count":3,"href":"https:\/\/www.tapasmagazine.es\/en\/wp-json\/wp\/v2\/posts\/173663\/revisions"}],"predecessor-version":[{"id":173667,"href":"https:\/\/www.tapasmagazine.es\/en\/wp-json\/wp\/v2\/posts\/173663\/revisions\/173667"}],"wp:featuredmedia":[{"embeddable":true,"href":"https:\/\/www.tapasmagazine.es\/en\/wp-json\/wp\/v2\/media\/173661"}],"wp:attachment":[{"href":"https:\/\/www.tapasmagazine.es\/en\/wp-json\/wp\/v2\/media?parent=173663"}],"wp:term":[{"taxonomy":"category","embeddable":true,"href":"https:\/\/www.tapasmagazine.es\/en\/wp-json\/wp\/v2\/categories?post=173663"},{"taxonomy":"post_tag","embeddable":true,"href":"https:\/\/www.tapasmagazine.es\/en\/wp-json\/wp\/v2\/tags?post=173663"}],"curies":[{"name":"wp","href":"https:\/\/api.w.org\/{rel}","templated":true}]}}