{"id":172838,"date":"2023-01-25T12:20:14","date_gmt":"2023-01-25T11:20:14","guid":{"rendered":"https:\/\/www.tapasmagazine.es\/?p=172838"},"modified":"2023-01-25T12:25:27","modified_gmt":"2023-01-25T11:25:27","slug":"madrid-fusion-hosts-the-first-historical-tasting-of-alenza-from-the-fernandez-rivera-family","status":"publish","type":"post","link":"https:\/\/www.tapasmagazine.es\/en\/madrid-fusion-hosts-the-first-historical-tasting-of-alenza-from-the-fernandez-rivera-family\/","title":{"rendered":"Madrid Fusi\u00f3n hosts the first historical tasting of Alenza, from the Fern\u00e1ndez Rivera family"},"content":{"rendered":"\n<p><strong>Click\u00a0<a href=\"https:\/\/www.tapasmagazine.es\/madrid-fusion-acoge-la-primera-cata-historica-de-alenza-de-familia-fernandez-rivera\/\" target=\"_blank\" rel=\"noreferrer noopener\">here<\/a>\u00a0to read the Spanish version.<\/strong><\/p>\n\n\n\n<p><a href=\"https:\/\/familiafernandezrivera.com\/\" target=\"_blank\" rel=\"noreferrer noopener\">Familia Fern\u00e1ndez Rivera<\/a> is present at Madrid Fusi\u00f3n 2023, one of the largest gastronomic congresses at national level and with wide international recognition. The wine group has chosen this meeting to carry out the first historical tasting of <strong>Alenza, from Condado de Haza winery, in the Madrid Fusi\u00f3n Wine Edition tasting room<\/strong>, an event attended by 45 people.<\/p>\n\n\n\n<p>The wine group has chosen Madrid Fusi\u00f3n as the ideal setting for the first historic tasting of Alenza, one of its most special wines, <strong>a unique Gran Reserva that can only be made in very special vintages, <\/strong>from the Vi\u00f1a Valera vineyard, which is made in the traditional way, fermenting the must with the stems, without prior destemming.<\/p>\n\n\n<div class=\"wp-block-image\">\n<figure class=\"aligncenter size-large\"><a href=\"https:\/\/www.tapasmagazine.es\/wp-content\/uploads\/2023\/01\/Familia-Fernandez-Rivera.jpg\"><img decoding=\"async\" width=\"1024\" height=\"576\" src=\"https:\/\/www.tapasmagazine.es\/wp-content\/uploads\/2023\/01\/Familia-Fernandez-Rivera-1024x576.jpg\" alt=\"\" class=\"wp-image-172835\" srcset=\"https:\/\/www.tapasmagazine.es\/wp-content\/uploads\/2023\/01\/Familia-Fernandez-Rivera-1024x576.jpg 1024w, https:\/\/www.tapasmagazine.es\/wp-content\/uploads\/2023\/01\/Familia-Fernandez-Rivera-300x169.jpg 300w, https:\/\/www.tapasmagazine.es\/wp-content\/uploads\/2023\/01\/Familia-Fernandez-Rivera-768x432.jpg 768w, https:\/\/www.tapasmagazine.es\/wp-content\/uploads\/2023\/01\/Familia-Fernandez-Rivera-1000x563.jpg 1000w, https:\/\/www.tapasmagazine.es\/wp-content\/uploads\/2023\/01\/Familia-Fernandez-Rivera-400x225.jpg 400w, https:\/\/www.tapasmagazine.es\/wp-content\/uploads\/2023\/01\/Familia-Fernandez-Rivera.jpg 1200w\" sizes=\"(max-width: 1024px) 100vw, 1024px\" \/><\/a><\/figure>\n<\/div>\n\n\n<p>Specifically, the tasting organized by Familia Fern\u00e1ndez Rivera has been made of <strong>Alenza 1995, Alenza 1999, Alenza 2001, Alenza 2006 and Alenza 2018<\/strong>. In addition, Familia Fern\u00e1ndez Rivera is also present in the speakers&#8217; room with 20 Aldeas, from Condado de Haza winery, Dehesa la Granja and Alejairen, from El V\u00ednculo winery.<\/p>\n\n\n\n<p>Familia Fern\u00e1ndez Rivera is consolidated as a company in which each business unit has its own personality and prominence. The wineries Tinto Pesquera, Condado de Haza, Dehesa de la Granja and El V\u00ednculo, and the Hotel AF Pesquera make up the structure of a group that aspires to continue to be a reference in the Spanish and international wine sector. <strong>If anything defines Familia Fern\u00e1ndez Rivera, it is the love for the land from which its wines are born.<\/strong> The current heads of this wine group feel an infinite pride towards Ribera del Duero. That is why their motto is &#8220;Passion for wine and the land&#8221;.<\/p>\n","protected":false},"excerpt":{"rendered":"<p>The wine group has chosen the gastronomic congress to hold the first tasting of one of its most special wines, a Gran Reserva from Bodegas Condado de Haza.<\/p>\n","protected":false},"author":204,"featured_media":172834,"comment_status":"open","ping_status":"closed","sticky":false,"template":"single-feature.php","format":"standard","meta":{"_acf_changed":false,"footnotes":""},"categories":[15802],"tags":[16106,16107,16108,15907],"class_list":["post-172838","post","type-post","status-publish","format-standard","has-post-thumbnail","hentry","category-news","tag-alenza-en","tag-familia-fernandez-rivera-en","tag-madrid-fusion-en","tag-vino-en","cat-15802-id"],"acf":[],"yoast_head":"<!-- This site is optimized with the Yoast SEO plugin v27.4 - https:\/\/yoast.com\/product\/yoast-seo-wordpress\/ -->\n<title>Madrid Fusi\u00f3n hosts the first historical tasting of Alenza, from the Fern\u00e1ndez Rivera family - Tapas<\/title>\n<meta name=\"description\" content=\"The wine group has chosen the gastronomic congress to hold the first tasting of one of its most special wines, a Gran Reserva from Bodegas Condado de Haza.\" \/>\n<meta name=\"robots\" content=\"index, follow, max-snippet:-1, max-image-preview:large, max-video-preview:-1\" \/>\n<link rel=\"canonical\" href=\"https:\/\/www.tapasmagazine.es\/en\/madrid-fusion-hosts-the-first-historical-tasting-of-alenza-from-the-fernandez-rivera-family\/\" \/>\n<meta property=\"og:locale\" content=\"en_US\" \/>\n<meta property=\"og:type\" content=\"article\" \/>\n<meta property=\"og:title\" content=\"Madrid Fusi\u00f3n hosts the first historical tasting of Alenza, from the Fern\u00e1ndez Rivera family - Tapas\" \/>\n<meta property=\"og:description\" content=\"The wine group has chosen the gastronomic congress to hold the first tasting of one of its most special wines, a Gran Reserva from Bodegas Condado de Haza.\" \/>\n<meta property=\"og:url\" content=\"https:\/\/www.tapasmagazine.es\/en\/madrid-fusion-hosts-the-first-historical-tasting-of-alenza-from-the-fernandez-rivera-family\/\" \/>\n<meta property=\"og:site_name\" content=\"Tapas\" \/>\n<meta property=\"article:publisher\" content=\"https:\/\/www.facebook.com\/tapasmagazine\" \/>\n<meta property=\"article:published_time\" content=\"2023-01-25T11:20:14+00:00\" \/>\n<meta property=\"article:modified_time\" content=\"2023-01-25T11:25:27+00:00\" \/>\n<meta property=\"og:image\" content=\"https:\/\/www.tapasmagazine.es\/wp-content\/uploads\/2023\/01\/alenza-madrid-fusion.jpg\" \/>\n\t<meta property=\"og:image:width\" content=\"1200\" \/>\n\t<meta property=\"og:image:height\" content=\"675\" \/>\n\t<meta property=\"og:image:type\" content=\"image\/jpeg\" \/>\n<meta name=\"author\" content=\"Luc\u00eda Perez\" \/>\n<meta name=\"twitter:card\" content=\"summary_large_image\" \/>\n<meta name=\"twitter:creator\" content=\"@TapasMagazine\" \/>\n<meta name=\"twitter:site\" content=\"@TapasMagazine\" \/>\n<meta name=\"twitter:label1\" content=\"Written by\" \/>\n\t<meta name=\"twitter:data1\" content=\"Luc\u00eda Perez\" \/>\n\t<meta name=\"twitter:label2\" content=\"Est. reading time\" \/>\n\t<meta name=\"twitter:data2\" content=\"2 minutes\" \/>\n<script type=\"application\/ld+json\" class=\"yoast-schema-graph\">{\"@context\":\"https:\\\/\\\/schema.org\",\"@graph\":[{\"@type\":\"Article\",\"@id\":\"https:\\\/\\\/www.tapasmagazine.es\\\/en\\\/madrid-fusion-hosts-the-first-historical-tasting-of-alenza-from-the-fernandez-rivera-family\\\/#article\",\"isPartOf\":{\"@id\":\"https:\\\/\\\/www.tapasmagazine.es\\\/en\\\/madrid-fusion-hosts-the-first-historical-tasting-of-alenza-from-the-fernandez-rivera-family\\\/\"},\"author\":{\"name\":\"Luc\u00eda Perez\",\"@id\":\"https:\\\/\\\/www.tapasmagazine.es\\\/#\\\/schema\\\/person\\\/8e1e36c1b1542437ac49a45d6decd481\"},\"headline\":\"Madrid Fusi\u00f3n hosts the first historical tasting of Alenza, from the Fern\u00e1ndez Rivera family\",\"datePublished\":\"2023-01-25T11:20:14+00:00\",\"dateModified\":\"2023-01-25T11:25:27+00:00\",\"mainEntityOfPage\":{\"@id\":\"https:\\\/\\\/www.tapasmagazine.es\\\/en\\\/madrid-fusion-hosts-the-first-historical-tasting-of-alenza-from-the-fernandez-rivera-family\\\/\"},\"wordCount\":300,\"commentCount\":0,\"publisher\":{\"@id\":\"https:\\\/\\\/www.tapasmagazine.es\\\/#organization\"},\"image\":{\"@id\":\"https:\\\/\\\/www.tapasmagazine.es\\\/en\\\/madrid-fusion-hosts-the-first-historical-tasting-of-alenza-from-the-fernandez-rivera-family\\\/#primaryimage\"},\"thumbnailUrl\":\"https:\\\/\\\/www.tapasmagazine.es\\\/wp-content\\\/uploads\\\/2023\\\/01\\\/alenza-madrid-fusion.jpg\",\"keywords\":[\"Alenza\",\"Familia Fern\u00e1ndez Rivera\",\"Madrid Fusi\u00f3n\",\"vino\"],\"articleSection\":[\"News\"],\"inLanguage\":\"en-US\",\"potentialAction\":[{\"@type\":\"CommentAction\",\"name\":\"Comment\",\"target\":[\"https:\\\/\\\/www.tapasmagazine.es\\\/en\\\/madrid-fusion-hosts-the-first-historical-tasting-of-alenza-from-the-fernandez-rivera-family\\\/#respond\"]}]},{\"@type\":\"WebPage\",\"@id\":\"https:\\\/\\\/www.tapasmagazine.es\\\/en\\\/madrid-fusion-hosts-the-first-historical-tasting-of-alenza-from-the-fernandez-rivera-family\\\/\",\"url\":\"https:\\\/\\\/www.tapasmagazine.es\\\/en\\\/madrid-fusion-hosts-the-first-historical-tasting-of-alenza-from-the-fernandez-rivera-family\\\/\",\"name\":\"Madrid Fusi\u00f3n hosts the first historical tasting of Alenza, from the Fern\u00e1ndez Rivera family - Tapas\",\"isPartOf\":{\"@id\":\"https:\\\/\\\/www.tapasmagazine.es\\\/#website\"},\"primaryImageOfPage\":{\"@id\":\"https:\\\/\\\/www.tapasmagazine.es\\\/en\\\/madrid-fusion-hosts-the-first-historical-tasting-of-alenza-from-the-fernandez-rivera-family\\\/#primaryimage\"},\"image\":{\"@id\":\"https:\\\/\\\/www.tapasmagazine.es\\\/en\\\/madrid-fusion-hosts-the-first-historical-tasting-of-alenza-from-the-fernandez-rivera-family\\\/#primaryimage\"},\"thumbnailUrl\":\"https:\\\/\\\/www.tapasmagazine.es\\\/wp-content\\\/uploads\\\/2023\\\/01\\\/alenza-madrid-fusion.jpg\",\"datePublished\":\"2023-01-25T11:20:14+00:00\",\"dateModified\":\"2023-01-25T11:25:27+00:00\",\"description\":\"The wine group has chosen the gastronomic congress to hold the first tasting of one of its most special wines, a Gran Reserva from Bodegas Condado de Haza.\",\"breadcrumb\":{\"@id\":\"https:\\\/\\\/www.tapasmagazine.es\\\/en\\\/madrid-fusion-hosts-the-first-historical-tasting-of-alenza-from-the-fernandez-rivera-family\\\/#breadcrumb\"},\"inLanguage\":\"en-US\",\"potentialAction\":[{\"@type\":\"ReadAction\",\"target\":[\"https:\\\/\\\/www.tapasmagazine.es\\\/en\\\/madrid-fusion-hosts-the-first-historical-tasting-of-alenza-from-the-fernandez-rivera-family\\\/\"]}]},{\"@type\":\"ImageObject\",\"inLanguage\":\"en-US\",\"@id\":\"https:\\\/\\\/www.tapasmagazine.es\\\/en\\\/madrid-fusion-hosts-the-first-historical-tasting-of-alenza-from-the-fernandez-rivera-family\\\/#primaryimage\",\"url\":\"https:\\\/\\\/www.tapasmagazine.es\\\/wp-content\\\/uploads\\\/2023\\\/01\\\/alenza-madrid-fusion.jpg\",\"contentUrl\":\"https:\\\/\\\/www.tapasmagazine.es\\\/wp-content\\\/uploads\\\/2023\\\/01\\\/alenza-madrid-fusion.jpg\",\"width\":1200,\"height\":675,\"caption\":\"alenza-madrid-fusion\"},{\"@type\":\"BreadcrumbList\",\"@id\":\"https:\\\/\\\/www.tapasmagazine.es\\\/en\\\/madrid-fusion-hosts-the-first-historical-tasting-of-alenza-from-the-fernandez-rivera-family\\\/#breadcrumb\",\"itemListElement\":[{\"@type\":\"ListItem\",\"position\":1,\"name\":\"Portada\",\"item\":\"https:\\\/\\\/www.tapasmagazine.es\\\/\"},{\"@type\":\"ListItem\",\"position\":2,\"name\":\"News\",\"item\":\"https:\\\/\\\/www.tapasmagazine.es\\\/en\\\/categorias\\\/news\\\/\"},{\"@type\":\"ListItem\",\"position\":3,\"name\":\"Madrid Fusi\u00f3n hosts the first historical tasting of Alenza, from the Fern\u00e1ndez Rivera family\"}]},{\"@type\":\"WebSite\",\"@id\":\"https:\\\/\\\/www.tapasmagazine.es\\\/#website\",\"url\":\"https:\\\/\\\/www.tapasmagazine.es\\\/\",\"name\":\"Tapas\",\"description\":\"\u00d1am \u00d1am Lifestyle. La vida a bocados. Premio Nacional de Gastronom\u00eda 2016.\",\"publisher\":{\"@id\":\"https:\\\/\\\/www.tapasmagazine.es\\\/#organization\"},\"potentialAction\":[{\"@type\":\"SearchAction\",\"target\":{\"@type\":\"EntryPoint\",\"urlTemplate\":\"https:\\\/\\\/www.tapasmagazine.es\\\/?s={search_term_string}\"},\"query-input\":{\"@type\":\"PropertyValueSpecification\",\"valueRequired\":true,\"valueName\":\"search_term_string\"}}],\"inLanguage\":\"en-US\"},{\"@type\":\"Organization\",\"@id\":\"https:\\\/\\\/www.tapasmagazine.es\\\/#organization\",\"name\":\"Tapas Magazine\",\"url\":\"https:\\\/\\\/www.tapasmagazine.es\\\/\",\"logo\":{\"@type\":\"ImageObject\",\"inLanguage\":\"en-US\",\"@id\":\"https:\\\/\\\/www.tapasmagazine.es\\\/#\\\/schema\\\/logo\\\/image\\\/\",\"url\":\"https:\\\/\\\/www.tapasmagazine.es\\\/wp-content\\\/uploads\\\/2018\\\/01\\\/logo.png\",\"contentUrl\":\"https:\\\/\\\/www.tapasmagazine.es\\\/wp-content\\\/uploads\\\/2018\\\/01\\\/logo.png\",\"width\":180,\"height\":60,\"caption\":\"Tapas Magazine\"},\"image\":{\"@id\":\"https:\\\/\\\/www.tapasmagazine.es\\\/#\\\/schema\\\/logo\\\/image\\\/\"},\"sameAs\":[\"https:\\\/\\\/www.facebook.com\\\/tapasmagazine\",\"https:\\\/\\\/x.com\\\/TapasMagazine\",\"https:\\\/\\\/www.instagram.com\\\/tapasmagazine\\\/\",\"https:\\\/\\\/www.linkedin.com\\\/company\\\/tapas-magazine\",\"https:\\\/\\\/es.pinterest.com\\\/tapasmagazine\\\/\",\"https:\\\/\\\/www.youtube.com\\\/channel\\\/UCEyxneAaACuR0lfDagrWjjg?sub_confirmation=1\"]},{\"@type\":\"Person\",\"@id\":\"https:\\\/\\\/www.tapasmagazine.es\\\/#\\\/schema\\\/person\\\/8e1e36c1b1542437ac49a45d6decd481\",\"name\":\"Luc\u00eda Perez\",\"url\":\"https:\\\/\\\/www.tapasmagazine.es\\\/en\\\/author\\\/lucia-perez\\\/\"}]}<\/script>\n<!-- \/ Yoast SEO plugin. -->","yoast_head_json":{"title":"Madrid Fusi\u00f3n hosts the first historical tasting of Alenza, from the Fern\u00e1ndez Rivera family - Tapas","description":"The wine group has chosen the gastronomic congress to hold the first tasting of one of its most special wines, a Gran Reserva from Bodegas Condado de Haza.","robots":{"index":"index","follow":"follow","max-snippet":"max-snippet:-1","max-image-preview":"max-image-preview:large","max-video-preview":"max-video-preview:-1"},"canonical":"https:\/\/www.tapasmagazine.es\/en\/madrid-fusion-hosts-the-first-historical-tasting-of-alenza-from-the-fernandez-rivera-family\/","og_locale":"en_US","og_type":"article","og_title":"Madrid Fusi\u00f3n hosts the first historical tasting of Alenza, from the Fern\u00e1ndez Rivera family - Tapas","og_description":"The wine group has chosen the gastronomic congress to hold the first tasting of one of its most special wines, a Gran Reserva from Bodegas Condado de Haza.","og_url":"https:\/\/www.tapasmagazine.es\/en\/madrid-fusion-hosts-the-first-historical-tasting-of-alenza-from-the-fernandez-rivera-family\/","og_site_name":"Tapas","article_publisher":"https:\/\/www.facebook.com\/tapasmagazine","article_published_time":"2023-01-25T11:20:14+00:00","article_modified_time":"2023-01-25T11:25:27+00:00","og_image":[{"width":1200,"height":675,"url":"https:\/\/www.tapasmagazine.es\/wp-content\/uploads\/2023\/01\/alenza-madrid-fusion.jpg","type":"image\/jpeg"}],"author":"Luc\u00eda Perez","twitter_card":"summary_large_image","twitter_creator":"@TapasMagazine","twitter_site":"@TapasMagazine","twitter_misc":{"Written by":"Luc\u00eda Perez","Est. reading time":"2 minutes"},"schema":{"@context":"https:\/\/schema.org","@graph":[{"@type":"Article","@id":"https:\/\/www.tapasmagazine.es\/en\/madrid-fusion-hosts-the-first-historical-tasting-of-alenza-from-the-fernandez-rivera-family\/#article","isPartOf":{"@id":"https:\/\/www.tapasmagazine.es\/en\/madrid-fusion-hosts-the-first-historical-tasting-of-alenza-from-the-fernandez-rivera-family\/"},"author":{"name":"Luc\u00eda Perez","@id":"https:\/\/www.tapasmagazine.es\/#\/schema\/person\/8e1e36c1b1542437ac49a45d6decd481"},"headline":"Madrid Fusi\u00f3n hosts the first historical tasting of Alenza, from the Fern\u00e1ndez Rivera family","datePublished":"2023-01-25T11:20:14+00:00","dateModified":"2023-01-25T11:25:27+00:00","mainEntityOfPage":{"@id":"https:\/\/www.tapasmagazine.es\/en\/madrid-fusion-hosts-the-first-historical-tasting-of-alenza-from-the-fernandez-rivera-family\/"},"wordCount":300,"commentCount":0,"publisher":{"@id":"https:\/\/www.tapasmagazine.es\/#organization"},"image":{"@id":"https:\/\/www.tapasmagazine.es\/en\/madrid-fusion-hosts-the-first-historical-tasting-of-alenza-from-the-fernandez-rivera-family\/#primaryimage"},"thumbnailUrl":"https:\/\/www.tapasmagazine.es\/wp-content\/uploads\/2023\/01\/alenza-madrid-fusion.jpg","keywords":["Alenza","Familia Fern\u00e1ndez Rivera","Madrid Fusi\u00f3n","vino"],"articleSection":["News"],"inLanguage":"en-US","potentialAction":[{"@type":"CommentAction","name":"Comment","target":["https:\/\/www.tapasmagazine.es\/en\/madrid-fusion-hosts-the-first-historical-tasting-of-alenza-from-the-fernandez-rivera-family\/#respond"]}]},{"@type":"WebPage","@id":"https:\/\/www.tapasmagazine.es\/en\/madrid-fusion-hosts-the-first-historical-tasting-of-alenza-from-the-fernandez-rivera-family\/","url":"https:\/\/www.tapasmagazine.es\/en\/madrid-fusion-hosts-the-first-historical-tasting-of-alenza-from-the-fernandez-rivera-family\/","name":"Madrid Fusi\u00f3n hosts the first historical tasting of Alenza, from the Fern\u00e1ndez Rivera family - Tapas","isPartOf":{"@id":"https:\/\/www.tapasmagazine.es\/#website"},"primaryImageOfPage":{"@id":"https:\/\/www.tapasmagazine.es\/en\/madrid-fusion-hosts-the-first-historical-tasting-of-alenza-from-the-fernandez-rivera-family\/#primaryimage"},"image":{"@id":"https:\/\/www.tapasmagazine.es\/en\/madrid-fusion-hosts-the-first-historical-tasting-of-alenza-from-the-fernandez-rivera-family\/#primaryimage"},"thumbnailUrl":"https:\/\/www.tapasmagazine.es\/wp-content\/uploads\/2023\/01\/alenza-madrid-fusion.jpg","datePublished":"2023-01-25T11:20:14+00:00","dateModified":"2023-01-25T11:25:27+00:00","description":"The wine group has chosen the gastronomic congress to hold the first tasting of one of its most special wines, a Gran Reserva from Bodegas Condado de Haza.","breadcrumb":{"@id":"https:\/\/www.tapasmagazine.es\/en\/madrid-fusion-hosts-the-first-historical-tasting-of-alenza-from-the-fernandez-rivera-family\/#breadcrumb"},"inLanguage":"en-US","potentialAction":[{"@type":"ReadAction","target":["https:\/\/www.tapasmagazine.es\/en\/madrid-fusion-hosts-the-first-historical-tasting-of-alenza-from-the-fernandez-rivera-family\/"]}]},{"@type":"ImageObject","inLanguage":"en-US","@id":"https:\/\/www.tapasmagazine.es\/en\/madrid-fusion-hosts-the-first-historical-tasting-of-alenza-from-the-fernandez-rivera-family\/#primaryimage","url":"https:\/\/www.tapasmagazine.es\/wp-content\/uploads\/2023\/01\/alenza-madrid-fusion.jpg","contentUrl":"https:\/\/www.tapasmagazine.es\/wp-content\/uploads\/2023\/01\/alenza-madrid-fusion.jpg","width":1200,"height":675,"caption":"alenza-madrid-fusion"},{"@type":"BreadcrumbList","@id":"https:\/\/www.tapasmagazine.es\/en\/madrid-fusion-hosts-the-first-historical-tasting-of-alenza-from-the-fernandez-rivera-family\/#breadcrumb","itemListElement":[{"@type":"ListItem","position":1,"name":"Portada","item":"https:\/\/www.tapasmagazine.es\/"},{"@type":"ListItem","position":2,"name":"News","item":"https:\/\/www.tapasmagazine.es\/en\/categorias\/news\/"},{"@type":"ListItem","position":3,"name":"Madrid Fusi\u00f3n hosts the first historical tasting of Alenza, from the Fern\u00e1ndez Rivera family"}]},{"@type":"WebSite","@id":"https:\/\/www.tapasmagazine.es\/#website","url":"https:\/\/www.tapasmagazine.es\/","name":"Tapas","description":"\u00d1am \u00d1am Lifestyle. La vida a bocados. Premio Nacional de Gastronom\u00eda 2016.","publisher":{"@id":"https:\/\/www.tapasmagazine.es\/#organization"},"potentialAction":[{"@type":"SearchAction","target":{"@type":"EntryPoint","urlTemplate":"https:\/\/www.tapasmagazine.es\/?s={search_term_string}"},"query-input":{"@type":"PropertyValueSpecification","valueRequired":true,"valueName":"search_term_string"}}],"inLanguage":"en-US"},{"@type":"Organization","@id":"https:\/\/www.tapasmagazine.es\/#organization","name":"Tapas Magazine","url":"https:\/\/www.tapasmagazine.es\/","logo":{"@type":"ImageObject","inLanguage":"en-US","@id":"https:\/\/www.tapasmagazine.es\/#\/schema\/logo\/image\/","url":"https:\/\/www.tapasmagazine.es\/wp-content\/uploads\/2018\/01\/logo.png","contentUrl":"https:\/\/www.tapasmagazine.es\/wp-content\/uploads\/2018\/01\/logo.png","width":180,"height":60,"caption":"Tapas Magazine"},"image":{"@id":"https:\/\/www.tapasmagazine.es\/#\/schema\/logo\/image\/"},"sameAs":["https:\/\/www.facebook.com\/tapasmagazine","https:\/\/x.com\/TapasMagazine","https:\/\/www.instagram.com\/tapasmagazine\/","https:\/\/www.linkedin.com\/company\/tapas-magazine","https:\/\/es.pinterest.com\/tapasmagazine\/","https:\/\/www.youtube.com\/channel\/UCEyxneAaACuR0lfDagrWjjg?sub_confirmation=1"]},{"@type":"Person","@id":"https:\/\/www.tapasmagazine.es\/#\/schema\/person\/8e1e36c1b1542437ac49a45d6decd481","name":"Luc\u00eda Perez","url":"https:\/\/www.tapasmagazine.es\/en\/author\/lucia-perez\/"}]}},"_links":{"self":[{"href":"https:\/\/www.tapasmagazine.es\/en\/wp-json\/wp\/v2\/posts\/172838","targetHints":{"allow":["GET"]}}],"collection":[{"href":"https:\/\/www.tapasmagazine.es\/en\/wp-json\/wp\/v2\/posts"}],"about":[{"href":"https:\/\/www.tapasmagazine.es\/en\/wp-json\/wp\/v2\/types\/post"}],"author":[{"embeddable":true,"href":"https:\/\/www.tapasmagazine.es\/en\/wp-json\/wp\/v2\/users\/204"}],"replies":[{"embeddable":true,"href":"https:\/\/www.tapasmagazine.es\/en\/wp-json\/wp\/v2\/comments?post=172838"}],"version-history":[{"count":4,"href":"https:\/\/www.tapasmagazine.es\/en\/wp-json\/wp\/v2\/posts\/172838\/revisions"}],"predecessor-version":[{"id":172842,"href":"https:\/\/www.tapasmagazine.es\/en\/wp-json\/wp\/v2\/posts\/172838\/revisions\/172842"}],"wp:featuredmedia":[{"embeddable":true,"href":"https:\/\/www.tapasmagazine.es\/en\/wp-json\/wp\/v2\/media\/172834"}],"wp:attachment":[{"href":"https:\/\/www.tapasmagazine.es\/en\/wp-json\/wp\/v2\/media?parent=172838"}],"wp:term":[{"taxonomy":"category","embeddable":true,"href":"https:\/\/www.tapasmagazine.es\/en\/wp-json\/wp\/v2\/categories?post=172838"},{"taxonomy":"post_tag","embeddable":true,"href":"https:\/\/www.tapasmagazine.es\/en\/wp-json\/wp\/v2\/tags?post=172838"}],"curies":[{"name":"wp","href":"https:\/\/api.w.org\/{rel}","templated":true}]}}