{"id":172608,"date":"2023-01-23T16:18:55","date_gmt":"2023-01-23T15:18:55","guid":{"rendered":"https:\/\/www.tapasmagazine.es\/elbulli-1846-entradas-museo\/"},"modified":"2023-01-23T16:28:04","modified_gmt":"2023-01-23T15:28:04","slug":"elbulli-1846-tickets-museum","status":"publish","type":"post","link":"https:\/\/www.tapasmagazine.es\/en\/elbulli-1846-tickets-museum\/","title":{"rendered":"elBulli 1846 will start selling tickets for its reopening as a museum in June"},"content":{"rendered":"\n<p><strong>Click <a href=\"https:\/\/www.tapasmagazine.es\/elbulli-1846-entradas-museo\/\" target=\"_blank\" rel=\"noreferrer noopener\">here<\/a> to read the Spanish version.<\/strong><\/p>\n\n\n\n<p>Although it was announced months ago that <strong>elBulli 1846 would reopen in June as an archive-museum<\/strong>, Ferran Adri\u00e0&#8217;s team has revealed new clues at Madrid Fusi\u00f3n and on their social networks, where <strong>they have confirmed that tickets will be on sale very soon so that you can start visiting<\/strong> <strong>it<\/strong> in just over 5 months&#8217; time.<\/p>\n\n\n\n<p>Through an epic video, elBullifoundation&#8217;s managers explain more details about this new project, which will be a space where to share a <strong>triple mission: &#8220;to safeguard elBulli&#8217;s legacy, promote innovative attitude and generate quality content about gastronomic restoration, through different projects of &#8216;ADN Bulli'&#8221;<\/strong>.<\/p>\n\n\n\n<blockquote class=\"twitter-tweet\"><p dir=\"ltr\" lang=\"es\">Te esperamos este junio en elBulli1846.<br>Entradas a la venta pr\u00f3ximamente.<a href=\"https:\/\/twitter.com\/hashtag\/elBulli?src=hash&amp;ref_src=twsrc%5Etfw\">#elBulli<\/a> <a href=\"https:\/\/twitter.com\/hashtag\/elBuli1846?src=hash&amp;ref_src=twsrc%5Etfw\">#elBuli1846<\/a> <a href=\"https:\/\/twitter.com\/hashtag\/FerranAdria?src=hash&amp;ref_src=twsrc%5Etfw\">#FerranAdria<\/a> <a href=\"https:\/\/twitter.com\/hashtag\/CalaMontjoi?src=hash&amp;ref_src=twsrc%5Etfw\">#CalaMontjoi<\/a> <a href=\"https:\/\/twitter.com\/hashtag\/MadridFusion2023?src=hash&amp;ref_src=twsrc%5Etfw\">#MadridFusion2023<\/a> <a href=\"https:\/\/t.co\/ESEal0MrtA\">pic.twitter.com\/ESEal0MrtA<\/a><\/p>\u2014 Ferran Adri\u00e0 (@ferranadria) <a href=\"https:\/\/twitter.com\/ferranadria\/status\/1617506838903402501?ref_src=twsrc%5Etfw\">January 23, 2023<\/a><\/blockquote> <script async=\"\" src=\"https:\/\/platform.twitter.com\/widgets.js\" charset=\"utf-8\"><\/script>\n\n\n\n<p>Among all the projects, the new <a href=\"https:\/\/elbullifoundation.com\/elbulli1846\/\" target=\"_blank\" rel=\"noreferrer noopener\">elBulli 1846<\/a> <strong>space will host some such as a compilation of &#8216;Bullinianos&#8217;, research calls, interdisciplinary relations or Bullipedia, as &#8220;the encyclopaedia of gastronomic restoration<\/strong>&#8220;, as well as the application of the Sapiens methodology with the aim of &#8220;connecting knowledge with a holistic vision, questioning the status quo, avoiding dogmatism and applying rigour with a scientific attitude, ordering and connecting with a digital mentality and with efficiency in the application&#8221;.<\/p>\n\n\n\n<p><strong>On 30 July 2011 elBulli closed its doors as a restaurant in Cala Montjoi<\/strong>, in the Cap de Creus Natural Park (Girona). After more than a decade of work, the space where the restaurant was located will become an archive-museum that will open its doors in June. And tickets will be on sale very soon. There are still not too many details about the price or the access system, but Ferran Adri\u00e0&#8217;s team will surely publish more details in the next few days.<\/p>\n","protected":false},"excerpt":{"rendered":"<p>Click here to read the Spanish version. Although it was announced months ago that elBulli 1846 would reopen in June as an archive-museum, Ferran Adri\u00e0&#8217;s team has revealed new clues at Madrid Fusi\u00f3n and on their social networks, where they have confirmed that tickets will be on sale very soon so that you can start [&hellip;]<\/p>\n","protected":false},"author":249,"featured_media":172603,"comment_status":"open","ping_status":"closed","sticky":false,"template":"single-feature.php","format":"standard","meta":{"_acf_changed":false,"footnotes":""},"categories":[15848,15802,15851],"tags":[16086,16087,16088,16089],"class_list":["post-172608","post","type-post","status-publish","format-standard","has-post-thumbnail","hentry","category-chefs-en","category-news","category-nombres-propios-en","tag-elbulli-en","tag-elbulli-1846-en","tag-elbulli-fundacion-en","tag-ferran-adria-2-en","cat-15848-id","cat-15802-id","cat-15851-id"],"acf":[],"yoast_head":"<!-- This site is optimized with the Yoast SEO plugin v27.4 - https:\/\/yoast.com\/product\/yoast-seo-wordpress\/ -->\n<title>elBulli 1846 will start selling tickets for its reopening as a museum in June<\/title>\n<meta name=\"description\" content=\"Ferran Adri\u00e0&#039;s team has announced it with a video that shows the triple mission that elBulli 1846 will have from June.\" \/>\n<meta name=\"robots\" content=\"index, follow, max-snippet:-1, max-image-preview:large, max-video-preview:-1\" \/>\n<link rel=\"canonical\" href=\"https:\/\/www.tapasmagazine.es\/en\/elbulli-1846-tickets-museum\/\" \/>\n<meta property=\"og:locale\" content=\"en_US\" \/>\n<meta property=\"og:type\" content=\"article\" \/>\n<meta property=\"og:title\" content=\"elBulli 1846 will start selling tickets for its reopening as a museum in June\" \/>\n<meta property=\"og:description\" content=\"Ferran Adri\u00e0&#039;s team has announced it with a video that shows the triple mission that elBulli 1846 will have from June.\" \/>\n<meta property=\"og:url\" content=\"https:\/\/www.tapasmagazine.es\/en\/elbulli-1846-tickets-museum\/\" \/>\n<meta property=\"og:site_name\" content=\"Tapas\" \/>\n<meta property=\"article:publisher\" content=\"https:\/\/www.facebook.com\/tapasmagazine\" \/>\n<meta property=\"article:published_time\" content=\"2023-01-23T15:18:55+00:00\" \/>\n<meta property=\"article:modified_time\" content=\"2023-01-23T15:28:04+00:00\" \/>\n<meta property=\"og:image\" content=\"https:\/\/www.tapasmagazine.es\/wp-content\/uploads\/2023\/01\/elBulli1846-entradas-museo-junio.jpg\" \/>\n\t<meta property=\"og:image:width\" content=\"1200\" \/>\n\t<meta property=\"og:image:height\" content=\"675\" \/>\n\t<meta property=\"og:image:type\" content=\"image\/jpeg\" \/>\n<meta name=\"author\" content=\"TAPAS\" \/>\n<meta name=\"twitter:card\" content=\"summary_large_image\" \/>\n<meta name=\"twitter:creator\" content=\"@TapasMagazine\" \/>\n<meta name=\"twitter:site\" content=\"@TapasMagazine\" \/>\n<meta name=\"twitter:label1\" content=\"Written by\" \/>\n\t<meta name=\"twitter:data1\" content=\"TAPAS\" \/>\n\t<meta name=\"twitter:label2\" content=\"Est. reading time\" \/>\n\t<meta name=\"twitter:data2\" content=\"2 minutes\" \/>\n<script type=\"application\/ld+json\" class=\"yoast-schema-graph\">{\"@context\":\"https:\\\/\\\/schema.org\",\"@graph\":[{\"@type\":\"Article\",\"@id\":\"https:\\\/\\\/www.tapasmagazine.es\\\/en\\\/elbulli-1846-tickets-museum\\\/#article\",\"isPartOf\":{\"@id\":\"https:\\\/\\\/www.tapasmagazine.es\\\/en\\\/elbulli-1846-tickets-museum\\\/\"},\"author\":{\"name\":\"TAPAS\",\"@id\":\"https:\\\/\\\/www.tapasmagazine.es\\\/#\\\/schema\\\/person\\\/906ea2ea4697837608d99f4cc085cea3\"},\"headline\":\"elBulli 1846 will start selling tickets for its reopening as a museum in June\",\"datePublished\":\"2023-01-23T15:18:55+00:00\",\"dateModified\":\"2023-01-23T15:28:04+00:00\",\"mainEntityOfPage\":{\"@id\":\"https:\\\/\\\/www.tapasmagazine.es\\\/en\\\/elbulli-1846-tickets-museum\\\/\"},\"wordCount\":304,\"commentCount\":0,\"publisher\":{\"@id\":\"https:\\\/\\\/www.tapasmagazine.es\\\/#organization\"},\"image\":{\"@id\":\"https:\\\/\\\/www.tapasmagazine.es\\\/en\\\/elbulli-1846-tickets-museum\\\/#primaryimage\"},\"thumbnailUrl\":\"https:\\\/\\\/www.tapasmagazine.es\\\/wp-content\\\/uploads\\\/2023\\\/01\\\/elBulli1846-entradas-museo-junio.jpg\",\"keywords\":[\"elBulli\",\"elBulli 1846\",\"elBulli Fundaci\u00f3n\",\"Ferran Adri\u00e0\"],\"articleSection\":[\"Chefs\",\"News\",\"Nombres propios\"],\"inLanguage\":\"en-US\",\"potentialAction\":[{\"@type\":\"CommentAction\",\"name\":\"Comment\",\"target\":[\"https:\\\/\\\/www.tapasmagazine.es\\\/en\\\/elbulli-1846-tickets-museum\\\/#respond\"]}]},{\"@type\":\"WebPage\",\"@id\":\"https:\\\/\\\/www.tapasmagazine.es\\\/en\\\/elbulli-1846-tickets-museum\\\/\",\"url\":\"https:\\\/\\\/www.tapasmagazine.es\\\/en\\\/elbulli-1846-tickets-museum\\\/\",\"name\":\"elBulli 1846 will start selling tickets for its reopening as a museum in June\",\"isPartOf\":{\"@id\":\"https:\\\/\\\/www.tapasmagazine.es\\\/#website\"},\"primaryImageOfPage\":{\"@id\":\"https:\\\/\\\/www.tapasmagazine.es\\\/en\\\/elbulli-1846-tickets-museum\\\/#primaryimage\"},\"image\":{\"@id\":\"https:\\\/\\\/www.tapasmagazine.es\\\/en\\\/elbulli-1846-tickets-museum\\\/#primaryimage\"},\"thumbnailUrl\":\"https:\\\/\\\/www.tapasmagazine.es\\\/wp-content\\\/uploads\\\/2023\\\/01\\\/elBulli1846-entradas-museo-junio.jpg\",\"datePublished\":\"2023-01-23T15:18:55+00:00\",\"dateModified\":\"2023-01-23T15:28:04+00:00\",\"description\":\"Ferran Adri\u00e0's team has announced it with a video that shows the triple mission that elBulli 1846 will have from June.\",\"breadcrumb\":{\"@id\":\"https:\\\/\\\/www.tapasmagazine.es\\\/en\\\/elbulli-1846-tickets-museum\\\/#breadcrumb\"},\"inLanguage\":\"en-US\",\"potentialAction\":[{\"@type\":\"ReadAction\",\"target\":[\"https:\\\/\\\/www.tapasmagazine.es\\\/en\\\/elbulli-1846-tickets-museum\\\/\"]}]},{\"@type\":\"ImageObject\",\"inLanguage\":\"en-US\",\"@id\":\"https:\\\/\\\/www.tapasmagazine.es\\\/en\\\/elbulli-1846-tickets-museum\\\/#primaryimage\",\"url\":\"https:\\\/\\\/www.tapasmagazine.es\\\/wp-content\\\/uploads\\\/2023\\\/01\\\/elBulli1846-entradas-museo-junio.jpg\",\"contentUrl\":\"https:\\\/\\\/www.tapasmagazine.es\\\/wp-content\\\/uploads\\\/2023\\\/01\\\/elBulli1846-entradas-museo-junio.jpg\",\"width\":1200,\"height\":675,\"caption\":\"elBulli1846\"},{\"@type\":\"BreadcrumbList\",\"@id\":\"https:\\\/\\\/www.tapasmagazine.es\\\/en\\\/elbulli-1846-tickets-museum\\\/#breadcrumb\",\"itemListElement\":[{\"@type\":\"ListItem\",\"position\":1,\"name\":\"Portada\",\"item\":\"https:\\\/\\\/www.tapasmagazine.es\\\/\"},{\"@type\":\"ListItem\",\"position\":2,\"name\":\"News\",\"item\":\"https:\\\/\\\/www.tapasmagazine.es\\\/en\\\/categorias\\\/news\\\/\"},{\"@type\":\"ListItem\",\"position\":3,\"name\":\"elBulli 1846 will start selling tickets for its reopening as a museum in June\"}]},{\"@type\":\"WebSite\",\"@id\":\"https:\\\/\\\/www.tapasmagazine.es\\\/#website\",\"url\":\"https:\\\/\\\/www.tapasmagazine.es\\\/\",\"name\":\"Tapas\",\"description\":\"\u00d1am \u00d1am Lifestyle. La vida a bocados. Premio Nacional de Gastronom\u00eda 2016.\",\"publisher\":{\"@id\":\"https:\\\/\\\/www.tapasmagazine.es\\\/#organization\"},\"potentialAction\":[{\"@type\":\"SearchAction\",\"target\":{\"@type\":\"EntryPoint\",\"urlTemplate\":\"https:\\\/\\\/www.tapasmagazine.es\\\/?s={search_term_string}\"},\"query-input\":{\"@type\":\"PropertyValueSpecification\",\"valueRequired\":true,\"valueName\":\"search_term_string\"}}],\"inLanguage\":\"en-US\"},{\"@type\":\"Organization\",\"@id\":\"https:\\\/\\\/www.tapasmagazine.es\\\/#organization\",\"name\":\"Tapas Magazine\",\"url\":\"https:\\\/\\\/www.tapasmagazine.es\\\/\",\"logo\":{\"@type\":\"ImageObject\",\"inLanguage\":\"en-US\",\"@id\":\"https:\\\/\\\/www.tapasmagazine.es\\\/#\\\/schema\\\/logo\\\/image\\\/\",\"url\":\"https:\\\/\\\/www.tapasmagazine.es\\\/wp-content\\\/uploads\\\/2018\\\/01\\\/logo.png\",\"contentUrl\":\"https:\\\/\\\/www.tapasmagazine.es\\\/wp-content\\\/uploads\\\/2018\\\/01\\\/logo.png\",\"width\":180,\"height\":60,\"caption\":\"Tapas Magazine\"},\"image\":{\"@id\":\"https:\\\/\\\/www.tapasmagazine.es\\\/#\\\/schema\\\/logo\\\/image\\\/\"},\"sameAs\":[\"https:\\\/\\\/www.facebook.com\\\/tapasmagazine\",\"https:\\\/\\\/x.com\\\/TapasMagazine\",\"https:\\\/\\\/www.instagram.com\\\/tapasmagazine\\\/\",\"https:\\\/\\\/www.linkedin.com\\\/company\\\/tapas-magazine\",\"https:\\\/\\\/es.pinterest.com\\\/tapasmagazine\\\/\",\"https:\\\/\\\/www.youtube.com\\\/channel\\\/UCEyxneAaACuR0lfDagrWjjg?sub_confirmation=1\"]},{\"@type\":\"Person\",\"@id\":\"https:\\\/\\\/www.tapasmagazine.es\\\/#\\\/schema\\\/person\\\/906ea2ea4697837608d99f4cc085cea3\",\"name\":\"TAPAS\",\"url\":\"https:\\\/\\\/www.tapasmagazine.es\\\/en\\\/author\\\/tapas\\\/\"}]}<\/script>\n<!-- \/ Yoast SEO plugin. -->","yoast_head_json":{"title":"elBulli 1846 will start selling tickets for its reopening as a museum in June","description":"Ferran Adri\u00e0's team has announced it with a video that shows the triple mission that elBulli 1846 will have from June.","robots":{"index":"index","follow":"follow","max-snippet":"max-snippet:-1","max-image-preview":"max-image-preview:large","max-video-preview":"max-video-preview:-1"},"canonical":"https:\/\/www.tapasmagazine.es\/en\/elbulli-1846-tickets-museum\/","og_locale":"en_US","og_type":"article","og_title":"elBulli 1846 will start selling tickets for its reopening as a museum in June","og_description":"Ferran Adri\u00e0's team has announced it with a video that shows the triple mission that elBulli 1846 will have from June.","og_url":"https:\/\/www.tapasmagazine.es\/en\/elbulli-1846-tickets-museum\/","og_site_name":"Tapas","article_publisher":"https:\/\/www.facebook.com\/tapasmagazine","article_published_time":"2023-01-23T15:18:55+00:00","article_modified_time":"2023-01-23T15:28:04+00:00","og_image":[{"width":1200,"height":675,"url":"https:\/\/www.tapasmagazine.es\/wp-content\/uploads\/2023\/01\/elBulli1846-entradas-museo-junio.jpg","type":"image\/jpeg"}],"author":"TAPAS","twitter_card":"summary_large_image","twitter_creator":"@TapasMagazine","twitter_site":"@TapasMagazine","twitter_misc":{"Written by":"TAPAS","Est. reading time":"2 minutes"},"schema":{"@context":"https:\/\/schema.org","@graph":[{"@type":"Article","@id":"https:\/\/www.tapasmagazine.es\/en\/elbulli-1846-tickets-museum\/#article","isPartOf":{"@id":"https:\/\/www.tapasmagazine.es\/en\/elbulli-1846-tickets-museum\/"},"author":{"name":"TAPAS","@id":"https:\/\/www.tapasmagazine.es\/#\/schema\/person\/906ea2ea4697837608d99f4cc085cea3"},"headline":"elBulli 1846 will start selling tickets for its reopening as a museum in June","datePublished":"2023-01-23T15:18:55+00:00","dateModified":"2023-01-23T15:28:04+00:00","mainEntityOfPage":{"@id":"https:\/\/www.tapasmagazine.es\/en\/elbulli-1846-tickets-museum\/"},"wordCount":304,"commentCount":0,"publisher":{"@id":"https:\/\/www.tapasmagazine.es\/#organization"},"image":{"@id":"https:\/\/www.tapasmagazine.es\/en\/elbulli-1846-tickets-museum\/#primaryimage"},"thumbnailUrl":"https:\/\/www.tapasmagazine.es\/wp-content\/uploads\/2023\/01\/elBulli1846-entradas-museo-junio.jpg","keywords":["elBulli","elBulli 1846","elBulli Fundaci\u00f3n","Ferran Adri\u00e0"],"articleSection":["Chefs","News","Nombres propios"],"inLanguage":"en-US","potentialAction":[{"@type":"CommentAction","name":"Comment","target":["https:\/\/www.tapasmagazine.es\/en\/elbulli-1846-tickets-museum\/#respond"]}]},{"@type":"WebPage","@id":"https:\/\/www.tapasmagazine.es\/en\/elbulli-1846-tickets-museum\/","url":"https:\/\/www.tapasmagazine.es\/en\/elbulli-1846-tickets-museum\/","name":"elBulli 1846 will start selling tickets for its reopening as a museum in June","isPartOf":{"@id":"https:\/\/www.tapasmagazine.es\/#website"},"primaryImageOfPage":{"@id":"https:\/\/www.tapasmagazine.es\/en\/elbulli-1846-tickets-museum\/#primaryimage"},"image":{"@id":"https:\/\/www.tapasmagazine.es\/en\/elbulli-1846-tickets-museum\/#primaryimage"},"thumbnailUrl":"https:\/\/www.tapasmagazine.es\/wp-content\/uploads\/2023\/01\/elBulli1846-entradas-museo-junio.jpg","datePublished":"2023-01-23T15:18:55+00:00","dateModified":"2023-01-23T15:28:04+00:00","description":"Ferran Adri\u00e0's team has announced it with a video that shows the triple mission that elBulli 1846 will have from June.","breadcrumb":{"@id":"https:\/\/www.tapasmagazine.es\/en\/elbulli-1846-tickets-museum\/#breadcrumb"},"inLanguage":"en-US","potentialAction":[{"@type":"ReadAction","target":["https:\/\/www.tapasmagazine.es\/en\/elbulli-1846-tickets-museum\/"]}]},{"@type":"ImageObject","inLanguage":"en-US","@id":"https:\/\/www.tapasmagazine.es\/en\/elbulli-1846-tickets-museum\/#primaryimage","url":"https:\/\/www.tapasmagazine.es\/wp-content\/uploads\/2023\/01\/elBulli1846-entradas-museo-junio.jpg","contentUrl":"https:\/\/www.tapasmagazine.es\/wp-content\/uploads\/2023\/01\/elBulli1846-entradas-museo-junio.jpg","width":1200,"height":675,"caption":"elBulli1846"},{"@type":"BreadcrumbList","@id":"https:\/\/www.tapasmagazine.es\/en\/elbulli-1846-tickets-museum\/#breadcrumb","itemListElement":[{"@type":"ListItem","position":1,"name":"Portada","item":"https:\/\/www.tapasmagazine.es\/"},{"@type":"ListItem","position":2,"name":"News","item":"https:\/\/www.tapasmagazine.es\/en\/categorias\/news\/"},{"@type":"ListItem","position":3,"name":"elBulli 1846 will start selling tickets for its reopening as a museum in June"}]},{"@type":"WebSite","@id":"https:\/\/www.tapasmagazine.es\/#website","url":"https:\/\/www.tapasmagazine.es\/","name":"Tapas","description":"\u00d1am \u00d1am Lifestyle. La vida a bocados. Premio Nacional de Gastronom\u00eda 2016.","publisher":{"@id":"https:\/\/www.tapasmagazine.es\/#organization"},"potentialAction":[{"@type":"SearchAction","target":{"@type":"EntryPoint","urlTemplate":"https:\/\/www.tapasmagazine.es\/?s={search_term_string}"},"query-input":{"@type":"PropertyValueSpecification","valueRequired":true,"valueName":"search_term_string"}}],"inLanguage":"en-US"},{"@type":"Organization","@id":"https:\/\/www.tapasmagazine.es\/#organization","name":"Tapas Magazine","url":"https:\/\/www.tapasmagazine.es\/","logo":{"@type":"ImageObject","inLanguage":"en-US","@id":"https:\/\/www.tapasmagazine.es\/#\/schema\/logo\/image\/","url":"https:\/\/www.tapasmagazine.es\/wp-content\/uploads\/2018\/01\/logo.png","contentUrl":"https:\/\/www.tapasmagazine.es\/wp-content\/uploads\/2018\/01\/logo.png","width":180,"height":60,"caption":"Tapas Magazine"},"image":{"@id":"https:\/\/www.tapasmagazine.es\/#\/schema\/logo\/image\/"},"sameAs":["https:\/\/www.facebook.com\/tapasmagazine","https:\/\/x.com\/TapasMagazine","https:\/\/www.instagram.com\/tapasmagazine\/","https:\/\/www.linkedin.com\/company\/tapas-magazine","https:\/\/es.pinterest.com\/tapasmagazine\/","https:\/\/www.youtube.com\/channel\/UCEyxneAaACuR0lfDagrWjjg?sub_confirmation=1"]},{"@type":"Person","@id":"https:\/\/www.tapasmagazine.es\/#\/schema\/person\/906ea2ea4697837608d99f4cc085cea3","name":"TAPAS","url":"https:\/\/www.tapasmagazine.es\/en\/author\/tapas\/"}]}},"_links":{"self":[{"href":"https:\/\/www.tapasmagazine.es\/en\/wp-json\/wp\/v2\/posts\/172608","targetHints":{"allow":["GET"]}}],"collection":[{"href":"https:\/\/www.tapasmagazine.es\/en\/wp-json\/wp\/v2\/posts"}],"about":[{"href":"https:\/\/www.tapasmagazine.es\/en\/wp-json\/wp\/v2\/types\/post"}],"author":[{"embeddable":true,"href":"https:\/\/www.tapasmagazine.es\/en\/wp-json\/wp\/v2\/users\/249"}],"replies":[{"embeddable":true,"href":"https:\/\/www.tapasmagazine.es\/en\/wp-json\/wp\/v2\/comments?post=172608"}],"version-history":[{"count":4,"href":"https:\/\/www.tapasmagazine.es\/en\/wp-json\/wp\/v2\/posts\/172608\/revisions"}],"predecessor-version":[{"id":172613,"href":"https:\/\/www.tapasmagazine.es\/en\/wp-json\/wp\/v2\/posts\/172608\/revisions\/172613"}],"wp:featuredmedia":[{"embeddable":true,"href":"https:\/\/www.tapasmagazine.es\/en\/wp-json\/wp\/v2\/media\/172603"}],"wp:attachment":[{"href":"https:\/\/www.tapasmagazine.es\/en\/wp-json\/wp\/v2\/media?parent=172608"}],"wp:term":[{"taxonomy":"category","embeddable":true,"href":"https:\/\/www.tapasmagazine.es\/en\/wp-json\/wp\/v2\/categories?post=172608"},{"taxonomy":"post_tag","embeddable":true,"href":"https:\/\/www.tapasmagazine.es\/en\/wp-json\/wp\/v2\/tags?post=172608"}],"curies":[{"name":"wp","href":"https:\/\/api.w.org\/{rel}","templated":true}]}}