{"id":172494,"date":"2023-01-21T16:23:19","date_gmt":"2023-01-21T15:23:19","guid":{"rendered":"https:\/\/www.tapasmagazine.es\/?p=172494"},"modified":"2023-01-21T16:29:47","modified_gmt":"2023-01-21T15:29:47","slug":"asi-es-el-viaje-gastronomico-entre-overall-y-libe","status":"publish","type":"post","link":"https:\/\/www.tapasmagazine.es\/en\/asi-es-el-viaje-gastronomico-entre-overall-y-libe\/","title":{"rendered":"As\u00ed es el viaje gastron\u00f3mico entre Overall y Lib\u00e9"},"content":{"rendered":"\n<p><strong>Haz clic&nbsp;aqu\u00ed&nbsp;para leer la versi\u00f3n en ingl\u00e9s.<\/strong><\/p>\n\n\n\n<p>El equipo de Overall viaja al espacio creativo de Lib\u00e9 en Madrid para realizar una experiencia colaborativa \u00fanica a trav\u00e9s de un viaje gastron\u00f3mico \u00fanico en la capital <strong>que se podr\u00e1 disfrutar este lunes 23 de enero en diferentes horarios.<\/strong><\/p>\n\n\n\n<p>Se trata de <strong>un interesante men\u00fa degustaci\u00f3n de 7 deliciosos platillos estilo omakase, <\/strong>inspirados en el concepto de los ibicencos Tasting Colours, donde 7 pases constituyen una experiencia sensorial basada en emociones conceptualizadas a trav\u00e9s de 7 colores. Adem\u00e1s, como es de esperarse, este viaje gastron\u00f3mico incluye un maridaje de 7 bebidas de autor creadas exclusivamente para la ocasi\u00f3n.&nbsp;<\/p>\n\n\n\n<figure class=\"wp-block-image size-large\"><a href=\"https:\/\/www.tapasmagazine.es\/wp-content\/uploads\/2023\/01\/111download-2.jpg\"><img decoding=\"async\" width=\"1024\" height=\"576\" src=\"https:\/\/www.tapasmagazine.es\/wp-content\/uploads\/2023\/01\/111download-2-1024x576.jpg\" alt=\"\" class=\"wp-image-172483\" srcset=\"https:\/\/www.tapasmagazine.es\/wp-content\/uploads\/2023\/01\/111download-2-1024x576.jpg 1024w, https:\/\/www.tapasmagazine.es\/wp-content\/uploads\/2023\/01\/111download-2-300x169.jpg 300w, https:\/\/www.tapasmagazine.es\/wp-content\/uploads\/2023\/01\/111download-2-768x432.jpg 768w, https:\/\/www.tapasmagazine.es\/wp-content\/uploads\/2023\/01\/111download-2-1000x563.jpg 1000w, https:\/\/www.tapasmagazine.es\/wp-content\/uploads\/2023\/01\/111download-2-400x225.jpg 400w, https:\/\/www.tapasmagazine.es\/wp-content\/uploads\/2023\/01\/111download-2.jpg 1200w\" sizes=\"(max-width: 1024px) 100vw, 1024px\" \/><\/a><figcaption class=\"wp-element-caption\">Fotograf\u00eda: Daniel Balda.<\/figcaption><\/figure>\n\n\n\n<figure class=\"wp-block-image size-large\"><a href=\"https:\/\/www.tapasmagazine.es\/wp-content\/uploads\/2023\/01\/111download-3.jpg\"><img decoding=\"async\" width=\"1024\" height=\"576\" src=\"https:\/\/www.tapasmagazine.es\/wp-content\/uploads\/2023\/01\/111download-3-1024x576.jpg\" alt=\"\" class=\"wp-image-172485\" srcset=\"https:\/\/www.tapasmagazine.es\/wp-content\/uploads\/2023\/01\/111download-3-1024x576.jpg 1024w, https:\/\/www.tapasmagazine.es\/wp-content\/uploads\/2023\/01\/111download-3-300x169.jpg 300w, https:\/\/www.tapasmagazine.es\/wp-content\/uploads\/2023\/01\/111download-3-768x432.jpg 768w, https:\/\/www.tapasmagazine.es\/wp-content\/uploads\/2023\/01\/111download-3-1000x563.jpg 1000w, https:\/\/www.tapasmagazine.es\/wp-content\/uploads\/2023\/01\/111download-3-400x225.jpg 400w, https:\/\/www.tapasmagazine.es\/wp-content\/uploads\/2023\/01\/111download-3.jpg 1200w\" sizes=\"(max-width: 1024px) 100vw, 1024px\" \/><\/a><figcaption class=\"wp-element-caption\">Fotograf\u00eda: Daniel Balda.<\/figcaption><\/figure>\n\n\n\n<h3 class=\"wp-block-heading\"><strong>Informaci\u00f3n del evento:<\/strong><\/h3>\n\n\n\n<p><strong>Fecha: <\/strong>Lunes 23 Enero: 13:30h, 18:00h, 21:00h.<\/p>\n\n\n\n<p><strong>Ubicaci\u00f3n:<\/strong> En <em>M29<\/em>, calle de la Madera, 29, Madrid.<\/p>\n\n\n\n<p>6-8 personas por sesi\u00f3n. Duraci\u00f3n aproximada 2 horas.<br><strong>Para reservas contactar a:<\/strong>&nbsp;<a href=\"mailto:info@overallibiza.com\" target=\"_blank\" rel=\"noreferrer noopener\">info@overallibiza.com<\/a>&nbsp;o al 683 399 023.<\/p>\n\n\n\n<h3 class=\"wp-block-heading\">Overall y Lib\u00e9<\/h3>\n\n\n\n<p><strong>Overall <\/strong>es un proyecto personal creado por Jorge A. Conde y M\u00f2nica A. Pati\u00f1o, una entra\u00f1able pareja con mas de 15 a\u00f1os de experiencia en el sector. Su interesante proyecto no es un Cocktail Bar ni un restaurante, sino un Atelier de sabores. La experiencia que ofrecen se basa en un omakase moderno con un maridaje totalmente \u00fanico y personalizado.&nbsp;<\/p>\n\n\n\n<p>La cocina de Overall tiene influencias asi\u00e1ticas y latinas aunque sin un tipo de cocina definido: trabajan en conjunto fusionando ingredientes en el mismo espacio, donde es escencial la conservaci\u00f3n de aromas y sabores con m\u00e9todos de extracci\u00f3n tanto antiguos como modernos, utilizando la totalidad del producto generando cero desperdicio. <\/p>\n\n\n\n<figure class=\"wp-block-image size-large\"><a href=\"https:\/\/www.tapasmagazine.es\/wp-content\/uploads\/2023\/01\/111download-5-1.jpg\"><img decoding=\"async\" width=\"1024\" height=\"576\" src=\"https:\/\/www.tapasmagazine.es\/wp-content\/uploads\/2023\/01\/111download-5-1-1024x576.jpg\" alt=\"\" class=\"wp-image-172491\" srcset=\"https:\/\/www.tapasmagazine.es\/wp-content\/uploads\/2023\/01\/111download-5-1-1024x576.jpg 1024w, https:\/\/www.tapasmagazine.es\/wp-content\/uploads\/2023\/01\/111download-5-1-300x169.jpg 300w, https:\/\/www.tapasmagazine.es\/wp-content\/uploads\/2023\/01\/111download-5-1-768x432.jpg 768w, https:\/\/www.tapasmagazine.es\/wp-content\/uploads\/2023\/01\/111download-5-1-1000x563.jpg 1000w, https:\/\/www.tapasmagazine.es\/wp-content\/uploads\/2023\/01\/111download-5-1-400x225.jpg 400w, https:\/\/www.tapasmagazine.es\/wp-content\/uploads\/2023\/01\/111download-5-1.jpg 1200w\" sizes=\"(max-width: 1024px) 100vw, 1024px\" \/><\/a><figcaption class=\"wp-element-caption\">Fotograf\u00eda: Daniel Balda.<\/figcaption><\/figure>\n\n\n\n<p><strong>Lib\u00e9 Unique Cocktails<\/strong> es una consultor\u00eda de bebidas especializada en cocteler\u00eda que naci\u00f3 de la mano de Miguel \u00c1ngel Jim\u00e9nez, un reconocido bartender en Espa\u00f1a, y sus dos socios Marta Benzal y Javier Detry, con el prop\u00f3sito de inspirar al sector hacia una modalidad de bar m\u00e1s responsable y sostenible.<\/p>\n\n\n\n<p>El equipo de Lib\u00e9 dise\u00f1a experiencias basadas en una cocteler\u00eda que apuesta por ingredientes naturales, de temporada y proximidad que llevan la cocteler\u00eda a un siguiente nivel en t\u00e9rminos de aroma, sabor, textura y complejidad.<\/p>\n\n\n\n<figure class=\"wp-block-image size-large\"><a href=\"https:\/\/www.tapasmagazine.es\/wp-content\/uploads\/2023\/01\/111download-4.jpg\"><img decoding=\"async\" width=\"1024\" height=\"576\" src=\"https:\/\/www.tapasmagazine.es\/wp-content\/uploads\/2023\/01\/111download-4-1024x576.jpg\" alt=\"\" class=\"wp-image-172487\" srcset=\"https:\/\/www.tapasmagazine.es\/wp-content\/uploads\/2023\/01\/111download-4-1024x576.jpg 1024w, https:\/\/www.tapasmagazine.es\/wp-content\/uploads\/2023\/01\/111download-4-300x169.jpg 300w, https:\/\/www.tapasmagazine.es\/wp-content\/uploads\/2023\/01\/111download-4-768x432.jpg 768w, https:\/\/www.tapasmagazine.es\/wp-content\/uploads\/2023\/01\/111download-4-1000x563.jpg 1000w, https:\/\/www.tapasmagazine.es\/wp-content\/uploads\/2023\/01\/111download-4-400x225.jpg 400w, https:\/\/www.tapasmagazine.es\/wp-content\/uploads\/2023\/01\/111download-4.jpg 1200w\" sizes=\"(max-width: 1024px) 100vw, 1024px\" \/><\/a><figcaption class=\"wp-element-caption\">Fotograf\u00eda: Daniel Balda.<\/figcaption><\/figure>\n","protected":false},"excerpt":{"rendered":"<p>Haz clic&nbsp;aqu\u00ed&nbsp;para leer la versi\u00f3n en ingl\u00e9s. El equipo de Overall viaja al espacio creativo de Lib\u00e9 en Madrid para realizar una experiencia colaborativa \u00fanica a trav\u00e9s de un viaje gastron\u00f3mico \u00fanico en la capital que se podr\u00e1 disfrutar este lunes 23 de enero en diferentes horarios. Se trata de un interesante men\u00fa degustaci\u00f3n de [&hellip;]<\/p>\n","protected":false},"author":23,"featured_media":172482,"comment_status":"open","ping_status":"closed","sticky":false,"template":"single-feature.php","format":"standard","meta":{"_acf_changed":false,"footnotes":""},"categories":[15807],"tags":[16071,15824,16033],"class_list":["post-172494","post","type-post","status-publish","format-standard","has-post-thumbnail","hentry","category-gastro-en","tag-bebidas-en","tag-gastronomia-en","tag-madrid-en","cat-15807-id"],"acf":[],"yoast_head":"<!-- This site is optimized with the Yoast SEO plugin v27.4 - https:\/\/yoast.com\/product\/yoast-seo-wordpress\/ -->\n<title>As\u00ed es el viaje gastron\u00f3mico entre Overall y Lib\u00e9 - Tapas<\/title>\n<meta name=\"description\" content=\"Haz clic&nbsp;aqu\u00ed&nbsp;para leer la versi\u00f3n en ingl\u00e9s. El equipo de Overall viaja al espacio creativo de Lib\u00e9 en Madrid para realizar una experiencia\" \/>\n<meta name=\"robots\" content=\"index, follow, max-snippet:-1, max-image-preview:large, max-video-preview:-1\" \/>\n<link rel=\"canonical\" href=\"https:\/\/www.tapasmagazine.es\/en\/asi-es-el-viaje-gastronomico-entre-overall-y-libe\/\" \/>\n<meta property=\"og:locale\" content=\"en_US\" \/>\n<meta property=\"og:type\" content=\"article\" \/>\n<meta property=\"og:title\" content=\"As\u00ed es el viaje gastron\u00f3mico entre Overall y Lib\u00e9 - Tapas\" \/>\n<meta property=\"og:description\" content=\"Haz clic&nbsp;aqu\u00ed&nbsp;para leer la versi\u00f3n en ingl\u00e9s. El equipo de Overall viaja al espacio creativo de Lib\u00e9 en Madrid para realizar una experiencia\" \/>\n<meta property=\"og:url\" content=\"https:\/\/www.tapasmagazine.es\/en\/asi-es-el-viaje-gastronomico-entre-overall-y-libe\/\" \/>\n<meta property=\"og:site_name\" content=\"Tapas\" \/>\n<meta property=\"article:publisher\" content=\"https:\/\/www.facebook.com\/tapasmagazine\" \/>\n<meta property=\"article:published_time\" content=\"2023-01-21T15:23:19+00:00\" \/>\n<meta property=\"article:modified_time\" content=\"2023-01-21T15:29:47+00:00\" \/>\n<meta property=\"og:image\" content=\"https:\/\/www.tapasmagazine.es\/wp-content\/uploads\/2023\/01\/11download.jpg\" \/>\n\t<meta property=\"og:image:width\" content=\"1200\" \/>\n\t<meta property=\"og:image:height\" content=\"675\" \/>\n\t<meta property=\"og:image:type\" content=\"image\/jpeg\" \/>\n<meta name=\"author\" content=\"Tapas\" \/>\n<meta name=\"twitter:card\" content=\"summary_large_image\" \/>\n<meta name=\"twitter:creator\" content=\"@TapasMagazine\" \/>\n<meta name=\"twitter:site\" content=\"@TapasMagazine\" \/>\n<meta name=\"twitter:label1\" content=\"Written by\" \/>\n\t<meta name=\"twitter:data1\" content=\"Tapas\" \/>\n\t<meta name=\"twitter:label2\" content=\"Est. reading time\" \/>\n\t<meta name=\"twitter:data2\" content=\"3 minutes\" \/>\n<script type=\"application\/ld+json\" class=\"yoast-schema-graph\">{\"@context\":\"https:\\\/\\\/schema.org\",\"@graph\":[{\"@type\":\"Article\",\"@id\":\"https:\\\/\\\/www.tapasmagazine.es\\\/en\\\/asi-es-el-viaje-gastronomico-entre-overall-y-libe\\\/#article\",\"isPartOf\":{\"@id\":\"https:\\\/\\\/www.tapasmagazine.es\\\/en\\\/asi-es-el-viaje-gastronomico-entre-overall-y-libe\\\/\"},\"author\":{\"name\":\"Tapas\",\"@id\":\"https:\\\/\\\/www.tapasmagazine.es\\\/#\\\/schema\\\/person\\\/8bf373b672ffa6f78a076c90acdfaf26\"},\"headline\":\"As\u00ed es el viaje gastron\u00f3mico entre Overall y Lib\u00e9\",\"datePublished\":\"2023-01-21T15:23:19+00:00\",\"dateModified\":\"2023-01-21T15:29:47+00:00\",\"mainEntityOfPage\":{\"@id\":\"https:\\\/\\\/www.tapasmagazine.es\\\/en\\\/asi-es-el-viaje-gastronomico-entre-overall-y-libe\\\/\"},\"wordCount\":396,\"commentCount\":0,\"publisher\":{\"@id\":\"https:\\\/\\\/www.tapasmagazine.es\\\/#organization\"},\"image\":{\"@id\":\"https:\\\/\\\/www.tapasmagazine.es\\\/en\\\/asi-es-el-viaje-gastronomico-entre-overall-y-libe\\\/#primaryimage\"},\"thumbnailUrl\":\"https:\\\/\\\/www.tapasmagazine.es\\\/wp-content\\\/uploads\\\/2023\\\/01\\\/11download.jpg\",\"keywords\":[\"bebidas\",\"gastronom\u00eda\",\"Madrid\"],\"articleSection\":[\"Gastro\"],\"inLanguage\":\"en-US\",\"potentialAction\":[{\"@type\":\"CommentAction\",\"name\":\"Comment\",\"target\":[\"https:\\\/\\\/www.tapasmagazine.es\\\/en\\\/asi-es-el-viaje-gastronomico-entre-overall-y-libe\\\/#respond\"]}]},{\"@type\":\"WebPage\",\"@id\":\"https:\\\/\\\/www.tapasmagazine.es\\\/en\\\/asi-es-el-viaje-gastronomico-entre-overall-y-libe\\\/\",\"url\":\"https:\\\/\\\/www.tapasmagazine.es\\\/en\\\/asi-es-el-viaje-gastronomico-entre-overall-y-libe\\\/\",\"name\":\"As\u00ed es el viaje gastron\u00f3mico entre Overall y Lib\u00e9 - Tapas\",\"isPartOf\":{\"@id\":\"https:\\\/\\\/www.tapasmagazine.es\\\/#website\"},\"primaryImageOfPage\":{\"@id\":\"https:\\\/\\\/www.tapasmagazine.es\\\/en\\\/asi-es-el-viaje-gastronomico-entre-overall-y-libe\\\/#primaryimage\"},\"image\":{\"@id\":\"https:\\\/\\\/www.tapasmagazine.es\\\/en\\\/asi-es-el-viaje-gastronomico-entre-overall-y-libe\\\/#primaryimage\"},\"thumbnailUrl\":\"https:\\\/\\\/www.tapasmagazine.es\\\/wp-content\\\/uploads\\\/2023\\\/01\\\/11download.jpg\",\"datePublished\":\"2023-01-21T15:23:19+00:00\",\"dateModified\":\"2023-01-21T15:29:47+00:00\",\"description\":\"Haz clic&nbsp;aqu\u00ed&nbsp;para leer la versi\u00f3n en ingl\u00e9s. El equipo de Overall viaja al espacio creativo de Lib\u00e9 en Madrid para realizar una experiencia\",\"breadcrumb\":{\"@id\":\"https:\\\/\\\/www.tapasmagazine.es\\\/en\\\/asi-es-el-viaje-gastronomico-entre-overall-y-libe\\\/#breadcrumb\"},\"inLanguage\":\"en-US\",\"potentialAction\":[{\"@type\":\"ReadAction\",\"target\":[\"https:\\\/\\\/www.tapasmagazine.es\\\/en\\\/asi-es-el-viaje-gastronomico-entre-overall-y-libe\\\/\"]}]},{\"@type\":\"ImageObject\",\"inLanguage\":\"en-US\",\"@id\":\"https:\\\/\\\/www.tapasmagazine.es\\\/en\\\/asi-es-el-viaje-gastronomico-entre-overall-y-libe\\\/#primaryimage\",\"url\":\"https:\\\/\\\/www.tapasmagazine.es\\\/wp-content\\\/uploads\\\/2023\\\/01\\\/11download.jpg\",\"contentUrl\":\"https:\\\/\\\/www.tapasmagazine.es\\\/wp-content\\\/uploads\\\/2023\\\/01\\\/11download.jpg\",\"width\":1200,\"height\":675,\"caption\":\"Fotograf\u00eda: Daniel Balda.\"},{\"@type\":\"BreadcrumbList\",\"@id\":\"https:\\\/\\\/www.tapasmagazine.es\\\/en\\\/asi-es-el-viaje-gastronomico-entre-overall-y-libe\\\/#breadcrumb\",\"itemListElement\":[{\"@type\":\"ListItem\",\"position\":1,\"name\":\"Portada\",\"item\":\"https:\\\/\\\/www.tapasmagazine.es\\\/\"},{\"@type\":\"ListItem\",\"position\":2,\"name\":\"Gastro\",\"item\":\"https:\\\/\\\/www.tapasmagazine.es\\\/en\\\/categorias\\\/gastro-en\\\/\"},{\"@type\":\"ListItem\",\"position\":3,\"name\":\"As\u00ed es el viaje gastron\u00f3mico entre Overall y Lib\u00e9\"}]},{\"@type\":\"WebSite\",\"@id\":\"https:\\\/\\\/www.tapasmagazine.es\\\/#website\",\"url\":\"https:\\\/\\\/www.tapasmagazine.es\\\/\",\"name\":\"Tapas\",\"description\":\"\u00d1am \u00d1am Lifestyle. La vida a bocados. Premio Nacional de Gastronom\u00eda 2016.\",\"publisher\":{\"@id\":\"https:\\\/\\\/www.tapasmagazine.es\\\/#organization\"},\"potentialAction\":[{\"@type\":\"SearchAction\",\"target\":{\"@type\":\"EntryPoint\",\"urlTemplate\":\"https:\\\/\\\/www.tapasmagazine.es\\\/?s={search_term_string}\"},\"query-input\":{\"@type\":\"PropertyValueSpecification\",\"valueRequired\":true,\"valueName\":\"search_term_string\"}}],\"inLanguage\":\"en-US\"},{\"@type\":\"Organization\",\"@id\":\"https:\\\/\\\/www.tapasmagazine.es\\\/#organization\",\"name\":\"Tapas Magazine\",\"url\":\"https:\\\/\\\/www.tapasmagazine.es\\\/\",\"logo\":{\"@type\":\"ImageObject\",\"inLanguage\":\"en-US\",\"@id\":\"https:\\\/\\\/www.tapasmagazine.es\\\/#\\\/schema\\\/logo\\\/image\\\/\",\"url\":\"https:\\\/\\\/www.tapasmagazine.es\\\/wp-content\\\/uploads\\\/2018\\\/01\\\/logo.png\",\"contentUrl\":\"https:\\\/\\\/www.tapasmagazine.es\\\/wp-content\\\/uploads\\\/2018\\\/01\\\/logo.png\",\"width\":180,\"height\":60,\"caption\":\"Tapas Magazine\"},\"image\":{\"@id\":\"https:\\\/\\\/www.tapasmagazine.es\\\/#\\\/schema\\\/logo\\\/image\\\/\"},\"sameAs\":[\"https:\\\/\\\/www.facebook.com\\\/tapasmagazine\",\"https:\\\/\\\/x.com\\\/TapasMagazine\",\"https:\\\/\\\/www.instagram.com\\\/tapasmagazine\\\/\",\"https:\\\/\\\/www.linkedin.com\\\/company\\\/tapas-magazine\",\"https:\\\/\\\/es.pinterest.com\\\/tapasmagazine\\\/\",\"https:\\\/\\\/www.youtube.com\\\/channel\\\/UCEyxneAaACuR0lfDagrWjjg?sub_confirmation=1\"]},{\"@type\":\"Person\",\"@id\":\"https:\\\/\\\/www.tapasmagazine.es\\\/#\\\/schema\\\/person\\\/8bf373b672ffa6f78a076c90acdfaf26\",\"name\":\"Tapas\",\"url\":\"https:\\\/\\\/www.tapasmagazine.es\\\/en\\\/author\\\/spainmediaweb-tapas\\\/\"}]}<\/script>\n<!-- \/ Yoast SEO plugin. -->","yoast_head_json":{"title":"As\u00ed es el viaje gastron\u00f3mico entre Overall y Lib\u00e9 - Tapas","description":"Haz clic&nbsp;aqu\u00ed&nbsp;para leer la versi\u00f3n en ingl\u00e9s. El equipo de Overall viaja al espacio creativo de Lib\u00e9 en Madrid para realizar una experiencia","robots":{"index":"index","follow":"follow","max-snippet":"max-snippet:-1","max-image-preview":"max-image-preview:large","max-video-preview":"max-video-preview:-1"},"canonical":"https:\/\/www.tapasmagazine.es\/en\/asi-es-el-viaje-gastronomico-entre-overall-y-libe\/","og_locale":"en_US","og_type":"article","og_title":"As\u00ed es el viaje gastron\u00f3mico entre Overall y Lib\u00e9 - Tapas","og_description":"Haz clic&nbsp;aqu\u00ed&nbsp;para leer la versi\u00f3n en ingl\u00e9s. El equipo de Overall viaja al espacio creativo de Lib\u00e9 en Madrid para realizar una experiencia","og_url":"https:\/\/www.tapasmagazine.es\/en\/asi-es-el-viaje-gastronomico-entre-overall-y-libe\/","og_site_name":"Tapas","article_publisher":"https:\/\/www.facebook.com\/tapasmagazine","article_published_time":"2023-01-21T15:23:19+00:00","article_modified_time":"2023-01-21T15:29:47+00:00","og_image":[{"width":1200,"height":675,"url":"https:\/\/www.tapasmagazine.es\/wp-content\/uploads\/2023\/01\/11download.jpg","type":"image\/jpeg"}],"author":"Tapas","twitter_card":"summary_large_image","twitter_creator":"@TapasMagazine","twitter_site":"@TapasMagazine","twitter_misc":{"Written by":"Tapas","Est. reading time":"3 minutes"},"schema":{"@context":"https:\/\/schema.org","@graph":[{"@type":"Article","@id":"https:\/\/www.tapasmagazine.es\/en\/asi-es-el-viaje-gastronomico-entre-overall-y-libe\/#article","isPartOf":{"@id":"https:\/\/www.tapasmagazine.es\/en\/asi-es-el-viaje-gastronomico-entre-overall-y-libe\/"},"author":{"name":"Tapas","@id":"https:\/\/www.tapasmagazine.es\/#\/schema\/person\/8bf373b672ffa6f78a076c90acdfaf26"},"headline":"As\u00ed es el viaje gastron\u00f3mico entre Overall y Lib\u00e9","datePublished":"2023-01-21T15:23:19+00:00","dateModified":"2023-01-21T15:29:47+00:00","mainEntityOfPage":{"@id":"https:\/\/www.tapasmagazine.es\/en\/asi-es-el-viaje-gastronomico-entre-overall-y-libe\/"},"wordCount":396,"commentCount":0,"publisher":{"@id":"https:\/\/www.tapasmagazine.es\/#organization"},"image":{"@id":"https:\/\/www.tapasmagazine.es\/en\/asi-es-el-viaje-gastronomico-entre-overall-y-libe\/#primaryimage"},"thumbnailUrl":"https:\/\/www.tapasmagazine.es\/wp-content\/uploads\/2023\/01\/11download.jpg","keywords":["bebidas","gastronom\u00eda","Madrid"],"articleSection":["Gastro"],"inLanguage":"en-US","potentialAction":[{"@type":"CommentAction","name":"Comment","target":["https:\/\/www.tapasmagazine.es\/en\/asi-es-el-viaje-gastronomico-entre-overall-y-libe\/#respond"]}]},{"@type":"WebPage","@id":"https:\/\/www.tapasmagazine.es\/en\/asi-es-el-viaje-gastronomico-entre-overall-y-libe\/","url":"https:\/\/www.tapasmagazine.es\/en\/asi-es-el-viaje-gastronomico-entre-overall-y-libe\/","name":"As\u00ed es el viaje gastron\u00f3mico entre Overall y Lib\u00e9 - Tapas","isPartOf":{"@id":"https:\/\/www.tapasmagazine.es\/#website"},"primaryImageOfPage":{"@id":"https:\/\/www.tapasmagazine.es\/en\/asi-es-el-viaje-gastronomico-entre-overall-y-libe\/#primaryimage"},"image":{"@id":"https:\/\/www.tapasmagazine.es\/en\/asi-es-el-viaje-gastronomico-entre-overall-y-libe\/#primaryimage"},"thumbnailUrl":"https:\/\/www.tapasmagazine.es\/wp-content\/uploads\/2023\/01\/11download.jpg","datePublished":"2023-01-21T15:23:19+00:00","dateModified":"2023-01-21T15:29:47+00:00","description":"Haz clic&nbsp;aqu\u00ed&nbsp;para leer la versi\u00f3n en ingl\u00e9s. El equipo de Overall viaja al espacio creativo de Lib\u00e9 en Madrid para realizar una experiencia","breadcrumb":{"@id":"https:\/\/www.tapasmagazine.es\/en\/asi-es-el-viaje-gastronomico-entre-overall-y-libe\/#breadcrumb"},"inLanguage":"en-US","potentialAction":[{"@type":"ReadAction","target":["https:\/\/www.tapasmagazine.es\/en\/asi-es-el-viaje-gastronomico-entre-overall-y-libe\/"]}]},{"@type":"ImageObject","inLanguage":"en-US","@id":"https:\/\/www.tapasmagazine.es\/en\/asi-es-el-viaje-gastronomico-entre-overall-y-libe\/#primaryimage","url":"https:\/\/www.tapasmagazine.es\/wp-content\/uploads\/2023\/01\/11download.jpg","contentUrl":"https:\/\/www.tapasmagazine.es\/wp-content\/uploads\/2023\/01\/11download.jpg","width":1200,"height":675,"caption":"Fotograf\u00eda: Daniel Balda."},{"@type":"BreadcrumbList","@id":"https:\/\/www.tapasmagazine.es\/en\/asi-es-el-viaje-gastronomico-entre-overall-y-libe\/#breadcrumb","itemListElement":[{"@type":"ListItem","position":1,"name":"Portada","item":"https:\/\/www.tapasmagazine.es\/"},{"@type":"ListItem","position":2,"name":"Gastro","item":"https:\/\/www.tapasmagazine.es\/en\/categorias\/gastro-en\/"},{"@type":"ListItem","position":3,"name":"As\u00ed es el viaje gastron\u00f3mico entre Overall y Lib\u00e9"}]},{"@type":"WebSite","@id":"https:\/\/www.tapasmagazine.es\/#website","url":"https:\/\/www.tapasmagazine.es\/","name":"Tapas","description":"\u00d1am \u00d1am Lifestyle. La vida a bocados. Premio Nacional de Gastronom\u00eda 2016.","publisher":{"@id":"https:\/\/www.tapasmagazine.es\/#organization"},"potentialAction":[{"@type":"SearchAction","target":{"@type":"EntryPoint","urlTemplate":"https:\/\/www.tapasmagazine.es\/?s={search_term_string}"},"query-input":{"@type":"PropertyValueSpecification","valueRequired":true,"valueName":"search_term_string"}}],"inLanguage":"en-US"},{"@type":"Organization","@id":"https:\/\/www.tapasmagazine.es\/#organization","name":"Tapas Magazine","url":"https:\/\/www.tapasmagazine.es\/","logo":{"@type":"ImageObject","inLanguage":"en-US","@id":"https:\/\/www.tapasmagazine.es\/#\/schema\/logo\/image\/","url":"https:\/\/www.tapasmagazine.es\/wp-content\/uploads\/2018\/01\/logo.png","contentUrl":"https:\/\/www.tapasmagazine.es\/wp-content\/uploads\/2018\/01\/logo.png","width":180,"height":60,"caption":"Tapas Magazine"},"image":{"@id":"https:\/\/www.tapasmagazine.es\/#\/schema\/logo\/image\/"},"sameAs":["https:\/\/www.facebook.com\/tapasmagazine","https:\/\/x.com\/TapasMagazine","https:\/\/www.instagram.com\/tapasmagazine\/","https:\/\/www.linkedin.com\/company\/tapas-magazine","https:\/\/es.pinterest.com\/tapasmagazine\/","https:\/\/www.youtube.com\/channel\/UCEyxneAaACuR0lfDagrWjjg?sub_confirmation=1"]},{"@type":"Person","@id":"https:\/\/www.tapasmagazine.es\/#\/schema\/person\/8bf373b672ffa6f78a076c90acdfaf26","name":"Tapas","url":"https:\/\/www.tapasmagazine.es\/en\/author\/spainmediaweb-tapas\/"}]}},"_links":{"self":[{"href":"https:\/\/www.tapasmagazine.es\/en\/wp-json\/wp\/v2\/posts\/172494","targetHints":{"allow":["GET"]}}],"collection":[{"href":"https:\/\/www.tapasmagazine.es\/en\/wp-json\/wp\/v2\/posts"}],"about":[{"href":"https:\/\/www.tapasmagazine.es\/en\/wp-json\/wp\/v2\/types\/post"}],"author":[{"embeddable":true,"href":"https:\/\/www.tapasmagazine.es\/en\/wp-json\/wp\/v2\/users\/23"}],"replies":[{"embeddable":true,"href":"https:\/\/www.tapasmagazine.es\/en\/wp-json\/wp\/v2\/comments?post=172494"}],"version-history":[{"count":8,"href":"https:\/\/www.tapasmagazine.es\/en\/wp-json\/wp\/v2\/posts\/172494\/revisions"}],"predecessor-version":[{"id":172500,"href":"https:\/\/www.tapasmagazine.es\/en\/wp-json\/wp\/v2\/posts\/172494\/revisions\/172500"}],"wp:featuredmedia":[{"embeddable":true,"href":"https:\/\/www.tapasmagazine.es\/en\/wp-json\/wp\/v2\/media\/172482"}],"wp:attachment":[{"href":"https:\/\/www.tapasmagazine.es\/en\/wp-json\/wp\/v2\/media?parent=172494"}],"wp:term":[{"taxonomy":"category","embeddable":true,"href":"https:\/\/www.tapasmagazine.es\/en\/wp-json\/wp\/v2\/categories?post=172494"},{"taxonomy":"post_tag","embeddable":true,"href":"https:\/\/www.tapasmagazine.es\/en\/wp-json\/wp\/v2\/tags?post=172494"}],"curies":[{"name":"wp","href":"https:\/\/api.w.org\/{rel}","templated":true}]}}