{"id":171658,"date":"2023-01-13T11:11:28","date_gmt":"2023-01-13T10:11:28","guid":{"rendered":"https:\/\/www.tapasmagazine.es\/sesamo-incluido-principales-alergenos\/"},"modified":"2023-01-13T11:17:00","modified_gmt":"2023-01-13T10:17:00","slug":"sesame-included-lis-of-major-allergens","status":"publish","type":"post","link":"https:\/\/www.tapasmagazine.es\/en\/sesame-included-lis-of-major-allergens\/","title":{"rendered":"Sesame has been included in the list of major allergens: why?"},"content":{"rendered":"\n<p><strong>Click <a href=\"https:\/\/www.tapasmagazine.es\/sesamo-incluido-principales-alergenos\/\" target=\"_blank\" rel=\"noreferrer noopener\">here<\/a> to read the Spanish version.<\/strong><\/p>\n\n\n\n<p>Since the beginning of this year, the Food and Drug Administration (FDA) has included sesame in the list of major allergens, as part of the Food Allergy Safety, Treatment, Education and Research Act (FASTER Act) in the United States. Being included in this list of allergens means that products containing sesame will have to meet specific regulatory requirements, as well as being labelled and manufacturing processes will have to be changed.<\/p>\n\n\n\n<p>This measure has been taken because of the increase in the number of people allergic to sesame in recent years. In the United States alone, 1.6 million people suffer from sesame allergy. In addition, another study found that it also affects 17% of children with food allergies. This decision will therefore be an important step forward for patients, as it will be much easier to identify which products actually contain sesame. Until now, it was sometimes labelled as tahini, spices or natural flavours.<\/p>\n\n\n\n<figure class=\"wp-block-embed is-type-video is-provider-youtube wp-block-embed-youtube wp-embed-aspect-16-9 wp-has-aspect-ratio\"><div class=\"wp-block-embed__wrapper\">\n<iframe title=\"Allergic to Sesame?  Info on New Sesame Labeling Regulations\" width=\"640\" height=\"360\" src=\"https:\/\/www.youtube.com\/embed\/yjSuxUV36x0?feature=oembed\" frameborder=\"0\" allow=\"accelerometer; autoplay; clipboard-write; encrypted-media; gyroscope; picture-in-picture; web-share\" referrerpolicy=\"strict-origin-when-cross-origin\" allowfullscreen><\/iframe>\n<\/div><\/figure>\n\n\n\n<h2 class=\"wp-block-heading\">How does sesame allergy manifest itself?<\/h2>\n\n\n\n<p>Sesame is also considered one of those superfoods because it provides numerous benefits to our organism, due to its high protein and lipid content. At the same time, however, it is also one of the most allergy-causing foods, which are revealed when the immune system reacts disproportionately to the proteins contained in sesame seeds.<\/p>\n\n\n\n<p>The allergic reaction occurs because our antibodies detect the substances in this food as a harmful agent. Symptoms may include coughing, diarrhoea, hives, fainting, swelling, low blood pressure, stomach pain, nausea and vomiting, breathing difficulties, itchy eyes and a feeling of tightness in the throat. Symptoms similar to any other allergic reaction.<\/p>\n\n\n\n<p>We will see if this <a href=\"https:\/\/www.fda.gov\/consumers\/consumer-updates\/allergic-sesame-food-labels-now-must-list-sesame-allergen\" target=\"_blank\" rel=\"noreferrer noopener\">new measure<\/a> lessens the impact and we will wait to see what this food is labelled and mentioned in Spain.<\/p>\n","protected":false},"excerpt":{"rendered":"<p>Click here to read the Spanish version. Since the beginning of this year, the Food and Drug Administration (FDA) has included sesame in the list of major allergens, as part of the Food Allergy Safety, Treatment, Education and Research Act (FASTER Act) in the United States. Being included in this list of allergens means that [&hellip;]<\/p>\n","protected":false},"author":249,"featured_media":171656,"comment_status":"open","ping_status":"closed","sticky":false,"template":"single-feature.php","format":"standard","meta":{"_acf_changed":false,"footnotes":""},"categories":[15807,1],"tags":[15936,15932,15934,15933],"class_list":["post-171658","post","type-post","status-publish","format-standard","has-post-thumbnail","hentry","category-gastro-en","category-sin-categorizar","tag-allergens","tag-salud-en","tag-sesame","tag-sesamo-en","cat-15807-id","cat-1-id"],"acf":[],"yoast_head":"<!-- This site is optimized with the Yoast SEO plugin v27.4 - https:\/\/yoast.com\/product\/yoast-seo-wordpress\/ -->\n<title>Sesame has been included in the list of major allergens<\/title>\n<meta name=\"description\" content=\"As of 2023, Sesame joins eggs, wheat, peanuts, milk, soya, nuts, fish and shellfish as the world&#039;s top allergens.\" \/>\n<meta name=\"robots\" content=\"index, follow, max-snippet:-1, max-image-preview:large, max-video-preview:-1\" \/>\n<link rel=\"canonical\" href=\"https:\/\/www.tapasmagazine.es\/en\/sesame-included-lis-of-major-allergens\/\" \/>\n<meta property=\"og:locale\" content=\"en_US\" \/>\n<meta property=\"og:type\" content=\"article\" \/>\n<meta property=\"og:title\" content=\"Sesame has been included in the list of major allergens\" \/>\n<meta property=\"og:description\" content=\"As of 2023, Sesame joins eggs, wheat, peanuts, milk, soya, nuts, fish and shellfish as the world&#039;s top allergens.\" \/>\n<meta property=\"og:url\" content=\"https:\/\/www.tapasmagazine.es\/en\/sesame-included-lis-of-major-allergens\/\" \/>\n<meta property=\"og:site_name\" content=\"Tapas\" \/>\n<meta property=\"article:publisher\" content=\"https:\/\/www.facebook.com\/tapasmagazine\" \/>\n<meta property=\"article:published_time\" content=\"2023-01-13T10:11:28+00:00\" \/>\n<meta property=\"article:modified_time\" content=\"2023-01-13T10:17:00+00:00\" \/>\n<meta property=\"og:image\" content=\"https:\/\/www.tapasmagazine.es\/wp-content\/uploads\/2023\/01\/sesamo-principales-alergenos.jpg\" \/>\n\t<meta property=\"og:image:width\" content=\"1200\" \/>\n\t<meta property=\"og:image:height\" content=\"675\" \/>\n\t<meta property=\"og:image:type\" content=\"image\/jpeg\" \/>\n<meta name=\"author\" content=\"TAPAS\" \/>\n<meta name=\"twitter:card\" content=\"summary_large_image\" \/>\n<meta name=\"twitter:creator\" content=\"@TapasMagazine\" \/>\n<meta name=\"twitter:site\" content=\"@TapasMagazine\" \/>\n<meta name=\"twitter:label1\" content=\"Written by\" \/>\n\t<meta name=\"twitter:data1\" content=\"TAPAS\" \/>\n\t<meta name=\"twitter:label2\" content=\"Est. reading time\" \/>\n\t<meta name=\"twitter:data2\" content=\"2 minutes\" \/>\n<script type=\"application\/ld+json\" class=\"yoast-schema-graph\">{\"@context\":\"https:\\\/\\\/schema.org\",\"@graph\":[{\"@type\":\"Article\",\"@id\":\"https:\\\/\\\/www.tapasmagazine.es\\\/en\\\/sesame-included-lis-of-major-allergens\\\/#article\",\"isPartOf\":{\"@id\":\"https:\\\/\\\/www.tapasmagazine.es\\\/en\\\/sesame-included-lis-of-major-allergens\\\/\"},\"author\":{\"name\":\"TAPAS\",\"@id\":\"https:\\\/\\\/www.tapasmagazine.es\\\/#\\\/schema\\\/person\\\/906ea2ea4697837608d99f4cc085cea3\"},\"headline\":\"Sesame has been included in the list of major allergens: why?\",\"datePublished\":\"2023-01-13T10:11:28+00:00\",\"dateModified\":\"2023-01-13T10:17:00+00:00\",\"mainEntityOfPage\":{\"@id\":\"https:\\\/\\\/www.tapasmagazine.es\\\/en\\\/sesame-included-lis-of-major-allergens\\\/\"},\"wordCount\":312,\"commentCount\":0,\"publisher\":{\"@id\":\"https:\\\/\\\/www.tapasmagazine.es\\\/#organization\"},\"image\":{\"@id\":\"https:\\\/\\\/www.tapasmagazine.es\\\/en\\\/sesame-included-lis-of-major-allergens\\\/#primaryimage\"},\"thumbnailUrl\":\"https:\\\/\\\/www.tapasmagazine.es\\\/wp-content\\\/uploads\\\/2023\\\/01\\\/sesamo-principales-alergenos.jpg\",\"keywords\":[\"allergens\",\"salud\",\"sesame\",\"s\u00e9samo\"],\"articleSection\":[\"Gastro\",\"Sin categorizar\"],\"inLanguage\":\"en-US\",\"potentialAction\":[{\"@type\":\"CommentAction\",\"name\":\"Comment\",\"target\":[\"https:\\\/\\\/www.tapasmagazine.es\\\/en\\\/sesame-included-lis-of-major-allergens\\\/#respond\"]}]},{\"@type\":\"WebPage\",\"@id\":\"https:\\\/\\\/www.tapasmagazine.es\\\/en\\\/sesame-included-lis-of-major-allergens\\\/\",\"url\":\"https:\\\/\\\/www.tapasmagazine.es\\\/en\\\/sesame-included-lis-of-major-allergens\\\/\",\"name\":\"Sesame has been included in the list of major allergens\",\"isPartOf\":{\"@id\":\"https:\\\/\\\/www.tapasmagazine.es\\\/#website\"},\"primaryImageOfPage\":{\"@id\":\"https:\\\/\\\/www.tapasmagazine.es\\\/en\\\/sesame-included-lis-of-major-allergens\\\/#primaryimage\"},\"image\":{\"@id\":\"https:\\\/\\\/www.tapasmagazine.es\\\/en\\\/sesame-included-lis-of-major-allergens\\\/#primaryimage\"},\"thumbnailUrl\":\"https:\\\/\\\/www.tapasmagazine.es\\\/wp-content\\\/uploads\\\/2023\\\/01\\\/sesamo-principales-alergenos.jpg\",\"datePublished\":\"2023-01-13T10:11:28+00:00\",\"dateModified\":\"2023-01-13T10:17:00+00:00\",\"description\":\"As of 2023, Sesame joins eggs, wheat, peanuts, milk, soya, nuts, fish and shellfish as the world's top allergens.\",\"breadcrumb\":{\"@id\":\"https:\\\/\\\/www.tapasmagazine.es\\\/en\\\/sesame-included-lis-of-major-allergens\\\/#breadcrumb\"},\"inLanguage\":\"en-US\",\"potentialAction\":[{\"@type\":\"ReadAction\",\"target\":[\"https:\\\/\\\/www.tapasmagazine.es\\\/en\\\/sesame-included-lis-of-major-allergens\\\/\"]}]},{\"@type\":\"ImageObject\",\"inLanguage\":\"en-US\",\"@id\":\"https:\\\/\\\/www.tapasmagazine.es\\\/en\\\/sesame-included-lis-of-major-allergens\\\/#primaryimage\",\"url\":\"https:\\\/\\\/www.tapasmagazine.es\\\/wp-content\\\/uploads\\\/2023\\\/01\\\/sesamo-principales-alergenos.jpg\",\"contentUrl\":\"https:\\\/\\\/www.tapasmagazine.es\\\/wp-content\\\/uploads\\\/2023\\\/01\\\/sesamo-principales-alergenos.jpg\",\"width\":1200,\"height\":675},{\"@type\":\"BreadcrumbList\",\"@id\":\"https:\\\/\\\/www.tapasmagazine.es\\\/en\\\/sesame-included-lis-of-major-allergens\\\/#breadcrumb\",\"itemListElement\":[{\"@type\":\"ListItem\",\"position\":1,\"name\":\"Portada\",\"item\":\"https:\\\/\\\/www.tapasmagazine.es\\\/\"},{\"@type\":\"ListItem\",\"position\":2,\"name\":\"Gastro\",\"item\":\"https:\\\/\\\/www.tapasmagazine.es\\\/en\\\/categorias\\\/gastro-en\\\/\"},{\"@type\":\"ListItem\",\"position\":3,\"name\":\"Sesame has been included in the list of major allergens: why?\"}]},{\"@type\":\"WebSite\",\"@id\":\"https:\\\/\\\/www.tapasmagazine.es\\\/#website\",\"url\":\"https:\\\/\\\/www.tapasmagazine.es\\\/\",\"name\":\"Tapas\",\"description\":\"\u00d1am \u00d1am Lifestyle. La vida a bocados. Premio Nacional de Gastronom\u00eda 2016.\",\"publisher\":{\"@id\":\"https:\\\/\\\/www.tapasmagazine.es\\\/#organization\"},\"potentialAction\":[{\"@type\":\"SearchAction\",\"target\":{\"@type\":\"EntryPoint\",\"urlTemplate\":\"https:\\\/\\\/www.tapasmagazine.es\\\/?s={search_term_string}\"},\"query-input\":{\"@type\":\"PropertyValueSpecification\",\"valueRequired\":true,\"valueName\":\"search_term_string\"}}],\"inLanguage\":\"en-US\"},{\"@type\":\"Organization\",\"@id\":\"https:\\\/\\\/www.tapasmagazine.es\\\/#organization\",\"name\":\"Tapas Magazine\",\"url\":\"https:\\\/\\\/www.tapasmagazine.es\\\/\",\"logo\":{\"@type\":\"ImageObject\",\"inLanguage\":\"en-US\",\"@id\":\"https:\\\/\\\/www.tapasmagazine.es\\\/#\\\/schema\\\/logo\\\/image\\\/\",\"url\":\"https:\\\/\\\/www.tapasmagazine.es\\\/wp-content\\\/uploads\\\/2018\\\/01\\\/logo.png\",\"contentUrl\":\"https:\\\/\\\/www.tapasmagazine.es\\\/wp-content\\\/uploads\\\/2018\\\/01\\\/logo.png\",\"width\":180,\"height\":60,\"caption\":\"Tapas Magazine\"},\"image\":{\"@id\":\"https:\\\/\\\/www.tapasmagazine.es\\\/#\\\/schema\\\/logo\\\/image\\\/\"},\"sameAs\":[\"https:\\\/\\\/www.facebook.com\\\/tapasmagazine\",\"https:\\\/\\\/x.com\\\/TapasMagazine\",\"https:\\\/\\\/www.instagram.com\\\/tapasmagazine\\\/\",\"https:\\\/\\\/www.linkedin.com\\\/company\\\/tapas-magazine\",\"https:\\\/\\\/es.pinterest.com\\\/tapasmagazine\\\/\",\"https:\\\/\\\/www.youtube.com\\\/channel\\\/UCEyxneAaACuR0lfDagrWjjg?sub_confirmation=1\"]},{\"@type\":\"Person\",\"@id\":\"https:\\\/\\\/www.tapasmagazine.es\\\/#\\\/schema\\\/person\\\/906ea2ea4697837608d99f4cc085cea3\",\"name\":\"TAPAS\",\"url\":\"https:\\\/\\\/www.tapasmagazine.es\\\/en\\\/author\\\/tapas\\\/\"}]}<\/script>\n<!-- \/ Yoast SEO plugin. -->","yoast_head_json":{"title":"Sesame has been included in the list of major allergens","description":"As of 2023, Sesame joins eggs, wheat, peanuts, milk, soya, nuts, fish and shellfish as the world's top allergens.","robots":{"index":"index","follow":"follow","max-snippet":"max-snippet:-1","max-image-preview":"max-image-preview:large","max-video-preview":"max-video-preview:-1"},"canonical":"https:\/\/www.tapasmagazine.es\/en\/sesame-included-lis-of-major-allergens\/","og_locale":"en_US","og_type":"article","og_title":"Sesame has been included in the list of major allergens","og_description":"As of 2023, Sesame joins eggs, wheat, peanuts, milk, soya, nuts, fish and shellfish as the world's top allergens.","og_url":"https:\/\/www.tapasmagazine.es\/en\/sesame-included-lis-of-major-allergens\/","og_site_name":"Tapas","article_publisher":"https:\/\/www.facebook.com\/tapasmagazine","article_published_time":"2023-01-13T10:11:28+00:00","article_modified_time":"2023-01-13T10:17:00+00:00","og_image":[{"width":1200,"height":675,"url":"https:\/\/www.tapasmagazine.es\/wp-content\/uploads\/2023\/01\/sesamo-principales-alergenos.jpg","type":"image\/jpeg"}],"author":"TAPAS","twitter_card":"summary_large_image","twitter_creator":"@TapasMagazine","twitter_site":"@TapasMagazine","twitter_misc":{"Written by":"TAPAS","Est. reading time":"2 minutes"},"schema":{"@context":"https:\/\/schema.org","@graph":[{"@type":"Article","@id":"https:\/\/www.tapasmagazine.es\/en\/sesame-included-lis-of-major-allergens\/#article","isPartOf":{"@id":"https:\/\/www.tapasmagazine.es\/en\/sesame-included-lis-of-major-allergens\/"},"author":{"name":"TAPAS","@id":"https:\/\/www.tapasmagazine.es\/#\/schema\/person\/906ea2ea4697837608d99f4cc085cea3"},"headline":"Sesame has been included in the list of major allergens: why?","datePublished":"2023-01-13T10:11:28+00:00","dateModified":"2023-01-13T10:17:00+00:00","mainEntityOfPage":{"@id":"https:\/\/www.tapasmagazine.es\/en\/sesame-included-lis-of-major-allergens\/"},"wordCount":312,"commentCount":0,"publisher":{"@id":"https:\/\/www.tapasmagazine.es\/#organization"},"image":{"@id":"https:\/\/www.tapasmagazine.es\/en\/sesame-included-lis-of-major-allergens\/#primaryimage"},"thumbnailUrl":"https:\/\/www.tapasmagazine.es\/wp-content\/uploads\/2023\/01\/sesamo-principales-alergenos.jpg","keywords":["allergens","salud","sesame","s\u00e9samo"],"articleSection":["Gastro","Sin categorizar"],"inLanguage":"en-US","potentialAction":[{"@type":"CommentAction","name":"Comment","target":["https:\/\/www.tapasmagazine.es\/en\/sesame-included-lis-of-major-allergens\/#respond"]}]},{"@type":"WebPage","@id":"https:\/\/www.tapasmagazine.es\/en\/sesame-included-lis-of-major-allergens\/","url":"https:\/\/www.tapasmagazine.es\/en\/sesame-included-lis-of-major-allergens\/","name":"Sesame has been included in the list of major allergens","isPartOf":{"@id":"https:\/\/www.tapasmagazine.es\/#website"},"primaryImageOfPage":{"@id":"https:\/\/www.tapasmagazine.es\/en\/sesame-included-lis-of-major-allergens\/#primaryimage"},"image":{"@id":"https:\/\/www.tapasmagazine.es\/en\/sesame-included-lis-of-major-allergens\/#primaryimage"},"thumbnailUrl":"https:\/\/www.tapasmagazine.es\/wp-content\/uploads\/2023\/01\/sesamo-principales-alergenos.jpg","datePublished":"2023-01-13T10:11:28+00:00","dateModified":"2023-01-13T10:17:00+00:00","description":"As of 2023, Sesame joins eggs, wheat, peanuts, milk, soya, nuts, fish and shellfish as the world's top allergens.","breadcrumb":{"@id":"https:\/\/www.tapasmagazine.es\/en\/sesame-included-lis-of-major-allergens\/#breadcrumb"},"inLanguage":"en-US","potentialAction":[{"@type":"ReadAction","target":["https:\/\/www.tapasmagazine.es\/en\/sesame-included-lis-of-major-allergens\/"]}]},{"@type":"ImageObject","inLanguage":"en-US","@id":"https:\/\/www.tapasmagazine.es\/en\/sesame-included-lis-of-major-allergens\/#primaryimage","url":"https:\/\/www.tapasmagazine.es\/wp-content\/uploads\/2023\/01\/sesamo-principales-alergenos.jpg","contentUrl":"https:\/\/www.tapasmagazine.es\/wp-content\/uploads\/2023\/01\/sesamo-principales-alergenos.jpg","width":1200,"height":675},{"@type":"BreadcrumbList","@id":"https:\/\/www.tapasmagazine.es\/en\/sesame-included-lis-of-major-allergens\/#breadcrumb","itemListElement":[{"@type":"ListItem","position":1,"name":"Portada","item":"https:\/\/www.tapasmagazine.es\/"},{"@type":"ListItem","position":2,"name":"Gastro","item":"https:\/\/www.tapasmagazine.es\/en\/categorias\/gastro-en\/"},{"@type":"ListItem","position":3,"name":"Sesame has been included in the list of major allergens: why?"}]},{"@type":"WebSite","@id":"https:\/\/www.tapasmagazine.es\/#website","url":"https:\/\/www.tapasmagazine.es\/","name":"Tapas","description":"\u00d1am \u00d1am Lifestyle. La vida a bocados. Premio Nacional de Gastronom\u00eda 2016.","publisher":{"@id":"https:\/\/www.tapasmagazine.es\/#organization"},"potentialAction":[{"@type":"SearchAction","target":{"@type":"EntryPoint","urlTemplate":"https:\/\/www.tapasmagazine.es\/?s={search_term_string}"},"query-input":{"@type":"PropertyValueSpecification","valueRequired":true,"valueName":"search_term_string"}}],"inLanguage":"en-US"},{"@type":"Organization","@id":"https:\/\/www.tapasmagazine.es\/#organization","name":"Tapas Magazine","url":"https:\/\/www.tapasmagazine.es\/","logo":{"@type":"ImageObject","inLanguage":"en-US","@id":"https:\/\/www.tapasmagazine.es\/#\/schema\/logo\/image\/","url":"https:\/\/www.tapasmagazine.es\/wp-content\/uploads\/2018\/01\/logo.png","contentUrl":"https:\/\/www.tapasmagazine.es\/wp-content\/uploads\/2018\/01\/logo.png","width":180,"height":60,"caption":"Tapas Magazine"},"image":{"@id":"https:\/\/www.tapasmagazine.es\/#\/schema\/logo\/image\/"},"sameAs":["https:\/\/www.facebook.com\/tapasmagazine","https:\/\/x.com\/TapasMagazine","https:\/\/www.instagram.com\/tapasmagazine\/","https:\/\/www.linkedin.com\/company\/tapas-magazine","https:\/\/es.pinterest.com\/tapasmagazine\/","https:\/\/www.youtube.com\/channel\/UCEyxneAaACuR0lfDagrWjjg?sub_confirmation=1"]},{"@type":"Person","@id":"https:\/\/www.tapasmagazine.es\/#\/schema\/person\/906ea2ea4697837608d99f4cc085cea3","name":"TAPAS","url":"https:\/\/www.tapasmagazine.es\/en\/author\/tapas\/"}]}},"_links":{"self":[{"href":"https:\/\/www.tapasmagazine.es\/en\/wp-json\/wp\/v2\/posts\/171658","targetHints":{"allow":["GET"]}}],"collection":[{"href":"https:\/\/www.tapasmagazine.es\/en\/wp-json\/wp\/v2\/posts"}],"about":[{"href":"https:\/\/www.tapasmagazine.es\/en\/wp-json\/wp\/v2\/types\/post"}],"author":[{"embeddable":true,"href":"https:\/\/www.tapasmagazine.es\/en\/wp-json\/wp\/v2\/users\/249"}],"replies":[{"embeddable":true,"href":"https:\/\/www.tapasmagazine.es\/en\/wp-json\/wp\/v2\/comments?post=171658"}],"version-history":[{"count":3,"href":"https:\/\/www.tapasmagazine.es\/en\/wp-json\/wp\/v2\/posts\/171658\/revisions"}],"predecessor-version":[{"id":171661,"href":"https:\/\/www.tapasmagazine.es\/en\/wp-json\/wp\/v2\/posts\/171658\/revisions\/171661"}],"wp:featuredmedia":[{"embeddable":true,"href":"https:\/\/www.tapasmagazine.es\/en\/wp-json\/wp\/v2\/media\/171656"}],"wp:attachment":[{"href":"https:\/\/www.tapasmagazine.es\/en\/wp-json\/wp\/v2\/media?parent=171658"}],"wp:term":[{"taxonomy":"category","embeddable":true,"href":"https:\/\/www.tapasmagazine.es\/en\/wp-json\/wp\/v2\/categories?post=171658"},{"taxonomy":"post_tag","embeddable":true,"href":"https:\/\/www.tapasmagazine.es\/en\/wp-json\/wp\/v2\/tags?post=171658"}],"curies":[{"name":"wp","href":"https:\/\/api.w.org\/{rel}","templated":true}]}}